{"id":199428,"date":"2026-04-26T22:05:00","date_gmt":"2026-04-27T01:05:00","guid":{"rendered":"https:\/\/www.em.com.br\/emfoco\/?p=199428"},"modified":"2026-04-25T17:37:59","modified_gmt":"2026-04-25T20:37:59","slug":"adeus-ao-aspecto-cansado-os-melhores-ativos-para-seu-serum-de-skincare-que-renovam-a-pele","status":"publish","type":"post","link":"https:\/\/www.em.com.br\/emfoco\/2026\/04\/26\/adeus-ao-aspecto-cansado-os-melhores-ativos-para-seu-serum-de-skincare-que-renovam-a-pele\/","title":{"rendered":"Adeus ao aspecto cansado: os melhores ativos para seu s\u00e9rum de skincare que renovam a pele"},"content":{"rendered":"\n<p>Voc\u00ea observa os primeiros sinais de express\u00e3o ao se olhar no espelho durante a rotina matinal e percebe que o <strong>s\u00e9rum para pele madura<\/strong> pode ser o aliado que faltava no seu n\u00e9cessaire. Qual ser\u00e1 o ingrediente secreto capaz de devolver a firmeza e o vi\u00e7o sem precisar recorrer a procedimentos est\u00e9ticos invasivos e caros?<\/p>\n\n\n\n<h2 class=\"wp-block-heading\">Por que escolher o s\u00e9rum para pele madura como passo principal do tratamento?<\/h2>\n\n\n\n<p>O envelhecimento natural reduz a produ\u00e7\u00e3o de col\u00e1geno e altera significativamente a textura da face ao longo dos anos. Diferente dos cremes pesados, as f\u00f3rmulas fluidas penetram profundamente para entregar <strong>resultados mais r\u00e1pidos<\/strong> e vis\u00edveis na sua pele. Essa escolha estrat\u00e9gica garante que os ativos alcancem as camadas internas onde a regenera\u00e7\u00e3o celular acontece com maior <strong>intensidade e efic\u00e1cia<\/strong>.<\/p>\n\n\n\n<p>Mulheres que priorizam o autocuidado buscam produtos que ofere\u00e7am leveza e alto poder de hidrata\u00e7\u00e3o simultaneamente. O uso cont\u00ednuo de f\u00f3rmulas ricas em antioxidantes combate os radicais livres respons\u00e1veis pelo <strong>envelhecimento precoce<\/strong> do tecido cut\u00e2neo. Manter essa disciplina di\u00e1ria proporciona uma apar\u00eancia muito mais saud\u00e1vel e descansada para enfrentar os <strong>desafios da rotina<\/strong> com confian\u00e7a.<\/p>\n\n\n<div class=\"wp-block-image\">\n<figure class=\"aligncenter size-large\"><img loading=\"lazy\" decoding=\"async\" width=\"1024\" height=\"576\" src=\"https:\/\/www.em.com.br\/emfoco\/wp-content\/uploads\/2026\/03\/Gemini_Generated_Image_onk5mxonk5mxonk5-1-1024x576.png\" alt=\"s\u00e9rum para pele madura\" class=\"wp-image-178642\" srcset=\"https:\/\/www.em.com.br\/emfoco\/wp-content\/uploads\/2026\/03\/Gemini_Generated_Image_onk5mxonk5mxonk5-1-1024x576.png 1024w, https:\/\/www.em.com.br\/emfoco\/wp-content\/uploads\/2026\/03\/Gemini_Generated_Image_onk5mxonk5mxonk5-1-300x169.png 300w, https:\/\/www.em.com.br\/emfoco\/wp-content\/uploads\/2026\/03\/Gemini_Generated_Image_onk5mxonk5mxonk5-1-768x432.png 768w, https:\/\/www.em.com.br\/emfoco\/wp-content\/uploads\/2026\/03\/Gemini_Generated_Image_onk5mxonk5mxonk5-1-750x422.png 750w, https:\/\/www.em.com.br\/emfoco\/wp-content\/uploads\/2026\/03\/Gemini_Generated_Image_onk5mxonk5mxonk5-1-1140x641.png 1140w, https:\/\/www.em.com.br\/emfoco\/wp-content\/uploads\/2026\/03\/Gemini_Generated_Image_onk5mxonk5mxonk5-1.png 1280w\" sizes=\"auto, (max-width: 1024px) 100vw, 1024px\" \/><figcaption class=\"wp-element-caption\">Mulheres que priorizam o autocuidado buscam produtos que ofere\u00e7am leveza e alto poder de hidrata\u00e7\u00e3o simultaneamente. <\/figcaption><\/figure><\/div>\n\n\n<p>Leia tamb\u00e9m: <a href=\"https:\/\/www.em.com.br\/emfoco\/2026\/04\/04\/a-folha-dessa-fruta-pode-aliviar-ondas-de-calor-e-ajudar-mulheres-na-menopausa-2\/\" target=\"_blank\" rel=\"noreferrer noopener\">Adeus calor! Os benef\u00edcios da folha de amora na menopausa para um auto cuidado simples<\/a><\/p>\n\n\n\n<h2 class=\"wp-block-heading\">Quais ativos procurar no s\u00e9rum para pele madura para garantir resultados reais?<\/h2>\n\n\n\n<p>A ci\u00eancia dermatol\u00f3gica evoluiu para criar componentes que mimetizam as fun\u00e7\u00f5es naturais do organismo de forma impressionante. O \u00e1cido hialur\u00f4nico de baixo peso molecular consegue preencher as <strong>linhas de express\u00e3o<\/strong> e reter a umidade interna por muito mais tempo. Combinar esse elemento com extratos bot\u00e2nicos potentes ajuda a manter a <strong>firmeza do contorno<\/strong> facial sem causar irrita\u00e7\u00f5es desnecess\u00e1rias na derme.<\/p>\n\n\n\n<p>Al\u00e9m da hidrata\u00e7\u00e3o profunda, \u00e9 preciso buscar subst\u00e2ncias que estimulem a renova\u00e7\u00e3o da superf\u00edcie da pele de maneira suave. Os itens listados abaixo destacam os componentes que s\u00e3o verdadeiros tesouros para quem deseja <strong>rejuvenescer o semblante<\/strong> de forma segura e eficiente:<\/p>\n\n\n\n<ul class=\"wp-block-list\">\n<li>Vitamina C pura para <strong>iluminar o rosto<\/strong> e suavizar manchas causadas pela exposi\u00e7\u00e3o solar constante.<\/li>\n\n\n\n<li>Retinol encapsulado que promove a renova\u00e7\u00e3o celular sem causar a <strong>sensibilidade extrema<\/strong> de antigamente.<\/li>\n\n\n\n<li>Pept\u00eddeos de col\u00e1geno que refor\u00e7am a estrutura de sustenta\u00e7\u00e3o e devolvem a <strong>elasticidade perdida<\/strong> com o tempo.<\/li>\n<\/ul>\n\n\n\n<figure class=\"wp-block-embed is-type-rich is-provider-pinterest wp-block-embed-pinterest\"><div class=\"wp-block-embed__wrapper\">\n<iframe loading=\"lazy\" title=\"S\u00c9RUM FACIAL CASEIRO PARA HIDRATAR A PELE E PREVINIR ESPINHAS! CONHE\u00c7A NESTE VIDEO O PASSO A PASSO!\" src=\"https:\/\/assets.pinterest.com\/ext\/embed.html?id=951666965017264702&#038;src=oembed\" height=\"899\" width=\"450\" frameborder=\"0\" scrolling=\"no\" ><\/iframe>\n<\/div><\/figure>\n\n\n\n<p>A uni\u00e3o dessas tecnologias permite que a c\u00fatis recupere o brilho perdido e apresente uma textura muito mais uniforme. Procure sempre por marcas que invistam em <strong>estudos cl\u00ednicos<\/strong> para comprovar a efic\u00e1cia de cada gota presente na embalagem do cosm\u00e9tico. Essa garantia de qualidade protege sua sa\u00fade e assegura que o <strong>investimento em beleza<\/strong> traga benef\u00edcios reais para sua imagem pessoal.<\/p>\n\n\n\n<h2 class=\"wp-block-heading\">O s\u00e9rum para pele madura ajuda a reduzir as rugas profundas de forma eficaz?<\/h2>\n\n\n\n<p>Embora nenhum cosm\u00e9tico substitua totalmente a cirurgia pl\u00e1stica, as formula\u00e7\u00f5es modernas conseguem suavizar significativamente a profundidade dos sulcos faciais. A aplica\u00e7\u00e3o regular preenche os espa\u00e7os entre as c\u00e9lulas e cria um <strong>efeito \u00f3ptico<\/strong> de pele muito mais lisa e uniforme logo nos primeiros meses. Escolher o produto certo significa dar ao seu rosto a chance de se recuperar dos danos ambientais com <strong>m\u00e1xima tecnologia<\/strong> atual.<\/p>\n\n\n\n<p>A percep\u00e7\u00e3o de melhora acontece gradualmente quando o tratamento \u00e9 seguido \u00e0 risca todas as noites antes de dormir. Os ativos trabalham durante o repouso para reparar os microdanos e preparar a face para a <strong>luminosidade do dia<\/strong> seguinte. Esse processo de repara\u00e7\u00e3o noturna \u00e9 fundamental para manter a <strong>vitalidade da c\u00fatis<\/strong> em qualquer fase da maturidade feminina de forma equilibrada.<\/p>\n\n\n\n<p>Para voc\u00ea que gosta de se cuidar, separamos um v\u00eddeo do canal da <a href=\"https:\/\/www.youtube.com\/@DraGreiceMoraes\" target=\"_blank\" rel=\"noreferrer noopener\">Dra. Greice Moraes<\/a> com dicas dos melhores s\u00e9runs para sua pele:<\/p>\n\n\n\n<figure class=\"wp-block-embed is-type-video is-provider-youtube wp-block-embed-youtube wp-embed-aspect-16-9 wp-has-aspect-ratio\"><div class=\"wp-block-embed__wrapper\">\n<div class=\"jeg_video_container jeg_video_content\"><iframe loading=\"lazy\" title=\"Os Melhores S\u00e9runs para Rugas, Manchas, Oleosidade, Pele Madura, Sens\u00edvel... | Dra. Greice Moraes\" width=\"500\" height=\"281\" src=\"https:\/\/www.youtube.com\/embed\/jjvq77_5qCU?feature=oembed\" frameborder=\"0\" allow=\"accelerometer; autoplay; clipboard-write; encrypted-media; gyroscope; picture-in-picture; web-share\" referrerpolicy=\"strict-origin-when-cross-origin\" allowfullscreen><\/iframe><\/div>\n<\/div><\/figure>\n\n\n\n<h2 class=\"wp-block-heading\">Como aplicar o produto para potencializar a absor\u00e7\u00e3o dos nutrientes na face<\/h2>\n\n\n\n<p>O modo de espalhar o l\u00edquido influencia diretamente na performance dos ativos e no rendimento do frasco escolhido para o m\u00eas. Realize movimentos ascendentes suaves partindo do centro do rosto em dire\u00e7\u00e3o \u00e0s orelhas para estimular a <strong>circula\u00e7\u00e3o sangu\u00ednea<\/strong> local. Essa t\u00e9cnica simples favorece a drenagem e garante que cada gota do tratamento seja aproveitada com <strong>total intelig\u00eancia<\/strong> e economia.<\/p>\n\n\n\n<p>Utilize apenas algumas gotas para cobrir toda a extens\u00e3o do colo e pesco\u00e7o, \u00e1reas que tamb\u00e9m mostram os sinais da idade. Massagear essas regi\u00f5es sens\u00edveis previne a flacidez e mant\u00e9m a <strong>harmonia est\u00e9tica<\/strong> entre o rosto e o restante do corpo. O cuidado dedicado nesses momentos de pausa reflete o seu <strong>compromisso com o bem-estar<\/strong> e a valoriza\u00e7\u00e3o da sua beleza aut\u00eantica.<\/p>\n\n\n\n<h2 class=\"wp-block-heading\">Conquiste uma apar\u00eancia renovada com h\u00e1bitos saud\u00e1veis e consistentes<\/h2>\n\n\n\n<p>Combine o uso dos cosm\u00e9ticos com uma alimenta\u00e7\u00e3o equilibrada e rica em nutrientes naturais. O brilho que vem de dentro para fora complementa perfeitamente os <strong>efeitos dos tratamentos<\/strong> externos realizados. Beba \u00e1gua constantemente para manter o <strong>vi\u00e7o da pele<\/strong> em dia.<\/p>\n\n\n\n<p>Proteja sempre o seu rosto com protetor solar ap\u00f3s a aplica\u00e7\u00e3o dos produtos matinais recomendados. A preven\u00e7\u00e3o continua sendo o melhor caminho para manter uma <strong>textura suave<\/strong> e jovem por anos. Valorize sua jornada e sinta orgulho da sua <strong>beleza madura<\/strong> sempre.<\/p>\n","protected":false},"excerpt":{"rendered":"<p>Voc\u00ea observa os primeiros sinais de express\u00e3o ao se olhar no espelho durante a rotina matinal e percebe que o s\u00e9rum para pele madura pode ser o aliado que faltava no seu n\u00e9cessaire. Qual ser\u00e1 o ingrediente secreto capaz de devolver a firmeza e o vi\u00e7o sem precisar recorrer a procedimentos est\u00e9ticos invasivos e caros? [&hellip;]<\/p>\n","protected":false},"author":9,"featured_media":199559,"comment_status":"open","ping_status":"open","sticky":false,"template":"","format":"standard","meta":{"jnews-multi-image_gallery":[],"jnews_single_post":{"format":"standard"},"jnews_primary_category":[],"jnews_social_meta":[],"jnews_override_counter":[],"footnotes":""},"categories":[8691,29],"tags":[21796,7906,28621],"class_list":["post-199428","post","type-post","status-publish","format-standard","has-post-thumbnail","hentry","category-bem-estar","category-entretenimento","tag-cuidados-com-o-rosto","tag-rejuvenescimento-facial","tag-skincare-maduro"],"yoast_head":"<!-- This site is optimized with the Yoast SEO plugin v23.8 - https:\/\/yoast.com\/wordpress\/plugins\/seo\/ -->\n<title>Adeus ao aspecto cansado: os melhores ativos para seu s\u00e9rum de skincare que renovam a pele - Estado de Minas - Em foco<\/title>\n<meta name=\"description\" content=\"O melhor s\u00e9rum para pele madura ajuda a reduzir rugas e devolver o brilho natural do rosto com ativos potentes para o seu skincare di\u00e1rio\" \/>\n<meta name=\"robots\" content=\"index, follow, max-snippet:-1, max-image-preview:large, max-video-preview:-1\" \/>\n<link rel=\"canonical\" href=\"https:\/\/www.em.com.br\/emfoco\/2026\/04\/26\/adeus-ao-aspecto-cansado-os-melhores-ativos-para-seu-serum-de-skincare-que-renovam-a-pele\/\" \/>\n<meta property=\"og:locale\" content=\"pt_BR\" \/>\n<meta property=\"og:type\" content=\"article\" \/>\n<meta property=\"og:title\" content=\"Adeus ao aspecto cansado: os melhores ativos para seu s\u00e9rum de skincare que renovam a pele - Estado de Minas - Em foco\" \/>\n<meta property=\"og:description\" content=\"O melhor s\u00e9rum para pele madura ajuda a reduzir rugas e devolver o brilho natural do rosto com ativos potentes para o seu skincare di\u00e1rio\" \/>\n<meta property=\"og:url\" content=\"https:\/\/www.em.com.br\/emfoco\/2026\/04\/26\/adeus-ao-aspecto-cansado-os-melhores-ativos-para-seu-serum-de-skincare-que-renovam-a-pele\/\" \/>\n<meta property=\"og:site_name\" content=\"Estado de Minas - Em foco\" \/>\n<meta property=\"article:published_time\" content=\"2026-04-27T01:05:00+00:00\" \/>\n<meta property=\"article:modified_time\" content=\"2026-04-25T20:37:59+00:00\" \/>\n<meta property=\"og:image\" content=\"https:\/\/www.em.com.br\/emfoco\/wp-content\/uploads\/2026\/04\/Oeste_58.jpg\" \/>\n\t<meta property=\"og:image:width\" content=\"1280\" \/>\n\t<meta property=\"og:image:height\" content=\"720\" \/>\n\t<meta property=\"og:image:type\" content=\"image\/jpeg\" \/>\n<meta name=\"author\" content=\"Daniely Cardoso\" \/>\n<meta name=\"twitter:card\" content=\"summary_large_image\" \/>\n<meta name=\"twitter:label1\" content=\"Escrito por\" \/>\n\t<meta name=\"twitter:data1\" content=\"Daniely Cardoso\" \/>\n\t<meta name=\"twitter:label2\" content=\"Est. tempo de leitura\" \/>\n\t<meta name=\"twitter:data2\" content=\"5 minutos\" \/>\n<!-- \/ Yoast SEO plugin. -->","yoast_head_json":{"title":"Adeus ao aspecto cansado: os melhores ativos para seu s\u00e9rum de skincare que renovam a pele - Estado de Minas - Em foco","description":"O melhor s\u00e9rum para pele madura ajuda a reduzir rugas e devolver o brilho natural do rosto com ativos potentes para o seu skincare di\u00e1rio","robots":{"index":"index","follow":"follow","max-snippet":"max-snippet:-1","max-image-preview":"max-image-preview:large","max-video-preview":"max-video-preview:-1"},"canonical":"https:\/\/www.em.com.br\/emfoco\/2026\/04\/26\/adeus-ao-aspecto-cansado-os-melhores-ativos-para-seu-serum-de-skincare-que-renovam-a-pele\/","og_locale":"pt_BR","og_type":"article","og_title":"Adeus ao aspecto cansado: os melhores ativos para seu s\u00e9rum de skincare que renovam a pele - Estado de Minas - Em foco","og_description":"O melhor s\u00e9rum para pele madura ajuda a reduzir rugas e devolver o brilho natural do rosto com ativos potentes para o seu skincare di\u00e1rio","og_url":"https:\/\/www.em.com.br\/emfoco\/2026\/04\/26\/adeus-ao-aspecto-cansado-os-melhores-ativos-para-seu-serum-de-skincare-que-renovam-a-pele\/","og_site_name":"Estado de Minas - Em foco","article_published_time":"2026-04-27T01:05:00+00:00","article_modified_time":"2026-04-25T20:37:59+00:00","og_image":[{"width":1280,"height":720,"url":"https:\/\/www.em.com.br\/emfoco\/wp-content\/uploads\/2026\/04\/Oeste_58.jpg","type":"image\/jpeg"}],"author":"Daniely Cardoso","twitter_card":"summary_large_image","twitter_misc":{"Escrito por":"Daniely Cardoso","Est. tempo de leitura":"5 minutos"},"schema":{"@context":"https:\/\/schema.org","@graph":[{"@type":"WebPage","@id":"https:\/\/www.em.com.br\/emfoco\/2026\/04\/26\/adeus-ao-aspecto-cansado-os-melhores-ativos-para-seu-serum-de-skincare-que-renovam-a-pele\/","url":"https:\/\/www.em.com.br\/emfoco\/2026\/04\/26\/adeus-ao-aspecto-cansado-os-melhores-ativos-para-seu-serum-de-skincare-que-renovam-a-pele\/","name":"Adeus ao aspecto cansado: os melhores ativos para seu s\u00e9rum de skincare que renovam a pele - Estado de Minas - Em foco","isPartOf":{"@id":"https:\/\/www.em.com.br\/emfoco\/#website"},"primaryImageOfPage":{"@id":"https:\/\/www.em.com.br\/emfoco\/2026\/04\/26\/adeus-ao-aspecto-cansado-os-melhores-ativos-para-seu-serum-de-skincare-que-renovam-a-pele\/#primaryimage"},"image":{"@id":"https:\/\/www.em.com.br\/emfoco\/2026\/04\/26\/adeus-ao-aspecto-cansado-os-melhores-ativos-para-seu-serum-de-skincare-que-renovam-a-pele\/#primaryimage"},"thumbnailUrl":"https:\/\/www.em.com.br\/emfoco\/wp-content\/uploads\/2026\/04\/Oeste_58.jpg","datePublished":"2026-04-27T01:05:00+00:00","dateModified":"2026-04-25T20:37:59+00:00","author":{"@id":"https:\/\/www.em.com.br\/emfoco\/#\/schema\/person\/0a8186d72f2c3a5c6276d90b41f271a0"},"description":"O melhor s\u00e9rum para pele madura ajuda a reduzir rugas e devolver o brilho natural do rosto com ativos potentes para o seu skincare di\u00e1rio","breadcrumb":{"@id":"https:\/\/www.em.com.br\/emfoco\/2026\/04\/26\/adeus-ao-aspecto-cansado-os-melhores-ativos-para-seu-serum-de-skincare-que-renovam-a-pele\/#breadcrumb"},"inLanguage":"pt-BR","potentialAction":[{"@type":"ReadAction","target":["https:\/\/www.em.com.br\/emfoco\/2026\/04\/26\/adeus-ao-aspecto-cansado-os-melhores-ativos-para-seu-serum-de-skincare-que-renovam-a-pele\/"]}]},{"@type":"ImageObject","inLanguage":"pt-BR","@id":"https:\/\/www.em.com.br\/emfoco\/2026\/04\/26\/adeus-ao-aspecto-cansado-os-melhores-ativos-para-seu-serum-de-skincare-que-renovam-a-pele\/#primaryimage","url":"https:\/\/www.em.com.br\/emfoco\/wp-content\/uploads\/2026\/04\/Oeste_58.jpg","contentUrl":"https:\/\/www.em.com.br\/emfoco\/wp-content\/uploads\/2026\/04\/Oeste_58.jpg","width":1280,"height":720,"caption":"S\u00e9runs com \u00e1cido hialur\u00f4nico e retinol promovem regenera\u00e7\u00e3o profunda da pele madura"},{"@type":"BreadcrumbList","@id":"https:\/\/www.em.com.br\/emfoco\/2026\/04\/26\/adeus-ao-aspecto-cansado-os-melhores-ativos-para-seu-serum-de-skincare-que-renovam-a-pele\/#breadcrumb","itemListElement":[{"@type":"ListItem","position":1,"name":"In\u00edcio","item":"https:\/\/www.em.com.br\/emfoco\/"},{"@type":"ListItem","position":2,"name":"Adeus ao aspecto cansado: os melhores ativos para seu s\u00e9rum de skincare que renovam a pele"}]},{"@type":"WebSite","@id":"https:\/\/www.em.com.br\/emfoco\/#website","url":"https:\/\/www.em.com.br\/emfoco\/","name":"Estado de Minas - Em foco","description":"Acompanhe as \u00faltimas not\u00edcias e fique bem informado sobre tudo o que acontece em Minas Gerais, Brasil e no mundo.","potentialAction":[{"@type":"SearchAction","target":{"@type":"EntryPoint","urlTemplate":"https:\/\/www.em.com.br\/emfoco\/?s={search_term_string}"},"query-input":{"@type":"PropertyValueSpecification","valueRequired":true,"valueName":"search_term_string"}}],"inLanguage":"pt-BR"},{"@type":"Person","@id":"https:\/\/www.em.com.br\/emfoco\/#\/schema\/person\/0a8186d72f2c3a5c6276d90b41f271a0","name":"Daniely Cardoso","image":{"@type":"ImageObject","inLanguage":"pt-BR","@id":"https:\/\/www.em.com.br\/emfoco\/#\/schema\/person\/image\/","url":"https:\/\/secure.gravatar.com\/avatar\/4b80ddbd124d1f071b626d52d62e5dff?s=96&d=mm&r=g","contentUrl":"https:\/\/secure.gravatar.com\/avatar\/4b80ddbd124d1f071b626d52d62e5dff?s=96&d=mm&r=g","caption":"Daniely Cardoso"},"url":"https:\/\/www.em.com.br\/emfoco\/author\/danielymyth\/"}]}},"_links":{"self":[{"href":"https:\/\/www.em.com.br\/emfoco\/wp-json\/wp\/v2\/posts\/199428","targetHints":{"allow":["GET"]}}],"collection":[{"href":"https:\/\/www.em.com.br\/emfoco\/wp-json\/wp\/v2\/posts"}],"about":[{"href":"https:\/\/www.em.com.br\/emfoco\/wp-json\/wp\/v2\/types\/post"}],"author":[{"embeddable":true,"href":"https:\/\/www.em.com.br\/emfoco\/wp-json\/wp\/v2\/users\/9"}],"replies":[{"embeddable":true,"href":"https:\/\/www.em.com.br\/emfoco\/wp-json\/wp\/v2\/comments?post=199428"}],"version-history":[{"count":2,"href":"https:\/\/www.em.com.br\/emfoco\/wp-json\/wp\/v2\/posts\/199428\/revisions"}],"predecessor-version":[{"id":199482,"href":"https:\/\/www.em.com.br\/emfoco\/wp-json\/wp\/v2\/posts\/199428\/revisions\/199482"}],"wp:featuredmedia":[{"embeddable":true,"href":"https:\/\/www.em.com.br\/emfoco\/wp-json\/wp\/v2\/media\/199559"}],"wp:attachment":[{"href":"https:\/\/www.em.com.br\/emfoco\/wp-json\/wp\/v2\/media?parent=199428"}],"wp:term":[{"taxonomy":"category","embeddable":true,"href":"https:\/\/www.em.com.br\/emfoco\/wp-json\/wp\/v2\/categories?post=199428"},{"taxonomy":"post_tag","embeddable":true,"href":"https:\/\/www.em.com.br\/emfoco\/wp-json\/wp\/v2\/tags?post=199428"}],"curies":[{"name":"wp","href":"https:\/\/api.w.org\/{rel}","templated":true}]}}