{"id":199424,"date":"2026-04-26T08:30:00","date_gmt":"2026-04-26T11:30:00","guid":{"rendered":"https:\/\/www.em.com.br\/emfoco\/?p=199424"},"modified":"2026-04-25T17:44:21","modified_gmt":"2026-04-25T20:44:21","slug":"ingrid-de-74-anos-teve-sua-aposentadoria-reduzida-na-virada-do-ano-trabalhei-desde-os-19-anos","status":"publish","type":"post","link":"https:\/\/www.em.com.br\/emfoco\/2026\/04\/26\/ingrid-de-74-anos-teve-sua-aposentadoria-reduzida-na-virada-do-ano-trabalhei-desde-os-19-anos\/","title":{"rendered":"Ingrid, de 74 anos, teve sua aposentadoria reduzida na virada do ano: &#8220;Trabalhei desde os 19 anos&#8221;"},"content":{"rendered":"\n<p>O caso de <strong>Ingrid<\/strong>, aposentada de 74 anos que viu sua renda encolher mesmo ap\u00f3s os reajustes da virada de 2026, mostra como mudan\u00e7as no sistema de previd\u00eancia da Su\u00e9cia podem bagun\u00e7ar o or\u00e7amento de quem j\u00e1 deixou o mercado de trabalho: depois de contribuir desde os 19 anos, ela passou a receber menos dinheiro l\u00edquido, apesar de um aumento na pens\u00e3o de renda, levantando a d\u00favida inc\u00f4moda de por que o valor final cai quando os comunicados oficiais falam em aumento.<\/p>\n\n\n\n<h2 class=\"wp-block-heading\">Como funciona hoje o sistema de pens\u00e3o na Su\u00e9cia<\/h2>\n\n\n\n<p>O sistema sueco de&nbsp;<strong>pens\u00e3o<\/strong>&nbsp;\u00e9 um mosaico de v\u00e1rios componentes que se combinam e se influenciam entre si. H\u00e1 a pens\u00e3o de renda, ligada aos anos de trabalho e contribui\u00e7\u00f5es, e a pens\u00e3o complementar, que substituiu modelos antigos como o ATP.<\/p>\n\n\n\n<p>Al\u00e9m disso, entram na conta previd\u00eancia complementar de empregadores, participa\u00e7\u00f5es em lucros e diferentes suplementos. Entre estes, destacam-se a&nbsp;<strong>pens\u00e3o garantida<\/strong>, o subs\u00eddio de habita\u00e7\u00e3o, o suplemento de pens\u00e3o por rendimento e apoios espec\u00edficos a idosos com renda muito baixa.<\/p>\n\n\n\n<figure class=\"wp-block-image size-large\"><img loading=\"lazy\" decoding=\"async\" width=\"1024\" height=\"576\" src=\"https:\/\/www.em.com.br\/emfoco\/wp-content\/uploads\/2026\/04\/Gemini_Generated_Image_z95w85z95w85z95w-1-1024x576.png\" alt=\"Mudan\u00e7a na previd\u00eancia surpreende aposentados\" class=\"wp-image-199566\" srcset=\"https:\/\/www.em.com.br\/emfoco\/wp-content\/uploads\/2026\/04\/Gemini_Generated_Image_z95w85z95w85z95w-1-1024x576.png 1024w, https:\/\/www.em.com.br\/emfoco\/wp-content\/uploads\/2026\/04\/Gemini_Generated_Image_z95w85z95w85z95w-1-300x169.png 300w, https:\/\/www.em.com.br\/emfoco\/wp-content\/uploads\/2026\/04\/Gemini_Generated_Image_z95w85z95w85z95w-1-768x432.png 768w, https:\/\/www.em.com.br\/emfoco\/wp-content\/uploads\/2026\/04\/Gemini_Generated_Image_z95w85z95w85z95w-1-750x422.png 750w, https:\/\/www.em.com.br\/emfoco\/wp-content\/uploads\/2026\/04\/Gemini_Generated_Image_z95w85z95w85z95w-1-1140x641.png 1140w, https:\/\/www.em.com.br\/emfoco\/wp-content\/uploads\/2026\/04\/Gemini_Generated_Image_z95w85z95w85z95w-1.png 1280w\" sizes=\"auto, (max-width: 1024px) 100vw, 1024px\" \/><figcaption class=\"wp-element-caption\">Mudan\u00e7a na previd\u00eancia surpreende aposentados<\/figcaption><\/figure>\n\n\n\n<h2 class=\"wp-block-heading\">Por que a pens\u00e3o pode diminuir mesmo com aumento no extrato<\/h2>\n\n\n\n<p>A&nbsp;<strong>pens\u00e3o reduzida<\/strong>&nbsp;em 2026, mesmo com aumento nominal, est\u00e1 ligada \u00e0 forma como benef\u00edcios se ajustam entre si. No caso de Ingrid, a pens\u00e3o de renda subiu cerca de 300 coroas suecas e a parte complementar tamb\u00e9m teve um pequeno acr\u00e9scimo.<\/p>\n\n\n\n<p>Esse ganho, por\u00e9m, acionou cortes em outros benef\u00edcios, como a pens\u00e3o garantida e o subs\u00eddio de habita\u00e7\u00e3o, resultando em perda l\u00edquida de 411 coroas em rela\u00e7\u00e3o ao ano anterior. Depois dos impostos \u2014 que ainda subiram 12 coroas, e n\u00e3o ca\u00edram como muitos esperavam \u2014 a renda final diminuiu 96 coroas por m\u00eas.<\/p>\n\n\n\n<h2 class=\"wp-block-heading\">O que pesa no c\u00e1lculo entre pens\u00e3o, impostos e aux\u00edlio-moradia<\/h2>\n\n\n\n<p>O\u00a0<strong>aux\u00edlio-moradia para aposentados<\/strong>, gerido pela<strong> Ag\u00eancia Sueca de Pens\u00f5es<\/strong>, \u00e9 decisivo para quem depende da pens\u00e3o para pagar aluguel. O benef\u00edcio considera renda mensal, valor do aluguel, patrim\u00f4nio imobili\u00e1rio e o montante em contas banc\u00e1rias e investimentos.<\/p>\n\n\n\n<p>Se a pessoa tiver mais de 100.000 coroas suecas em poupan\u00e7a ou aplica\u00e7\u00f5es, parte desse valor pode ser tratada como renda de capital, reduzindo o subs\u00eddio. Como as informa\u00e7\u00f5es de aluguel e renda s\u00e3o atualizadas anualmente, h\u00e1 um descompasso: o reajuste da pens\u00e3o entra em vigor antes da defini\u00e7\u00e3o final do aux\u00edlio-moradia, gerando meses de incerteza.<\/p>\n\n\n\n<h2 class=\"wp-block-heading\">Como reduzir surpresas na renda de aposentadoria<\/h2>\n\n\n\n<p>Muitos aposentados t\u00eam dificuldade em prever o impacto de pequenos trabalhos, reajustes de aluguel ou mudan\u00e7as no saldo de economias. Planejar com alguma anteced\u00eancia pode diminuir sustos no or\u00e7amento e o risco de ter que devolver valores recebidos a mais retroativamente.<\/p>\n\n\n\n<p>Algumas atitudes pr\u00e1ticas ajudam a entender melhor o sistema da&nbsp;<strong>pens\u00e3o p\u00fablica sueca<\/strong>&nbsp;e dos complementos, e a evitar armadilhas financeiras no dia a dia:<\/p>\n\n\n\n<figure class=\"wp-block-image size-large\"><img loading=\"lazy\" decoding=\"async\" width=\"1024\" height=\"577\" src=\"https:\/\/www.em.com.br\/emfoco\/wp-content\/uploads\/2026\/04\/ChatGPT-Image-25-de-abr.-de-2026-17_42_32-1-1024x577.png\" alt=\"Mudan\u00e7a na previd\u00eancia surpreende aposentados\" class=\"wp-image-199569\" srcset=\"https:\/\/www.em.com.br\/emfoco\/wp-content\/uploads\/2026\/04\/ChatGPT-Image-25-de-abr.-de-2026-17_42_32-1-1024x577.png 1024w, https:\/\/www.em.com.br\/emfoco\/wp-content\/uploads\/2026\/04\/ChatGPT-Image-25-de-abr.-de-2026-17_42_32-1-300x169.png 300w, https:\/\/www.em.com.br\/emfoco\/wp-content\/uploads\/2026\/04\/ChatGPT-Image-25-de-abr.-de-2026-17_42_32-1-768x433.png 768w, https:\/\/www.em.com.br\/emfoco\/wp-content\/uploads\/2026\/04\/ChatGPT-Image-25-de-abr.-de-2026-17_42_32-1-750x422.png 750w, https:\/\/www.em.com.br\/emfoco\/wp-content\/uploads\/2026\/04\/ChatGPT-Image-25-de-abr.-de-2026-17_42_32-1-1140x642.png 1140w, https:\/\/www.em.com.br\/emfoco\/wp-content\/uploads\/2026\/04\/ChatGPT-Image-25-de-abr.-de-2026-17_42_32-1.png 1280w\" sizes=\"auto, (max-width: 1024px) 100vw, 1024px\" \/><figcaption class=\"wp-element-caption\">Mudan\u00e7a na previd\u00eancia surpreende aposentados<\/figcaption><\/figure>\n\n\n\n<ul class=\"wp-block-list\">\n<li><strong>Acompanhar os comunicados oficiais:<\/strong>\u00a0ler com aten\u00e7\u00e3o extratos anuais da Ag\u00eancia de Pens\u00f5es e conferir cada parcela de renda e descontos.<\/li>\n\n\n\n<li><strong>Atualizar dados sempre que algo mudar:<\/strong>\u00a0informar rapidamente novo valor de aluguel, renda extra ou altera\u00e7\u00e3o familiar.<\/li>\n\n\n\n<li><strong>Observar o n\u00edvel de economias:<\/strong>\u00a0monitorar se poupan\u00e7as e investimentos ultrapassam limites que reduzem o aux\u00edlio-moradia.<\/li>\n\n\n\n<li><strong>Reservar uma margem financeira:<\/strong>\u00a0guardar, se poss\u00edvel, uma pequena folga para cobrir eventuais devolu\u00e7\u00f5es de benef\u00edcios.<\/li>\n\n\n\n<li><strong>Buscar orienta\u00e7\u00e3o especializada:<\/strong>\u00a0usar simuladores da Ag\u00eancia de Pens\u00f5es, sindicatos e associa\u00e7\u00f5es de aposentados para interpretar cartas e decis\u00f5es.<\/li>\n<\/ul>\n\n\n\n<h2 class=\"wp-block-heading\">Por que tantos aposentados desistem de benef\u00edcios e o que fazer agora<\/h2>\n\n\n\n<p>Entre quem paga aluguel mais baixo ou vive em im\u00f3veis antigos, o aux\u00edlio-moradia pode ser modesto, mas ainda assim essencial. O medo de cobran\u00e7as retroativas que podem chegar a dezenas de milhares de coroas, somado a regras complexas e prazos longos de an\u00e1lise, faz com que muitos idosos deixem de pedir benef\u00edcios que legalmente lhes pertencem.<\/p>\n\n\n\n<p>O epis\u00f3dio da&nbsp;<strong>redu\u00e7\u00e3o da pens\u00e3o em 2026<\/strong>&nbsp;mostra que, mesmo ap\u00f3s d\u00e9cadas de trabalho, o valor que entra na conta pode oscilar com ajustes aparentemente pequenos. N\u00e3o espere descobrir isso s\u00f3 quando o dinheiro faltar: acesse os simuladores oficiais hoje, revise seus dados, pe\u00e7a ajuda a sindicatos ou associa\u00e7\u00f5es e garanta imediatamente cada coroa a que voc\u00ea tem direito \u2014 sua seguran\u00e7a financeira n\u00e3o pode ficar para depois.<\/p>\n","protected":false},"excerpt":{"rendered":"<p>O caso de Ingrid, aposentada de 74 anos que viu sua renda encolher mesmo ap\u00f3s os reajustes da virada de 2026, mostra como mudan\u00e7as no sistema de previd\u00eancia da Su\u00e9cia podem bagun\u00e7ar o or\u00e7amento de quem j\u00e1 deixou o mercado de trabalho: depois de contribuir desde os 19 anos, ela passou a receber menos dinheiro [&hellip;]<\/p>\n","protected":false},"author":11,"featured_media":199567,"comment_status":"open","ping_status":"open","sticky":false,"template":"","format":"standard","meta":{"jnews-multi-image_gallery":[],"jnews_single_post":{"format":"standard"},"jnews_primary_category":[],"jnews_social_meta":[],"jnews_override_counter":[],"footnotes":""},"categories":[28,1],"tags":[172,529,296,1010,261],"class_list":["post-199424","post","type-post","status-publish","format-standard","has-post-thumbnail","hentry","category-economia","category-noticias","tag-aposentadoria","tag-aposentados","tag-dinheiro","tag-previdencia","tag-renda"],"yoast_head":"<!-- This site is optimized with the Yoast SEO plugin v23.8 - https:\/\/yoast.com\/wordpress\/plugins\/seo\/ -->\n<title>Ingrid, de 74 anos, teve sua aposentadoria reduzida na virada do ano: &quot;Trabalhei desde os 19 anos&quot; - Estado de Minas - Em foco<\/title>\n<meta name=\"description\" content=\"Aposentados receberam aumento na pens\u00e3o, mas muitos viram a renda cair. Entenda por que isso acontece em 2026.\" \/>\n<meta name=\"robots\" content=\"index, follow, max-snippet:-1, max-image-preview:large, max-video-preview:-1\" \/>\n<link rel=\"canonical\" href=\"https:\/\/www.em.com.br\/emfoco\/2026\/04\/26\/ingrid-de-74-anos-teve-sua-aposentadoria-reduzida-na-virada-do-ano-trabalhei-desde-os-19-anos\/\" \/>\n<meta property=\"og:locale\" content=\"pt_BR\" \/>\n<meta property=\"og:type\" content=\"article\" \/>\n<meta property=\"og:title\" content=\"Ingrid, de 74 anos, teve sua aposentadoria reduzida na virada do ano: &quot;Trabalhei desde os 19 anos&quot; - Estado de Minas - Em foco\" \/>\n<meta property=\"og:description\" content=\"Aposentados receberam aumento na pens\u00e3o, mas muitos viram a renda cair. Entenda por que isso acontece em 2026.\" \/>\n<meta property=\"og:url\" content=\"https:\/\/www.em.com.br\/emfoco\/2026\/04\/26\/ingrid-de-74-anos-teve-sua-aposentadoria-reduzida-na-virada-do-ano-trabalhei-desde-os-19-anos\/\" \/>\n<meta property=\"og:site_name\" content=\"Estado de Minas - Em foco\" \/>\n<meta property=\"article:published_time\" content=\"2026-04-26T11:30:00+00:00\" \/>\n<meta property=\"article:modified_time\" content=\"2026-04-25T20:44:21+00:00\" \/>\n<meta property=\"og:image\" content=\"https:\/\/www.em.com.br\/emfoco\/wp-content\/uploads\/2026\/04\/ChatGPT-Image-25-de-abr.-de-2026-17_41_39-1.png\" \/>\n\t<meta property=\"og:image:width\" content=\"1279\" \/>\n\t<meta property=\"og:image:height\" content=\"720\" \/>\n\t<meta property=\"og:image:type\" content=\"image\/png\" \/>\n<meta name=\"author\" content=\"Andre\u0301 Rangel\u00a0\" \/>\n<meta name=\"twitter:card\" content=\"summary_large_image\" \/>\n<meta name=\"twitter:label1\" content=\"Escrito por\" \/>\n\t<meta name=\"twitter:data1\" content=\"Andre\u0301 Rangel\u00a0\" \/>\n\t<meta name=\"twitter:label2\" content=\"Est. tempo de leitura\" \/>\n\t<meta name=\"twitter:data2\" content=\"5 minutos\" \/>\n<!-- \/ Yoast SEO plugin. -->","yoast_head_json":{"title":"Ingrid, de 74 anos, teve sua aposentadoria reduzida na virada do ano: \"Trabalhei desde os 19 anos\" - Estado de Minas - Em foco","description":"Aposentados receberam aumento na pens\u00e3o, mas muitos viram a renda cair. Entenda por que isso acontece em 2026.","robots":{"index":"index","follow":"follow","max-snippet":"max-snippet:-1","max-image-preview":"max-image-preview:large","max-video-preview":"max-video-preview:-1"},"canonical":"https:\/\/www.em.com.br\/emfoco\/2026\/04\/26\/ingrid-de-74-anos-teve-sua-aposentadoria-reduzida-na-virada-do-ano-trabalhei-desde-os-19-anos\/","og_locale":"pt_BR","og_type":"article","og_title":"Ingrid, de 74 anos, teve sua aposentadoria reduzida na virada do ano: \"Trabalhei desde os 19 anos\" - Estado de Minas - Em foco","og_description":"Aposentados receberam aumento na pens\u00e3o, mas muitos viram a renda cair. Entenda por que isso acontece em 2026.","og_url":"https:\/\/www.em.com.br\/emfoco\/2026\/04\/26\/ingrid-de-74-anos-teve-sua-aposentadoria-reduzida-na-virada-do-ano-trabalhei-desde-os-19-anos\/","og_site_name":"Estado de Minas - Em foco","article_published_time":"2026-04-26T11:30:00+00:00","article_modified_time":"2026-04-25T20:44:21+00:00","og_image":[{"width":1279,"height":720,"url":"https:\/\/www.em.com.br\/emfoco\/wp-content\/uploads\/2026\/04\/ChatGPT-Image-25-de-abr.-de-2026-17_41_39-1.png","type":"image\/png"}],"author":"Andre\u0301 Rangel\u00a0","twitter_card":"summary_large_image","twitter_misc":{"Escrito por":"Andre\u0301 Rangel\u00a0","Est. tempo de leitura":"5 minutos"},"schema":{"@context":"https:\/\/schema.org","@graph":[{"@type":"WebPage","@id":"https:\/\/www.em.com.br\/emfoco\/2026\/04\/26\/ingrid-de-74-anos-teve-sua-aposentadoria-reduzida-na-virada-do-ano-trabalhei-desde-os-19-anos\/","url":"https:\/\/www.em.com.br\/emfoco\/2026\/04\/26\/ingrid-de-74-anos-teve-sua-aposentadoria-reduzida-na-virada-do-ano-trabalhei-desde-os-19-anos\/","name":"Ingrid, de 74 anos, teve sua aposentadoria reduzida na virada do ano: \"Trabalhei desde os 19 anos\" - Estado de Minas - Em foco","isPartOf":{"@id":"https:\/\/www.em.com.br\/emfoco\/#website"},"primaryImageOfPage":{"@id":"https:\/\/www.em.com.br\/emfoco\/2026\/04\/26\/ingrid-de-74-anos-teve-sua-aposentadoria-reduzida-na-virada-do-ano-trabalhei-desde-os-19-anos\/#primaryimage"},"image":{"@id":"https:\/\/www.em.com.br\/emfoco\/2026\/04\/26\/ingrid-de-74-anos-teve-sua-aposentadoria-reduzida-na-virada-do-ano-trabalhei-desde-os-19-anos\/#primaryimage"},"thumbnailUrl":"https:\/\/www.em.com.br\/emfoco\/wp-content\/uploads\/2026\/04\/ChatGPT-Image-25-de-abr.-de-2026-17_41_39-1.png","datePublished":"2026-04-26T11:30:00+00:00","dateModified":"2026-04-25T20:44:21+00:00","author":{"@id":"https:\/\/www.em.com.br\/emfoco\/#\/schema\/person\/60eda09c1fedf0d6891f4cef4b60b8b8"},"description":"Aposentados receberam aumento na pens\u00e3o, mas muitos viram a renda cair. Entenda por que isso acontece em 2026.","breadcrumb":{"@id":"https:\/\/www.em.com.br\/emfoco\/2026\/04\/26\/ingrid-de-74-anos-teve-sua-aposentadoria-reduzida-na-virada-do-ano-trabalhei-desde-os-19-anos\/#breadcrumb"},"inLanguage":"pt-BR","potentialAction":[{"@type":"ReadAction","target":["https:\/\/www.em.com.br\/emfoco\/2026\/04\/26\/ingrid-de-74-anos-teve-sua-aposentadoria-reduzida-na-virada-do-ano-trabalhei-desde-os-19-anos\/"]}]},{"@type":"ImageObject","inLanguage":"pt-BR","@id":"https:\/\/www.em.com.br\/emfoco\/2026\/04\/26\/ingrid-de-74-anos-teve-sua-aposentadoria-reduzida-na-virada-do-ano-trabalhei-desde-os-19-anos\/#primaryimage","url":"https:\/\/www.em.com.br\/emfoco\/wp-content\/uploads\/2026\/04\/ChatGPT-Image-25-de-abr.-de-2026-17_41_39-1.png","contentUrl":"https:\/\/www.em.com.br\/emfoco\/wp-content\/uploads\/2026\/04\/ChatGPT-Image-25-de-abr.-de-2026-17_41_39-1.png","width":1279,"height":720,"caption":"Mudan\u00e7a na previd\u00eancia surpreende aposentados"},{"@type":"BreadcrumbList","@id":"https:\/\/www.em.com.br\/emfoco\/2026\/04\/26\/ingrid-de-74-anos-teve-sua-aposentadoria-reduzida-na-virada-do-ano-trabalhei-desde-os-19-anos\/#breadcrumb","itemListElement":[{"@type":"ListItem","position":1,"name":"In\u00edcio","item":"https:\/\/www.em.com.br\/emfoco\/"},{"@type":"ListItem","position":2,"name":"Ingrid, de 74 anos, teve sua aposentadoria reduzida na virada do ano: &#8220;Trabalhei desde os 19 anos&#8221;"}]},{"@type":"WebSite","@id":"https:\/\/www.em.com.br\/emfoco\/#website","url":"https:\/\/www.em.com.br\/emfoco\/","name":"Estado de Minas - Em foco","description":"Acompanhe as \u00faltimas not\u00edcias e fique bem informado sobre tudo o que acontece em Minas Gerais, Brasil e no mundo.","potentialAction":[{"@type":"SearchAction","target":{"@type":"EntryPoint","urlTemplate":"https:\/\/www.em.com.br\/emfoco\/?s={search_term_string}"},"query-input":{"@type":"PropertyValueSpecification","valueRequired":true,"valueName":"search_term_string"}}],"inLanguage":"pt-BR"},{"@type":"Person","@id":"https:\/\/www.em.com.br\/emfoco\/#\/schema\/person\/60eda09c1fedf0d6891f4cef4b60b8b8","name":"Andre\u0301 Rangel\u00a0","image":{"@type":"ImageObject","inLanguage":"pt-BR","@id":"https:\/\/www.em.com.br\/emfoco\/#\/schema\/person\/image\/","url":"https:\/\/secure.gravatar.com\/avatar\/6234dc814c77c8ef6d8bba622c787efc?s=96&d=mm&r=g","contentUrl":"https:\/\/secure.gravatar.com\/avatar\/6234dc814c77c8ef6d8bba622c787efc?s=96&d=mm&r=g","caption":"Andre\u0301 Rangel\u00a0"},"url":"https:\/\/www.em.com.br\/emfoco\/author\/luizmyth\/"}]}},"_links":{"self":[{"href":"https:\/\/www.em.com.br\/emfoco\/wp-json\/wp\/v2\/posts\/199424","targetHints":{"allow":["GET"]}}],"collection":[{"href":"https:\/\/www.em.com.br\/emfoco\/wp-json\/wp\/v2\/posts"}],"about":[{"href":"https:\/\/www.em.com.br\/emfoco\/wp-json\/wp\/v2\/types\/post"}],"author":[{"embeddable":true,"href":"https:\/\/www.em.com.br\/emfoco\/wp-json\/wp\/v2\/users\/11"}],"replies":[{"embeddable":true,"href":"https:\/\/www.em.com.br\/emfoco\/wp-json\/wp\/v2\/comments?post=199424"}],"version-history":[{"count":2,"href":"https:\/\/www.em.com.br\/emfoco\/wp-json\/wp\/v2\/posts\/199424\/revisions"}],"predecessor-version":[{"id":199573,"href":"https:\/\/www.em.com.br\/emfoco\/wp-json\/wp\/v2\/posts\/199424\/revisions\/199573"}],"wp:featuredmedia":[{"embeddable":true,"href":"https:\/\/www.em.com.br\/emfoco\/wp-json\/wp\/v2\/media\/199567"}],"wp:attachment":[{"href":"https:\/\/www.em.com.br\/emfoco\/wp-json\/wp\/v2\/media?parent=199424"}],"wp:term":[{"taxonomy":"category","embeddable":true,"href":"https:\/\/www.em.com.br\/emfoco\/wp-json\/wp\/v2\/categories?post=199424"},{"taxonomy":"post_tag","embeddable":true,"href":"https:\/\/www.em.com.br\/emfoco\/wp-json\/wp\/v2\/tags?post=199424"}],"curies":[{"name":"wp","href":"https:\/\/api.w.org\/{rel}","templated":true}]}}