{"id":199422,"date":"2026-04-26T16:35:00","date_gmt":"2026-04-26T19:35:00","guid":{"rendered":"https:\/\/www.em.com.br\/emfoco\/?p=199422"},"modified":"2026-04-25T17:34:38","modified_gmt":"2026-04-25T20:34:38","slug":"as-4-opcoes-de-oleo-capilar-de-ate-r-40-que-vao-salvar-o-seu-cabelo","status":"publish","type":"post","link":"https:\/\/www.em.com.br\/emfoco\/2026\/04\/26\/as-4-opcoes-de-oleo-capilar-de-ate-r-40-que-vao-salvar-o-seu-cabelo\/","title":{"rendered":"As 4 op\u00e7\u00f5es de \u00f3leo capilar de at\u00e9 R$ 40 que v\u00e3o salvar o seu cabelo"},"content":{"rendered":"\n<p>Voc\u00ea olha no espelho e percebe que as pontas duplas est\u00e3o prejudicando o visual, mas o <strong>\u00f3leo capilar de at\u00e9 R$ 40<\/strong> pode ser a solu\u00e7\u00e3o imediata para esse drama cotidiano. Ser\u00e1 que um produto acess\u00edvel consegue realmente entregar o mesmo brilho dos tratamentos realizados em sal\u00f5es luxuosos?<\/p>\n\n\n\n<h2 class=\"wp-block-heading\">Por que o \u00f3leo capilar de at\u00e9 R$ 40 \u00e9 o her\u00f3i do seu bolso<\/h2>\n\n\n\n<p>Manter um cronograma de beleza completo exige escolhas inteligentes para n\u00e3o comprometer o or\u00e7amento mensal da sua fam\u00edlia. O <strong>\u00f3leo capilar de at\u00e9 R$ 40<\/strong> surge como uma alternativa poderosa para quem busca <strong>resultados profissionais<\/strong> sem gastar fortunas em cosm\u00e9ticos importados. Muitas f\u00f3rmulas baratas cont\u00eam ingredientes nobres que devolvem a vitalidade perdida durante o uso excessivo de secador ou chapinha.<\/p>\n\n\n\n<p>A versatilidade desses frascos permite que voc\u00ea utilize o conte\u00fado como um pr\u00e9-shampoo potente ou at\u00e9 mesmo para potencializar suas m\u00e1scaras de hidrata\u00e7\u00e3o favoritas. Esses pequenos aliados conseguem formar uma <strong>barreira protetora<\/strong> contra a umidade externa e o calor agressivo das ferramentas t\u00e9rmicas de modelagem. Investir em marcas nacionais consagradas garante a <strong>seguran\u00e7a necess\u00e1ria<\/strong> para tratar a fibra capilar com extrema efici\u00eancia e economia real.<\/p>\n\n\n\n<figure class=\"wp-block-image size-large\"><img loading=\"lazy\" decoding=\"async\" width=\"1024\" height=\"576\" src=\"https:\/\/www.em.com.br\/emfoco\/wp-content\/uploads\/2026\/01\/alisamento-cabelo_1768243377202-1024x576.jpg\" alt=\"\u00f3leo capilar de at\u00e9 R$ 40\" class=\"wp-image-154048\" srcset=\"https:\/\/www.em.com.br\/emfoco\/wp-content\/uploads\/2026\/01\/alisamento-cabelo_1768243377202-1024x576.jpg 1024w, https:\/\/www.em.com.br\/emfoco\/wp-content\/uploads\/2026\/01\/alisamento-cabelo_1768243377202-300x169.jpg 300w, https:\/\/www.em.com.br\/emfoco\/wp-content\/uploads\/2026\/01\/alisamento-cabelo_1768243377202-768x432.jpg 768w, https:\/\/www.em.com.br\/emfoco\/wp-content\/uploads\/2026\/01\/alisamento-cabelo_1768243377202-750x422.jpg 750w, https:\/\/www.em.com.br\/emfoco\/wp-content\/uploads\/2026\/01\/alisamento-cabelo_1768243377202-1140x641.jpg 1140w, https:\/\/www.em.com.br\/emfoco\/wp-content\/uploads\/2026\/01\/alisamento-cabelo_1768243377202.jpg 1280w\" sizes=\"auto, (max-width: 1024px) 100vw, 1024px\" \/><figcaption class=\"wp-element-caption\">Manter um cronograma de beleza completo exige escolhas inteligentes para n\u00e3o comprometer o or\u00e7amento mensal da sua fam\u00edlia.- Cr\u00e9ditos: depositphotos.com \/ serezniy<\/figcaption><\/figure>\n\n\n\n<p>Leia tamb\u00e9m: <a href=\"https:\/\/www.em.com.br\/emfoco\/2026\/04\/14\/adeus-cabelos-brancos-essa-tintura-natural-deixara-seu-cabelo-preto-em-5-minutos\/\" target=\"_blank\" rel=\"noreferrer noopener\">Adeus cabelos brancos: essa tintura natural deixar\u00e1 seu cabelo preto em 5 minutos<\/a><\/p>\n\n\n\n<h2 class=\"wp-block-heading\">Quais os benef\u00edcios de usar \u00f3leo capilar de at\u00e9 R$ 40 nos fios<\/h2>\n\n\n\n<p>O uso frequente deste finalizador ajuda a selar as cut\u00edculas abertas, o que reflete a luz de forma muito mais intensa e natural. Ao aplicar o <strong>\u00f3leo capilar de at\u00e9 R$ 40<\/strong>, voc\u00ea percebe uma redu\u00e7\u00e3o dr\u00e1stica no frizz e naquela textura \u00e1spera que costuma incomodar ap\u00f3s a lavagem. O produto atua diretamente na <strong>reposi\u00e7\u00e3o lip\u00eddica<\/strong> necess\u00e1ria para manter a elasticidade e evitar que o fio se quebre com facilidade.<\/p>\n\n\n\n<p>Al\u00e9m de melhorar o aspecto est\u00e9tico imediato, esses \u00f3leos protegem a cor dos cabelos tingidos contra o desbotamento precoce causado pelo sol. Eles funcionam como um <strong>escudo invis\u00edvel<\/strong> que ret\u00e9m a \u00e1gua dentro da fibra, combatendo o ressecamento cr\u00f4nico de maneira persistente e eficaz. O resultado final \u00e9 um <strong>toque sedoso<\/strong> que facilita o desembara\u00e7o di\u00e1rio sem causar danos estruturais ao comprimento das suas madeixas.<\/p>\n\n\n\n<figure class=\"wp-block-embed is-type-rich is-provider-pinterest wp-block-embed-pinterest\"><div class=\"wp-block-embed__wrapper\">\n<iframe loading=\"lazy\" title=\"Cabelo perfeito\" src=\"https:\/\/assets.pinterest.com\/ext\/embed.html?id=798474208967843314&#038;src=oembed\" height=\"899\" width=\"450\" frameborder=\"0\" scrolling=\"no\" ><\/iframe>\n<\/div><\/figure>\n\n\n\n<h2 class=\"wp-block-heading\">Como escolher o melhor \u00f3leo capilar de at\u00e9 R$ 40 para seu tipo de cabelo<\/h2>\n\n\n\n<p>Cabelos finos exigem texturas mais leves e de r\u00e1pida absor\u00e7\u00e3o para que os fios n\u00e3o fiquem com aquele aspecto pesado ou grudento. J\u00e1 as curvaturas cacheadas e crespas se beneficiam de composi\u00e7\u00f5es mais densas que oferecem uma <strong>nutri\u00e7\u00e3o profunda<\/strong> e duradoura ao longo de toda a semana. O <strong>\u00f3leo capilar de at\u00e9 R$ 40<\/strong> ideal deve equilibrar perfeitamente a entrega de nutrientes com a leveza necess\u00e1ria para o seu movimento natural.<\/p>\n\n\n<div class=\"wp-block-image\">\n<figure class=\"aligncenter size-large\"><img loading=\"lazy\" decoding=\"async\" width=\"1024\" height=\"576\" src=\"https:\/\/www.em.com.br\/emfoco\/wp-content\/uploads\/2026\/04\/oleo-capilar-de-ate-R-40-1024x576.jpg\" alt=\"\u00f3leo capilar de at\u00e9 R$ 40\" class=\"wp-image-199423\" srcset=\"https:\/\/www.em.com.br\/emfoco\/wp-content\/uploads\/2026\/04\/oleo-capilar-de-ate-R-40-1024x576.jpg 1024w, https:\/\/www.em.com.br\/emfoco\/wp-content\/uploads\/2026\/04\/oleo-capilar-de-ate-R-40-300x169.jpg 300w, https:\/\/www.em.com.br\/emfoco\/wp-content\/uploads\/2026\/04\/oleo-capilar-de-ate-R-40-768x432.jpg 768w, https:\/\/www.em.com.br\/emfoco\/wp-content\/uploads\/2026\/04\/oleo-capilar-de-ate-R-40-750x422.jpg 750w, https:\/\/www.em.com.br\/emfoco\/wp-content\/uploads\/2026\/04\/oleo-capilar-de-ate-R-40-1140x641.jpg 1140w, https:\/\/www.em.com.br\/emfoco\/wp-content\/uploads\/2026\/04\/oleo-capilar-de-ate-R-40.jpg 1280w\" sizes=\"auto, (max-width: 1024px) 100vw, 1024px\" \/><figcaption class=\"wp-element-caption\">A tabela a seguir apresenta as op\u00e7\u00f5es mais recomendadas para quem deseja economizar sem abrir m\u00e3o de um cuidado capilar de excel\u00eancia absoluta.<\/figcaption><\/figure><\/div>\n\n\n<p>Para facilitar sua busca nos e-commerces de beleza, analisamos as f\u00f3rmulas mais elogiadas pelas consumidoras que buscam custo-benef\u00edcio e alta performance. Veja abaixo alguns exemplos de ativos que transformam a sa\u00fade do seu cabelo sem exigir um alto investimento financeiro:<\/p>\n\n\n\n<ul class=\"wp-block-list\">\n<li>Argan para <strong>brilho extremo<\/strong> e repara\u00e7\u00e3o de danos causados por qu\u00edmicas pesadas.<\/li>\n\n\n\n<li>Coco para <strong>nutri\u00e7\u00e3o intensiva<\/strong> e maciez imediata em fios extremamente ressecados.<\/li>\n\n\n\n<li>R\u00edcino para <strong>fortalecimento capilar<\/strong> e aux\u00edlio no combate \u00e0 quebra constante.<\/li>\n\n\n\n<li><\/li>\n<\/ul>\n\n\n\n<p>Para voc\u00ea que gosta de se cuidar, separamos um v\u00eddeo do canal da <a href=\"https:\/\/www.youtube.com\/@DraGreiceMoraes\" target=\"_blank\" rel=\"noreferrer noopener\">Dra. Greice Moraes<\/a> com dicas de \u00f3leos para o cabelo:<\/p>\n\n\n\n<figure class=\"wp-block-embed is-type-video is-provider-youtube wp-block-embed-youtube wp-embed-aspect-16-9 wp-has-aspect-ratio\"><div class=\"wp-block-embed__wrapper\">\n<div class=\"jeg_video_container jeg_video_content\"><iframe loading=\"lazy\" title=\"Testei estes \u00d3LEOS CAPILARES e te conto qual o melhor | Dra. Greice Moraes\" width=\"500\" height=\"281\" src=\"https:\/\/www.youtube.com\/embed\/rAx_dv40R5E?feature=oembed\" frameborder=\"0\" allow=\"accelerometer; autoplay; clipboard-write; encrypted-media; gyroscope; picture-in-picture; web-share\" referrerpolicy=\"strict-origin-when-cross-origin\" allowfullscreen><\/iframe><\/div>\n<\/div><\/figure>\n\n\n\n<h2 class=\"wp-block-heading\">Dicas de aplica\u00e7\u00e3o para evitar o aspecto pesado nas pontas<\/h2>\n\n\n\n<p>A quantidade de produto aplicada faz toda a diferen\u00e7a para obter um acabamento profissional e cheio de movimento natural. Comece espalhando apenas duas gotas nas palmas das m\u00e3os para aquecer o \u00f3leo antes de levar o produto aos fios. Esse pequeno truque ajuda a <strong>ativar os componentes<\/strong> e garante uma distribui\u00e7\u00e3o muito mais uniforme por toda a extens\u00e3o do seu cabelo.<\/p>\n\n\n\n<p>Evite passar qualquer tipo de finalizador oleoso pr\u00f3ximo \u00e0 raiz para n\u00e3o obstruir os poros ou causar o surgimento de caspa indesejada. Concentre a aplica\u00e7\u00e3o do meio para as pontas, onde o ressecamento costuma ser mais evidente e os <strong>danos estruturais<\/strong> s\u00e3o maiores. Manter essa disciplina na aplica\u00e7\u00e3o garante um <strong>visual impec\u00e1vel<\/strong> e livre de oleosidade excessiva durante todo o per\u00edodo entre lavagens.<\/p>\n\n\n\n<figure class=\"wp-block-embed is-type-rich is-provider-pinterest wp-block-embed-pinterest\"><div class=\"wp-block-embed__wrapper\">\n<iframe loading=\"lazy\" title=\"Cores de cabelo loiro | \u00d3leo capilar | \u00d3leo de cabelo\" src=\"https:\/\/assets.pinterest.com\/ext\/embed.html?id=1134414593632940803&#038;src=oembed\" height=\"899\" width=\"450\" frameborder=\"0\" scrolling=\"no\" ><\/iframe>\n<\/div><\/figure>\n\n\n\n<h2 class=\"wp-block-heading\">Transforme a sa\u00fade dos seus fios gastando pouco<\/h2>\n\n\n\n<p>Adote o h\u00e1bito de carregar um frasco pequeno na bolsa para retocar o brilho sempre que sentir necessidade. Pequenas doses de hidrata\u00e7\u00e3o ao longo do dia protegem o cabelo contra o vento e a polui\u00e7\u00e3o urbana. Cuide da sua <strong>autoestima com intelig\u00eancia<\/strong>.<\/p>\n\n\n\n<p>Escolha o produto que melhor se encaixa na sua realidade financeira e aproveite os benef\u00edcios imediatos dessa escolha certeira. A const\u00e2ncia nos cuidados b\u00e1sicos \u00e9 o que realmente gera <strong>mudan\u00e7as duradouras<\/strong> na apar\u00eancia do rosto. Valorize sua beleza com <strong>produtos acess\u00edveis<\/strong>.<\/p>\n","protected":false},"excerpt":{"rendered":"<p>Voc\u00ea olha no espelho e percebe que as pontas duplas est\u00e3o prejudicando o visual, mas o \u00f3leo capilar de at\u00e9 R$ 40 pode ser a solu\u00e7\u00e3o imediata para esse drama cotidiano. Ser\u00e1 que um produto acess\u00edvel consegue realmente entregar o mesmo brilho dos tratamentos realizados em sal\u00f5es luxuosos? Por que o \u00f3leo capilar de at\u00e9 [&hellip;]<\/p>\n","protected":false},"author":9,"featured_media":199549,"comment_status":"open","ping_status":"open","sticky":false,"template":"","format":"standard","meta":{"jnews-multi-image_gallery":[],"jnews_single_post":{"format":"standard"},"jnews_primary_category":[],"jnews_social_meta":[],"jnews_override_counter":[],"footnotes":""},"categories":[8691,29],"tags":[28756,28757,5908],"class_list":["post-199422","post","type-post","status-publish","format-standard","has-post-thumbnail","hentry","category-bem-estar","category-entretenimento","tag-beleza-acessivel","tag-skincare-capilar","tag-tratamento-capilar"],"yoast_head":"<!-- This site is optimized with the Yoast SEO plugin v23.8 - https:\/\/yoast.com\/wordpress\/plugins\/seo\/ -->\n<title>As 4 op\u00e7\u00f5es de \u00f3leo capilar de at\u00e9 R$ 40 que v\u00e3o salvar o seu cabelo - Estado de Minas - Em foco<\/title>\n<meta name=\"description\" content=\"Fios saud\u00e1veis e brilhosos com o \u00f3leo capilar de at\u00e9 R$ 40 em op\u00e7\u00f5es acess\u00edveis que salvam qualquer cabelo do ressecamento de forma imediata.\" \/>\n<meta name=\"robots\" content=\"index, follow, max-snippet:-1, max-image-preview:large, max-video-preview:-1\" \/>\n<link rel=\"canonical\" href=\"https:\/\/www.em.com.br\/emfoco\/2026\/04\/26\/as-4-opcoes-de-oleo-capilar-de-ate-r-40-que-vao-salvar-o-seu-cabelo\/\" \/>\n<meta property=\"og:locale\" content=\"pt_BR\" \/>\n<meta property=\"og:type\" content=\"article\" \/>\n<meta property=\"og:title\" content=\"As 4 op\u00e7\u00f5es de \u00f3leo capilar de at\u00e9 R$ 40 que v\u00e3o salvar o seu cabelo - Estado de Minas - Em foco\" \/>\n<meta property=\"og:description\" content=\"Fios saud\u00e1veis e brilhosos com o \u00f3leo capilar de at\u00e9 R$ 40 em op\u00e7\u00f5es acess\u00edveis que salvam qualquer cabelo do ressecamento de forma imediata.\" \/>\n<meta property=\"og:url\" content=\"https:\/\/www.em.com.br\/emfoco\/2026\/04\/26\/as-4-opcoes-de-oleo-capilar-de-ate-r-40-que-vao-salvar-o-seu-cabelo\/\" \/>\n<meta property=\"og:site_name\" content=\"Estado de Minas - Em foco\" \/>\n<meta property=\"article:published_time\" content=\"2026-04-26T19:35:00+00:00\" \/>\n<meta property=\"article:modified_time\" content=\"2026-04-25T20:34:38+00:00\" \/>\n<meta property=\"og:image\" content=\"https:\/\/www.em.com.br\/emfoco\/wp-content\/uploads\/2026\/04\/Oeste_51.jpg\" \/>\n\t<meta property=\"og:image:width\" content=\"1280\" \/>\n\t<meta property=\"og:image:height\" content=\"720\" \/>\n\t<meta property=\"og:image:type\" content=\"image\/jpeg\" \/>\n<meta name=\"author\" content=\"Daniely Cardoso\" \/>\n<meta name=\"twitter:card\" content=\"summary_large_image\" \/>\n<meta name=\"twitter:label1\" content=\"Escrito por\" \/>\n\t<meta name=\"twitter:data1\" content=\"Daniely Cardoso\" \/>\n\t<meta name=\"twitter:label2\" content=\"Est. tempo de leitura\" \/>\n\t<meta name=\"twitter:data2\" content=\"5 minutos\" \/>\n<!-- \/ Yoast SEO plugin. -->","yoast_head_json":{"title":"As 4 op\u00e7\u00f5es de \u00f3leo capilar de at\u00e9 R$ 40 que v\u00e3o salvar o seu cabelo - Estado de Minas - Em foco","description":"Fios saud\u00e1veis e brilhosos com o \u00f3leo capilar de at\u00e9 R$ 40 em op\u00e7\u00f5es acess\u00edveis que salvam qualquer cabelo do ressecamento de forma imediata.","robots":{"index":"index","follow":"follow","max-snippet":"max-snippet:-1","max-image-preview":"max-image-preview:large","max-video-preview":"max-video-preview:-1"},"canonical":"https:\/\/www.em.com.br\/emfoco\/2026\/04\/26\/as-4-opcoes-de-oleo-capilar-de-ate-r-40-que-vao-salvar-o-seu-cabelo\/","og_locale":"pt_BR","og_type":"article","og_title":"As 4 op\u00e7\u00f5es de \u00f3leo capilar de at\u00e9 R$ 40 que v\u00e3o salvar o seu cabelo - Estado de Minas - Em foco","og_description":"Fios saud\u00e1veis e brilhosos com o \u00f3leo capilar de at\u00e9 R$ 40 em op\u00e7\u00f5es acess\u00edveis que salvam qualquer cabelo do ressecamento de forma imediata.","og_url":"https:\/\/www.em.com.br\/emfoco\/2026\/04\/26\/as-4-opcoes-de-oleo-capilar-de-ate-r-40-que-vao-salvar-o-seu-cabelo\/","og_site_name":"Estado de Minas - Em foco","article_published_time":"2026-04-26T19:35:00+00:00","article_modified_time":"2026-04-25T20:34:38+00:00","og_image":[{"width":1280,"height":720,"url":"https:\/\/www.em.com.br\/emfoco\/wp-content\/uploads\/2026\/04\/Oeste_51.jpg","type":"image\/jpeg"}],"author":"Daniely Cardoso","twitter_card":"summary_large_image","twitter_misc":{"Escrito por":"Daniely Cardoso","Est. tempo de leitura":"5 minutos"},"schema":{"@context":"https:\/\/schema.org","@graph":[{"@type":"WebPage","@id":"https:\/\/www.em.com.br\/emfoco\/2026\/04\/26\/as-4-opcoes-de-oleo-capilar-de-ate-r-40-que-vao-salvar-o-seu-cabelo\/","url":"https:\/\/www.em.com.br\/emfoco\/2026\/04\/26\/as-4-opcoes-de-oleo-capilar-de-ate-r-40-que-vao-salvar-o-seu-cabelo\/","name":"As 4 op\u00e7\u00f5es de \u00f3leo capilar de at\u00e9 R$ 40 que v\u00e3o salvar o seu cabelo - Estado de Minas - Em foco","isPartOf":{"@id":"https:\/\/www.em.com.br\/emfoco\/#website"},"primaryImageOfPage":{"@id":"https:\/\/www.em.com.br\/emfoco\/2026\/04\/26\/as-4-opcoes-de-oleo-capilar-de-ate-r-40-que-vao-salvar-o-seu-cabelo\/#primaryimage"},"image":{"@id":"https:\/\/www.em.com.br\/emfoco\/2026\/04\/26\/as-4-opcoes-de-oleo-capilar-de-ate-r-40-que-vao-salvar-o-seu-cabelo\/#primaryimage"},"thumbnailUrl":"https:\/\/www.em.com.br\/emfoco\/wp-content\/uploads\/2026\/04\/Oeste_51.jpg","datePublished":"2026-04-26T19:35:00+00:00","dateModified":"2026-04-25T20:34:38+00:00","author":{"@id":"https:\/\/www.em.com.br\/emfoco\/#\/schema\/person\/0a8186d72f2c3a5c6276d90b41f271a0"},"description":"Fios saud\u00e1veis e brilhosos com o \u00f3leo capilar de at\u00e9 R$ 40 em op\u00e7\u00f5es acess\u00edveis que salvam qualquer cabelo do ressecamento de forma imediata.","breadcrumb":{"@id":"https:\/\/www.em.com.br\/emfoco\/2026\/04\/26\/as-4-opcoes-de-oleo-capilar-de-ate-r-40-que-vao-salvar-o-seu-cabelo\/#breadcrumb"},"inLanguage":"pt-BR","potentialAction":[{"@type":"ReadAction","target":["https:\/\/www.em.com.br\/emfoco\/2026\/04\/26\/as-4-opcoes-de-oleo-capilar-de-ate-r-40-que-vao-salvar-o-seu-cabelo\/"]}]},{"@type":"ImageObject","inLanguage":"pt-BR","@id":"https:\/\/www.em.com.br\/emfoco\/2026\/04\/26\/as-4-opcoes-de-oleo-capilar-de-ate-r-40-que-vao-salvar-o-seu-cabelo\/#primaryimage","url":"https:\/\/www.em.com.br\/emfoco\/wp-content\/uploads\/2026\/04\/Oeste_51.jpg","contentUrl":"https:\/\/www.em.com.br\/emfoco\/wp-content\/uploads\/2026\/04\/Oeste_51.jpg","width":1280,"height":720,"caption":"\u00d3leos capilares acess\u00edveis promovem reposi\u00e7\u00e3o lip\u00eddica e brilho intenso aos fios danificados"},{"@type":"BreadcrumbList","@id":"https:\/\/www.em.com.br\/emfoco\/2026\/04\/26\/as-4-opcoes-de-oleo-capilar-de-ate-r-40-que-vao-salvar-o-seu-cabelo\/#breadcrumb","itemListElement":[{"@type":"ListItem","position":1,"name":"In\u00edcio","item":"https:\/\/www.em.com.br\/emfoco\/"},{"@type":"ListItem","position":2,"name":"As 4 op\u00e7\u00f5es de \u00f3leo capilar de at\u00e9 R$ 40 que v\u00e3o salvar o seu cabelo"}]},{"@type":"WebSite","@id":"https:\/\/www.em.com.br\/emfoco\/#website","url":"https:\/\/www.em.com.br\/emfoco\/","name":"Estado de Minas - Em foco","description":"Acompanhe as \u00faltimas not\u00edcias e fique bem informado sobre tudo o que acontece em Minas Gerais, Brasil e no mundo.","potentialAction":[{"@type":"SearchAction","target":{"@type":"EntryPoint","urlTemplate":"https:\/\/www.em.com.br\/emfoco\/?s={search_term_string}"},"query-input":{"@type":"PropertyValueSpecification","valueRequired":true,"valueName":"search_term_string"}}],"inLanguage":"pt-BR"},{"@type":"Person","@id":"https:\/\/www.em.com.br\/emfoco\/#\/schema\/person\/0a8186d72f2c3a5c6276d90b41f271a0","name":"Daniely Cardoso","image":{"@type":"ImageObject","inLanguage":"pt-BR","@id":"https:\/\/www.em.com.br\/emfoco\/#\/schema\/person\/image\/","url":"https:\/\/secure.gravatar.com\/avatar\/4b80ddbd124d1f071b626d52d62e5dff?s=96&d=mm&r=g","contentUrl":"https:\/\/secure.gravatar.com\/avatar\/4b80ddbd124d1f071b626d52d62e5dff?s=96&d=mm&r=g","caption":"Daniely Cardoso"},"url":"https:\/\/www.em.com.br\/emfoco\/author\/danielymyth\/"}]}},"_links":{"self":[{"href":"https:\/\/www.em.com.br\/emfoco\/wp-json\/wp\/v2\/posts\/199422","targetHints":{"allow":["GET"]}}],"collection":[{"href":"https:\/\/www.em.com.br\/emfoco\/wp-json\/wp\/v2\/posts"}],"about":[{"href":"https:\/\/www.em.com.br\/emfoco\/wp-json\/wp\/v2\/types\/post"}],"author":[{"embeddable":true,"href":"https:\/\/www.em.com.br\/emfoco\/wp-json\/wp\/v2\/users\/9"}],"replies":[{"embeddable":true,"href":"https:\/\/www.em.com.br\/emfoco\/wp-json\/wp\/v2\/comments?post=199422"}],"version-history":[{"count":3,"href":"https:\/\/www.em.com.br\/emfoco\/wp-json\/wp\/v2\/posts\/199422\/revisions"}],"predecessor-version":[{"id":199446,"href":"https:\/\/www.em.com.br\/emfoco\/wp-json\/wp\/v2\/posts\/199422\/revisions\/199446"}],"wp:featuredmedia":[{"embeddable":true,"href":"https:\/\/www.em.com.br\/emfoco\/wp-json\/wp\/v2\/media\/199549"}],"wp:attachment":[{"href":"https:\/\/www.em.com.br\/emfoco\/wp-json\/wp\/v2\/media?parent=199422"}],"wp:term":[{"taxonomy":"category","embeddable":true,"href":"https:\/\/www.em.com.br\/emfoco\/wp-json\/wp\/v2\/categories?post=199422"},{"taxonomy":"post_tag","embeddable":true,"href":"https:\/\/www.em.com.br\/emfoco\/wp-json\/wp\/v2\/tags?post=199422"}],"curies":[{"name":"wp","href":"https:\/\/api.w.org\/{rel}","templated":true}]}}