{"id":199414,"date":"2026-04-26T14:25:00","date_gmt":"2026-04-26T17:25:00","guid":{"rendered":"https:\/\/www.em.com.br\/emfoco\/?p=199414"},"modified":"2026-04-25T17:29:05","modified_gmt":"2026-04-25T20:29:05","slug":"as-texturas-de-inverno-que-harmonizam-com-a-calca-legging-e-garantem-um-visual-estiloso","status":"publish","type":"post","link":"https:\/\/www.em.com.br\/emfoco\/2026\/04\/26\/as-texturas-de-inverno-que-harmonizam-com-a-calca-legging-e-garantem-um-visual-estiloso\/","title":{"rendered":"As texturas de inverno que harmonizam com a cal\u00e7a legging e garantem um visual estiloso"},"content":{"rendered":"\n<p>Voc\u00ea acorda em uma manh\u00e3 gelada e escolhe sua <strong>cal\u00e7a legging no inverno<\/strong> para enfrentar a rotina com m\u00e1ximo conforto e praticidade. Como transformar essa pe\u00e7a esportiva em um look digno das semanas de moda mais sofisticadas da temporada?<\/p>\n\n\n\n<h2 class=\"wp-block-heading\">Quais s\u00e3o as melhores combina\u00e7\u00f5es para a cal\u00e7a legging no inverno?<\/h2>\n\n\n\n<p>O segredo para elevar o visual est\u00e1 na sobreposi\u00e7\u00e3o de pe\u00e7as pesadas e ricas em textura. Casacos de l\u00e3 batida ou sobretudos alongados criam uma <strong>silhueta elegante<\/strong> e moderna instantaneamente. Essa escolha estrat\u00e9gica esconde o quadril e traz um <strong>equil\u00edbrio refinado<\/strong> para a produ\u00e7\u00e3o casual da temporada.<\/p>\n\n\n\n<p>Al\u00e9m dos casacos, apostar em tricots oversized garante aquele toque de aconchego sem perder a sofistica\u00e7\u00e3o urbana. O contraste entre o volume superior e a pe\u00e7a ajustada valoriza as <strong>propor\u00e7\u00f5es do corpo<\/strong> feminino. O resultado final \u00e9 um visual pr\u00e1tico que transita entre o trabalho e eventos <strong>sociais descontra\u00eddos<\/strong> com facilidade.<\/p>\n\n\n<div class=\"wp-block-image\">\n<figure class=\"aligncenter size-large\"><img loading=\"lazy\" decoding=\"async\" width=\"1024\" height=\"576\" src=\"https:\/\/www.em.com.br\/emfoco\/wp-content\/uploads\/2026\/04\/calca-legging-no-inverno-1024x576.jpg\" alt=\"cal\u00e7a legging no inverno\" class=\"wp-image-199419\" srcset=\"https:\/\/www.em.com.br\/emfoco\/wp-content\/uploads\/2026\/04\/calca-legging-no-inverno-1024x576.jpg 1024w, https:\/\/www.em.com.br\/emfoco\/wp-content\/uploads\/2026\/04\/calca-legging-no-inverno-300x169.jpg 300w, https:\/\/www.em.com.br\/emfoco\/wp-content\/uploads\/2026\/04\/calca-legging-no-inverno-768x432.jpg 768w, https:\/\/www.em.com.br\/emfoco\/wp-content\/uploads\/2026\/04\/calca-legging-no-inverno-750x422.jpg 750w, https:\/\/www.em.com.br\/emfoco\/wp-content\/uploads\/2026\/04\/calca-legging-no-inverno-1140x641.jpg 1140w, https:\/\/www.em.com.br\/emfoco\/wp-content\/uploads\/2026\/04\/calca-legging-no-inverno.jpg 1280w\" sizes=\"auto, (max-width: 1024px) 100vw, 1024px\" \/><figcaption class=\"wp-element-caption\">Al\u00e9m dos casacos, apostar em tricots oversized garante aquele toque de aconchego sem perder a sofistica\u00e7\u00e3o urbana.<\/figcaption><\/figure><\/div>\n\n\n<p>Leia tamb\u00e9m: <a href=\"https:\/\/www.em.com.br\/emfoco\/2026\/04\/12\/adeus-as-calcas-largas-que-escondem-suas-curvas-o-novo-modelo-de-calca-que-ja-virou-tendencia\/\" target=\"_blank\" rel=\"noreferrer noopener\">Adeus \u00e0s cal\u00e7as largas que escondem suas curvas, o novo modelo de cal\u00e7a que j\u00e1 virou tend\u00eancia<\/a><\/p>\n\n\n\n<h2 class=\"wp-block-heading\">Como usar acess\u00f3rios para valorizar sua cal\u00e7a legging no inverno?<\/h2>\n\n\n\n<p>Os cal\u00e7ados desempenham um papel fundamental na constru\u00e7\u00e3o de uma imagem polida e nada \u00f3bvia durante os dias frios. Botas de cano alto ou modelos tratorados adicionam uma <strong>camada de estilo<\/strong> extra ao conjunto monocrom\u00e1tico. Voc\u00ea consegue alongar a silhueta visualmente ao manter a <strong>mesma tonalidade<\/strong> entre a pe\u00e7a e o sapato escolhido.<\/p>\n\n\n\n<p>Para complementar o look, utilize cintos largos sobre os blazers ou len\u00e7os de seda amarrados no pesco\u00e7o. A lista abaixo apresenta os itens fundamentais para garantir um acabamento luxuoso ao utilizar sua <strong>pe\u00e7a favorita<\/strong> na pr\u00f3xima esta\u00e7\u00e3o:<\/p>\n\n\n\n<ul class=\"wp-block-list\">\n<li>Bolsas de estrutura r\u00edgida para um <strong>contraste sofisticado<\/strong> com o tecido el\u00e1stico.<\/li>\n\n\n\n<li>Meias de l\u00e3 aparentes que trazem um <strong>charme vintage<\/strong> e muito fashionista.<\/li>\n\n\n\n<li>\u00d3culos de sol com design geom\u00e9trico para finalizar a <strong>composi\u00e7\u00e3o moderna<\/strong>.<\/li>\n<\/ul>\n\n\n\n<figure class=\"wp-block-embed is-type-rich is-provider-pinterest wp-block-embed-pinterest\"><div class=\"wp-block-embed__wrapper\">\n<iframe loading=\"lazy\" title=\"Look com leggings preta\" src=\"https:\/\/assets.pinterest.com\/ext\/embed.html?id=1337074889699436&#038;src=oembed\" height=\"899\" width=\"450\" frameborder=\"0\" scrolling=\"no\" ><\/iframe>\n<\/div><\/figure>\n\n\n\n<p>Seguir essas escolhas ajuda a tirar a pe\u00e7a do \u00f3bvio e traz uma informa\u00e7\u00e3o de moda relevante. Os detalhes em metal dourado nos acess\u00f3rios tamb\u00e9m iluminam o rosto e trazem um <strong>ar de riqueza<\/strong>. Mantenha o foco na harmonia das cores para garantir um <strong>resultado impec\u00e1vel<\/strong> em qualquer compromisso.<\/p>\n\n\n\n<h2 class=\"wp-block-heading\">Qual o tecido ideal para manter o estilo com cal\u00e7a legging no inverno?<\/h2>\n\n\n\n<p>Optar por vers\u00f5es em materiais t\u00e9rmicos ou com acabamento acetinado faz toda a diferen\u00e7a na prote\u00e7\u00e3o contra as baixas temperaturas. O brilho discreto do tecido adiciona uma <strong>textura interessante<\/strong> que foge do visual puramente acad\u00eamico das pe\u00e7as de gin\u00e1stica. Essas varia\u00e7\u00f5es garantem que voc\u00ea permane\u00e7a aquecida enquanto exibe uma <strong>est\u00e9tica luxuosa<\/strong> em qualquer ambiente.<\/p>\n\n\n\n<p>Modelos que imitam o couro ou possuem detalhes em nervuras frontais ajudam a estruturar melhor o corpo feminino. Tais detalhes elevam o status da <strong>cal\u00e7a legging no inverno<\/strong> para um item fashion indispens\u00e1vel no guarda-roupa de frio. Busque sempre por tecidos de <strong>alta gramatura<\/strong> para evitar transpar\u00eancias indesejadas e garantir um caimento impec\u00e1vel.<\/p>\n\n\n\n<p>Para voc\u00ea que gosta de se vestir bem, separamos um v\u00eddeo do canal da <a href=\"https:\/\/www.youtube.com\/@LucianeCachinski\" target=\"_blank\" rel=\"noreferrer noopener\">Luciane Cachinski<\/a> com dicas para usar esse modelo de cal\u00e7a no inverno:<\/p>\n\n\n\n<figure class=\"wp-block-embed is-type-video is-provider-youtube wp-block-embed-youtube wp-embed-aspect-16-9 wp-has-aspect-ratio\"><div class=\"wp-block-embed__wrapper\">\n<div class=\"jeg_video_container jeg_video_content\"><iframe loading=\"lazy\" title=\"CHIQUE COM LEGGING NO INVERNO | Moda\" width=\"500\" height=\"281\" src=\"https:\/\/www.youtube.com\/embed\/gaO_7Bg7Nuw?feature=oembed\" frameborder=\"0\" allow=\"accelerometer; autoplay; clipboard-write; encrypted-media; gyroscope; picture-in-picture; web-share\" referrerpolicy=\"strict-origin-when-cross-origin\" allowfullscreen><\/iframe><\/div>\n<\/div><\/figure>\n\n\n\n<h2 class=\"wp-block-heading\">Por que o blazer \u00e9 o melhor aliado dessa tend\u00eancia?<\/h2>\n\n\n\n<p>A alfaiataria r\u00edgida quebra a informalidade inerente ao tecido el\u00e1stico e cria uma imagem de autoridade imediata. Escolher blazers com ombreiras marcadas ajuda a definir uma <strong>postura imponente<\/strong> e muito elegante para o dia a dia. Essa combina\u00e7\u00e3o \u00e9 a favorita das editoras de moda que buscam <strong>praticidade absoluta<\/strong> sem abrir m\u00e3o do luxo.<\/p>\n\n\n\n<p>Cores neutras como cinza chumbo, marrom chocolate e o eterno preto facilitam a cria\u00e7\u00e3o de composi\u00e7\u00f5es vers\u00e1teis. O uso de camisas brancas por baixo do blazer adiciona uma <strong>profundidade visual<\/strong> rica e extremamente bem executada. Invista em cortes impec\u00e1veis para transformar seu visual b\u00e1sico em uma <strong>refer\u00eancia de moda<\/strong> atual.<\/p>\n\n\n\n<figure class=\"wp-block-embed is-type-rich is-provider-pinterest wp-block-embed-pinterest\"><div class=\"wp-block-embed__wrapper\">\n<iframe loading=\"lazy\" title=\"Cal\u00e7a Legging Flanelada\" src=\"https:\/\/assets.pinterest.com\/ext\/embed.html?id=701294973265971426&#038;src=oembed\" height=\"699\" width=\"450\" frameborder=\"0\" scrolling=\"no\" ><\/iframe>\n<\/div><\/figure>\n\n\n\n<h2 class=\"wp-block-heading\">Aproveite o frio com produ\u00e7\u00f5es criativas e muito confort\u00e1veis<\/h2>\n\n\n\n<p>Explore novas texturas para deixar seu visual mais interessante. Misture elementos pesados com tecidos leves para <strong>ganhar destaque<\/strong> nas ruas. Sinta-se segura com suas escolhas de <strong>estilo pessoal<\/strong>.<\/p>\n\n\n\n<p>A moda deve ser uma ferramenta de felicidade e express\u00e3o di\u00e1ria. Arrisque-se em novas camadas para enfrentar as <strong>temperaturas baixas<\/strong> com charme. Mantenha sua <strong>ess\u00eancia aut\u00eantica<\/strong> em todas as ocasi\u00f5es.<\/p>\n","protected":false},"excerpt":{"rendered":"<p>Voc\u00ea acorda em uma manh\u00e3 gelada e escolhe sua cal\u00e7a legging no inverno para enfrentar a rotina com m\u00e1ximo conforto e praticidade. Como transformar essa pe\u00e7a esportiva em um look digno das semanas de moda mais sofisticadas da temporada? Quais s\u00e3o as melhores combina\u00e7\u00f5es para a cal\u00e7a legging no inverno? O segredo para elevar o [&hellip;]<\/p>\n","protected":false},"author":9,"featured_media":199524,"comment_status":"open","ping_status":"open","sticky":false,"template":"","format":"standard","meta":{"jnews-multi-image_gallery":[],"jnews_single_post":{"format":"standard"},"jnews_primary_category":[],"jnews_social_meta":[],"jnews_override_counter":[],"footnotes":""},"categories":[8691,8819],"tags":[24336,28028,7025],"class_list":["post-199414","post","type-post","status-publish","format-standard","has-post-thumbnail","hentry","category-bem-estar","category-curiosidades","tag-looks-femininos","tag-moda-inverno-2026","tag-tendencias-de-moda"],"yoast_head":"<!-- This site is optimized with the Yoast SEO plugin v23.8 - https:\/\/yoast.com\/wordpress\/plugins\/seo\/ -->\n<title>As texturas de inverno que harmonizam com a cal\u00e7a legging e garantem um visual estiloso - Estado de Minas - Em foco<\/title>\n<meta name=\"description\" content=\"Aprenda a criar looks sofisticados com cal\u00e7a legging no inverno usando sobreposi\u00e7\u00f5es pesadas e acess\u00f3rios que garantem um visual chique.\" \/>\n<meta name=\"robots\" content=\"index, follow, max-snippet:-1, max-image-preview:large, max-video-preview:-1\" \/>\n<link rel=\"canonical\" href=\"https:\/\/www.em.com.br\/emfoco\/2026\/04\/26\/as-texturas-de-inverno-que-harmonizam-com-a-calca-legging-e-garantem-um-visual-estiloso\/\" \/>\n<meta property=\"og:locale\" content=\"pt_BR\" \/>\n<meta property=\"og:type\" content=\"article\" \/>\n<meta property=\"og:title\" content=\"As texturas de inverno que harmonizam com a cal\u00e7a legging e garantem um visual estiloso - Estado de Minas - Em foco\" \/>\n<meta property=\"og:description\" content=\"Aprenda a criar looks sofisticados com cal\u00e7a legging no inverno usando sobreposi\u00e7\u00f5es pesadas e acess\u00f3rios que garantem um visual chique.\" \/>\n<meta property=\"og:url\" content=\"https:\/\/www.em.com.br\/emfoco\/2026\/04\/26\/as-texturas-de-inverno-que-harmonizam-com-a-calca-legging-e-garantem-um-visual-estiloso\/\" \/>\n<meta property=\"og:site_name\" content=\"Estado de Minas - Em foco\" \/>\n<meta property=\"article:published_time\" content=\"2026-04-26T17:25:00+00:00\" \/>\n<meta property=\"article:modified_time\" content=\"2026-04-25T20:29:05+00:00\" \/>\n<meta property=\"og:image\" content=\"https:\/\/www.em.com.br\/emfoco\/wp-content\/uploads\/2026\/04\/Oeste_47.jpg\" \/>\n\t<meta property=\"og:image:width\" content=\"1280\" \/>\n\t<meta property=\"og:image:height\" content=\"720\" \/>\n\t<meta property=\"og:image:type\" content=\"image\/jpeg\" \/>\n<meta name=\"author\" content=\"Daniely Cardoso\" \/>\n<meta name=\"twitter:card\" content=\"summary_large_image\" \/>\n<meta name=\"twitter:label1\" content=\"Escrito por\" \/>\n\t<meta name=\"twitter:data1\" content=\"Daniely Cardoso\" \/>\n\t<meta name=\"twitter:label2\" content=\"Est. tempo de leitura\" \/>\n\t<meta name=\"twitter:data2\" content=\"5 minutos\" \/>\n<!-- \/ Yoast SEO plugin. -->","yoast_head_json":{"title":"As texturas de inverno que harmonizam com a cal\u00e7a legging e garantem um visual estiloso - Estado de Minas - Em foco","description":"Aprenda a criar looks sofisticados com cal\u00e7a legging no inverno usando sobreposi\u00e7\u00f5es pesadas e acess\u00f3rios que garantem um visual chique.","robots":{"index":"index","follow":"follow","max-snippet":"max-snippet:-1","max-image-preview":"max-image-preview:large","max-video-preview":"max-video-preview:-1"},"canonical":"https:\/\/www.em.com.br\/emfoco\/2026\/04\/26\/as-texturas-de-inverno-que-harmonizam-com-a-calca-legging-e-garantem-um-visual-estiloso\/","og_locale":"pt_BR","og_type":"article","og_title":"As texturas de inverno que harmonizam com a cal\u00e7a legging e garantem um visual estiloso - Estado de Minas - Em foco","og_description":"Aprenda a criar looks sofisticados com cal\u00e7a legging no inverno usando sobreposi\u00e7\u00f5es pesadas e acess\u00f3rios que garantem um visual chique.","og_url":"https:\/\/www.em.com.br\/emfoco\/2026\/04\/26\/as-texturas-de-inverno-que-harmonizam-com-a-calca-legging-e-garantem-um-visual-estiloso\/","og_site_name":"Estado de Minas - Em foco","article_published_time":"2026-04-26T17:25:00+00:00","article_modified_time":"2026-04-25T20:29:05+00:00","og_image":[{"width":1280,"height":720,"url":"https:\/\/www.em.com.br\/emfoco\/wp-content\/uploads\/2026\/04\/Oeste_47.jpg","type":"image\/jpeg"}],"author":"Daniely Cardoso","twitter_card":"summary_large_image","twitter_misc":{"Escrito por":"Daniely Cardoso","Est. tempo de leitura":"5 minutos"},"schema":{"@context":"https:\/\/schema.org","@graph":[{"@type":"WebPage","@id":"https:\/\/www.em.com.br\/emfoco\/2026\/04\/26\/as-texturas-de-inverno-que-harmonizam-com-a-calca-legging-e-garantem-um-visual-estiloso\/","url":"https:\/\/www.em.com.br\/emfoco\/2026\/04\/26\/as-texturas-de-inverno-que-harmonizam-com-a-calca-legging-e-garantem-um-visual-estiloso\/","name":"As texturas de inverno que harmonizam com a cal\u00e7a legging e garantem um visual estiloso - Estado de Minas - Em foco","isPartOf":{"@id":"https:\/\/www.em.com.br\/emfoco\/#website"},"primaryImageOfPage":{"@id":"https:\/\/www.em.com.br\/emfoco\/2026\/04\/26\/as-texturas-de-inverno-que-harmonizam-com-a-calca-legging-e-garantem-um-visual-estiloso\/#primaryimage"},"image":{"@id":"https:\/\/www.em.com.br\/emfoco\/2026\/04\/26\/as-texturas-de-inverno-que-harmonizam-com-a-calca-legging-e-garantem-um-visual-estiloso\/#primaryimage"},"thumbnailUrl":"https:\/\/www.em.com.br\/emfoco\/wp-content\/uploads\/2026\/04\/Oeste_47.jpg","datePublished":"2026-04-26T17:25:00+00:00","dateModified":"2026-04-25T20:29:05+00:00","author":{"@id":"https:\/\/www.em.com.br\/emfoco\/#\/schema\/person\/0a8186d72f2c3a5c6276d90b41f271a0"},"description":"Aprenda a criar looks sofisticados com cal\u00e7a legging no inverno usando sobreposi\u00e7\u00f5es pesadas e acess\u00f3rios que garantem um visual chique.","breadcrumb":{"@id":"https:\/\/www.em.com.br\/emfoco\/2026\/04\/26\/as-texturas-de-inverno-que-harmonizam-com-a-calca-legging-e-garantem-um-visual-estiloso\/#breadcrumb"},"inLanguage":"pt-BR","potentialAction":[{"@type":"ReadAction","target":["https:\/\/www.em.com.br\/emfoco\/2026\/04\/26\/as-texturas-de-inverno-que-harmonizam-com-a-calca-legging-e-garantem-um-visual-estiloso\/"]}]},{"@type":"ImageObject","inLanguage":"pt-BR","@id":"https:\/\/www.em.com.br\/emfoco\/2026\/04\/26\/as-texturas-de-inverno-que-harmonizam-com-a-calca-legging-e-garantem-um-visual-estiloso\/#primaryimage","url":"https:\/\/www.em.com.br\/emfoco\/wp-content\/uploads\/2026\/04\/Oeste_47.jpg","contentUrl":"https:\/\/www.em.com.br\/emfoco\/wp-content\/uploads\/2026\/04\/Oeste_47.jpg","width":1280,"height":720,"caption":"Sobreposi\u00e7\u00f5es com casacos alongados e tricots oversized elevam a cal\u00e7a legging ao estilo luxuoso"},{"@type":"BreadcrumbList","@id":"https:\/\/www.em.com.br\/emfoco\/2026\/04\/26\/as-texturas-de-inverno-que-harmonizam-com-a-calca-legging-e-garantem-um-visual-estiloso\/#breadcrumb","itemListElement":[{"@type":"ListItem","position":1,"name":"In\u00edcio","item":"https:\/\/www.em.com.br\/emfoco\/"},{"@type":"ListItem","position":2,"name":"As texturas de inverno que harmonizam com a cal\u00e7a legging e garantem um visual estiloso"}]},{"@type":"WebSite","@id":"https:\/\/www.em.com.br\/emfoco\/#website","url":"https:\/\/www.em.com.br\/emfoco\/","name":"Estado de Minas - Em foco","description":"Acompanhe as \u00faltimas not\u00edcias e fique bem informado sobre tudo o que acontece em Minas Gerais, Brasil e no mundo.","potentialAction":[{"@type":"SearchAction","target":{"@type":"EntryPoint","urlTemplate":"https:\/\/www.em.com.br\/emfoco\/?s={search_term_string}"},"query-input":{"@type":"PropertyValueSpecification","valueRequired":true,"valueName":"search_term_string"}}],"inLanguage":"pt-BR"},{"@type":"Person","@id":"https:\/\/www.em.com.br\/emfoco\/#\/schema\/person\/0a8186d72f2c3a5c6276d90b41f271a0","name":"Daniely Cardoso","image":{"@type":"ImageObject","inLanguage":"pt-BR","@id":"https:\/\/www.em.com.br\/emfoco\/#\/schema\/person\/image\/","url":"https:\/\/secure.gravatar.com\/avatar\/4b80ddbd124d1f071b626d52d62e5dff?s=96&d=mm&r=g","contentUrl":"https:\/\/secure.gravatar.com\/avatar\/4b80ddbd124d1f071b626d52d62e5dff?s=96&d=mm&r=g","caption":"Daniely Cardoso"},"url":"https:\/\/www.em.com.br\/emfoco\/author\/danielymyth\/"}]}},"_links":{"self":[{"href":"https:\/\/www.em.com.br\/emfoco\/wp-json\/wp\/v2\/posts\/199414","targetHints":{"allow":["GET"]}}],"collection":[{"href":"https:\/\/www.em.com.br\/emfoco\/wp-json\/wp\/v2\/posts"}],"about":[{"href":"https:\/\/www.em.com.br\/emfoco\/wp-json\/wp\/v2\/types\/post"}],"author":[{"embeddable":true,"href":"https:\/\/www.em.com.br\/emfoco\/wp-json\/wp\/v2\/users\/9"}],"replies":[{"embeddable":true,"href":"https:\/\/www.em.com.br\/emfoco\/wp-json\/wp\/v2\/comments?post=199414"}],"version-history":[{"count":1,"href":"https:\/\/www.em.com.br\/emfoco\/wp-json\/wp\/v2\/posts\/199414\/revisions"}],"predecessor-version":[{"id":199420,"href":"https:\/\/www.em.com.br\/emfoco\/wp-json\/wp\/v2\/posts\/199414\/revisions\/199420"}],"wp:featuredmedia":[{"embeddable":true,"href":"https:\/\/www.em.com.br\/emfoco\/wp-json\/wp\/v2\/media\/199524"}],"wp:attachment":[{"href":"https:\/\/www.em.com.br\/emfoco\/wp-json\/wp\/v2\/media?parent=199414"}],"wp:term":[{"taxonomy":"category","embeddable":true,"href":"https:\/\/www.em.com.br\/emfoco\/wp-json\/wp\/v2\/categories?post=199414"},{"taxonomy":"post_tag","embeddable":true,"href":"https:\/\/www.em.com.br\/emfoco\/wp-json\/wp\/v2\/tags?post=199414"}],"curies":[{"name":"wp","href":"https:\/\/api.w.org\/{rel}","templated":true}]}}