{"id":199409,"date":"2026-04-26T15:25:00","date_gmt":"2026-04-26T18:25:00","guid":{"rendered":"https:\/\/www.em.com.br\/emfoco\/?p=199409"},"modified":"2026-04-25T17:29:13","modified_gmt":"2026-04-25T20:29:13","slug":"nem-hidratante-caro-nem-milagre-por-que-a-area-dos-olhos-exige-cuidados-especificos-depois-dos-40-anos","status":"publish","type":"post","link":"https:\/\/www.em.com.br\/emfoco\/2026\/04\/26\/nem-hidratante-caro-nem-milagre-por-que-a-area-dos-olhos-exige-cuidados-especificos-depois-dos-40-anos\/","title":{"rendered":"Nem hidratante caro nem milagre, por que a \u00e1rea dos olhos exige cuidados espec\u00edficos depois dos 40 anos"},"content":{"rendered":"\n<p>Voc\u00ea termina de lavar o rosto pela manh\u00e3 e percebe que os <strong>cuidados com a \u00e1rea dos olhos<\/strong> precisam de uma aten\u00e7\u00e3o especial ap\u00f3s aquela noite mal dormida. Ser\u00e1 que existe um segredo guardado pelas dermatologistas para apagar os sinais de cansa\u00e7o de forma imediata e eficaz?<\/p>\n\n\n\n<h2 class=\"wp-block-heading\">Por que investir em cuidados com a \u00e1rea dos olhos logo cedo?<\/h2>\n\n\n\n<p>A pele fina dessa regi\u00e3o espec\u00edfica do rosto sofre agress\u00f5es di\u00e1rias causadas pela polui\u00e7\u00e3o intensa e pela luz azul constante das telas digitais. Muitas mulheres ignoram essa etapa importante por acreditarem que o hidratante facial comum resolve todos os problemas est\u00e9ticos de forma isolada. Aplicar produtos espec\u00edficos garante que a sensibilidade local seja respeitada sem causar irrita\u00e7\u00f5es ou aquela <strong>vermelhid\u00e3o indesejada<\/strong> no final da tarde.<\/p>\n\n\n\n<p>Manter os <strong>cuidados com a \u00e1rea dos olhos<\/strong> ajuda a prevenir o surgimento precoce de linhas finas e aquelas rugas de express\u00e3o mais profundas. O uso regular de ativos potentes melhora significativamente a microcircula\u00e7\u00e3o sangu\u00ednea e reduz o <strong>incha\u00e7o matinal<\/strong> que tanto incomoda as mulheres modernas. Dedicar alguns minutos extras na frente do espelho proporciona um <strong>olhar descansado<\/strong> e muito mais radiante durante todo o seu dia de trabalho.<\/p>\n\n\n<div class=\"wp-block-image\">\n<figure class=\"aligncenter size-large\"><img loading=\"lazy\" decoding=\"async\" width=\"1024\" height=\"576\" src=\"https:\/\/www.em.com.br\/emfoco\/wp-content\/uploads\/2026\/01\/Gemini_Generated_Image_kgdbfkkgdbfkkgdb-1-1024x576.png\" alt=\"cuidados com a \u00e1rea dos olhos\" class=\"wp-image-159430\" srcset=\"https:\/\/www.em.com.br\/emfoco\/wp-content\/uploads\/2026\/01\/Gemini_Generated_Image_kgdbfkkgdbfkkgdb-1-1024x576.png 1024w, https:\/\/www.em.com.br\/emfoco\/wp-content\/uploads\/2026\/01\/Gemini_Generated_Image_kgdbfkkgdbfkkgdb-1-300x169.png 300w, https:\/\/www.em.com.br\/emfoco\/wp-content\/uploads\/2026\/01\/Gemini_Generated_Image_kgdbfkkgdbfkkgdb-1-768x432.png 768w, https:\/\/www.em.com.br\/emfoco\/wp-content\/uploads\/2026\/01\/Gemini_Generated_Image_kgdbfkkgdbfkkgdb-1-750x422.png 750w, https:\/\/www.em.com.br\/emfoco\/wp-content\/uploads\/2026\/01\/Gemini_Generated_Image_kgdbfkkgdbfkkgdb-1-1140x641.png 1140w, https:\/\/www.em.com.br\/emfoco\/wp-content\/uploads\/2026\/01\/Gemini_Generated_Image_kgdbfkkgdbfkkgdb-1.png 1280w\" sizes=\"auto, (max-width: 1024px) 100vw, 1024px\" \/><figcaption class=\"wp-element-caption\">Manter os cuidados com a \u00e1rea dos olhos ajuda a prevenir o surgimento precoce de linhas finas e aquelas rugas de express\u00e3o mais profundas.<\/figcaption><\/figure><\/div>\n\n\n<p>Leia tamb\u00e9m: <a href=\"https:\/\/www.em.com.br\/emfoco\/2026\/04\/04\/a-folha-dessa-fruta-pode-aliviar-ondas-de-calor-e-ajudar-mulheres-na-menopausa-2\/\" target=\"_blank\" rel=\"noreferrer noopener\">Adeus calor! Os benef\u00edcios da folha de amora na menopausa para um auto cuidado simples<\/a><\/p>\n\n\n\n<h2 class=\"wp-block-heading\">Quais ativos transformam a rotina de cuidados com a \u00e1rea dos olhos?<\/h2>\n\n\n\n<p>A escolha dos ingredientes certos determina o sucesso total do seu tratamento preventivo ou corretivo dentro do cronograma de beleza. \u00c1cido hialur\u00f4nico e vitamina C s\u00e3o os componentes mais procurados para <strong>iluminar a pele<\/strong> e repor a hidrata\u00e7\u00e3o perdida naturalmente. Eles atuam profundamente na derme para garantir uma textura suave e uma <strong>apar\u00eancia jovem<\/strong> por muito mais tempo na sua vida.<\/p>\n\n\n\n<p>Diversos itens tecnol\u00f3gicos prometem resultados r\u00e1pidos mas poucos entregam exatamente o que est\u00e1 descrito no r\u00f3tulo da embalagem original. Antes de comprar qualquer frasco verifique se os componentes listados abaixo fazem parte da formula\u00e7\u00e3o do seu <strong>creme preferido<\/strong> para obter efic\u00e1cia real:<\/p>\n\n\n\n<ul class=\"wp-block-list\">\n<li>Cafe\u00edna pura para <strong>drenar bolsas<\/strong> e diminuir o tom arroxeado das olheiras persistentes.<\/li>\n\n\n\n<li>Retinol suave para estimular o col\u00e1geno e suavizar as marcas de express\u00e3o do rosto.<\/li>\n\n\n\n<li>Niacinamida potente para <strong>uniformizar a tonalidade<\/strong> e fortalecer a barreira de prote\u00e7\u00e3o cut\u00e2nea.<\/li>\n<\/ul>\n\n\n\n<figure class=\"wp-block-embed is-type-rich is-provider-pinterest wp-block-embed-pinterest\"><div class=\"wp-block-embed__wrapper\">\n<iframe loading=\"lazy\" title=\"COMPRE AQUI\" src=\"https:\/\/assets.pinterest.com\/ext\/embed.html?id=1146588386406677935&#038;src=oembed\" height=\"899\" width=\"450\" frameborder=\"0\" scrolling=\"no\" ><\/iframe>\n<\/div><\/figure>\n\n\n\n<p>A combina\u00e7\u00e3o desses elementos cria um escudo protetor que combate os radicais livres e mant\u00e9m a elasticidade da pele em dia. Procure sempre por f\u00f3rmulas testadas oftalmologicamente para garantir a <strong>seguran\u00e7a total<\/strong> durante o uso dos cosm\u00e9ticos em \u00e1reas t\u00e3o sens\u00edveis. O investimento em produtos de alta qualidade reflete diretamente na <strong>vitalidade do rosto<\/strong> e na autoestima feminina di\u00e1ria.<\/p>\n\n\n\n<h2 class=\"wp-block-heading\">Como aplicar o creme corretamente para obter melhores resultados?<\/h2>\n\n\n\n<p>O modo de aplica\u00e7\u00e3o influencia diretamente na absor\u00e7\u00e3o dos nutrientes e na efic\u00e1cia de cada miligrama do produto utilizado na rotina. Use sempre o dedo anelar para dar batidinhas leves sem exercer press\u00e3o excessiva sobre os tecidos extremamente delicados da face humana. Essa t\u00e9cnica simples evita a quebra de fibras el\u00e1sticas e mant\u00e9m a <strong>firmeza natural<\/strong> por um per\u00edodo de tempo bem maior.<\/p>\n\n\n\n<p>Comece o movimento do canto interno para o externo para favorecer a <strong>drenagem linf\u00e1tica<\/strong> manual durante o seu autocuidado em casa. Evite passar o produto muito pr\u00f3ximo aos c\u00edlios para n\u00e3o causar ard\u00eancia ou emba\u00e7amento tempor\u00e1rio da sua vis\u00e3o durante o processo. O h\u00e1bito frequente desses <strong>cuidados com a \u00e1rea dos olhos<\/strong> gera uma transforma\u00e7\u00e3o vis\u00edvel na <strong>qualidade geral<\/strong> da sua derme em poucas semanas.<\/p>\n\n\n\n<p>Para voc\u00ea que gosta de se cuidar, separamos um v\u00eddeo do canal da <a href=\"https:\/\/www.youtube.com\/@DraMarinaHayashida\" target=\"_blank\" rel=\"noreferrer noopener\">Dra. Marina Hayashida<\/a> com dicas para melhorar a apar\u00eancia da regi\u00e3o dos seus olhos:<\/p>\n\n\n\n<figure class=\"wp-block-embed is-type-video is-provider-youtube wp-block-embed-youtube wp-embed-aspect-16-9 wp-has-aspect-ratio\"><div class=\"wp-block-embed__wrapper\">\n<div class=\"jeg_video_container jeg_video_content\"><iframe loading=\"lazy\" title=\"Olheiras | DICAS DO QUE PASSAR PARA MELHORAR AS OLHEIRAS\" width=\"500\" height=\"281\" src=\"https:\/\/www.youtube.com\/embed\/PiTrtJeIRTU?feature=oembed\" frameborder=\"0\" allow=\"accelerometer; autoplay; clipboard-write; encrypted-media; gyroscope; picture-in-picture; web-share\" referrerpolicy=\"strict-origin-when-cross-origin\" allowfullscreen><\/iframe><\/div>\n<\/div><\/figure>\n\n\n\n<h2 class=\"wp-block-heading\">\u00c9 poss\u00edvel reduzir olheiras profundas com tratamentos caseiros?<\/h2>\n\n\n\n<p>Alternativas caseiras funcionam como um complemento interessante mas raramente substituem a tecnologia avan\u00e7ada presente nos cosm\u00e9ticos de alta performance atuais. Massagens com pedras geladas ou compressas de ch\u00e1 podem aliviar momentaneamente o aspecto de fadiga ap\u00f3s momentos de estresse muito intenso. O foco principal deve ser sempre a <strong>hidrata\u00e7\u00e3o profunda<\/strong> combinada com uma noite de sono que seja realmente reparadora.<\/p>\n\n\n\n<p>Entender as necessidades espec\u00edficas do seu rosto facilita a escolha de m\u00e9todos que tragam <strong>benef\u00edcios reais<\/strong> e duradouros para sua imagem. Algumas t\u00e9cnicas de resfriamento ajudam a contrair os vasos e preparar a superf\u00edcie para receber a maquiagem leve do dia. A const\u00e2ncia no uso de bons produtos supera qualquer solu\u00e7\u00e3o milagrosa sem <strong>embasamento t\u00e9cnico<\/strong> que aparece nas redes sociais ultimamente.<\/p>\n\n\n\n<h2 class=\"wp-block-heading\">Mantenha seu olhar iluminado todos os dias<\/h2>\n\n\n\n<p>Adote h\u00e1bitos saud\u00e1veis para complementar o uso de cremes espec\u00edficos para o rosto durante sua jornada de autocuidado. Beber \u00e1gua regularmente mant\u00e9m as c\u00e9lulas hidratadas e evita o aspecto de pele ressecada ou muito craquelada. Valorize seu tempo de descanso para garantir uma <strong>apar\u00eancia saud\u00e1vel<\/strong> e cheia de energia positiva sempre.<\/p>\n\n\n\n<p>Escolha produtos que respeitem o seu tipo de pele e tragam <strong>conforto imediato<\/strong> ap\u00f3s cada aplica\u00e7\u00e3o matinal ou noturna. Pequenas mudan\u00e7as na ordem dos passos do skincare fazem uma diferen\u00e7a gigantesca no resultado que voc\u00ea v\u00ea no espelho. Siga sua rotina de beleza com <strong>autoconfian\u00e7a e alegria<\/strong> em todos os momentos especiais da sua vida.<\/p>\n","protected":false},"excerpt":{"rendered":"<p>Voc\u00ea termina de lavar o rosto pela manh\u00e3 e percebe que os cuidados com a \u00e1rea dos olhos precisam de uma aten\u00e7\u00e3o especial ap\u00f3s aquela noite mal dormida. Ser\u00e1 que existe um segredo guardado pelas dermatologistas para apagar os sinais de cansa\u00e7o de forma imediata e eficaz? Por que investir em cuidados com a \u00e1rea [&hellip;]<\/p>\n","protected":false},"author":9,"featured_media":199523,"comment_status":"open","ping_status":"open","sticky":false,"template":"","format":"standard","meta":{"jnews-multi-image_gallery":[],"jnews_single_post":{"format":"standard"},"jnews_primary_category":[],"jnews_social_meta":[],"jnews_override_counter":[],"footnotes":""},"categories":[8691,8819],"tags":[28278,28755,27587],"class_list":["post-199409","post","type-post","status-publish","format-standard","has-post-thumbnail","hentry","category-bem-estar","category-curiosidades","tag-beleza-facial","tag-rotina-de-pele","tag-skincare-feminino"],"yoast_head":"<!-- This site is optimized with the Yoast SEO plugin v23.8 - https:\/\/yoast.com\/wordpress\/plugins\/seo\/ -->\n<title>Nem hidratante caro nem milagre, por que a \u00e1rea dos olhos exige cuidados espec\u00edficos depois dos 40 anos - Estado de Minas - Em foco<\/title>\n<meta name=\"description\" content=\"Os cuidados com a \u00e1rea dos olhos ajudam a reduzir as olheiras e prevenir rugas de express\u00e3o com dicas pr\u00e1ticas de skincare para o seu dia\" \/>\n<meta name=\"robots\" content=\"index, follow, max-snippet:-1, max-image-preview:large, max-video-preview:-1\" \/>\n<link rel=\"canonical\" href=\"https:\/\/www.em.com.br\/emfoco\/2026\/04\/26\/nem-hidratante-caro-nem-milagre-por-que-a-area-dos-olhos-exige-cuidados-especificos-depois-dos-40-anos\/\" \/>\n<meta property=\"og:locale\" content=\"pt_BR\" \/>\n<meta property=\"og:type\" content=\"article\" \/>\n<meta property=\"og:title\" content=\"Nem hidratante caro nem milagre, por que a \u00e1rea dos olhos exige cuidados espec\u00edficos depois dos 40 anos - Estado de Minas - Em foco\" \/>\n<meta property=\"og:description\" content=\"Os cuidados com a \u00e1rea dos olhos ajudam a reduzir as olheiras e prevenir rugas de express\u00e3o com dicas pr\u00e1ticas de skincare para o seu dia\" \/>\n<meta property=\"og:url\" content=\"https:\/\/www.em.com.br\/emfoco\/2026\/04\/26\/nem-hidratante-caro-nem-milagre-por-que-a-area-dos-olhos-exige-cuidados-especificos-depois-dos-40-anos\/\" \/>\n<meta property=\"og:site_name\" content=\"Estado de Minas - Em foco\" \/>\n<meta property=\"article:published_time\" content=\"2026-04-26T18:25:00+00:00\" \/>\n<meta property=\"article:modified_time\" content=\"2026-04-25T20:29:13+00:00\" \/>\n<meta property=\"og:image\" content=\"https:\/\/www.em.com.br\/emfoco\/wp-content\/uploads\/2026\/04\/Oeste_48.jpg\" \/>\n\t<meta property=\"og:image:width\" content=\"1280\" \/>\n\t<meta property=\"og:image:height\" content=\"720\" \/>\n\t<meta property=\"og:image:type\" content=\"image\/jpeg\" \/>\n<meta name=\"author\" content=\"Daniely Cardoso\" \/>\n<meta name=\"twitter:card\" content=\"summary_large_image\" \/>\n<meta name=\"twitter:label1\" content=\"Escrito por\" \/>\n\t<meta name=\"twitter:data1\" content=\"Daniely Cardoso\" \/>\n\t<meta name=\"twitter:label2\" content=\"Est. tempo de leitura\" \/>\n\t<meta name=\"twitter:data2\" content=\"5 minutos\" \/>\n<!-- \/ Yoast SEO plugin. -->","yoast_head_json":{"title":"Nem hidratante caro nem milagre, por que a \u00e1rea dos olhos exige cuidados espec\u00edficos depois dos 40 anos - Estado de Minas - Em foco","description":"Os cuidados com a \u00e1rea dos olhos ajudam a reduzir as olheiras e prevenir rugas de express\u00e3o com dicas pr\u00e1ticas de skincare para o seu dia","robots":{"index":"index","follow":"follow","max-snippet":"max-snippet:-1","max-image-preview":"max-image-preview:large","max-video-preview":"max-video-preview:-1"},"canonical":"https:\/\/www.em.com.br\/emfoco\/2026\/04\/26\/nem-hidratante-caro-nem-milagre-por-que-a-area-dos-olhos-exige-cuidados-especificos-depois-dos-40-anos\/","og_locale":"pt_BR","og_type":"article","og_title":"Nem hidratante caro nem milagre, por que a \u00e1rea dos olhos exige cuidados espec\u00edficos depois dos 40 anos - Estado de Minas - Em foco","og_description":"Os cuidados com a \u00e1rea dos olhos ajudam a reduzir as olheiras e prevenir rugas de express\u00e3o com dicas pr\u00e1ticas de skincare para o seu dia","og_url":"https:\/\/www.em.com.br\/emfoco\/2026\/04\/26\/nem-hidratante-caro-nem-milagre-por-que-a-area-dos-olhos-exige-cuidados-especificos-depois-dos-40-anos\/","og_site_name":"Estado de Minas - Em foco","article_published_time":"2026-04-26T18:25:00+00:00","article_modified_time":"2026-04-25T20:29:13+00:00","og_image":[{"width":1280,"height":720,"url":"https:\/\/www.em.com.br\/emfoco\/wp-content\/uploads\/2026\/04\/Oeste_48.jpg","type":"image\/jpeg"}],"author":"Daniely Cardoso","twitter_card":"summary_large_image","twitter_misc":{"Escrito por":"Daniely Cardoso","Est. tempo de leitura":"5 minutos"},"schema":{"@context":"https:\/\/schema.org","@graph":[{"@type":"WebPage","@id":"https:\/\/www.em.com.br\/emfoco\/2026\/04\/26\/nem-hidratante-caro-nem-milagre-por-que-a-area-dos-olhos-exige-cuidados-especificos-depois-dos-40-anos\/","url":"https:\/\/www.em.com.br\/emfoco\/2026\/04\/26\/nem-hidratante-caro-nem-milagre-por-que-a-area-dos-olhos-exige-cuidados-especificos-depois-dos-40-anos\/","name":"Nem hidratante caro nem milagre, por que a \u00e1rea dos olhos exige cuidados espec\u00edficos depois dos 40 anos - Estado de Minas - Em foco","isPartOf":{"@id":"https:\/\/www.em.com.br\/emfoco\/#website"},"primaryImageOfPage":{"@id":"https:\/\/www.em.com.br\/emfoco\/2026\/04\/26\/nem-hidratante-caro-nem-milagre-por-que-a-area-dos-olhos-exige-cuidados-especificos-depois-dos-40-anos\/#primaryimage"},"image":{"@id":"https:\/\/www.em.com.br\/emfoco\/2026\/04\/26\/nem-hidratante-caro-nem-milagre-por-que-a-area-dos-olhos-exige-cuidados-especificos-depois-dos-40-anos\/#primaryimage"},"thumbnailUrl":"https:\/\/www.em.com.br\/emfoco\/wp-content\/uploads\/2026\/04\/Oeste_48.jpg","datePublished":"2026-04-26T18:25:00+00:00","dateModified":"2026-04-25T20:29:13+00:00","author":{"@id":"https:\/\/www.em.com.br\/emfoco\/#\/schema\/person\/0a8186d72f2c3a5c6276d90b41f271a0"},"description":"Os cuidados com a \u00e1rea dos olhos ajudam a reduzir as olheiras e prevenir rugas de express\u00e3o com dicas pr\u00e1ticas de skincare para o seu dia","breadcrumb":{"@id":"https:\/\/www.em.com.br\/emfoco\/2026\/04\/26\/nem-hidratante-caro-nem-milagre-por-que-a-area-dos-olhos-exige-cuidados-especificos-depois-dos-40-anos\/#breadcrumb"},"inLanguage":"pt-BR","potentialAction":[{"@type":"ReadAction","target":["https:\/\/www.em.com.br\/emfoco\/2026\/04\/26\/nem-hidratante-caro-nem-milagre-por-que-a-area-dos-olhos-exige-cuidados-especificos-depois-dos-40-anos\/"]}]},{"@type":"ImageObject","inLanguage":"pt-BR","@id":"https:\/\/www.em.com.br\/emfoco\/2026\/04\/26\/nem-hidratante-caro-nem-milagre-por-que-a-area-dos-olhos-exige-cuidados-especificos-depois-dos-40-anos\/#primaryimage","url":"https:\/\/www.em.com.br\/emfoco\/wp-content\/uploads\/2026\/04\/Oeste_48.jpg","contentUrl":"https:\/\/www.em.com.br\/emfoco\/wp-content\/uploads\/2026\/04\/Oeste_48.jpg","width":1280,"height":720,"caption":"Aplica\u00e7\u00e3o de ativos como \u00e1cido hialur\u00f4nico e cafe\u00edna previne rugas e drena bolsas oculares"},{"@type":"BreadcrumbList","@id":"https:\/\/www.em.com.br\/emfoco\/2026\/04\/26\/nem-hidratante-caro-nem-milagre-por-que-a-area-dos-olhos-exige-cuidados-especificos-depois-dos-40-anos\/#breadcrumb","itemListElement":[{"@type":"ListItem","position":1,"name":"In\u00edcio","item":"https:\/\/www.em.com.br\/emfoco\/"},{"@type":"ListItem","position":2,"name":"Nem hidratante caro nem milagre, por que a \u00e1rea dos olhos exige cuidados espec\u00edficos depois dos 40 anos"}]},{"@type":"WebSite","@id":"https:\/\/www.em.com.br\/emfoco\/#website","url":"https:\/\/www.em.com.br\/emfoco\/","name":"Estado de Minas - Em foco","description":"Acompanhe as \u00faltimas not\u00edcias e fique bem informado sobre tudo o que acontece em Minas Gerais, Brasil e no mundo.","potentialAction":[{"@type":"SearchAction","target":{"@type":"EntryPoint","urlTemplate":"https:\/\/www.em.com.br\/emfoco\/?s={search_term_string}"},"query-input":{"@type":"PropertyValueSpecification","valueRequired":true,"valueName":"search_term_string"}}],"inLanguage":"pt-BR"},{"@type":"Person","@id":"https:\/\/www.em.com.br\/emfoco\/#\/schema\/person\/0a8186d72f2c3a5c6276d90b41f271a0","name":"Daniely Cardoso","image":{"@type":"ImageObject","inLanguage":"pt-BR","@id":"https:\/\/www.em.com.br\/emfoco\/#\/schema\/person\/image\/","url":"https:\/\/secure.gravatar.com\/avatar\/4b80ddbd124d1f071b626d52d62e5dff?s=96&d=mm&r=g","contentUrl":"https:\/\/secure.gravatar.com\/avatar\/4b80ddbd124d1f071b626d52d62e5dff?s=96&d=mm&r=g","caption":"Daniely Cardoso"},"url":"https:\/\/www.em.com.br\/emfoco\/author\/danielymyth\/"}]}},"_links":{"self":[{"href":"https:\/\/www.em.com.br\/emfoco\/wp-json\/wp\/v2\/posts\/199409","targetHints":{"allow":["GET"]}}],"collection":[{"href":"https:\/\/www.em.com.br\/emfoco\/wp-json\/wp\/v2\/posts"}],"about":[{"href":"https:\/\/www.em.com.br\/emfoco\/wp-json\/wp\/v2\/types\/post"}],"author":[{"embeddable":true,"href":"https:\/\/www.em.com.br\/emfoco\/wp-json\/wp\/v2\/users\/9"}],"replies":[{"embeddable":true,"href":"https:\/\/www.em.com.br\/emfoco\/wp-json\/wp\/v2\/comments?post=199409"}],"version-history":[{"count":1,"href":"https:\/\/www.em.com.br\/emfoco\/wp-json\/wp\/v2\/posts\/199409\/revisions"}],"predecessor-version":[{"id":199411,"href":"https:\/\/www.em.com.br\/emfoco\/wp-json\/wp\/v2\/posts\/199409\/revisions\/199411"}],"wp:featuredmedia":[{"embeddable":true,"href":"https:\/\/www.em.com.br\/emfoco\/wp-json\/wp\/v2\/media\/199523"}],"wp:attachment":[{"href":"https:\/\/www.em.com.br\/emfoco\/wp-json\/wp\/v2\/media?parent=199409"}],"wp:term":[{"taxonomy":"category","embeddable":true,"href":"https:\/\/www.em.com.br\/emfoco\/wp-json\/wp\/v2\/categories?post=199409"},{"taxonomy":"post_tag","embeddable":true,"href":"https:\/\/www.em.com.br\/emfoco\/wp-json\/wp\/v2\/tags?post=199409"}],"curies":[{"name":"wp","href":"https:\/\/api.w.org\/{rel}","templated":true}]}}