{"id":199401,"date":"2026-04-26T08:15:00","date_gmt":"2026-04-26T11:15:00","guid":{"rendered":"https:\/\/www.em.com.br\/emfoco\/?p=199401"},"modified":"2026-04-25T17:28:05","modified_gmt":"2026-04-25T20:28:05","slug":"adeus-ao-salto-agulha-comum-o-impacto-dos-sapatos-que-parecem-obras-de-arte","status":"publish","type":"post","link":"https:\/\/www.em.com.br\/emfoco\/2026\/04\/26\/adeus-ao-salto-agulha-comum-o-impacto-dos-sapatos-que-parecem-obras-de-arte\/","title":{"rendered":"Adeus ao salto agulha comum, o impacto dos sapatos que parecem obras de arte"},"content":{"rendered":"\n<p>Voc\u00ea est\u00e1 pronta para sair de casa quando percebe que seus <strong>sapatos arquitet\u00f4nicos<\/strong> transformaram o jeans b\u00e1sico em uma produ\u00e7\u00e3o de passarela internacional. O segredo para atrair olhares de admira\u00e7\u00e3o sem esfor\u00e7o pode estar escondido justamente no formato inusitado e art\u00edstico do seu novo salto.<\/p>\n\n\n\n<h2 class=\"wp-block-heading\">Por que os sapatos arquitet\u00f4nicos dominam as vitrines das grandes marcas?<\/h2>\n\n\n\n<p>Esses modelos trazem formas geom\u00e9tricas e materiais experimentais que desafiam totalmente a l\u00f3gica tradicional do cal\u00e7ado feminino de luxo. Designers renomados investem pesado em <strong>estruturas diferenciadas<\/strong> para criar pe\u00e7as \u00fanicas que parecem verdadeiras obras de arte esculpidas para os seus p\u00e9s. O visual final transmite instantaneamente uma imagem de <strong>mulher moderna<\/strong>, decidida e totalmente antenada com as maiores tend\u00eancias est\u00e9ticas globais.<\/p>\n\n\n\n<p>A popularidade cresce rapidamente porque esses itens funcionam como o ponto focal absoluto de qualquer combina\u00e7\u00e3o simples de roupas casuais. Ao escolher um par impactante, voc\u00ea demonstra uma <strong>personalidade forte<\/strong> e um olhar muito apurado para o design contempor\u00e2neo de alta qualidade. Muitas fashionistas preferem investir nessas pe\u00e7as ic\u00f4nicas para <strong>elevar o n\u00edvel<\/strong> do guarda-roupa pessoal sem precisar carregar o visual com muitos acess\u00f3rios pesados.<\/p>\n\n\n<div class=\"wp-block-image\">\n<figure class=\"aligncenter size-large\"><img loading=\"lazy\" decoding=\"async\" width=\"1024\" height=\"576\" src=\"https:\/\/www.em.com.br\/emfoco\/wp-content\/uploads\/2026\/04\/Sapatos-arquitetonicos-1024x576.jpg\" alt=\"Sapatos arquitet\u00f4nicos\" class=\"wp-image-199404\" srcset=\"https:\/\/www.em.com.br\/emfoco\/wp-content\/uploads\/2026\/04\/Sapatos-arquitetonicos-1024x576.jpg 1024w, https:\/\/www.em.com.br\/emfoco\/wp-content\/uploads\/2026\/04\/Sapatos-arquitetonicos-300x169.jpg 300w, https:\/\/www.em.com.br\/emfoco\/wp-content\/uploads\/2026\/04\/Sapatos-arquitetonicos-768x432.jpg 768w, https:\/\/www.em.com.br\/emfoco\/wp-content\/uploads\/2026\/04\/Sapatos-arquitetonicos-750x422.jpg 750w, https:\/\/www.em.com.br\/emfoco\/wp-content\/uploads\/2026\/04\/Sapatos-arquitetonicos-1140x641.jpg 1140w, https:\/\/www.em.com.br\/emfoco\/wp-content\/uploads\/2026\/04\/Sapatos-arquitetonicos.jpg 1280w\" sizes=\"auto, (max-width: 1024px) 100vw, 1024px\" \/><figcaption class=\"wp-element-caption\">Esses modelos trazem formas geom\u00e9tricas e materiais experimentais que desafiam totalmente a l\u00f3gica tradicional <\/figcaption><\/figure><\/div>\n\n\n<p>Leia tamb\u00e9m: <a href=\"https:\/\/www.em.com.br\/emfoco\/2026\/04\/19\/adeus-sapatilhas-basicas-os-sapatos-que-sao-sinonimo-de-elegancia-e-estilo\/\" target=\"_blank\" rel=\"noreferrer noopener\">Adeus sapatilhas b\u00e1sicas, os sapatos que s\u00e3o sin\u00f4nimo de eleg\u00e2ncia e estilo<\/a><\/p>\n\n\n\n<h2 class=\"wp-block-heading\">Como combinar sapatos arquitet\u00f4nicos com roupas b\u00e1sicas e elegantes?<\/h2>\n\n\n\n<p>A melhor maneira de valorizar o design geom\u00e9trico do cal\u00e7ado \u00e9 manter o restante do figurino com linhas bem limpas e cores neutras. Pe\u00e7as de alfaiataria impec\u00e1vel ou o cl\u00e1ssico vestido preto minimalista permitem que os <strong>sapatos arquitet\u00f4nicos<\/strong> brilhem com total exclusividade no seu look di\u00e1rio. Essa estrat\u00e9gia inteligente garante um <strong>equil\u00edbrio visual<\/strong> perfeito para eventos que exigem eleg\u00e2ncia sofisticada aliada a um toque necess\u00e1rio de ousadia fashion.<\/p>\n\n\n\n<p>Antes de escolher as roupas do dia, analise cuidadosamente as cores e texturas presentes no salto para criar uma conex\u00e3o harm\u00f4nica. A lista a seguir apresenta algumas sugest\u00f5es interessantes de vestimentas que funcionam muito bem com esse tipo de acess\u00f3rio escultural e marcante:<\/p>\n\n\n\n<ul class=\"wp-block-list\">\n<li>Cal\u00e7as de corte reto produzidas em <strong>tecidos estruturados<\/strong>.<\/li>\n\n\n\n<li>Saias midi com fendas estrat\u00e9gicas para mostrar os detalhes do p\u00e9.<\/li>\n\n\n\n<li>Camisas brancas de algod\u00e3o com <strong>modelagem oversized<\/strong> moderna.<\/li>\n<\/ul>\n\n\n\n<figure class=\"wp-block-embed is-type-rich is-provider-pinterest wp-block-embed-pinterest\"><div class=\"wp-block-embed__wrapper\">\n<iframe loading=\"lazy\" title=\" \" src=\"https:\/\/assets.pinterest.com\/ext\/embed.html?id=1097048790491626425&#038;src=oembed\" height=\"899\" width=\"450\" frameborder=\"0\" scrolling=\"no\" ><\/iframe>\n<\/div><\/figure>\n\n\n\n<h2 class=\"wp-block-heading\">Quais s\u00e3o os saltos diferenciados que fazem sucesso atualmente?<\/h2>\n\n\n\n<p>O mercado atual oferece desde formatos esf\u00e9ricos minimalistas at\u00e9 saltos que imitam objetos do cotidiano ou formas abstratas de metal polido. Esses modelos variam bastante em altura e largura, permitindo que cada mulher encontre a op\u00e7\u00e3o ideal para sua rotina agitada. Escolher cal\u00e7ados com <strong>acabamento metalizado<\/strong> brilhante ou transpar\u00eancias inovadoras traz ainda mais modernidade para a composi\u00e7\u00e3o visual do seu dia a dia.<\/p>\n\n\n\n<p>A seguran\u00e7a ao caminhar \u00e9 garantida por novas tecnologias de equil\u00edbrio que suportam o peso do corpo apesar do visual aparentemente inst\u00e1vel. Procure sempre por marcas que prezam pelo <strong>conforto ergon\u00f4mico<\/strong> aliado ao design arrojado para evitar qualquer tipo de desconforto durante o uso prolongado. Investir em qualidade construtiva assegura que seu <strong>investimento fashion<\/strong> dure por muitas temporadas seguidas sem perder a relev\u00e2ncia est\u00e9tica ou o brilho.<\/p>\n\n\n\n<figure class=\"wp-block-embed is-type-rich is-provider-pinterest wp-block-embed-pinterest\"><div class=\"wp-block-embed__wrapper\">\n<iframe loading=\"lazy\" title=\"O Scarpin Gaya \u00e9 confeccionado em verniz, unindo sofistica\u00e7\u00e3o e brilho na medida certa. Com bico arredondado, salto grosso alto e um delicado decote em \u201cV\u201d, o modelo destaca a feminilidade com eleg\u00e2ncia. O solado em couro proporciona conforto superior e excelente durabilidade, ideal para quem busca estilo sem abrir m\u00e3o do bem-estar.  Clique no link e fale com as nossas consultoras \u2728  #sofistiquejoias #paulatorresbrand #scarpingaya #verniz #saltogrosso #bicoarredondado #decotev #estiloeconfort...\" src=\"https:\/\/assets.pinterest.com\/ext\/embed.html?id=358739926589012000&#038;src=oembed\" height=\"899\" width=\"450\" frameborder=\"0\" scrolling=\"no\" ><\/iframe>\n<\/div><\/figure>\n\n\n\n<h2 class=\"wp-block-heading\">Existe uma ocasi\u00e3o ideal para usar sapatos arquitet\u00f4nicos?<\/h2>\n\n\n\n<p>Embora pare\u00e7am restritos a festas glamourosas, esses cal\u00e7ados circulam com facilidade em ambientes profissionais criativos ou em jantares casuais de final de semana. A versatilidade caracter\u00edstica dos <strong>sapatos arquitet\u00f4nicos<\/strong> permite transitar entre o dia e a noite apenas trocando a bolsa ou a cor do batom. Muitas mulheres aproveitam esse <strong>impacto visual<\/strong> imediato para marcar presen\u00e7a em reuni\u00f5es de neg\u00f3cios importantes onde a imagem pessoal conta muito.<\/p>\n\n\n\n<p>Observe como o ambiente ao seu redor reage a pe\u00e7as de design e sinta-se livre para expressar sua criatividade atrav\u00e9s da moda autoral. Utilize o cal\u00e7ado diferente como uma ferramenta de <strong>autoexpress\u00e3o art\u00edstica<\/strong> que comunica seu gosto pessoal pelo que \u00e9 inovador e genuinamente diferente. Existem diversos modelos dispon\u00edveis no mercado para quem deseja <strong>gerar impacto<\/strong> de forma sutil ou atrav\u00e9s de uma est\u00e9tica totalmente extravagante.<\/p>\n\n\n\n<p>Para voc\u00ea que quer aprofundar, separamos um v\u00eddeo do canal da <a href=\"https:\/\/www.youtube.com\/@angelicaquetes\" target=\"_blank\" rel=\"noreferrer noopener\">Ang\u00e9lica Quetes <\/a>com dicas e cuidados para escolher sapatos:<\/p>\n\n\n\n<figure class=\"wp-block-embed is-type-video is-provider-youtube wp-block-embed-youtube wp-embed-aspect-16-9 wp-has-aspect-ratio\"><div class=\"wp-block-embed__wrapper\">\n<div class=\"jeg_video_container jeg_video_content\"><iframe loading=\"lazy\" title=\"Sapatos essenciais feminino: Quais s\u00e3o os sapatos essenciais no guarda roupa feminino Inteligente!\" width=\"500\" height=\"281\" src=\"https:\/\/www.youtube.com\/embed\/JC3mionXgqk?feature=oembed\" frameborder=\"0\" allow=\"accelerometer; autoplay; clipboard-write; encrypted-media; gyroscope; picture-in-picture; web-share\" referrerpolicy=\"strict-origin-when-cross-origin\" allowfullscreen><\/iframe><\/div>\n<\/div><\/figure>\n\n\n\n<h2 class=\"wp-block-heading\">Encontre seu estilo pessoal com confian\u00e7a e muita ousadia<\/h2>\n\n\n\n<p>Experimente novos formatos geom\u00e9tricos sem medo de errar nas suas combina\u00e7\u00f5es di\u00e1rias. A moda serve para libertar sua criatividade e mostrar ao mundo quem voc\u00ea realmente \u00e9. Escolha sempre o par que faz seu <strong>cora\u00e7\u00e3o bater forte<\/strong>.<\/p>\n\n\n\n<p>Valorize o design aut\u00eantico que busca romper totalmente com o \u00f3bvio das vitrines comuns. Caminhe com seguran\u00e7a absoluta sabendo que seus p\u00e9s carregam <strong>arte e inova\u00e7\u00e3o<\/strong> t\u00e9cnica. Transforme cada passo dado em uma <strong>declara\u00e7\u00e3o de estilo<\/strong> \u00fanica.<\/p>\n\n\n\n<p><\/p>\n","protected":false},"excerpt":{"rendered":"<p>Voc\u00ea est\u00e1 pronta para sair de casa quando percebe que seus sapatos arquitet\u00f4nicos transformaram o jeans b\u00e1sico em uma produ\u00e7\u00e3o de passarela internacional. O segredo para atrair olhares de admira\u00e7\u00e3o sem esfor\u00e7o pode estar escondido justamente no formato inusitado e art\u00edstico do seu novo salto. Por que os sapatos arquitet\u00f4nicos dominam as vitrines das grandes [&hellip;]<\/p>\n","protected":false},"author":9,"featured_media":199531,"comment_status":"open","ping_status":"open","sticky":false,"template":"","format":"standard","meta":{"jnews-multi-image_gallery":[],"jnews_single_post":{"format":"standard"},"jnews_primary_category":[],"jnews_social_meta":[],"jnews_override_counter":[],"footnotes":""},"categories":[8819,29],"tags":[28752,7062,28382],"class_list":["post-199401","post","type-post","status-publish","format-standard","has-post-thumbnail","hentry","category-curiosidades","category-entretenimento","tag-design-escultural","tag-moda-feminina","tag-tendencias-de-calcados"],"yoast_head":"<!-- This site is optimized with the Yoast SEO plugin v23.8 - https:\/\/yoast.com\/wordpress\/plugins\/seo\/ -->\n<title>Adeus ao salto agulha comum, o impacto dos sapatos que parecem obras de arte - Estado de Minas - Em foco<\/title>\n<meta name=\"description\" content=\"Os sapatos arquitet\u00f4nicos trazem saltos esculturais e design inovador para o seu visual com muita eleg\u00e2ncia e um toque de arte moderna.\" \/>\n<meta name=\"robots\" content=\"index, follow, max-snippet:-1, max-image-preview:large, max-video-preview:-1\" \/>\n<link rel=\"canonical\" href=\"https:\/\/www.em.com.br\/emfoco\/2026\/04\/26\/adeus-ao-salto-agulha-comum-o-impacto-dos-sapatos-que-parecem-obras-de-arte\/\" \/>\n<meta property=\"og:locale\" content=\"pt_BR\" \/>\n<meta property=\"og:type\" content=\"article\" \/>\n<meta property=\"og:title\" content=\"Adeus ao salto agulha comum, o impacto dos sapatos que parecem obras de arte - Estado de Minas - Em foco\" \/>\n<meta property=\"og:description\" content=\"Os sapatos arquitet\u00f4nicos trazem saltos esculturais e design inovador para o seu visual com muita eleg\u00e2ncia e um toque de arte moderna.\" \/>\n<meta property=\"og:url\" content=\"https:\/\/www.em.com.br\/emfoco\/2026\/04\/26\/adeus-ao-salto-agulha-comum-o-impacto-dos-sapatos-que-parecem-obras-de-arte\/\" \/>\n<meta property=\"og:site_name\" content=\"Estado de Minas - Em foco\" \/>\n<meta property=\"article:published_time\" content=\"2026-04-26T11:15:00+00:00\" \/>\n<meta property=\"article:modified_time\" content=\"2026-04-25T20:28:05+00:00\" \/>\n<meta property=\"og:image\" content=\"https:\/\/www.em.com.br\/emfoco\/wp-content\/uploads\/2026\/04\/Oeste_40-1.jpg\" \/>\n\t<meta property=\"og:image:width\" content=\"1280\" \/>\n\t<meta property=\"og:image:height\" content=\"720\" \/>\n\t<meta property=\"og:image:type\" content=\"image\/jpeg\" \/>\n<meta name=\"author\" content=\"Daniely Cardoso\" \/>\n<meta name=\"twitter:card\" content=\"summary_large_image\" \/>\n<meta name=\"twitter:label1\" content=\"Escrito por\" \/>\n\t<meta name=\"twitter:data1\" content=\"Daniely Cardoso\" \/>\n\t<meta name=\"twitter:label2\" content=\"Est. tempo de leitura\" \/>\n\t<meta name=\"twitter:data2\" content=\"5 minutos\" \/>\n<!-- \/ Yoast SEO plugin. -->","yoast_head_json":{"title":"Adeus ao salto agulha comum, o impacto dos sapatos que parecem obras de arte - Estado de Minas - Em foco","description":"Os sapatos arquitet\u00f4nicos trazem saltos esculturais e design inovador para o seu visual com muita eleg\u00e2ncia e um toque de arte moderna.","robots":{"index":"index","follow":"follow","max-snippet":"max-snippet:-1","max-image-preview":"max-image-preview:large","max-video-preview":"max-video-preview:-1"},"canonical":"https:\/\/www.em.com.br\/emfoco\/2026\/04\/26\/adeus-ao-salto-agulha-comum-o-impacto-dos-sapatos-que-parecem-obras-de-arte\/","og_locale":"pt_BR","og_type":"article","og_title":"Adeus ao salto agulha comum, o impacto dos sapatos que parecem obras de arte - Estado de Minas - Em foco","og_description":"Os sapatos arquitet\u00f4nicos trazem saltos esculturais e design inovador para o seu visual com muita eleg\u00e2ncia e um toque de arte moderna.","og_url":"https:\/\/www.em.com.br\/emfoco\/2026\/04\/26\/adeus-ao-salto-agulha-comum-o-impacto-dos-sapatos-que-parecem-obras-de-arte\/","og_site_name":"Estado de Minas - Em foco","article_published_time":"2026-04-26T11:15:00+00:00","article_modified_time":"2026-04-25T20:28:05+00:00","og_image":[{"width":1280,"height":720,"url":"https:\/\/www.em.com.br\/emfoco\/wp-content\/uploads\/2026\/04\/Oeste_40-1.jpg","type":"image\/jpeg"}],"author":"Daniely Cardoso","twitter_card":"summary_large_image","twitter_misc":{"Escrito por":"Daniely Cardoso","Est. tempo de leitura":"5 minutos"},"schema":{"@context":"https:\/\/schema.org","@graph":[{"@type":"WebPage","@id":"https:\/\/www.em.com.br\/emfoco\/2026\/04\/26\/adeus-ao-salto-agulha-comum-o-impacto-dos-sapatos-que-parecem-obras-de-arte\/","url":"https:\/\/www.em.com.br\/emfoco\/2026\/04\/26\/adeus-ao-salto-agulha-comum-o-impacto-dos-sapatos-que-parecem-obras-de-arte\/","name":"Adeus ao salto agulha comum, o impacto dos sapatos que parecem obras de arte - Estado de Minas - Em foco","isPartOf":{"@id":"https:\/\/www.em.com.br\/emfoco\/#website"},"primaryImageOfPage":{"@id":"https:\/\/www.em.com.br\/emfoco\/2026\/04\/26\/adeus-ao-salto-agulha-comum-o-impacto-dos-sapatos-que-parecem-obras-de-arte\/#primaryimage"},"image":{"@id":"https:\/\/www.em.com.br\/emfoco\/2026\/04\/26\/adeus-ao-salto-agulha-comum-o-impacto-dos-sapatos-que-parecem-obras-de-arte\/#primaryimage"},"thumbnailUrl":"https:\/\/www.em.com.br\/emfoco\/wp-content\/uploads\/2026\/04\/Oeste_40-1.jpg","datePublished":"2026-04-26T11:15:00+00:00","dateModified":"2026-04-25T20:28:05+00:00","author":{"@id":"https:\/\/www.em.com.br\/emfoco\/#\/schema\/person\/0a8186d72f2c3a5c6276d90b41f271a0"},"description":"Os sapatos arquitet\u00f4nicos trazem saltos esculturais e design inovador para o seu visual com muita eleg\u00e2ncia e um toque de arte moderna.","breadcrumb":{"@id":"https:\/\/www.em.com.br\/emfoco\/2026\/04\/26\/adeus-ao-salto-agulha-comum-o-impacto-dos-sapatos-que-parecem-obras-de-arte\/#breadcrumb"},"inLanguage":"pt-BR","potentialAction":[{"@type":"ReadAction","target":["https:\/\/www.em.com.br\/emfoco\/2026\/04\/26\/adeus-ao-salto-agulha-comum-o-impacto-dos-sapatos-que-parecem-obras-de-arte\/"]}]},{"@type":"ImageObject","inLanguage":"pt-BR","@id":"https:\/\/www.em.com.br\/emfoco\/2026\/04\/26\/adeus-ao-salto-agulha-comum-o-impacto-dos-sapatos-que-parecem-obras-de-arte\/#primaryimage","url":"https:\/\/www.em.com.br\/emfoco\/wp-content\/uploads\/2026\/04\/Oeste_40-1.jpg","contentUrl":"https:\/\/www.em.com.br\/emfoco\/wp-content\/uploads\/2026\/04\/Oeste_40-1.jpg","width":1280,"height":720,"caption":"Sapatos com formas geom\u00e9tricas transformam roupas b\u00e1sicas em produ\u00e7\u00f5es de alta moda internacional"},{"@type":"BreadcrumbList","@id":"https:\/\/www.em.com.br\/emfoco\/2026\/04\/26\/adeus-ao-salto-agulha-comum-o-impacto-dos-sapatos-que-parecem-obras-de-arte\/#breadcrumb","itemListElement":[{"@type":"ListItem","position":1,"name":"In\u00edcio","item":"https:\/\/www.em.com.br\/emfoco\/"},{"@type":"ListItem","position":2,"name":"Adeus ao salto agulha comum, o impacto dos sapatos que parecem obras de arte"}]},{"@type":"WebSite","@id":"https:\/\/www.em.com.br\/emfoco\/#website","url":"https:\/\/www.em.com.br\/emfoco\/","name":"Estado de Minas - Em foco","description":"Acompanhe as \u00faltimas not\u00edcias e fique bem informado sobre tudo o que acontece em Minas Gerais, Brasil e no mundo.","potentialAction":[{"@type":"SearchAction","target":{"@type":"EntryPoint","urlTemplate":"https:\/\/www.em.com.br\/emfoco\/?s={search_term_string}"},"query-input":{"@type":"PropertyValueSpecification","valueRequired":true,"valueName":"search_term_string"}}],"inLanguage":"pt-BR"},{"@type":"Person","@id":"https:\/\/www.em.com.br\/emfoco\/#\/schema\/person\/0a8186d72f2c3a5c6276d90b41f271a0","name":"Daniely Cardoso","image":{"@type":"ImageObject","inLanguage":"pt-BR","@id":"https:\/\/www.em.com.br\/emfoco\/#\/schema\/person\/image\/","url":"https:\/\/secure.gravatar.com\/avatar\/4b80ddbd124d1f071b626d52d62e5dff?s=96&d=mm&r=g","contentUrl":"https:\/\/secure.gravatar.com\/avatar\/4b80ddbd124d1f071b626d52d62e5dff?s=96&d=mm&r=g","caption":"Daniely Cardoso"},"url":"https:\/\/www.em.com.br\/emfoco\/author\/danielymyth\/"}]}},"_links":{"self":[{"href":"https:\/\/www.em.com.br\/emfoco\/wp-json\/wp\/v2\/posts\/199401","targetHints":{"allow":["GET"]}}],"collection":[{"href":"https:\/\/www.em.com.br\/emfoco\/wp-json\/wp\/v2\/posts"}],"about":[{"href":"https:\/\/www.em.com.br\/emfoco\/wp-json\/wp\/v2\/types\/post"}],"author":[{"embeddable":true,"href":"https:\/\/www.em.com.br\/emfoco\/wp-json\/wp\/v2\/users\/9"}],"replies":[{"embeddable":true,"href":"https:\/\/www.em.com.br\/emfoco\/wp-json\/wp\/v2\/comments?post=199401"}],"version-history":[{"count":1,"href":"https:\/\/www.em.com.br\/emfoco\/wp-json\/wp\/v2\/posts\/199401\/revisions"}],"predecessor-version":[{"id":199405,"href":"https:\/\/www.em.com.br\/emfoco\/wp-json\/wp\/v2\/posts\/199401\/revisions\/199405"}],"wp:featuredmedia":[{"embeddable":true,"href":"https:\/\/www.em.com.br\/emfoco\/wp-json\/wp\/v2\/media\/199531"}],"wp:attachment":[{"href":"https:\/\/www.em.com.br\/emfoco\/wp-json\/wp\/v2\/media?parent=199401"}],"wp:term":[{"taxonomy":"category","embeddable":true,"href":"https:\/\/www.em.com.br\/emfoco\/wp-json\/wp\/v2\/categories?post=199401"},{"taxonomy":"post_tag","embeddable":true,"href":"https:\/\/www.em.com.br\/emfoco\/wp-json\/wp\/v2\/tags?post=199401"}],"curies":[{"name":"wp","href":"https:\/\/api.w.org\/{rel}","templated":true}]}}