{"id":199394,"date":"2026-04-27T22:05:00","date_gmt":"2026-04-28T01:05:00","guid":{"rendered":"https:\/\/www.em.com.br\/emfoco\/?p=199394"},"modified":"2026-04-26T06:55:54","modified_gmt":"2026-04-26T09:55:54","slug":"adeus-as-carteiras-tradicionais-a-alternativa-pratica-e-tecnologica-que-ocupa-menos-espaco-e-esta-em-alta","status":"publish","type":"post","link":"https:\/\/www.em.com.br\/emfoco\/2026\/04\/27\/adeus-as-carteiras-tradicionais-a-alternativa-pratica-e-tecnologica-que-ocupa-menos-espaco-e-esta-em-alta\/","title":{"rendered":"Adeus \u00e0s carteiras tradicionais: a alternativa pr\u00e1tica e tecnol\u00f3gica que ocupa menos espa\u00e7o e est\u00e1 em alta"},"content":{"rendered":"\n<p>O avan\u00e7o dos pagamentos digitais est\u00e1 mudando um objeto que quase n\u00e3o sofria altera\u00e7\u00f5es h\u00e1 d\u00e9cadas. As novas <strong>carteiras<\/strong> <strong>ultrafinas <\/strong>ganham espa\u00e7o por ocupar menos volume no bolso e incorporar fun\u00e7\u00f5es como rastreamento e prote\u00e7\u00e3o de dados.<\/p>\n\n\n\n<h2 class=\"wp-block-heading\">Como o tamanho e o formato influenciam sua escolha?<\/h2>\n\n\n\n<p>A diferen\u00e7a entre os modelos \u00e9 vis\u00edvel, pois uma vers\u00e3o tradicional costuma ter <strong>12 cm<\/strong> de largura por <strong>9 cm<\/strong> de altura. J\u00e1 os modelos conhecidos como tarjeteiros slim chegam a apenas <strong>8 cm<\/strong> por <strong>6 cm<\/strong>, mantendo a praticidade.<\/p>\n\n\n\n<p>Esses itens modernos comportam de seis a oito cart\u00f5es, o que \u00e9 suficiente para carregar a <strong><a href=\"https:\/\/www.em.com.br\/emfoco\/2026\/04\/19\/todos-os-motoristas-com-cnh-categoria-b-serao-afetados-pelas-mudancas-nas-regras-de-transito\/\" target=\"_blank\" rel=\"noreferrer noopener\">CNH<\/a><\/strong> e documentos essenciais. A espessura reduzida para <strong>1 cm<\/strong> ou menos evita o desconforto causado por acess\u00f3rios volumosos no cotidiano.<\/p>\n\n\n\n<h2 class=\"wp-block-heading\">Quais materiais garantem a resist\u00eancia das carteiras ultrafinas?<\/h2>\n\n\n\n<p>Os materiais mais comuns encontrados no mercado atual s\u00e3o o <strong>alum\u00ednio<\/strong> e o <strong>tit\u00e2nio<\/strong>, que garantem rigidez absoluta sem adicionar peso. Essa estrutura met\u00e1lica \u00e9 fundamental para proteger os cart\u00f5es contra dobras ou quebras acidentais dentro do bolso.<\/p>\n\n\n\n<p>Existem tamb\u00e9m vers\u00f5es compactas produzidas em <strong>couro leg\u00edtimo<\/strong>, valorizadas por quem n\u00e3o abre m\u00e3o do aspecto cl\u00e1ssico. Esses modelos combinam a leveza do design minimalista com a durabilidade hist\u00f3rica de um material que se molda ao uso do propriet\u00e1rio.<\/p>\n\n\n<div class=\"wp-block-image\">\n<figure class=\"aligncenter size-large\"><img loading=\"lazy\" decoding=\"async\" width=\"1024\" height=\"576\" src=\"https:\/\/www.em.com.br\/emfoco\/wp-content\/uploads\/2026\/04\/carteira-2-1-1024x576.jpg\" alt=\"Esta alternativa tecnol\u00f3gica virou febre e substitui o acess\u00f3rio antigo\" class=\"wp-image-199440\" srcset=\"https:\/\/www.em.com.br\/emfoco\/wp-content\/uploads\/2026\/04\/carteira-2-1-1024x576.jpg 1024w, https:\/\/www.em.com.br\/emfoco\/wp-content\/uploads\/2026\/04\/carteira-2-1-300x169.jpg 300w, https:\/\/www.em.com.br\/emfoco\/wp-content\/uploads\/2026\/04\/carteira-2-1-768x432.jpg 768w, https:\/\/www.em.com.br\/emfoco\/wp-content\/uploads\/2026\/04\/carteira-2-1-750x422.jpg 750w, https:\/\/www.em.com.br\/emfoco\/wp-content\/uploads\/2026\/04\/carteira-2-1-1140x641.jpg 1140w, https:\/\/www.em.com.br\/emfoco\/wp-content\/uploads\/2026\/04\/carteira-2-1.jpg 1280w\" sizes=\"auto, (max-width: 1024px) 100vw, 1024px\" \/><figcaption class=\"wp-element-caption\">Esta alternativa tecnol\u00f3gica virou febre e substitui o acess\u00f3rio antigo<\/figcaption><\/figure><\/div>\n\n\n<h3 class=\"wp-block-heading\">O couro sint\u00e9tico \u00e9 uma boa op\u00e7\u00e3o?<\/h3>\n\n\n\n<p>Embora existam op\u00e7\u00f5es sint\u00e9ticas, o couro de alta qualidade costuma apresentar uma vida \u00fatil muito superior em <strong>carteiras<\/strong> minimalistas. A resist\u00eancia \u00e0 fric\u00e7\u00e3o constante dentro dos bolsos torna o investimento em materiais nobres mais vantajoso a longo prazo.<\/p>\n\n\n\n<h3 class=\"wp-block-heading\">Por que escolher alum\u00ednio para o dia a dia?<\/h3>\n\n\n\n<p>O <strong>alum\u00ednio<\/strong> oferece um acabamento moderno e permite a implementa\u00e7\u00e3o de mecanismos de eje\u00e7\u00e3o r\u00e1pida de cart\u00f5es. Al\u00e9m disso, \u00e9 um metal excelente para a dissipa\u00e7\u00e3o de calor e prote\u00e7\u00e3o mec\u00e2nica contra press\u00f5es externas elevadas.<\/p>\n\n\n\n<h2 class=\"wp-block-heading\">Como funciona o rastreamento por Bluetooth integrado?<\/h2>\n\n\n\n<p>Muitos modelos agora incluem um espa\u00e7o dedicado para o <a href=\"https:\/\/support.apple.com\/pt-br\/104978\" target=\"_blank\" rel=\"noreferrer noopener\"><strong>AirTag da Apple<\/strong><\/a>, permitindo localizar o item facilmente. Esse dispositivo utiliza uma rede global de bilh\u00f5es de aparelhos para encontrar objetos perdidos com precis\u00e3o milim\u00e9trica.<\/p>\n\n\n\n<p>Outras fabricantes optam por integrar cart\u00f5es rastreadores que dispensam acess\u00f3rios externos, mantendo o perfil fino do produto. Essa tecnologia envia notifica\u00e7\u00f5es imediatas ao smartphone caso o usu\u00e1rio se esque\u00e7a do acess\u00f3rio em algum restaurante ou transporte p\u00fablico.<\/p>\n\n\n<div class=\"wp-block-image\">\n<figure class=\"aligncenter size-large\"><img loading=\"lazy\" decoding=\"async\" width=\"1024\" height=\"576\" src=\"https:\/\/www.em.com.br\/emfoco\/wp-content\/uploads\/2026\/04\/carteira-ejetor-1-1024x576.jpg\" alt=\"A solu\u00e7\u00e3o compacta que muitos est\u00e3o usando para eliminar o peso das carteiras antigas de uma vez\" class=\"wp-image-199442\" srcset=\"https:\/\/www.em.com.br\/emfoco\/wp-content\/uploads\/2026\/04\/carteira-ejetor-1-1024x576.jpg 1024w, https:\/\/www.em.com.br\/emfoco\/wp-content\/uploads\/2026\/04\/carteira-ejetor-1-300x169.jpg 300w, https:\/\/www.em.com.br\/emfoco\/wp-content\/uploads\/2026\/04\/carteira-ejetor-1-768x432.jpg 768w, https:\/\/www.em.com.br\/emfoco\/wp-content\/uploads\/2026\/04\/carteira-ejetor-1-750x422.jpg 750w, https:\/\/www.em.com.br\/emfoco\/wp-content\/uploads\/2026\/04\/carteira-ejetor-1-1140x641.jpg 1140w, https:\/\/www.em.com.br\/emfoco\/wp-content\/uploads\/2026\/04\/carteira-ejetor-1.jpg 1280w\" sizes=\"auto, (max-width: 1024px) 100vw, 1024px\" \/><figcaption class=\"wp-element-caption\">A solu\u00e7\u00e3o compacta que muitos est\u00e3o usando para eliminar o peso das carteiras antigas de uma vez<\/figcaption><\/figure><\/div>\n\n\n<h2 class=\"wp-block-heading\">Por que o bloqueio RFID tornou-se um item obrigat\u00f3rio?<\/h2>\n\n\n\n<p>A tecnologia cria uma barreira de material condutor que impede que scanners ocultos leiam dados de cart\u00f5es sem contato. Esse tipo de prote\u00e7\u00e3o \u00e9 essencial para evitar o <strong>skimming<\/strong>, um ataque que captura informa\u00e7\u00f5es de cr\u00e9dito em locais movimentados.<\/p>\n\n\n\n<p>Abaixo, listamos os benef\u00edcios dessa prote\u00e7\u00e3o eletr\u00f4nica:<\/p>\n\n\n\n<ul class=\"wp-block-list\">\n<li><strong>Seguran\u00e7a<\/strong> contra furtos de dados por aproxima\u00e7\u00e3o em metr\u00f4s e shoppings.<\/li>\n\n\n\n<li><strong>Isolamento<\/strong> de sinais de r\u00e1dio que poderiam ativar pagamentos indesejados.<\/li>\n\n\n\n<li><strong>Prote\u00e7\u00e3o<\/strong> para novos documentos de identidade que utilizam chips eletr\u00f4nicos.<\/li>\n\n\n\n<li><strong>Durabilidade<\/strong> eletr\u00f4nica dos cart\u00f5es ao evitar interfer\u00eancias magn\u00e9ticas externas.<\/li>\n<\/ul>\n\n\n\n<p>O uso da <strong>identifica\u00e7\u00e3o por radiofrequ\u00eancia<\/strong> revolucionou os pagamentos, mas exige cuidados extras. As <strong>carteiras<\/strong> modernas funcionam como uma blindagem m\u00f3vel, garantindo que suas informa\u00e7\u00f5es financeira permane\u00e7am privadas.<\/p>\n\n\n\n<h2 class=\"wp-block-heading\">Quando faz sentido adotar o modelo slim definitivamente?<\/h2>\n\n\n\n<p>A escolha \u00e9 vantajosa para quem j\u00e1 utiliza solu\u00e7\u00f5es digitais como o <strong>Google Pay<\/strong> ou o <strong>Apple Pay<\/strong> no celular. Se voc\u00ea mant\u00e9m seus documentos principais em aplicativos oficiais, carregar um acess\u00f3rio volumoso torna-se uma tarefa totalmente desnecess\u00e1ria.<\/p>\n\n\n\n<p>Migrar para uma alternativa tecnol\u00f3gica reflete a adapta\u00e7\u00e3o ao novo ambiente financeiro digital, priorizando a seguran\u00e7a e o conforto. Avalie sua rotina e observe como o minimalismo pode facilitar seu deslocamento di\u00e1rio com muito mais intelig\u00eancia e prote\u00e7\u00e3o.<\/p>\n","protected":false},"excerpt":{"rendered":"<p>O avan\u00e7o dos pagamentos digitais est\u00e1 mudando um objeto que quase n\u00e3o sofria altera\u00e7\u00f5es h\u00e1 d\u00e9cadas. As novas carteiras ultrafinas ganham espa\u00e7o por ocupar menos volume no bolso e incorporar fun\u00e7\u00f5es como rastreamento e prote\u00e7\u00e3o de dados. Como o tamanho e o formato influenciam sua escolha? A diferen\u00e7a entre os modelos \u00e9 vis\u00edvel, pois uma [&hellip;]<\/p>\n","protected":false},"author":30,"featured_media":199437,"comment_status":"open","ping_status":"open","sticky":false,"template":"","format":"standard","meta":{"jnews-multi-image_gallery":[],"jnews_single_post":{"format":"standard"},"jnews_primary_category":[],"jnews_social_meta":[],"jnews_override_counter":[],"footnotes":""},"categories":[8691],"tags":[12793,2673,830,2878],"class_list":["post-199394","post","type-post","status-publish","format-standard","has-post-thumbnail","hentry","category-bem-estar","tag-aluminio","tag-carteira","tag-cnh","tag-documentos"],"yoast_head":"<!-- This site is optimized with the Yoast SEO plugin v23.8 - https:\/\/yoast.com\/wordpress\/plugins\/seo\/ -->\n<title>Adeus \u00e0s carteiras tradicionais: a alternativa pr\u00e1tica e tecnol\u00f3gica que ocupa menos espa\u00e7o e est\u00e1 em alta - Estado de Minas - Em foco<\/title>\n<meta name=\"description\" content=\"Entenda por que as carteiras tradicionais est\u00e3o com os dias contados. Veja a alternativa pr\u00e1tica e tecnol\u00f3gica que ocupa menos espa\u00e7o agora.\" \/>\n<meta name=\"robots\" content=\"index, follow, max-snippet:-1, max-image-preview:large, max-video-preview:-1\" \/>\n<link rel=\"canonical\" href=\"https:\/\/www.em.com.br\/emfoco\/2026\/04\/27\/adeus-as-carteiras-tradicionais-a-alternativa-pratica-e-tecnologica-que-ocupa-menos-espaco-e-esta-em-alta\/\" \/>\n<meta property=\"og:locale\" content=\"pt_BR\" \/>\n<meta property=\"og:type\" content=\"article\" \/>\n<meta property=\"og:title\" content=\"Adeus \u00e0s carteiras tradicionais: a alternativa pr\u00e1tica e tecnol\u00f3gica que ocupa menos espa\u00e7o e est\u00e1 em alta - Estado de Minas - Em foco\" \/>\n<meta property=\"og:description\" content=\"Entenda por que as carteiras tradicionais est\u00e3o com os dias contados. Veja a alternativa pr\u00e1tica e tecnol\u00f3gica que ocupa menos espa\u00e7o agora.\" \/>\n<meta property=\"og:url\" content=\"https:\/\/www.em.com.br\/emfoco\/2026\/04\/27\/adeus-as-carteiras-tradicionais-a-alternativa-pratica-e-tecnologica-que-ocupa-menos-espaco-e-esta-em-alta\/\" \/>\n<meta property=\"og:site_name\" content=\"Estado de Minas - Em foco\" \/>\n<meta property=\"article:published_time\" content=\"2026-04-28T01:05:00+00:00\" \/>\n<meta property=\"article:modified_time\" content=\"2026-04-26T09:55:54+00:00\" \/>\n<meta property=\"og:image\" content=\"https:\/\/www.em.com.br\/emfoco\/wp-content\/uploads\/2026\/04\/carteira.jpg\" \/>\n\t<meta property=\"og:image:width\" content=\"1280\" \/>\n\t<meta property=\"og:image:height\" content=\"720\" \/>\n\t<meta property=\"og:image:type\" content=\"image\/jpeg\" \/>\n<meta name=\"author\" content=\"Guilherme Ara\u00fajo\" \/>\n<meta name=\"twitter:card\" content=\"summary_large_image\" \/>\n<meta name=\"twitter:label1\" content=\"Escrito por\" \/>\n\t<meta name=\"twitter:data1\" content=\"Guilherme Ara\u00fajo\" \/>\n\t<meta name=\"twitter:label2\" content=\"Est. tempo de leitura\" \/>\n\t<meta name=\"twitter:data2\" content=\"4 minutos\" \/>\n<!-- \/ Yoast SEO plugin. -->","yoast_head_json":{"title":"Adeus \u00e0s carteiras tradicionais: a alternativa pr\u00e1tica e tecnol\u00f3gica que ocupa menos espa\u00e7o e est\u00e1 em alta - Estado de Minas - Em foco","description":"Entenda por que as carteiras tradicionais est\u00e3o com os dias contados. Veja a alternativa pr\u00e1tica e tecnol\u00f3gica que ocupa menos espa\u00e7o agora.","robots":{"index":"index","follow":"follow","max-snippet":"max-snippet:-1","max-image-preview":"max-image-preview:large","max-video-preview":"max-video-preview:-1"},"canonical":"https:\/\/www.em.com.br\/emfoco\/2026\/04\/27\/adeus-as-carteiras-tradicionais-a-alternativa-pratica-e-tecnologica-que-ocupa-menos-espaco-e-esta-em-alta\/","og_locale":"pt_BR","og_type":"article","og_title":"Adeus \u00e0s carteiras tradicionais: a alternativa pr\u00e1tica e tecnol\u00f3gica que ocupa menos espa\u00e7o e est\u00e1 em alta - Estado de Minas - Em foco","og_description":"Entenda por que as carteiras tradicionais est\u00e3o com os dias contados. Veja a alternativa pr\u00e1tica e tecnol\u00f3gica que ocupa menos espa\u00e7o agora.","og_url":"https:\/\/www.em.com.br\/emfoco\/2026\/04\/27\/adeus-as-carteiras-tradicionais-a-alternativa-pratica-e-tecnologica-que-ocupa-menos-espaco-e-esta-em-alta\/","og_site_name":"Estado de Minas - Em foco","article_published_time":"2026-04-28T01:05:00+00:00","article_modified_time":"2026-04-26T09:55:54+00:00","og_image":[{"width":1280,"height":720,"url":"https:\/\/www.em.com.br\/emfoco\/wp-content\/uploads\/2026\/04\/carteira.jpg","type":"image\/jpeg"}],"author":"Guilherme Ara\u00fajo","twitter_card":"summary_large_image","twitter_misc":{"Escrito por":"Guilherme Ara\u00fajo","Est. tempo de leitura":"4 minutos"},"schema":{"@context":"https:\/\/schema.org","@graph":[{"@type":"WebPage","@id":"https:\/\/www.em.com.br\/emfoco\/2026\/04\/27\/adeus-as-carteiras-tradicionais-a-alternativa-pratica-e-tecnologica-que-ocupa-menos-espaco-e-esta-em-alta\/","url":"https:\/\/www.em.com.br\/emfoco\/2026\/04\/27\/adeus-as-carteiras-tradicionais-a-alternativa-pratica-e-tecnologica-que-ocupa-menos-espaco-e-esta-em-alta\/","name":"Adeus \u00e0s carteiras tradicionais: a alternativa pr\u00e1tica e tecnol\u00f3gica que ocupa menos espa\u00e7o e est\u00e1 em alta - Estado de Minas - Em foco","isPartOf":{"@id":"https:\/\/www.em.com.br\/emfoco\/#website"},"primaryImageOfPage":{"@id":"https:\/\/www.em.com.br\/emfoco\/2026\/04\/27\/adeus-as-carteiras-tradicionais-a-alternativa-pratica-e-tecnologica-que-ocupa-menos-espaco-e-esta-em-alta\/#primaryimage"},"image":{"@id":"https:\/\/www.em.com.br\/emfoco\/2026\/04\/27\/adeus-as-carteiras-tradicionais-a-alternativa-pratica-e-tecnologica-que-ocupa-menos-espaco-e-esta-em-alta\/#primaryimage"},"thumbnailUrl":"https:\/\/www.em.com.br\/emfoco\/wp-content\/uploads\/2026\/04\/carteira.jpg","datePublished":"2026-04-28T01:05:00+00:00","dateModified":"2026-04-26T09:55:54+00:00","author":{"@id":"https:\/\/www.em.com.br\/emfoco\/#\/schema\/person\/5379e929a4b966c775d121e23f9bb421"},"description":"Entenda por que as carteiras tradicionais est\u00e3o com os dias contados. Veja a alternativa pr\u00e1tica e tecnol\u00f3gica que ocupa menos espa\u00e7o agora.","breadcrumb":{"@id":"https:\/\/www.em.com.br\/emfoco\/2026\/04\/27\/adeus-as-carteiras-tradicionais-a-alternativa-pratica-e-tecnologica-que-ocupa-menos-espaco-e-esta-em-alta\/#breadcrumb"},"inLanguage":"pt-BR","potentialAction":[{"@type":"ReadAction","target":["https:\/\/www.em.com.br\/emfoco\/2026\/04\/27\/adeus-as-carteiras-tradicionais-a-alternativa-pratica-e-tecnologica-que-ocupa-menos-espaco-e-esta-em-alta\/"]}]},{"@type":"ImageObject","inLanguage":"pt-BR","@id":"https:\/\/www.em.com.br\/emfoco\/2026\/04\/27\/adeus-as-carteiras-tradicionais-a-alternativa-pratica-e-tecnologica-que-ocupa-menos-espaco-e-esta-em-alta\/#primaryimage","url":"https:\/\/www.em.com.br\/emfoco\/wp-content\/uploads\/2026\/04\/carteira.jpg","contentUrl":"https:\/\/www.em.com.br\/emfoco\/wp-content\/uploads\/2026\/04\/carteira.jpg","width":1280,"height":720},{"@type":"BreadcrumbList","@id":"https:\/\/www.em.com.br\/emfoco\/2026\/04\/27\/adeus-as-carteiras-tradicionais-a-alternativa-pratica-e-tecnologica-que-ocupa-menos-espaco-e-esta-em-alta\/#breadcrumb","itemListElement":[{"@type":"ListItem","position":1,"name":"In\u00edcio","item":"https:\/\/www.em.com.br\/emfoco\/"},{"@type":"ListItem","position":2,"name":"Adeus \u00e0s carteiras tradicionais: a alternativa pr\u00e1tica e tecnol\u00f3gica que ocupa menos espa\u00e7o e est\u00e1 em alta"}]},{"@type":"WebSite","@id":"https:\/\/www.em.com.br\/emfoco\/#website","url":"https:\/\/www.em.com.br\/emfoco\/","name":"Estado de Minas - Em foco","description":"Acompanhe as \u00faltimas not\u00edcias e fique bem informado sobre tudo o que acontece em Minas Gerais, Brasil e no mundo.","potentialAction":[{"@type":"SearchAction","target":{"@type":"EntryPoint","urlTemplate":"https:\/\/www.em.com.br\/emfoco\/?s={search_term_string}"},"query-input":{"@type":"PropertyValueSpecification","valueRequired":true,"valueName":"search_term_string"}}],"inLanguage":"pt-BR"},{"@type":"Person","@id":"https:\/\/www.em.com.br\/emfoco\/#\/schema\/person\/5379e929a4b966c775d121e23f9bb421","name":"Guilherme Ara\u00fajo","image":{"@type":"ImageObject","inLanguage":"pt-BR","@id":"https:\/\/www.em.com.br\/emfoco\/#\/schema\/person\/image\/","url":"https:\/\/secure.gravatar.com\/avatar\/b8bf1fd0130e170bd8f5d7298dbafa25?s=96&d=mm&r=g","contentUrl":"https:\/\/secure.gravatar.com\/avatar\/b8bf1fd0130e170bd8f5d7298dbafa25?s=96&d=mm&r=g","caption":"Guilherme Ara\u00fajo"},"sameAs":["https:\/\/www.em.com.br\/emfoco"],"url":"https:\/\/www.em.com.br\/emfoco\/author\/guilhermeamyth\/"}]}},"_links":{"self":[{"href":"https:\/\/www.em.com.br\/emfoco\/wp-json\/wp\/v2\/posts\/199394","targetHints":{"allow":["GET"]}}],"collection":[{"href":"https:\/\/www.em.com.br\/emfoco\/wp-json\/wp\/v2\/posts"}],"about":[{"href":"https:\/\/www.em.com.br\/emfoco\/wp-json\/wp\/v2\/types\/post"}],"author":[{"embeddable":true,"href":"https:\/\/www.em.com.br\/emfoco\/wp-json\/wp\/v2\/users\/30"}],"replies":[{"embeddable":true,"href":"https:\/\/www.em.com.br\/emfoco\/wp-json\/wp\/v2\/comments?post=199394"}],"version-history":[{"count":1,"href":"https:\/\/www.em.com.br\/emfoco\/wp-json\/wp\/v2\/posts\/199394\/revisions"}],"predecessor-version":[{"id":199447,"href":"https:\/\/www.em.com.br\/emfoco\/wp-json\/wp\/v2\/posts\/199394\/revisions\/199447"}],"wp:featuredmedia":[{"embeddable":true,"href":"https:\/\/www.em.com.br\/emfoco\/wp-json\/wp\/v2\/media\/199437"}],"wp:attachment":[{"href":"https:\/\/www.em.com.br\/emfoco\/wp-json\/wp\/v2\/media?parent=199394"}],"wp:term":[{"taxonomy":"category","embeddable":true,"href":"https:\/\/www.em.com.br\/emfoco\/wp-json\/wp\/v2\/categories?post=199394"},{"taxonomy":"post_tag","embeddable":true,"href":"https:\/\/www.em.com.br\/emfoco\/wp-json\/wp\/v2\/tags?post=199394"}],"curies":[{"name":"wp","href":"https:\/\/api.w.org\/{rel}","templated":true}]}}