{"id":199387,"date":"2026-04-26T06:55:00","date_gmt":"2026-04-26T09:55:00","guid":{"rendered":"https:\/\/www.em.com.br\/emfoco\/?p=199387"},"modified":"2026-04-25T17:27:59","modified_gmt":"2026-04-25T20:27:59","slug":"adeus-ao-cheiro-de-mofo-o-guia-para-manter-lencois-com-frescor-de-recem-lavados","status":"publish","type":"post","link":"https:\/\/www.em.com.br\/emfoco\/2026\/04\/26\/adeus-ao-cheiro-de-mofo-o-guia-para-manter-lencois-com-frescor-de-recem-lavados\/","title":{"rendered":"Adeus ao cheiro de mofo, o guia para manter len\u00e7\u00f3is com frescor de rec\u00e9m-lavados"},"content":{"rendered":"\n<p>Voc\u00ea abre o arm\u00e1rio para preparar o quarto de visitas e sente aquele cheiro de mofo vindo das suas <strong>roupas de cama guardadas<\/strong> h\u00e1 meses. Qual ser\u00e1 o segredo definitivo para manter o frescor e proteger sua fam\u00edlia contra espirros e irrita\u00e7\u00f5es indesejadas?<\/p>\n\n\n\n<h2 class=\"wp-block-heading\">Como lavar as roupas de cama guardadas antes de armazenar<\/h2>\n\n\n\n<p>A limpeza profunda \u00e9 o primeiro passo para garantir que o tecido permane\u00e7a livre de \u00e1caros e fungos durante o armazenamento longo. Utilize sab\u00e3o neutro e evite o excesso de amaciante comercial que pode deixar res\u00edduos gordurosos nas fibras delicadas do enxoval. Essa <strong>higieniza\u00e7\u00e3o criteriosa<\/strong> impede que manchas amareladas apare\u00e7am com o passar das esta\u00e7\u00f5es no seu guarda-roupa.<\/p>\n\n\n\n<p>Enxaguar as pe\u00e7as com uma solu\u00e7\u00e3o de vinagre ajuda a eliminar odores remanescentes e amacia o toque das tramas naturais. Seque tudo completamente em local arejado para que nenhuma umidade residual fique retida entre as dobras do tecido pesado. Manter as <strong>pe\u00e7as secas<\/strong> \u00e9 fundamental para preservar a durabilidade das suas <strong>roupas de cama guardadas<\/strong> com tanto zelo.<\/p>\n\n\n<div class=\"wp-block-image\">\n<figure class=\"aligncenter size-large\"><img loading=\"lazy\" decoding=\"async\" width=\"1024\" height=\"576\" src=\"https:\/\/www.em.com.br\/emfoco\/wp-content\/uploads\/2026\/04\/roupa-de-cama-cheirosa--1024x576.jpg\" alt=\"roupa de cama cheirosa\" class=\"wp-image-199388\" srcset=\"https:\/\/www.em.com.br\/emfoco\/wp-content\/uploads\/2026\/04\/roupa-de-cama-cheirosa--1024x576.jpg 1024w, https:\/\/www.em.com.br\/emfoco\/wp-content\/uploads\/2026\/04\/roupa-de-cama-cheirosa--300x169.jpg 300w, https:\/\/www.em.com.br\/emfoco\/wp-content\/uploads\/2026\/04\/roupa-de-cama-cheirosa--768x432.jpg 768w, https:\/\/www.em.com.br\/emfoco\/wp-content\/uploads\/2026\/04\/roupa-de-cama-cheirosa--750x422.jpg 750w, https:\/\/www.em.com.br\/emfoco\/wp-content\/uploads\/2026\/04\/roupa-de-cama-cheirosa--1140x641.jpg 1140w, https:\/\/www.em.com.br\/emfoco\/wp-content\/uploads\/2026\/04\/roupa-de-cama-cheirosa-.jpg 1280w\" sizes=\"auto, (max-width: 1024px) 100vw, 1024px\" \/><figcaption class=\"wp-element-caption\">Enxaguar as pe\u00e7as com uma solu\u00e7\u00e3o de vinagre ajuda a eliminar odores remanescentes e amacia o toque das tramas naturais<\/figcaption><\/figure><\/div>\n\n\n<p>Leia tamb\u00e9m: <a href=\"https:\/\/www.em.com.br\/emfoco\/2025\/09\/20\/transforme-lixo-em-vida-com-a-compostagem-feita-em-casa\/\" target=\"_blank\" rel=\"noreferrer noopener\">Transforme lixo em vida com a compostagem feita em casa<\/a><\/p>\n\n\n\n<h2 class=\"wp-block-heading\">Onde organizar as roupas de cama guardadas para evitar alergias<\/h2>\n\n\n\n<p>Escolher prateleiras que permitam a circula\u00e7\u00e3o do ar evita que o ambiente fique abafado e prop\u00edcio para a prolifera\u00e7\u00e3o de microrganismos nocivos. Sacos de fechamento a v\u00e1cuo s\u00e3o excelentes aliados para reduzir o volume e isolar o tecido do p\u00f3 externo e da polui\u00e7\u00e3o urbana. Essa <strong>barreira f\u00edsica<\/strong> protege as fibras e garante que o material chegue limpo ao momento do uso.<\/p>\n\n\n\n<p>Evite empilhar muitos jogos pesados uns sobre os outros para n\u00e3o esmagar as tramas e dificultar a ventila\u00e7\u00e3o natural necess\u00e1ria. Caixas de TNT ou algod\u00e3o funcionam melhor que recipientes pl\u00e1sticos herm\u00e9ticos para as suas <strong>roupas de cama guardadas<\/strong> por per\u00edodos extensos. A lista a seguir apresenta itens que auxiliam na manuten\u00e7\u00e3o da sa\u00fade respirat\u00f3ria dentro do arm\u00e1rio para facilitar sua organiza\u00e7\u00e3o di\u00e1ria<\/p>\n\n\n\n<ul class=\"wp-block-list\">\n<li>Sach\u00eas de cedro para repelir insetos e tra\u00e7as de forma totalmente natural.<\/li>\n\n\n\n<li>Antimofo de s\u00edlica para absorver a umidade excessiva do compartimento fechado.<\/li>\n\n\n\n<li>Etiquetas de identifica\u00e7\u00e3o para evitar que voc\u00ea mexa em todas as pe\u00e7as sem necessidade.<\/li>\n<\/ul>\n\n\n\n<figure class=\"wp-block-embed is-type-rich is-provider-pinterest wp-block-embed-pinterest\"><div class=\"wp-block-embed__wrapper\">\n<iframe loading=\"lazy\" title=\"Vem acompanhar comigo como eu fa\u00e7o para deixar a cama super cheirosa. E poder descansar com mais aconchego, desfrutar de um ambiente acolhedor, pois os aromas permite estas sensa\u00e7\u00f5es .Mais informa\u00e7\u00f5es 6699203-3064 para lhe atender. #homespray #essencia #cama\" src=\"https:\/\/assets.pinterest.com\/ext\/embed.html?id=780530179211814211&#038;src=oembed\" height=\"898\" width=\"450\" frameborder=\"0\" scrolling=\"no\" ><\/iframe>\n<\/div><\/figure>\n\n\n\n<h2 class=\"wp-block-heading\">Dicas para manter o perfume suave nos tecidos por mais tempo<\/h2>\n\n\n\n<p>Borrifar \u00e1guas de len\u00e7ol com aromas relaxantes de lavanda ou alecrim traz uma sensa\u00e7\u00e3o de spa para o seu quarto. Prefira ess\u00eancias naturais que n\u00e3o agridam o olfato sens\u00edvel de quem sofre com crises de rinite constantes durante a noite. Essa <strong>perfuma\u00e7\u00e3o estrat\u00e9gica<\/strong> cria uma atmosfera acolhedora e agrad\u00e1vel para um descanso profundo e muito reparador.<\/p>\n\n\n\n<p>Sach\u00eas de sagu com gotas de \u00f3leo essencial podem ser escondidos entre as fronhas para liberar a fragr\u00e2ncia de maneira lenta. Trocar esses aromatizadores a cada tr\u00eas meses garante que o frescor se mantenha presente at\u00e9 o pr\u00f3ximo uso das pe\u00e7as. O uso de <strong>aromas suaves<\/strong> transforma o simples ato de arrumar a cama em um ritual de bem-estar \u00fanico.<\/p>\n\n\n\n<p>Para voc\u00ea que gosta de se cuidar, separamos um v\u00eddeo do canal <a href=\"https:\/\/www.youtube.com\/@casainsana\" target=\"_blank\" rel=\"noreferrer noopener\">Casa Insana <\/a>com dicas para deixar suas roupas de cama limpinhas e cheirosas:<\/p>\n\n\n\n<figure class=\"wp-block-embed is-type-video is-provider-youtube wp-block-embed-youtube wp-embed-aspect-16-9 wp-has-aspect-ratio\"><div class=\"wp-block-embed__wrapper\">\n<div class=\"jeg_video_container jeg_video_content\"><iframe loading=\"lazy\" title=\"3 DICAS QUANDO LAVAR AS  ROUPA DE CAMA | Casa  Insana - Livia Pinna\" width=\"500\" height=\"281\" src=\"https:\/\/www.youtube.com\/embed\/rkHSboOjqrs?feature=oembed\" frameborder=\"0\" allow=\"accelerometer; autoplay; clipboard-write; encrypted-media; gyroscope; picture-in-picture; web-share\" referrerpolicy=\"strict-origin-when-cross-origin\" allowfullscreen><\/iframe><\/div>\n<\/div><\/figure>\n\n\n\n<h2 class=\"wp-block-heading\">Qual o procedimento correto ao retirar as roupas de cama guardadas<\/h2>\n\n\n\n<p>Estender os len\u00e7\u00f3is ao sol por alguns minutos ajuda a eliminar qualquer cheiro de fechado que tenha restado no tecido. Esse choque t\u00e9rmico natural atua como um desinfetante potente e revigora o brilho das cores originais do seu jogo favorito. Tratar as <strong>roupas de cama guardadas<\/strong> com esse banho de luz garante uma cama muito mais convidativa.<\/p>\n\n\n\n<p>Sacudir as pe\u00e7as em ambiente aberto remove o p\u00f3 fino que pode ter se acumulado apesar de todos os cuidados tomados anteriormente. Caso perceba algum odor estranho, prefira fazer uma lavagem r\u00e1pida apenas com \u00e1gua antes de colocar sobre o colch\u00e3o limpo. Essas <strong>atitudes preventivas<\/strong> eliminam gatilhos al\u00e9rgicos e garantem uma noite de sono tranquila para voc\u00ea e sua fam\u00edlia.<\/p>\n\n\n\n<h2 class=\"wp-block-heading\">Mantenha sua casa sempre pronta para o conforto<\/h2>\n\n\n\n<p>Organizar seu arm\u00e1rio com carinho reflete diretamente na qualidade do seu repouso di\u00e1rio e na sua sa\u00fade f\u00edsica. Aplique estas sugest\u00f5es pr\u00e1ticas para transformar o armazenamento em uma tarefa simples e eficiente no seu lar. Voc\u00ea merece desfrutar de um <strong>enxoval sempre impec\u00e1vel<\/strong> e cheiroso em todas as esta\u00e7\u00f5es do ano.<\/p>\n\n\n\n<p>Pequenos h\u00e1bitos de cuidado preservam suas pe\u00e7as favoritas e trazem economia para o seu or\u00e7amento dom\u00e9stico mensal. Siga estas orienta\u00e7\u00f5es para evitar alergias e garantir o m\u00e1ximo de <strong>bem-estar em sua resid\u00eancia<\/strong> de forma permanente. Aproveite cada momento de relaxamento com <strong>total seguran\u00e7a<\/strong> e prazer em sua cama renovada.<\/p>\n","protected":false},"excerpt":{"rendered":"<p>Voc\u00ea abre o arm\u00e1rio para preparar o quarto de visitas e sente aquele cheiro de mofo vindo das suas roupas de cama guardadas h\u00e1 meses. Qual ser\u00e1 o segredo definitivo para manter o frescor e proteger sua fam\u00edlia contra espirros e irrita\u00e7\u00f5es indesejadas? Como lavar as roupas de cama guardadas antes de armazenar A limpeza [&hellip;]<\/p>\n","protected":false},"author":9,"featured_media":199522,"comment_status":"open","ping_status":"open","sticky":false,"template":"","format":"standard","meta":{"jnews-multi-image_gallery":[],"jnews_single_post":{"format":"standard"},"jnews_primary_category":[],"jnews_social_meta":[],"jnews_override_counter":[],"footnotes":""},"categories":[8691,20108],"tags":[28607,28749,28750],"class_list":["post-199387","post","type-post","status-publish","format-standard","has-post-thumbnail","hentry","category-bem-estar","category-noticia","tag-cuidados-com-enxoval","tag-organizacao-de-armarios","tag-prevencao-de-alergias"],"yoast_head":"<!-- This site is optimized with the Yoast SEO plugin v23.8 - https:\/\/yoast.com\/wordpress\/plugins\/seo\/ -->\n<title>Adeus ao cheiro de mofo, o guia para manter len\u00e7\u00f3is com frescor de rec\u00e9m-lavados - Estado de Minas - Em foco<\/title>\n<meta name=\"description\" content=\"Mantenha as roupas de cama guardadas sempre cheirosas e livres de poeira com dicas pr\u00e1ticas para evitar crises al\u00e9rgicas em sua fam\u00edlia.\" \/>\n<meta name=\"robots\" content=\"index, follow, max-snippet:-1, max-image-preview:large, max-video-preview:-1\" \/>\n<link rel=\"canonical\" href=\"https:\/\/www.em.com.br\/emfoco\/2026\/04\/26\/adeus-ao-cheiro-de-mofo-o-guia-para-manter-lencois-com-frescor-de-recem-lavados\/\" \/>\n<meta property=\"og:locale\" content=\"pt_BR\" \/>\n<meta property=\"og:type\" content=\"article\" \/>\n<meta property=\"og:title\" content=\"Adeus ao cheiro de mofo, o guia para manter len\u00e7\u00f3is com frescor de rec\u00e9m-lavados - Estado de Minas - Em foco\" \/>\n<meta property=\"og:description\" content=\"Mantenha as roupas de cama guardadas sempre cheirosas e livres de poeira com dicas pr\u00e1ticas para evitar crises al\u00e9rgicas em sua fam\u00edlia.\" \/>\n<meta property=\"og:url\" content=\"https:\/\/www.em.com.br\/emfoco\/2026\/04\/26\/adeus-ao-cheiro-de-mofo-o-guia-para-manter-lencois-com-frescor-de-recem-lavados\/\" \/>\n<meta property=\"og:site_name\" content=\"Estado de Minas - Em foco\" \/>\n<meta property=\"article:published_time\" content=\"2026-04-26T09:55:00+00:00\" \/>\n<meta property=\"article:modified_time\" content=\"2026-04-25T20:27:59+00:00\" \/>\n<meta property=\"og:image\" content=\"https:\/\/www.em.com.br\/emfoco\/wp-content\/uploads\/2026\/04\/Oeste_49.jpg\" \/>\n\t<meta property=\"og:image:width\" content=\"1280\" \/>\n\t<meta property=\"og:image:height\" content=\"720\" \/>\n\t<meta property=\"og:image:type\" content=\"image\/jpeg\" \/>\n<meta name=\"author\" content=\"Daniely Cardoso\" \/>\n<meta name=\"twitter:card\" content=\"summary_large_image\" \/>\n<meta name=\"twitter:label1\" content=\"Escrito por\" \/>\n\t<meta name=\"twitter:data1\" content=\"Daniely Cardoso\" \/>\n\t<meta name=\"twitter:label2\" content=\"Est. tempo de leitura\" \/>\n\t<meta name=\"twitter:data2\" content=\"5 minutos\" \/>\n<!-- \/ Yoast SEO plugin. -->","yoast_head_json":{"title":"Adeus ao cheiro de mofo, o guia para manter len\u00e7\u00f3is com frescor de rec\u00e9m-lavados - Estado de Minas - Em foco","description":"Mantenha as roupas de cama guardadas sempre cheirosas e livres de poeira com dicas pr\u00e1ticas para evitar crises al\u00e9rgicas em sua fam\u00edlia.","robots":{"index":"index","follow":"follow","max-snippet":"max-snippet:-1","max-image-preview":"max-image-preview:large","max-video-preview":"max-video-preview:-1"},"canonical":"https:\/\/www.em.com.br\/emfoco\/2026\/04\/26\/adeus-ao-cheiro-de-mofo-o-guia-para-manter-lencois-com-frescor-de-recem-lavados\/","og_locale":"pt_BR","og_type":"article","og_title":"Adeus ao cheiro de mofo, o guia para manter len\u00e7\u00f3is com frescor de rec\u00e9m-lavados - Estado de Minas - Em foco","og_description":"Mantenha as roupas de cama guardadas sempre cheirosas e livres de poeira com dicas pr\u00e1ticas para evitar crises al\u00e9rgicas em sua fam\u00edlia.","og_url":"https:\/\/www.em.com.br\/emfoco\/2026\/04\/26\/adeus-ao-cheiro-de-mofo-o-guia-para-manter-lencois-com-frescor-de-recem-lavados\/","og_site_name":"Estado de Minas - Em foco","article_published_time":"2026-04-26T09:55:00+00:00","article_modified_time":"2026-04-25T20:27:59+00:00","og_image":[{"width":1280,"height":720,"url":"https:\/\/www.em.com.br\/emfoco\/wp-content\/uploads\/2026\/04\/Oeste_49.jpg","type":"image\/jpeg"}],"author":"Daniely Cardoso","twitter_card":"summary_large_image","twitter_misc":{"Escrito por":"Daniely Cardoso","Est. tempo de leitura":"5 minutos"},"schema":{"@context":"https:\/\/schema.org","@graph":[{"@type":"WebPage","@id":"https:\/\/www.em.com.br\/emfoco\/2026\/04\/26\/adeus-ao-cheiro-de-mofo-o-guia-para-manter-lencois-com-frescor-de-recem-lavados\/","url":"https:\/\/www.em.com.br\/emfoco\/2026\/04\/26\/adeus-ao-cheiro-de-mofo-o-guia-para-manter-lencois-com-frescor-de-recem-lavados\/","name":"Adeus ao cheiro de mofo, o guia para manter len\u00e7\u00f3is com frescor de rec\u00e9m-lavados - Estado de Minas - Em foco","isPartOf":{"@id":"https:\/\/www.em.com.br\/emfoco\/#website"},"primaryImageOfPage":{"@id":"https:\/\/www.em.com.br\/emfoco\/2026\/04\/26\/adeus-ao-cheiro-de-mofo-o-guia-para-manter-lencois-com-frescor-de-recem-lavados\/#primaryimage"},"image":{"@id":"https:\/\/www.em.com.br\/emfoco\/2026\/04\/26\/adeus-ao-cheiro-de-mofo-o-guia-para-manter-lencois-com-frescor-de-recem-lavados\/#primaryimage"},"thumbnailUrl":"https:\/\/www.em.com.br\/emfoco\/wp-content\/uploads\/2026\/04\/Oeste_49.jpg","datePublished":"2026-04-26T09:55:00+00:00","dateModified":"2026-04-25T20:27:59+00:00","author":{"@id":"https:\/\/www.em.com.br\/emfoco\/#\/schema\/person\/0a8186d72f2c3a5c6276d90b41f271a0"},"description":"Mantenha as roupas de cama guardadas sempre cheirosas e livres de poeira com dicas pr\u00e1ticas para evitar crises al\u00e9rgicas em sua fam\u00edlia.","breadcrumb":{"@id":"https:\/\/www.em.com.br\/emfoco\/2026\/04\/26\/adeus-ao-cheiro-de-mofo-o-guia-para-manter-lencois-com-frescor-de-recem-lavados\/#breadcrumb"},"inLanguage":"pt-BR","potentialAction":[{"@type":"ReadAction","target":["https:\/\/www.em.com.br\/emfoco\/2026\/04\/26\/adeus-ao-cheiro-de-mofo-o-guia-para-manter-lencois-com-frescor-de-recem-lavados\/"]}]},{"@type":"ImageObject","inLanguage":"pt-BR","@id":"https:\/\/www.em.com.br\/emfoco\/2026\/04\/26\/adeus-ao-cheiro-de-mofo-o-guia-para-manter-lencois-com-frescor-de-recem-lavados\/#primaryimage","url":"https:\/\/www.em.com.br\/emfoco\/wp-content\/uploads\/2026\/04\/Oeste_49.jpg","contentUrl":"https:\/\/www.em.com.br\/emfoco\/wp-content\/uploads\/2026\/04\/Oeste_49.jpg","width":1280,"height":720,"caption":"Higieniza\u00e7\u00e3o criteriosa e armazenamento em sacos a v\u00e1cuo preservam o frescor do enxoval guardado"},{"@type":"BreadcrumbList","@id":"https:\/\/www.em.com.br\/emfoco\/2026\/04\/26\/adeus-ao-cheiro-de-mofo-o-guia-para-manter-lencois-com-frescor-de-recem-lavados\/#breadcrumb","itemListElement":[{"@type":"ListItem","position":1,"name":"In\u00edcio","item":"https:\/\/www.em.com.br\/emfoco\/"},{"@type":"ListItem","position":2,"name":"Adeus ao cheiro de mofo, o guia para manter len\u00e7\u00f3is com frescor de rec\u00e9m-lavados"}]},{"@type":"WebSite","@id":"https:\/\/www.em.com.br\/emfoco\/#website","url":"https:\/\/www.em.com.br\/emfoco\/","name":"Estado de Minas - Em foco","description":"Acompanhe as \u00faltimas not\u00edcias e fique bem informado sobre tudo o que acontece em Minas Gerais, Brasil e no mundo.","potentialAction":[{"@type":"SearchAction","target":{"@type":"EntryPoint","urlTemplate":"https:\/\/www.em.com.br\/emfoco\/?s={search_term_string}"},"query-input":{"@type":"PropertyValueSpecification","valueRequired":true,"valueName":"search_term_string"}}],"inLanguage":"pt-BR"},{"@type":"Person","@id":"https:\/\/www.em.com.br\/emfoco\/#\/schema\/person\/0a8186d72f2c3a5c6276d90b41f271a0","name":"Daniely Cardoso","image":{"@type":"ImageObject","inLanguage":"pt-BR","@id":"https:\/\/www.em.com.br\/emfoco\/#\/schema\/person\/image\/","url":"https:\/\/secure.gravatar.com\/avatar\/4b80ddbd124d1f071b626d52d62e5dff?s=96&d=mm&r=g","contentUrl":"https:\/\/secure.gravatar.com\/avatar\/4b80ddbd124d1f071b626d52d62e5dff?s=96&d=mm&r=g","caption":"Daniely Cardoso"},"url":"https:\/\/www.em.com.br\/emfoco\/author\/danielymyth\/"}]}},"_links":{"self":[{"href":"https:\/\/www.em.com.br\/emfoco\/wp-json\/wp\/v2\/posts\/199387","targetHints":{"allow":["GET"]}}],"collection":[{"href":"https:\/\/www.em.com.br\/emfoco\/wp-json\/wp\/v2\/posts"}],"about":[{"href":"https:\/\/www.em.com.br\/emfoco\/wp-json\/wp\/v2\/types\/post"}],"author":[{"embeddable":true,"href":"https:\/\/www.em.com.br\/emfoco\/wp-json\/wp\/v2\/users\/9"}],"replies":[{"embeddable":true,"href":"https:\/\/www.em.com.br\/emfoco\/wp-json\/wp\/v2\/comments?post=199387"}],"version-history":[{"count":1,"href":"https:\/\/www.em.com.br\/emfoco\/wp-json\/wp\/v2\/posts\/199387\/revisions"}],"predecessor-version":[{"id":199389,"href":"https:\/\/www.em.com.br\/emfoco\/wp-json\/wp\/v2\/posts\/199387\/revisions\/199389"}],"wp:featuredmedia":[{"embeddable":true,"href":"https:\/\/www.em.com.br\/emfoco\/wp-json\/wp\/v2\/media\/199522"}],"wp:attachment":[{"href":"https:\/\/www.em.com.br\/emfoco\/wp-json\/wp\/v2\/media?parent=199387"}],"wp:term":[{"taxonomy":"category","embeddable":true,"href":"https:\/\/www.em.com.br\/emfoco\/wp-json\/wp\/v2\/categories?post=199387"},{"taxonomy":"post_tag","embeddable":true,"href":"https:\/\/www.em.com.br\/emfoco\/wp-json\/wp\/v2\/tags?post=199387"}],"curies":[{"name":"wp","href":"https:\/\/api.w.org\/{rel}","templated":true}]}}