{"id":199380,"date":"2026-04-26T20:05:00","date_gmt":"2026-04-26T23:05:00","guid":{"rendered":"https:\/\/www.em.com.br\/emfoco\/?p=199380"},"modified":"2026-04-25T17:35:10","modified_gmt":"2026-04-25T20:35:10","slug":"direto-do-armario-da-vovo-o-carboidrato-do-bem-para-quem-busca-energia-rapida-e-leve","status":"publish","type":"post","link":"https:\/\/www.em.com.br\/emfoco\/2026\/04\/26\/direto-do-armario-da-vovo-o-carboidrato-do-bem-para-quem-busca-energia-rapida-e-leve\/","title":{"rendered":"Direto do arm\u00e1rio da vov\u00f3, o &#8220;carboidrato do bem&#8221; para quem busca energia r\u00e1pida e leve"},"content":{"rendered":"\n<p>Voc\u00ea abre o arm\u00e1rio da cozinha e encontra aquele pote de <strong>araruta<\/strong> que sua av\u00f3 sempre usava para preparar biscoitos leves em tardes de chuva. Qual seria o motivo de um ingrediente t\u00e3o antigo estar voltando com tanta for\u00e7a para as dietas modernas e saud\u00e1veis das mulheres atuais?<\/p>\n\n\n\n<h2 class=\"wp-block-heading\">O que \u00e9 araruta e por qual raz\u00e3o ela \u00e9 especial<\/h2>\n\n\n\n<p>A <strong>araruta<\/strong> \u00e9 uma planta de origem tropical cujas ra\u00edzes produzem um polvilho extremamente fino, branco e muito nutritivo. Esse amido natural se destaca por ser totalmente livre de gl\u00faten e possuir uma digest\u00e3o muito mais r\u00e1pida que o milho tradicional. Muitas mulheres maduras buscam essa alternativa para manter o <strong>conforto g\u00e1strico<\/strong> durante as refei\u00e7\u00f5es di\u00e1rias e garantir mais leveza.<\/p>\n\n\n\n<p>O cultivo dessa raiz segue m\u00e9todos tradicionais que preservam as <strong>propriedades medicinais<\/strong> e os benef\u00edcios nutricionais do alimento em sua forma pura. Ela atua como um agente espessante superior que n\u00e3o altera o sabor original das suas receitas favoritas na cozinha dom\u00e9stica. Escolher esse ingrediente significa resgatar um <strong>segredo culin\u00e1rio<\/strong> valioso para o seu bem-estar f\u00edsico e um sistema digestivo equilibrado.<\/p>\n\n\n<div class=\"wp-block-image\">\n<figure class=\"aligncenter size-large\"><img loading=\"lazy\" decoding=\"async\" width=\"1024\" height=\"576\" src=\"https:\/\/www.em.com.br\/emfoco\/wp-content\/uploads\/2026\/04\/araruta--1024x576.jpg\" alt=\"araruta\" class=\"wp-image-199383\" srcset=\"https:\/\/www.em.com.br\/emfoco\/wp-content\/uploads\/2026\/04\/araruta--1024x576.jpg 1024w, https:\/\/www.em.com.br\/emfoco\/wp-content\/uploads\/2026\/04\/araruta--300x169.jpg 300w, https:\/\/www.em.com.br\/emfoco\/wp-content\/uploads\/2026\/04\/araruta--768x432.jpg 768w, https:\/\/www.em.com.br\/emfoco\/wp-content\/uploads\/2026\/04\/araruta--750x422.jpg 750w, https:\/\/www.em.com.br\/emfoco\/wp-content\/uploads\/2026\/04\/araruta--1140x641.jpg 1140w, https:\/\/www.em.com.br\/emfoco\/wp-content\/uploads\/2026\/04\/araruta-.jpg 1280w\" sizes=\"auto, (max-width: 1024px) 100vw, 1024px\" \/><figcaption class=\"wp-element-caption\">O cultivo dessa raiz segue m\u00e9todos tradicionais que preservam as propriedades medicinais e os benef\u00edcios nutricionais do alimento em sua forma pura<\/figcaption><\/figure><\/div>\n\n\n<p>Leia tamb\u00e9m: <a href=\"https:\/\/www.em.com.br\/emfoco\/2026\/04\/04\/a-folha-dessa-fruta-pode-aliviar-ondas-de-calor-e-ajudar-mulheres-na-menopausa-2\/\" target=\"_blank\" rel=\"noreferrer noopener\">Adeus calor! Os benef\u00edcios da folha de amora na menopausa para um auto cuidado simples<\/a><\/p>\n\n\n\n<h2 class=\"wp-block-heading\">Para que serve a araruta na sua rotina de sa\u00fade<\/h2>\n\n\n\n<p>O uso constante da <strong>araruta<\/strong> auxilia no equil\u00edbrio da flora intestinal e combate quadros de inflama\u00e7\u00e3o abdominal que geram inc\u00f4modo constante. Ela \u00e9 amplamente recomendada para pessoas que possuem <strong>sensibilidade digestiva<\/strong> ou precisam de uma fonte de energia imediata e muito leve. Essa raiz milenar ajuda a <strong>recuperar a vitalidade<\/strong> do organismo ap\u00f3s per\u00edodos de desgaste f\u00edsico intenso ou estresse excessivo no trabalho.<\/p>\n\n\n\n<p>Al\u00e9m disso, o consumo regular favorece a absor\u00e7\u00e3o de nutrientes importantes sem causar aquela sensa\u00e7\u00e3o de peso no est\u00f4mago ap\u00f3s o almo\u00e7o. Voc\u00ea pode aproveitar esses benef\u00edcios atrav\u00e9s de diversas formas de preparo que <strong>facilitam a absor\u00e7\u00e3o<\/strong> dos minerais necess\u00e1rios para o corpo. As sugest\u00f5es a seguir detalham as principais utilidades deste p\u00f3 poderoso para quem deseja manter uma <strong>dieta funcional<\/strong> e nutritiva:<\/p>\n\n\n\n<ul class=\"wp-block-list\">\n<li>Substitui\u00e7\u00e3o de farinhas pesadas em bolos e p\u00e3es para garantir uma massa mais fofa e totalmente aerada.<\/li>\n\n\n\n<li>Preparo de mingaus revigorantes que confortam o organismo e auxiliam no sono durante as noites frias.<\/li>\n\n\n\n<li>Espessamento de molhos gourmet que exigem uma textura brilhante e um visual muito atraente no prato final.<\/li>\n<\/ul>\n\n\n\n<figure class=\"wp-block-embed is-type-rich is-provider-pinterest wp-block-embed-pinterest\"><div class=\"wp-block-embed__wrapper\">\n<iframe loading=\"lazy\" title=\" \" src=\"https:\/\/assets.pinterest.com\/ext\/embed.html?id=380906081003509906&#038;src=oembed\" height=\"449\" width=\"450\" frameborder=\"0\" scrolling=\"no\" ><\/iframe>\n<\/div><\/figure>\n\n\n\n<h2 class=\"wp-block-heading\">Como usar esse polvilho em receitas pr\u00e1ticas<\/h2>\n\n\n\n<p>Para obter o melhor resultado culin\u00e1rio, voc\u00ea deve dissolver o p\u00f3 em um pouco de \u00e1gua fria antes de misturar ao fogo. Esse truque simples evita a forma\u00e7\u00e3o de grumos indesejados e garante uma <strong>textura aveludada<\/strong> e perfeita em suas sobremesas ou caldos. Adicionar essa t\u00e9cnica ao seu repert\u00f3rio transforma a <strong>qualidade final<\/strong> dos seus pratos de maneira surpreendente e com aspecto profissional.<\/p>\n\n\n\n<p>O ingrediente funciona muito bem em receitas de biscoitos sequilhos que derretem na boca e encantam toda a fam\u00edlia reunida no caf\u00e9. Voc\u00ea tamb\u00e9m pode utiliz\u00e1-lo como um substituto eficiente para o amido de milho em preparos que exigem <strong>transpar\u00eancia e brilho<\/strong>. Experimente novas combina\u00e7\u00f5es para <strong>enriquecer seu card\u00e1pio<\/strong> com op\u00e7\u00f5es que promovem sa\u00fade plena e muito prazer gastron\u00f4mico em cada garfada.<\/p>\n\n\n\n<p>Para voc\u00ea que gosta de se cuidar, separamos um v\u00eddeo do canal <a href=\"https:\/\/www.youtube.com\/@conhecimentosantigos\" target=\"_blank\" rel=\"noreferrer noopener\">Conhecimentos Antigos<\/a> com dicas de cuidados e consumo da araruta:<\/p>\n\n\n\n<figure class=\"wp-block-embed is-type-video is-provider-youtube wp-block-embed-youtube wp-embed-aspect-16-9 wp-has-aspect-ratio\"><div class=\"wp-block-embed__wrapper\">\n<div class=\"jeg_video_container jeg_video_content\"><iframe loading=\"lazy\" title=\"ARARUTA: TRATA A PELE, INTESTINO, DIARREIAS E MUITO MAIS!\" width=\"500\" height=\"281\" src=\"https:\/\/www.youtube.com\/embed\/W1T3fmp6v40?feature=oembed\" frameborder=\"0\" allow=\"accelerometer; autoplay; clipboard-write; encrypted-media; gyroscope; picture-in-picture; web-share\" referrerpolicy=\"strict-origin-when-cross-origin\" allowfullscreen><\/iframe><\/div>\n<\/div><\/figure>\n\n\n\n<h2 class=\"wp-block-heading\">Dicas extras sobre como usar araruta no dia a dia<\/h2>\n\n\n\n<p>Armazenar a <strong>araruta<\/strong> em recipientes de vidro bem vedados mant\u00e9m o frescor e a pureza do produto por muito mais tempo. Evite a exposi\u00e7\u00e3o direta \u00e0 luz solar para preservar todas as <strong>vitaminas e minerais<\/strong> presentes nessa farinha t\u00e3o delicada e rara. Esse cuidado b\u00e1sico assegura que voc\u00ea tenha sempre um <strong>aliado poderoso<\/strong> para preparar refei\u00e7\u00f5es r\u00e1pidas e equilibradas na sua rotina.<\/p>\n\n\n\n<p>Muitas mulheres utilizam a mistura como base para cremes caseiros que ajudam a acalmar peles sens\u00edveis ou irritadas pelo calor do sol. Essa aplica\u00e7\u00e3o t\u00f3pica demonstra a versatilidade de um produto que vai muito al\u00e9m da <strong>culin\u00e1ria saud\u00e1vel<\/strong> e dos pratos tradicionais. Aproveite cada grama desse p\u00f3 para <strong>elevar sua autoestima<\/strong> e cuidar da sa\u00fade da sua fam\u00edlia com total naturalidade.<\/p>\n\n\n\n<h2 class=\"wp-block-heading\">Adote novos h\u00e1bitos para uma vida mais leve<\/h2>\n\n\n\n<p>Pequenas trocas na despensa geram impactos gigantescos no seu bem-estar f\u00edsico e mental ao longo das semanas de uso. Valorize os ingredientes que trazem <strong>conforto e nutri\u00e7\u00e3o<\/strong> para o seu cotidiano de forma simples e muito pr\u00e1tica. Voc\u00ea merece experimentar o <strong>equil\u00edbrio natural<\/strong> que a alimenta\u00e7\u00e3o consciente proporciona para o corpo e para a alma.<\/p>\n\n\n\n<p>Busque resgatar tradi\u00e7\u00f5es que promovem uma <strong>sa\u00fade duradoura<\/strong> e cheia de vitalidade para enfrentar os desafios di\u00e1rios com disposi\u00e7\u00e3o. Compartilhe essas dicas com suas amigas e incentive <strong>escolhas conscientes<\/strong> dentro do seu c\u00edrculo social e familiar mais pr\u00f3ximo. Sinta a diferen\u00e7a positiva ao cuidar do seu pr\u00f3prio organismo com todo o <strong>carinho e sabedoria<\/strong>.<\/p>\n","protected":false},"excerpt":{"rendered":"<p>Voc\u00ea abre o arm\u00e1rio da cozinha e encontra aquele pote de araruta que sua av\u00f3 sempre usava para preparar biscoitos leves em tardes de chuva. Qual seria o motivo de um ingrediente t\u00e3o antigo estar voltando com tanta for\u00e7a para as dietas modernas e saud\u00e1veis das mulheres atuais? O que \u00e9 araruta e por qual [&hellip;]<\/p>\n","protected":false},"author":9,"featured_media":199545,"comment_status":"open","ping_status":"open","sticky":false,"template":"","format":"standard","meta":{"jnews-multi-image_gallery":[],"jnews_single_post":{"format":"standard"},"jnews_primary_category":[],"jnews_social_meta":[],"jnews_override_counter":[],"footnotes":""},"categories":[8691],"tags":[911,28748,28747],"class_list":["post-199380","post","type-post","status-publish","format-standard","has-post-thumbnail","hentry","category-bem-estar","tag-alimentacao-saudavel","tag-culinaria-funcional","tag-gluten-free"],"yoast_head":"<!-- This site is optimized with the Yoast SEO plugin v23.8 - https:\/\/yoast.com\/wordpress\/plugins\/seo\/ -->\n<title>Direto do arm\u00e1rio da vov\u00f3, o &quot;carboidrato do bem&quot; para quem busca energia r\u00e1pida e leve - Estado de Minas - Em foco<\/title>\n<meta name=\"description\" content=\"Aprenda como usar a araruta para melhorar sua digest\u00e3o e sa\u00fade. Veja receitas pr\u00e1ticas e os benef\u00edcios desse ingrediente natural e leve.\" \/>\n<meta name=\"robots\" content=\"index, follow, max-snippet:-1, max-image-preview:large, max-video-preview:-1\" \/>\n<link rel=\"canonical\" href=\"https:\/\/www.em.com.br\/emfoco\/2026\/04\/26\/direto-do-armario-da-vovo-o-carboidrato-do-bem-para-quem-busca-energia-rapida-e-leve\/\" \/>\n<meta property=\"og:locale\" content=\"pt_BR\" \/>\n<meta property=\"og:type\" content=\"article\" \/>\n<meta property=\"og:title\" content=\"Direto do arm\u00e1rio da vov\u00f3, o &quot;carboidrato do bem&quot; para quem busca energia r\u00e1pida e leve - Estado de Minas - Em foco\" \/>\n<meta property=\"og:description\" content=\"Aprenda como usar a araruta para melhorar sua digest\u00e3o e sa\u00fade. Veja receitas pr\u00e1ticas e os benef\u00edcios desse ingrediente natural e leve.\" \/>\n<meta property=\"og:url\" content=\"https:\/\/www.em.com.br\/emfoco\/2026\/04\/26\/direto-do-armario-da-vovo-o-carboidrato-do-bem-para-quem-busca-energia-rapida-e-leve\/\" \/>\n<meta property=\"og:site_name\" content=\"Estado de Minas - Em foco\" \/>\n<meta property=\"article:published_time\" content=\"2026-04-26T23:05:00+00:00\" \/>\n<meta property=\"article:modified_time\" content=\"2026-04-25T20:35:10+00:00\" \/>\n<meta property=\"og:image\" content=\"https:\/\/www.em.com.br\/emfoco\/wp-content\/uploads\/2026\/04\/Oeste_55.jpg\" \/>\n\t<meta property=\"og:image:width\" content=\"1280\" \/>\n\t<meta property=\"og:image:height\" content=\"720\" \/>\n\t<meta property=\"og:image:type\" content=\"image\/jpeg\" \/>\n<meta name=\"author\" content=\"Daniely Cardoso\" \/>\n<meta name=\"twitter:card\" content=\"summary_large_image\" \/>\n<meta name=\"twitter:label1\" content=\"Escrito por\" \/>\n\t<meta name=\"twitter:data1\" content=\"Daniely Cardoso\" \/>\n\t<meta name=\"twitter:label2\" content=\"Est. tempo de leitura\" \/>\n\t<meta name=\"twitter:data2\" content=\"5 minutos\" \/>\n<!-- \/ Yoast SEO plugin. -->","yoast_head_json":{"title":"Direto do arm\u00e1rio da vov\u00f3, o \"carboidrato do bem\" para quem busca energia r\u00e1pida e leve - Estado de Minas - Em foco","description":"Aprenda como usar a araruta para melhorar sua digest\u00e3o e sa\u00fade. Veja receitas pr\u00e1ticas e os benef\u00edcios desse ingrediente natural e leve.","robots":{"index":"index","follow":"follow","max-snippet":"max-snippet:-1","max-image-preview":"max-image-preview:large","max-video-preview":"max-video-preview:-1"},"canonical":"https:\/\/www.em.com.br\/emfoco\/2026\/04\/26\/direto-do-armario-da-vovo-o-carboidrato-do-bem-para-quem-busca-energia-rapida-e-leve\/","og_locale":"pt_BR","og_type":"article","og_title":"Direto do arm\u00e1rio da vov\u00f3, o \"carboidrato do bem\" para quem busca energia r\u00e1pida e leve - Estado de Minas - Em foco","og_description":"Aprenda como usar a araruta para melhorar sua digest\u00e3o e sa\u00fade. Veja receitas pr\u00e1ticas e os benef\u00edcios desse ingrediente natural e leve.","og_url":"https:\/\/www.em.com.br\/emfoco\/2026\/04\/26\/direto-do-armario-da-vovo-o-carboidrato-do-bem-para-quem-busca-energia-rapida-e-leve\/","og_site_name":"Estado de Minas - Em foco","article_published_time":"2026-04-26T23:05:00+00:00","article_modified_time":"2026-04-25T20:35:10+00:00","og_image":[{"width":1280,"height":720,"url":"https:\/\/www.em.com.br\/emfoco\/wp-content\/uploads\/2026\/04\/Oeste_55.jpg","type":"image\/jpeg"}],"author":"Daniely Cardoso","twitter_card":"summary_large_image","twitter_misc":{"Escrito por":"Daniely Cardoso","Est. tempo de leitura":"5 minutos"},"schema":{"@context":"https:\/\/schema.org","@graph":[{"@type":"WebPage","@id":"https:\/\/www.em.com.br\/emfoco\/2026\/04\/26\/direto-do-armario-da-vovo-o-carboidrato-do-bem-para-quem-busca-energia-rapida-e-leve\/","url":"https:\/\/www.em.com.br\/emfoco\/2026\/04\/26\/direto-do-armario-da-vovo-o-carboidrato-do-bem-para-quem-busca-energia-rapida-e-leve\/","name":"Direto do arm\u00e1rio da vov\u00f3, o \"carboidrato do bem\" para quem busca energia r\u00e1pida e leve - Estado de Minas - Em foco","isPartOf":{"@id":"https:\/\/www.em.com.br\/emfoco\/#website"},"primaryImageOfPage":{"@id":"https:\/\/www.em.com.br\/emfoco\/2026\/04\/26\/direto-do-armario-da-vovo-o-carboidrato-do-bem-para-quem-busca-energia-rapida-e-leve\/#primaryimage"},"image":{"@id":"https:\/\/www.em.com.br\/emfoco\/2026\/04\/26\/direto-do-armario-da-vovo-o-carboidrato-do-bem-para-quem-busca-energia-rapida-e-leve\/#primaryimage"},"thumbnailUrl":"https:\/\/www.em.com.br\/emfoco\/wp-content\/uploads\/2026\/04\/Oeste_55.jpg","datePublished":"2026-04-26T23:05:00+00:00","dateModified":"2026-04-25T20:35:10+00:00","author":{"@id":"https:\/\/www.em.com.br\/emfoco\/#\/schema\/person\/0a8186d72f2c3a5c6276d90b41f271a0"},"description":"Aprenda como usar a araruta para melhorar sua digest\u00e3o e sa\u00fade. Veja receitas pr\u00e1ticas e os benef\u00edcios desse ingrediente natural e leve.","breadcrumb":{"@id":"https:\/\/www.em.com.br\/emfoco\/2026\/04\/26\/direto-do-armario-da-vovo-o-carboidrato-do-bem-para-quem-busca-energia-rapida-e-leve\/#breadcrumb"},"inLanguage":"pt-BR","potentialAction":[{"@type":"ReadAction","target":["https:\/\/www.em.com.br\/emfoco\/2026\/04\/26\/direto-do-armario-da-vovo-o-carboidrato-do-bem-para-quem-busca-energia-rapida-e-leve\/"]}]},{"@type":"ImageObject","inLanguage":"pt-BR","@id":"https:\/\/www.em.com.br\/emfoco\/2026\/04\/26\/direto-do-armario-da-vovo-o-carboidrato-do-bem-para-quem-busca-energia-rapida-e-leve\/#primaryimage","url":"https:\/\/www.em.com.br\/emfoco\/wp-content\/uploads\/2026\/04\/Oeste_55.jpg","contentUrl":"https:\/\/www.em.com.br\/emfoco\/wp-content\/uploads\/2026\/04\/Oeste_55.jpg","width":1280,"height":720,"caption":"Polvilho natural de araruta auxilia no equil\u00edbrio da flora e conforto g\u00e1strico di\u00e1rio"},{"@type":"BreadcrumbList","@id":"https:\/\/www.em.com.br\/emfoco\/2026\/04\/26\/direto-do-armario-da-vovo-o-carboidrato-do-bem-para-quem-busca-energia-rapida-e-leve\/#breadcrumb","itemListElement":[{"@type":"ListItem","position":1,"name":"In\u00edcio","item":"https:\/\/www.em.com.br\/emfoco\/"},{"@type":"ListItem","position":2,"name":"Direto do arm\u00e1rio da vov\u00f3, o &#8220;carboidrato do bem&#8221; para quem busca energia r\u00e1pida e leve"}]},{"@type":"WebSite","@id":"https:\/\/www.em.com.br\/emfoco\/#website","url":"https:\/\/www.em.com.br\/emfoco\/","name":"Estado de Minas - Em foco","description":"Acompanhe as \u00faltimas not\u00edcias e fique bem informado sobre tudo o que acontece em Minas Gerais, Brasil e no mundo.","potentialAction":[{"@type":"SearchAction","target":{"@type":"EntryPoint","urlTemplate":"https:\/\/www.em.com.br\/emfoco\/?s={search_term_string}"},"query-input":{"@type":"PropertyValueSpecification","valueRequired":true,"valueName":"search_term_string"}}],"inLanguage":"pt-BR"},{"@type":"Person","@id":"https:\/\/www.em.com.br\/emfoco\/#\/schema\/person\/0a8186d72f2c3a5c6276d90b41f271a0","name":"Daniely Cardoso","image":{"@type":"ImageObject","inLanguage":"pt-BR","@id":"https:\/\/www.em.com.br\/emfoco\/#\/schema\/person\/image\/","url":"https:\/\/secure.gravatar.com\/avatar\/4b80ddbd124d1f071b626d52d62e5dff?s=96&d=mm&r=g","contentUrl":"https:\/\/secure.gravatar.com\/avatar\/4b80ddbd124d1f071b626d52d62e5dff?s=96&d=mm&r=g","caption":"Daniely Cardoso"},"url":"https:\/\/www.em.com.br\/emfoco\/author\/danielymyth\/"}]}},"_links":{"self":[{"href":"https:\/\/www.em.com.br\/emfoco\/wp-json\/wp\/v2\/posts\/199380","targetHints":{"allow":["GET"]}}],"collection":[{"href":"https:\/\/www.em.com.br\/emfoco\/wp-json\/wp\/v2\/posts"}],"about":[{"href":"https:\/\/www.em.com.br\/emfoco\/wp-json\/wp\/v2\/types\/post"}],"author":[{"embeddable":true,"href":"https:\/\/www.em.com.br\/emfoco\/wp-json\/wp\/v2\/users\/9"}],"replies":[{"embeddable":true,"href":"https:\/\/www.em.com.br\/emfoco\/wp-json\/wp\/v2\/comments?post=199380"}],"version-history":[{"count":2,"href":"https:\/\/www.em.com.br\/emfoco\/wp-json\/wp\/v2\/posts\/199380\/revisions"}],"predecessor-version":[{"id":199384,"href":"https:\/\/www.em.com.br\/emfoco\/wp-json\/wp\/v2\/posts\/199380\/revisions\/199384"}],"wp:featuredmedia":[{"embeddable":true,"href":"https:\/\/www.em.com.br\/emfoco\/wp-json\/wp\/v2\/media\/199545"}],"wp:attachment":[{"href":"https:\/\/www.em.com.br\/emfoco\/wp-json\/wp\/v2\/media?parent=199380"}],"wp:term":[{"taxonomy":"category","embeddable":true,"href":"https:\/\/www.em.com.br\/emfoco\/wp-json\/wp\/v2\/categories?post=199380"},{"taxonomy":"post_tag","embeddable":true,"href":"https:\/\/www.em.com.br\/emfoco\/wp-json\/wp\/v2\/tags?post=199380"}],"curies":[{"name":"wp","href":"https:\/\/api.w.org\/{rel}","templated":true}]}}