{"id":199370,"date":"2026-04-26T21:05:00","date_gmt":"2026-04-27T00:05:00","guid":{"rendered":"https:\/\/www.em.com.br\/emfoco\/?p=199370"},"modified":"2026-04-25T17:35:27","modified_gmt":"2026-04-25T20:35:27","slug":"os-riscos-silenciosos-da-privacao-do-sono-que-muitas-mulheres-ignoram-e-podem-afetar-corpo-e-mente","status":"publish","type":"post","link":"https:\/\/www.em.com.br\/emfoco\/2026\/04\/26\/os-riscos-silenciosos-da-privacao-do-sono-que-muitas-mulheres-ignoram-e-podem-afetar-corpo-e-mente\/","title":{"rendered":"Os riscos silenciosos da priva\u00e7\u00e3o do sono que muitas mulheres ignoram e podem afetar corpo e mente"},"content":{"rendered":"\n<p>Voc\u00ea olha no espelho de manh\u00e3 e percebe olheiras profundas ap\u00f3s mais uma noite lidando com a <strong>priva\u00e7\u00e3o do sono<\/strong> em sil\u00eancio. O que muitas mulheres maduras ignoram \u00e9 o impacto invis\u00edvel que esse descanso interrompido causa na sa\u00fade mental e f\u00edsica a longo prazo.<\/p>\n\n\n\n<h2 class=\"wp-block-heading\">Quais s\u00e3o os riscos reais da priva\u00e7\u00e3o do sono para a sa\u00fade madura<\/h2>\n\n\n\n<p>A falta de repouso adequado prejudica seriamente o funcionamento do c\u00e9rebro e a capacidade de tomar decis\u00f5es r\u00e1pidas durante o seu dia exaustivo. A <strong>priva\u00e7\u00e3o do sono<\/strong> afeta a mem\u00f3ria de curto prazo e dificulta muito o foco em tarefas profissionais que exigem racioc\u00ednio l\u00f3gico constante. O corpo feminino precisa desse intervalo noturno longo para realizar uma <strong>limpeza profunda<\/strong> das toxinas acumuladas no sistema nervoso central.<\/p>\n\n\n\n<p>O sistema imunol\u00f3gico fica fragilizado e abre portas para doen\u00e7as oportunistas frequentes e infec\u00e7\u00f5es que surgem de forma recorrente em nosso organismo. O cora\u00e7\u00e3o tamb\u00e9m sofre press\u00e3o desnecess\u00e1ria quando n\u00e3o atingimos as fases profundas do relaxamento necess\u00e1rio para a <strong>recupera\u00e7\u00e3o cardiovascular<\/strong> eficiente. Manter uma rotina est\u00e1vel protege sua <strong>longevidade f\u00edsica<\/strong> e garante maior disposi\u00e7\u00e3o para aproveitar a vida com alegria renovada.<\/p>\n\n\n<div class=\"wp-block-image\">\n<figure class=\"aligncenter size-large\"><img loading=\"lazy\" decoding=\"async\" width=\"1024\" height=\"576\" src=\"https:\/\/www.em.com.br\/emfoco\/wp-content\/uploads\/2026\/04\/privacao-do-sono_1777141530501-1024x576.jpg\" alt=\"priva\u00e7\u00e3o do sono\" class=\"wp-image-199371\" srcset=\"https:\/\/www.em.com.br\/emfoco\/wp-content\/uploads\/2026\/04\/privacao-do-sono_1777141530501-1024x576.jpg 1024w, https:\/\/www.em.com.br\/emfoco\/wp-content\/uploads\/2026\/04\/privacao-do-sono_1777141530501-300x169.jpg 300w, https:\/\/www.em.com.br\/emfoco\/wp-content\/uploads\/2026\/04\/privacao-do-sono_1777141530501-768x432.jpg 768w, https:\/\/www.em.com.br\/emfoco\/wp-content\/uploads\/2026\/04\/privacao-do-sono_1777141530501-750x422.jpg 750w, https:\/\/www.em.com.br\/emfoco\/wp-content\/uploads\/2026\/04\/privacao-do-sono_1777141530501-1140x641.jpg 1140w, https:\/\/www.em.com.br\/emfoco\/wp-content\/uploads\/2026\/04\/privacao-do-sono_1777141530501.jpg 1280w\" sizes=\"auto, (max-width: 1024px) 100vw, 1024px\" \/><figcaption class=\"wp-element-caption\">O sistema imunol\u00f3gico fica fragilizado e abre portas para doen\u00e7as oportunistas frequentes e infec\u00e7\u00f5es que surgem de forma recorrente em nosso organismo &#8211; Cr\u00e9ditos: depositphotos.com \/ sbartsmedia<\/figcaption><\/figure><\/div>\n\n\n<p>Leia tamb\u00e9m: <a href=\"https:\/\/www.em.com.br\/emfoco\/2026\/04\/04\/a-folha-dessa-fruta-pode-aliviar-ondas-de-calor-e-ajudar-mulheres-na-menopausa-2\/\" target=\"_blank\" rel=\"noreferrer noopener\">Adeus calor! Os benef\u00edcios da folha de amora na menopausa para um auto cuidado simples<\/a><\/p>\n\n\n\n<h2 class=\"wp-block-heading\">Como a priva\u00e7\u00e3o do sono altera o metabolismo e o peso corporal<\/h2>\n\n\n\n<p>Muitas mulheres encontram dificuldade em emagrecer justamente por estarem sofrendo com a <strong>priva\u00e7\u00e3o do sono<\/strong> de forma cr\u00f4nica e persistente. A falta de descanso altera a produ\u00e7\u00e3o de horm\u00f4nios que controlam a saciedade e aumentam a vontade de comer doces cal\u00f3ricos. Esse desequil\u00edbrio metab\u00f3lico gera um ciclo vicioso de cansa\u00e7o e <strong>ganho de peso<\/strong> indesejado que afeta a autoestima e a sa\u00fade.<\/p>\n\n\n\n<p>O corpo entende a falta de descanso como um estado de estresse constante e passa a estocar gordura de maneira ineficiente no abd\u00f4men. Regularizar o hor\u00e1rio de deitar ajuda a normalizar os n\u00edveis de insulina e facilita a manuten\u00e7\u00e3o de uma <strong>composi\u00e7\u00e3o corporal<\/strong> saud\u00e1vel e equilibrada. O acompanhamento da lista de sintomas a seguir auxilia a identificar se o seu metabolismo est\u00e1 sendo prejudicado pelo <strong>repouso insuficiente<\/strong>:<\/p>\n\n\n\n<ul class=\"wp-block-list\">\n<li>Fome excessiva e vontade constante de ingerir alimentos ultraprocessados ou ricos em a\u00e7\u00facar refinado.<\/li>\n\n\n\n<li>Diminui\u00e7\u00e3o brusca na velocidade da queima cal\u00f3rica durante a realiza\u00e7\u00e3o das atividades dom\u00e9sticas di\u00e1rias e simples.<\/li>\n\n\n\n<li>Reten\u00e7\u00e3o de l\u00edquidos percept\u00edvel e sensa\u00e7\u00e3o de incha\u00e7o abdominal ao longo de toda a semana cansativa.<\/li>\n<\/ul>\n\n\n\n<figure class=\"wp-block-embed is-type-rich is-provider-pinterest wp-block-embed-pinterest\"><div class=\"wp-block-embed__wrapper\">\n<iframe loading=\"lazy\" title=\"Rompa o ciclo da priva\u00e7\u00e3o de sono \ud83d\ude34A ansiedade pode causar priva\u00e7\u00e3o de sono, enfraquecendo o corpo e afetando o humor e a mente. Rompa esse ciclo com h\u00e1bitos saud\u00e1veis e apoio profissional. Cuide-se!Acesse nosso link na Bio \ud83d\ude0a#sono #ansiedade #ins\u00f4nia #habitos #autocuidado #saudemental #bemestar #rotinanocturna #equilibrio #vidasaudavel\" src=\"https:\/\/assets.pinterest.com\/ext\/embed.html?id=936185841295700573&#038;src=oembed\" height=\"899\" width=\"450\" frameborder=\"0\" scrolling=\"no\" ><\/iframe>\n<\/div><\/figure>\n\n\n\n<h2 class=\"wp-block-heading\">Sinais de alerta da priva\u00e7\u00e3o do sono no comportamento feminino<\/h2>\n\n\n\n<p>A irritabilidade frequente e as mudan\u00e7as repentinas de humor s\u00e3o reflexos biol\u00f3gicos diretos da <strong>priva\u00e7\u00e3o do sono<\/strong> mal administrada na rotina. Pequenos problemas do cotidiano parecem montanhas intranspon\u00edveis quando a mente n\u00e3o teve tempo de processar as emo\u00e7\u00f5es do dia anterior com calma. Priorizar o repouso \u00e9 um ato de <strong>amor pr\u00f3prio<\/strong> que melhora significativamente a conviv\u00eancia social com a fam\u00edlia e os colegas.<\/p>\n\n\n\n<p>O estresse oxidativo causado pela vig\u00edlia for\u00e7ada acelera o envelhecimento da pele e diminui o brilho natural do rosto cansado e sem vida. Investir em cosm\u00e9ticos caros n\u00e3o resolve o problema se a base do autocuidado for negligenciada durante as noites de <strong>ins\u00f4nia persistente<\/strong>. Adote t\u00e9cnicas de medita\u00e7\u00e3o guiada antes de deitar para garantir que o seu sistema nervoso consiga <strong>desligar completamente<\/strong> das preocupa\u00e7\u00f5es do trabalho.<\/p>\n\n\n\n<p>Para voc\u00ea que gosta de se cuidar, separamos um v\u00eddeo do canal <a href=\"https:\/\/www.youtube.com\/@Eurekka\" target=\"_blank\" rel=\"noreferrer noopener\">Eurekka<\/a> com mais sobre priva\u00e7\u00e3o do sono:<\/p>\n\n\n\n<figure class=\"wp-block-embed is-type-video is-provider-youtube wp-block-embed-youtube wp-embed-aspect-16-9 wp-has-aspect-ratio\"><div class=\"wp-block-embed__wrapper\">\n<div class=\"jeg_video_container jeg_video_content\"><iframe loading=\"lazy\" title=\"Quais PROBLEMAS a PRIVA\u00c7\u00c3O DO SONO pode causar? | Eurekka\" width=\"500\" height=\"281\" src=\"https:\/\/www.youtube.com\/embed\/GfDEzsdh9fU?feature=oembed\" frameborder=\"0\" allow=\"accelerometer; autoplay; clipboard-write; encrypted-media; gyroscope; picture-in-picture; web-share\" referrerpolicy=\"strict-origin-when-cross-origin\" allowfullscreen><\/iframe><\/div>\n<\/div><\/figure>\n\n\n\n<h2 class=\"wp-block-heading\">Melhores h\u00e1bitos de higiene para garantir um descanso reparador<\/h2>\n\n\n\n<p>Criar um ambiente escuro e silencioso favorece a libera\u00e7\u00e3o natural de horm\u00f4nios importantes pelo organismo humano durante o per\u00edodo da noite. Desligar aparelhos eletr\u00f4nicos e telas de celular pelo menos uma hora antes de deitar \u00e9 uma <strong>escolha produtiva<\/strong> para sua mente. Essa desconex\u00e3o digital prepara o c\u00e9rebro para entrar em um estado de tranquilidade plena e <strong>repouso aut\u00eantico<\/strong> de alta qualidade.<\/p>\n\n\n\n<p>Manter o quarto com uma temperatura agrad\u00e1vel contribui para que o corpo n\u00e3o precise lutar contra o calor excessivo ou o frio intenso. O uso de ch\u00e1s naturais sem <strong>estimulantes naturais<\/strong> ajuda a sinalizar para o c\u00e9rebro que o momento de relaxar finalmente chegou em casa. Veja abaixo algumas pr\u00e1ticas que transformam o seu quarto em um verdadeiro <strong>santu\u00e1rio dedicado<\/strong> ao sono profundo e restaurador:<\/p>\n\n\n<div class=\"wp-block-image\">\n<figure class=\"aligncenter size-large\"><img loading=\"lazy\" decoding=\"async\" width=\"1024\" height=\"208\" src=\"https:\/\/www.em.com.br\/emfoco\/wp-content\/uploads\/2026\/04\/convertido-15-1024x208.jpg\" alt=\"\" class=\"wp-image-199456\" srcset=\"https:\/\/www.em.com.br\/emfoco\/wp-content\/uploads\/2026\/04\/convertido-15-1024x208.jpg 1024w, https:\/\/www.em.com.br\/emfoco\/wp-content\/uploads\/2026\/04\/convertido-15-300x61.jpg 300w, https:\/\/www.em.com.br\/emfoco\/wp-content\/uploads\/2026\/04\/convertido-15-768x156.jpg 768w, https:\/\/www.em.com.br\/emfoco\/wp-content\/uploads\/2026\/04\/convertido-15-750x152.jpg 750w, https:\/\/www.em.com.br\/emfoco\/wp-content\/uploads\/2026\/04\/convertido-15-1140x232.jpg 1140w, https:\/\/www.em.com.br\/emfoco\/wp-content\/uploads\/2026\/04\/convertido-15.jpg 1280w\" sizes=\"auto, (max-width: 1024px) 100vw, 1024px\" \/><\/figure><\/div>\n\n\n<h2 class=\"wp-block-heading\">Como retomar o controle da sua rotina noturna agora<\/h2>\n\n\n\n<p>Valorize cada minuto de repouso como um rem\u00e9dio natural para sua mente cansada. Mude seus h\u00e1bitos gradualmente e observe como a disposi\u00e7\u00e3o matinal retorna com <strong>clareza mental<\/strong> absoluta. O autocuidado come\u00e7a no momento em que voc\u00ea decide <strong>respeitar seu limite<\/strong> biol\u00f3gico todas as noites.<\/p>\n\n\n\n<p>N\u00e3o aceite o cansa\u00e7o extremo como algo comum das suas obriga\u00e7\u00f5es di\u00e1rias e exaustivas. Busque ajuda especializada se o problema persistir para preservar sua <strong>sa\u00fade integral<\/strong> sempre com dedica\u00e7\u00e3o. Durma bem e acorde pronta para viver uma <strong>vida plena<\/strong> e cheia de novos prop\u00f3sitos hoje.<\/p>\n","protected":false},"excerpt":{"rendered":"<p>Voc\u00ea olha no espelho de manh\u00e3 e percebe olheiras profundas ap\u00f3s mais uma noite lidando com a priva\u00e7\u00e3o do sono em sil\u00eancio. O que muitas mulheres maduras ignoram \u00e9 o impacto invis\u00edvel que esse descanso interrompido causa na sa\u00fade mental e f\u00edsica a longo prazo. Quais s\u00e3o os riscos reais da priva\u00e7\u00e3o do sono para [&hellip;]<\/p>\n","protected":false},"author":9,"featured_media":199543,"comment_status":"open","ping_status":"open","sticky":false,"template":"","format":"standard","meta":{"jnews-multi-image_gallery":[],"jnews_single_post":{"format":"standard"},"jnews_primary_category":[],"jnews_social_meta":[],"jnews_override_counter":[],"footnotes":""},"categories":[8691,9053],"tags":[8373,12862,6098],"class_list":["post-199370","post","type-post","status-publish","format-standard","has-post-thumbnail","hentry","category-bem-estar","category-saude","tag-bem-estar-mental","tag-higiene-do-sono","tag-saude-da-mulher"],"yoast_head":"<!-- This site is optimized with the Yoast SEO plugin v23.8 - https:\/\/yoast.com\/wordpress\/plugins\/seo\/ -->\n<title>Os riscos silenciosos da priva\u00e7\u00e3o do sono que muitas mulheres ignoram e podem afetar corpo e mente - Estado de Minas - Em foco<\/title>\n<meta name=\"description\" content=\"Entenda como a priva\u00e7\u00e3o do sono prejudica a sa\u00fade feminina e o metabolismo. Aprenda h\u00e1bitos simples para dormir melhor e ter mais energia.\" \/>\n<meta name=\"robots\" content=\"index, follow, max-snippet:-1, max-image-preview:large, max-video-preview:-1\" \/>\n<link rel=\"canonical\" href=\"https:\/\/www.em.com.br\/emfoco\/2026\/04\/26\/os-riscos-silenciosos-da-privacao-do-sono-que-muitas-mulheres-ignoram-e-podem-afetar-corpo-e-mente\/\" \/>\n<meta property=\"og:locale\" content=\"pt_BR\" \/>\n<meta property=\"og:type\" content=\"article\" \/>\n<meta property=\"og:title\" content=\"Os riscos silenciosos da priva\u00e7\u00e3o do sono que muitas mulheres ignoram e podem afetar corpo e mente - Estado de Minas - Em foco\" \/>\n<meta property=\"og:description\" content=\"Entenda como a priva\u00e7\u00e3o do sono prejudica a sa\u00fade feminina e o metabolismo. Aprenda h\u00e1bitos simples para dormir melhor e ter mais energia.\" \/>\n<meta property=\"og:url\" content=\"https:\/\/www.em.com.br\/emfoco\/2026\/04\/26\/os-riscos-silenciosos-da-privacao-do-sono-que-muitas-mulheres-ignoram-e-podem-afetar-corpo-e-mente\/\" \/>\n<meta property=\"og:site_name\" content=\"Estado de Minas - Em foco\" \/>\n<meta property=\"article:published_time\" content=\"2026-04-27T00:05:00+00:00\" \/>\n<meta property=\"article:modified_time\" content=\"2026-04-25T20:35:27+00:00\" \/>\n<meta property=\"og:image\" content=\"https:\/\/www.em.com.br\/emfoco\/wp-content\/uploads\/2026\/04\/Oeste_57.jpg\" \/>\n\t<meta property=\"og:image:width\" content=\"1280\" \/>\n\t<meta property=\"og:image:height\" content=\"720\" \/>\n\t<meta property=\"og:image:type\" content=\"image\/jpeg\" \/>\n<meta name=\"author\" content=\"Daniely Cardoso\" \/>\n<meta name=\"twitter:card\" content=\"summary_large_image\" \/>\n<meta name=\"twitter:label1\" content=\"Escrito por\" \/>\n\t<meta name=\"twitter:data1\" content=\"Daniely Cardoso\" \/>\n\t<meta name=\"twitter:label2\" content=\"Est. tempo de leitura\" \/>\n\t<meta name=\"twitter:data2\" content=\"5 minutos\" \/>\n<!-- \/ Yoast SEO plugin. -->","yoast_head_json":{"title":"Os riscos silenciosos da priva\u00e7\u00e3o do sono que muitas mulheres ignoram e podem afetar corpo e mente - Estado de Minas - Em foco","description":"Entenda como a priva\u00e7\u00e3o do sono prejudica a sa\u00fade feminina e o metabolismo. Aprenda h\u00e1bitos simples para dormir melhor e ter mais energia.","robots":{"index":"index","follow":"follow","max-snippet":"max-snippet:-1","max-image-preview":"max-image-preview:large","max-video-preview":"max-video-preview:-1"},"canonical":"https:\/\/www.em.com.br\/emfoco\/2026\/04\/26\/os-riscos-silenciosos-da-privacao-do-sono-que-muitas-mulheres-ignoram-e-podem-afetar-corpo-e-mente\/","og_locale":"pt_BR","og_type":"article","og_title":"Os riscos silenciosos da priva\u00e7\u00e3o do sono que muitas mulheres ignoram e podem afetar corpo e mente - Estado de Minas - Em foco","og_description":"Entenda como a priva\u00e7\u00e3o do sono prejudica a sa\u00fade feminina e o metabolismo. Aprenda h\u00e1bitos simples para dormir melhor e ter mais energia.","og_url":"https:\/\/www.em.com.br\/emfoco\/2026\/04\/26\/os-riscos-silenciosos-da-privacao-do-sono-que-muitas-mulheres-ignoram-e-podem-afetar-corpo-e-mente\/","og_site_name":"Estado de Minas - Em foco","article_published_time":"2026-04-27T00:05:00+00:00","article_modified_time":"2026-04-25T20:35:27+00:00","og_image":[{"width":1280,"height":720,"url":"https:\/\/www.em.com.br\/emfoco\/wp-content\/uploads\/2026\/04\/Oeste_57.jpg","type":"image\/jpeg"}],"author":"Daniely Cardoso","twitter_card":"summary_large_image","twitter_misc":{"Escrito por":"Daniely Cardoso","Est. tempo de leitura":"5 minutos"},"schema":{"@context":"https:\/\/schema.org","@graph":[{"@type":"WebPage","@id":"https:\/\/www.em.com.br\/emfoco\/2026\/04\/26\/os-riscos-silenciosos-da-privacao-do-sono-que-muitas-mulheres-ignoram-e-podem-afetar-corpo-e-mente\/","url":"https:\/\/www.em.com.br\/emfoco\/2026\/04\/26\/os-riscos-silenciosos-da-privacao-do-sono-que-muitas-mulheres-ignoram-e-podem-afetar-corpo-e-mente\/","name":"Os riscos silenciosos da priva\u00e7\u00e3o do sono que muitas mulheres ignoram e podem afetar corpo e mente - Estado de Minas - Em foco","isPartOf":{"@id":"https:\/\/www.em.com.br\/emfoco\/#website"},"primaryImageOfPage":{"@id":"https:\/\/www.em.com.br\/emfoco\/2026\/04\/26\/os-riscos-silenciosos-da-privacao-do-sono-que-muitas-mulheres-ignoram-e-podem-afetar-corpo-e-mente\/#primaryimage"},"image":{"@id":"https:\/\/www.em.com.br\/emfoco\/2026\/04\/26\/os-riscos-silenciosos-da-privacao-do-sono-que-muitas-mulheres-ignoram-e-podem-afetar-corpo-e-mente\/#primaryimage"},"thumbnailUrl":"https:\/\/www.em.com.br\/emfoco\/wp-content\/uploads\/2026\/04\/Oeste_57.jpg","datePublished":"2026-04-27T00:05:00+00:00","dateModified":"2026-04-25T20:35:27+00:00","author":{"@id":"https:\/\/www.em.com.br\/emfoco\/#\/schema\/person\/0a8186d72f2c3a5c6276d90b41f271a0"},"description":"Entenda como a priva\u00e7\u00e3o do sono prejudica a sa\u00fade feminina e o metabolismo. Aprenda h\u00e1bitos simples para dormir melhor e ter mais energia.","breadcrumb":{"@id":"https:\/\/www.em.com.br\/emfoco\/2026\/04\/26\/os-riscos-silenciosos-da-privacao-do-sono-que-muitas-mulheres-ignoram-e-podem-afetar-corpo-e-mente\/#breadcrumb"},"inLanguage":"pt-BR","potentialAction":[{"@type":"ReadAction","target":["https:\/\/www.em.com.br\/emfoco\/2026\/04\/26\/os-riscos-silenciosos-da-privacao-do-sono-que-muitas-mulheres-ignoram-e-podem-afetar-corpo-e-mente\/"]}]},{"@type":"ImageObject","inLanguage":"pt-BR","@id":"https:\/\/www.em.com.br\/emfoco\/2026\/04\/26\/os-riscos-silenciosos-da-privacao-do-sono-que-muitas-mulheres-ignoram-e-podem-afetar-corpo-e-mente\/#primaryimage","url":"https:\/\/www.em.com.br\/emfoco\/wp-content\/uploads\/2026\/04\/Oeste_57.jpg","contentUrl":"https:\/\/www.em.com.br\/emfoco\/wp-content\/uploads\/2026\/04\/Oeste_57.jpg","width":1280,"height":720,"caption":"Higiene do sono e desconex\u00e3o digital combatem os riscos metab\u00f3licos da priva\u00e7\u00e3o noturna"},{"@type":"BreadcrumbList","@id":"https:\/\/www.em.com.br\/emfoco\/2026\/04\/26\/os-riscos-silenciosos-da-privacao-do-sono-que-muitas-mulheres-ignoram-e-podem-afetar-corpo-e-mente\/#breadcrumb","itemListElement":[{"@type":"ListItem","position":1,"name":"In\u00edcio","item":"https:\/\/www.em.com.br\/emfoco\/"},{"@type":"ListItem","position":2,"name":"Os riscos silenciosos da priva\u00e7\u00e3o do sono que muitas mulheres ignoram e podem afetar corpo e mente"}]},{"@type":"WebSite","@id":"https:\/\/www.em.com.br\/emfoco\/#website","url":"https:\/\/www.em.com.br\/emfoco\/","name":"Estado de Minas - Em foco","description":"Acompanhe as \u00faltimas not\u00edcias e fique bem informado sobre tudo o que acontece em Minas Gerais, Brasil e no mundo.","potentialAction":[{"@type":"SearchAction","target":{"@type":"EntryPoint","urlTemplate":"https:\/\/www.em.com.br\/emfoco\/?s={search_term_string}"},"query-input":{"@type":"PropertyValueSpecification","valueRequired":true,"valueName":"search_term_string"}}],"inLanguage":"pt-BR"},{"@type":"Person","@id":"https:\/\/www.em.com.br\/emfoco\/#\/schema\/person\/0a8186d72f2c3a5c6276d90b41f271a0","name":"Daniely Cardoso","image":{"@type":"ImageObject","inLanguage":"pt-BR","@id":"https:\/\/www.em.com.br\/emfoco\/#\/schema\/person\/image\/","url":"https:\/\/secure.gravatar.com\/avatar\/4b80ddbd124d1f071b626d52d62e5dff?s=96&d=mm&r=g","contentUrl":"https:\/\/secure.gravatar.com\/avatar\/4b80ddbd124d1f071b626d52d62e5dff?s=96&d=mm&r=g","caption":"Daniely Cardoso"},"url":"https:\/\/www.em.com.br\/emfoco\/author\/danielymyth\/"}]}},"_links":{"self":[{"href":"https:\/\/www.em.com.br\/emfoco\/wp-json\/wp\/v2\/posts\/199370","targetHints":{"allow":["GET"]}}],"collection":[{"href":"https:\/\/www.em.com.br\/emfoco\/wp-json\/wp\/v2\/posts"}],"about":[{"href":"https:\/\/www.em.com.br\/emfoco\/wp-json\/wp\/v2\/types\/post"}],"author":[{"embeddable":true,"href":"https:\/\/www.em.com.br\/emfoco\/wp-json\/wp\/v2\/users\/9"}],"replies":[{"embeddable":true,"href":"https:\/\/www.em.com.br\/emfoco\/wp-json\/wp\/v2\/comments?post=199370"}],"version-history":[{"count":2,"href":"https:\/\/www.em.com.br\/emfoco\/wp-json\/wp\/v2\/posts\/199370\/revisions"}],"predecessor-version":[{"id":199457,"href":"https:\/\/www.em.com.br\/emfoco\/wp-json\/wp\/v2\/posts\/199370\/revisions\/199457"}],"wp:featuredmedia":[{"embeddable":true,"href":"https:\/\/www.em.com.br\/emfoco\/wp-json\/wp\/v2\/media\/199543"}],"wp:attachment":[{"href":"https:\/\/www.em.com.br\/emfoco\/wp-json\/wp\/v2\/media?parent=199370"}],"wp:term":[{"taxonomy":"category","embeddable":true,"href":"https:\/\/www.em.com.br\/emfoco\/wp-json\/wp\/v2\/categories?post=199370"},{"taxonomy":"post_tag","embeddable":true,"href":"https:\/\/www.em.com.br\/emfoco\/wp-json\/wp\/v2\/tags?post=199370"}],"curies":[{"name":"wp","href":"https:\/\/api.w.org\/{rel}","templated":true}]}}