{"id":199352,"date":"2026-04-26T20:55:00","date_gmt":"2026-04-26T23:55:00","guid":{"rendered":"https:\/\/www.em.com.br\/emfoco\/?p=199352"},"modified":"2026-04-25T18:48:13","modified_gmt":"2026-04-25T21:48:13","slug":"taro-aponta-virada-de-ciclo-para-4-signos-que-deixam-fase-amarga-para-tras-e-entram-em-tempo-de-reconstrucao","status":"publish","type":"post","link":"https:\/\/www.em.com.br\/emfoco\/2026\/04\/26\/taro-aponta-virada-de-ciclo-para-4-signos-que-deixam-fase-amarga-para-tras-e-entram-em-tempo-de-reconstrucao\/","title":{"rendered":"Tar\u00f4 aponta virada de ciclo para 4 signos que deixam fase amarga para tr\u00e1s e entram em tempo de reconstru\u00e7\u00e3o"},"content":{"rendered":"\n<p>Depois de um ciclo cheio de d\u00favidas, cansa\u00e7o emocional e sensa\u00e7\u00e3o de estagna\u00e7\u00e3o, o <strong>Tar\u00f4 <\/strong>come\u00e7a a apontar uma fase mais clara para alguns signos, indicando um momento de reconstru\u00e7\u00e3o gradual, questionamento de padr\u00f5es e escolhas mais conscientes, em que a vida deixa de girar em c\u00edrculos e passa a caminhar em dire\u00e7\u00e3o a um per\u00edodo mais l\u00facido e estrat\u00e9gico.<\/p>\n\n\n\n<h2 class=\"wp-block-heading\">O que o Tar\u00f4 revela sobre a mudan\u00e7a de ciclo<\/h2>\n\n\n\n<p>A leitura atual do Tar\u00f4 mostra uma virada de ciclo sem promessa de sorte instant\u00e2nea, mas baseada em encerramento de repeti\u00e7\u00f5es, corte de excessos e aceita\u00e7\u00e3o de que certos processos chegaram ao limite. Essa transi\u00e7\u00e3o envolve rela\u00e7\u00f5es, rotinas, finan\u00e7as e forma de planejar o futuro.<\/p>\n\n\n\n<p>O Tar\u00f4 atua como um espelho de tend\u00eancias, evidenciando desgastes, desperd\u00edcio de energia e oportunidades reais de renova\u00e7\u00e3o. A vida deixa de ser rea\u00e7\u00e3o autom\u00e1tica quando surgem escolhas mais conscientes, com reconhecimento de limites, <a href=\"https:\/\/psicologakarlacardozo.com.br\/blog\/responsabilidade-afetiva-entenda-o-que-e-e-sua-importancia\/\" target=\"_blank\" rel=\"noreferrer noopener\">responsabilidade emocional<\/a> e redefini\u00e7\u00e3o de prioridades, ainda que em passos pequenos.<\/p>\n\n\n\n<figure class=\"wp-block-image\"><img decoding=\"async\" src=\"https:\/\/www.em.com.br\/emfoco\/wp-content\/uploads\/2026\/02\/ChatGPT-Image-18-de-fev.-de-2026-10_32_17-1-1024x576.png\" alt=\"\"\/><figcaption class=\"wp-element-caption\">O ciclo mais intenso para certos signos<\/figcaption><\/figure>\n\n\n\n<h2 class=\"wp-block-heading\">Quais signos entram em fase de reconstru\u00e7\u00e3o pelo Tar\u00f4<\/h2>\n\n\n\n<p>Quatro <a href=\"https:\/\/www.em.com.br\/emfoco\/2026\/04\/25\/o-quinto-mes-esta-chegando-o-numero-5-e-de-sorte-para-4-signos\/\" target=\"_blank\" rel=\"noreferrer noopener\">signos <\/a>se destacam na leitura:\u00a0<strong>G\u00eameos, Aqu\u00e1rio, Virgem e \u00c1ries<\/strong>. Todos passaram por tens\u00f5es ligadas \u00e0 comunica\u00e7\u00e3o, rela\u00e7\u00f5es, autocobran\u00e7a e impulsividade, mas agora tendem a caminhar para maior estrutura emocional e clareza nas decis\u00f5es do dia a dia.<\/p>\n\n\n\n<ul class=\"wp-block-list\">\n<li><strong>G\u00eameos<\/strong>: entra em processo de reduzir dispers\u00e3o mental, focando na conclus\u00e3o de tarefas e no que \u00e9 prioridade.<\/li>\n\n\n\n<li><strong>Aqu\u00e1rio<\/strong>: vive abertura emocional maior e disposi\u00e7\u00e3o para dividir responsabilidades em vez de carregar tudo sozinho.<\/li>\n\n\n\n<li><strong>Virgem<\/strong>: come\u00e7a a aliviar a autocr\u00edtica, trocando perfeccionismo paralisante por progresso poss\u00edvel e constante.<\/li>\n\n\n\n<li><strong>\u00c1ries<\/strong>: aprende a canalizar sua intensidade com mais c\u00e1lculo, evitando conflitos desnecess\u00e1rios e atitudes por impulso.<\/li>\n<\/ul>\n\n\n\n<h2 class=\"wp-block-heading\">Como cada signo pode aproveitar essa virada indicada pelo Tar\u00f4<\/h2>\n\n\n\n<p>Para que essa energia de renova\u00e7\u00e3o n\u00e3o fique apenas no campo simb\u00f3lico, o Tar\u00f4 sugere atitudes pr\u00e1ticas e objetivas. A ideia n\u00e3o \u00e9 esperar que tudo mude sozinho, mas agir com mais estrat\u00e9gia, revisando comportamentos e escolhas recorrentes.<\/p>\n\n\n\n<ol class=\"wp-block-list\">\n<li><strong>G\u00eameos<\/strong>: priorizar um projeto por vez, reduzir promessas que n\u00e3o podem ser cumpridas e organizar a rotina de forma mais linear.<\/li>\n\n\n\n<li><strong>Aqu\u00e1rio<\/strong>: flexibilizar a autossufici\u00eancia, abrir conversas transparentes e aceitar ajuda em quest\u00f5es profissionais e afetivas.<\/li>\n\n\n\n<li><strong>Virgem<\/strong>: trocar a exig\u00eancia de perfei\u00e7\u00e3o por metas realistas, revisando menos, entregando mais e reconhecendo pequenos avan\u00e7os.<\/li>\n\n\n\n<li><strong>\u00c1ries<\/strong>: praticar pausas antes de reagir, observando melhor o cen\u00e1rio para agir na hora certa e com menor desgaste emocional.<\/li>\n<\/ol>\n\n\n\n<figure class=\"wp-block-image\"><img decoding=\"async\" src=\"https:\/\/www.em.com.br\/emfoco\/wp-content\/uploads\/2025\/09\/astrologia_1758493545833-1024x576.jpg\" alt=\"\"\/><figcaption class=\"wp-element-caption\">A influencia dos signos &#8211; Cr\u00e9ditos: depositphotos.com \/ monsit<\/figcaption><\/figure>\n\n\n\n<h2 class=\"wp-block-heading\">Quais padr\u00f5es e escolhas o Tar\u00f4 ajuda a enxergar melhor<\/h2>\n\n\n\n<p>A leitura refor\u00e7a que a fase pesada desses signos foi constru\u00edda por pequenas escolhas repetidas, assim como a reconstru\u00e7\u00e3o tamb\u00e9m ser\u00e1 di\u00e1ria. O Tar\u00f4 exp\u00f5e padr\u00f5es de fuga, adiamento, excesso de controle ou impulsividade, convidando a posturas mais maduras diante dos desafios.<\/p>\n\n\n\n<p>Essa energia favorece conversas evitadas, revis\u00e3o de rotinas que drenam energia, decis\u00f5es antes adiadas por medo e limites mais claros em rela\u00e7\u00f5es pessoais e profissionais. A virada real come\u00e7a quando cada signo assume protagonismo e usa o que o Tar\u00f4 revela para ajustar o pr\u00f3prio caminho.<\/p>\n\n\n\n<h2 class=\"wp-block-heading\">Como usar esta leitura de Tar\u00f4 para mudar sua vida agora<\/h2>\n\n\n\n<p>O recado final do Tar\u00f4 para G\u00eameos, Aqu\u00e1rio, Virgem e \u00c1ries \u00e9 direto: a fase amarga perde for\u00e7a quando voc\u00ea decide agir diferente, mesmo em detalhes, assumindo escolhas mais conscientes e deixando o passado de ser o \u00fanico par\u00e2metro para o que pode acontecer daqui para frente.<\/p>\n\n\n\n<p>Se voc\u00ea pertence a um desses signos, n\u00e3o adie essa virada interior: comece hoje uma conversa dif\u00edcil, mude uma rotina que te esgota ou tome aquela decis\u00e3o parada h\u00e1 meses. Use essa leitura como um empurr\u00e3o urgente para reconstruir sua hist\u00f3ria com mais coragem, responsabilidade e prop\u00f3sito.<\/p>\n\n\n\n<p><\/p>\n","protected":false},"excerpt":{"rendered":"<p>Depois de um ciclo cheio de d\u00favidas, cansa\u00e7o emocional e sensa\u00e7\u00e3o de estagna\u00e7\u00e3o, o Tar\u00f4 come\u00e7a a apontar uma fase mais clara para alguns signos, indicando um momento de reconstru\u00e7\u00e3o gradual, questionamento de padr\u00f5es e escolhas mais conscientes, em que a vida deixa de girar em c\u00edrculos e passa a caminhar em dire\u00e7\u00e3o a um [&hellip;]<\/p>\n","protected":false},"author":11,"featured_media":199640,"comment_status":"open","ping_status":"open","sticky":false,"template":"","format":"standard","meta":{"jnews-multi-image_gallery":[],"jnews_single_post":{"format":"standard"},"jnews_primary_category":[],"jnews_social_meta":[],"jnews_override_counter":[],"footnotes":""},"categories":[1,25],"tags":[171,24148,168,16399],"class_list":["post-199352","post","type-post","status-publish","format-standard","has-post-thumbnail","hentry","category-noticias","category-signos","tag-horoscopo","tag-novo-ciclo","tag-signos","tag-taro"],"yoast_head":"<!-- This site is optimized with the Yoast SEO plugin v23.8 - https:\/\/yoast.com\/wordpress\/plugins\/seo\/ -->\n<title>Tar\u00f4 aponta virada de ciclo para 4 signos que deixam fase amarga para tr\u00e1s e entram em tempo de reconstru\u00e7\u00e3o - Estado de Minas - Em foco<\/title>\n<meta name=\"description\" content=\"O Tar\u00f4 aponta virada para 4 signos ap\u00f3s fase dif\u00edcil. Veja quem entra em novo ciclo com mais clareza e for\u00e7a agora.\" \/>\n<meta name=\"robots\" content=\"index, follow, max-snippet:-1, max-image-preview:large, max-video-preview:-1\" \/>\n<link rel=\"canonical\" href=\"https:\/\/www.em.com.br\/emfoco\/2026\/04\/26\/taro-aponta-virada-de-ciclo-para-4-signos-que-deixam-fase-amarga-para-tras-e-entram-em-tempo-de-reconstrucao\/\" \/>\n<meta property=\"og:locale\" content=\"pt_BR\" \/>\n<meta property=\"og:type\" content=\"article\" \/>\n<meta property=\"og:title\" content=\"Tar\u00f4 aponta virada de ciclo para 4 signos que deixam fase amarga para tr\u00e1s e entram em tempo de reconstru\u00e7\u00e3o - Estado de Minas - Em foco\" \/>\n<meta property=\"og:description\" content=\"O Tar\u00f4 aponta virada para 4 signos ap\u00f3s fase dif\u00edcil. Veja quem entra em novo ciclo com mais clareza e for\u00e7a agora.\" \/>\n<meta property=\"og:url\" content=\"https:\/\/www.em.com.br\/emfoco\/2026\/04\/26\/taro-aponta-virada-de-ciclo-para-4-signos-que-deixam-fase-amarga-para-tras-e-entram-em-tempo-de-reconstrucao\/\" \/>\n<meta property=\"og:site_name\" content=\"Estado de Minas - Em foco\" \/>\n<meta property=\"article:published_time\" content=\"2026-04-26T23:55:00+00:00\" \/>\n<meta property=\"article:modified_time\" content=\"2026-04-25T21:48:13+00:00\" \/>\n<meta property=\"og:image\" content=\"https:\/\/www.em.com.br\/emfoco\/wp-content\/uploads\/2026\/04\/Oeste_60.jpg\" \/>\n\t<meta property=\"og:image:width\" content=\"1280\" \/>\n\t<meta property=\"og:image:height\" content=\"720\" \/>\n\t<meta property=\"og:image:type\" content=\"image\/jpeg\" \/>\n<meta name=\"author\" content=\"Andre\u0301 Rangel\u00a0\" \/>\n<meta name=\"twitter:card\" content=\"summary_large_image\" \/>\n<meta name=\"twitter:label1\" content=\"Escrito por\" \/>\n\t<meta name=\"twitter:data1\" content=\"Andre\u0301 Rangel\u00a0\" \/>\n\t<meta name=\"twitter:label2\" content=\"Est. tempo de leitura\" \/>\n\t<meta name=\"twitter:data2\" content=\"4 minutos\" \/>\n<!-- \/ Yoast SEO plugin. -->","yoast_head_json":{"title":"Tar\u00f4 aponta virada de ciclo para 4 signos que deixam fase amarga para tr\u00e1s e entram em tempo de reconstru\u00e7\u00e3o - Estado de Minas - Em foco","description":"O Tar\u00f4 aponta virada para 4 signos ap\u00f3s fase dif\u00edcil. Veja quem entra em novo ciclo com mais clareza e for\u00e7a agora.","robots":{"index":"index","follow":"follow","max-snippet":"max-snippet:-1","max-image-preview":"max-image-preview:large","max-video-preview":"max-video-preview:-1"},"canonical":"https:\/\/www.em.com.br\/emfoco\/2026\/04\/26\/taro-aponta-virada-de-ciclo-para-4-signos-que-deixam-fase-amarga-para-tras-e-entram-em-tempo-de-reconstrucao\/","og_locale":"pt_BR","og_type":"article","og_title":"Tar\u00f4 aponta virada de ciclo para 4 signos que deixam fase amarga para tr\u00e1s e entram em tempo de reconstru\u00e7\u00e3o - Estado de Minas - Em foco","og_description":"O Tar\u00f4 aponta virada para 4 signos ap\u00f3s fase dif\u00edcil. Veja quem entra em novo ciclo com mais clareza e for\u00e7a agora.","og_url":"https:\/\/www.em.com.br\/emfoco\/2026\/04\/26\/taro-aponta-virada-de-ciclo-para-4-signos-que-deixam-fase-amarga-para-tras-e-entram-em-tempo-de-reconstrucao\/","og_site_name":"Estado de Minas - Em foco","article_published_time":"2026-04-26T23:55:00+00:00","article_modified_time":"2026-04-25T21:48:13+00:00","og_image":[{"width":1280,"height":720,"url":"https:\/\/www.em.com.br\/emfoco\/wp-content\/uploads\/2026\/04\/Oeste_60.jpg","type":"image\/jpeg"}],"author":"Andre\u0301 Rangel\u00a0","twitter_card":"summary_large_image","twitter_misc":{"Escrito por":"Andre\u0301 Rangel\u00a0","Est. tempo de leitura":"4 minutos"},"schema":{"@context":"https:\/\/schema.org","@graph":[{"@type":"WebPage","@id":"https:\/\/www.em.com.br\/emfoco\/2026\/04\/26\/taro-aponta-virada-de-ciclo-para-4-signos-que-deixam-fase-amarga-para-tras-e-entram-em-tempo-de-reconstrucao\/","url":"https:\/\/www.em.com.br\/emfoco\/2026\/04\/26\/taro-aponta-virada-de-ciclo-para-4-signos-que-deixam-fase-amarga-para-tras-e-entram-em-tempo-de-reconstrucao\/","name":"Tar\u00f4 aponta virada de ciclo para 4 signos que deixam fase amarga para tr\u00e1s e entram em tempo de reconstru\u00e7\u00e3o - Estado de Minas - Em foco","isPartOf":{"@id":"https:\/\/www.em.com.br\/emfoco\/#website"},"primaryImageOfPage":{"@id":"https:\/\/www.em.com.br\/emfoco\/2026\/04\/26\/taro-aponta-virada-de-ciclo-para-4-signos-que-deixam-fase-amarga-para-tras-e-entram-em-tempo-de-reconstrucao\/#primaryimage"},"image":{"@id":"https:\/\/www.em.com.br\/emfoco\/2026\/04\/26\/taro-aponta-virada-de-ciclo-para-4-signos-que-deixam-fase-amarga-para-tras-e-entram-em-tempo-de-reconstrucao\/#primaryimage"},"thumbnailUrl":"https:\/\/www.em.com.br\/emfoco\/wp-content\/uploads\/2026\/04\/Oeste_60.jpg","datePublished":"2026-04-26T23:55:00+00:00","dateModified":"2026-04-25T21:48:13+00:00","author":{"@id":"https:\/\/www.em.com.br\/emfoco\/#\/schema\/person\/60eda09c1fedf0d6891f4cef4b60b8b8"},"description":"O Tar\u00f4 aponta virada para 4 signos ap\u00f3s fase dif\u00edcil. Veja quem entra em novo ciclo com mais clareza e for\u00e7a agora.","breadcrumb":{"@id":"https:\/\/www.em.com.br\/emfoco\/2026\/04\/26\/taro-aponta-virada-de-ciclo-para-4-signos-que-deixam-fase-amarga-para-tras-e-entram-em-tempo-de-reconstrucao\/#breadcrumb"},"inLanguage":"pt-BR","potentialAction":[{"@type":"ReadAction","target":["https:\/\/www.em.com.br\/emfoco\/2026\/04\/26\/taro-aponta-virada-de-ciclo-para-4-signos-que-deixam-fase-amarga-para-tras-e-entram-em-tempo-de-reconstrucao\/"]}]},{"@type":"ImageObject","inLanguage":"pt-BR","@id":"https:\/\/www.em.com.br\/emfoco\/2026\/04\/26\/taro-aponta-virada-de-ciclo-para-4-signos-que-deixam-fase-amarga-para-tras-e-entram-em-tempo-de-reconstrucao\/#primaryimage","url":"https:\/\/www.em.com.br\/emfoco\/wp-content\/uploads\/2026\/04\/Oeste_60.jpg","contentUrl":"https:\/\/www.em.com.br\/emfoco\/wp-content\/uploads\/2026\/04\/Oeste_60.jpg","width":1280,"height":720,"caption":"Tar\u00f4 indica fase de reconstru\u00e7\u00e3o emocional e escolhas estrat\u00e9gicas para quatro signos"},{"@type":"BreadcrumbList","@id":"https:\/\/www.em.com.br\/emfoco\/2026\/04\/26\/taro-aponta-virada-de-ciclo-para-4-signos-que-deixam-fase-amarga-para-tras-e-entram-em-tempo-de-reconstrucao\/#breadcrumb","itemListElement":[{"@type":"ListItem","position":1,"name":"In\u00edcio","item":"https:\/\/www.em.com.br\/emfoco\/"},{"@type":"ListItem","position":2,"name":"Tar\u00f4 aponta virada de ciclo para 4 signos que deixam fase amarga para tr\u00e1s e entram em tempo de reconstru\u00e7\u00e3o"}]},{"@type":"WebSite","@id":"https:\/\/www.em.com.br\/emfoco\/#website","url":"https:\/\/www.em.com.br\/emfoco\/","name":"Estado de Minas - Em foco","description":"Acompanhe as \u00faltimas not\u00edcias e fique bem informado sobre tudo o que acontece em Minas Gerais, Brasil e no mundo.","potentialAction":[{"@type":"SearchAction","target":{"@type":"EntryPoint","urlTemplate":"https:\/\/www.em.com.br\/emfoco\/?s={search_term_string}"},"query-input":{"@type":"PropertyValueSpecification","valueRequired":true,"valueName":"search_term_string"}}],"inLanguage":"pt-BR"},{"@type":"Person","@id":"https:\/\/www.em.com.br\/emfoco\/#\/schema\/person\/60eda09c1fedf0d6891f4cef4b60b8b8","name":"Andre\u0301 Rangel\u00a0","image":{"@type":"ImageObject","inLanguage":"pt-BR","@id":"https:\/\/www.em.com.br\/emfoco\/#\/schema\/person\/image\/","url":"https:\/\/secure.gravatar.com\/avatar\/6234dc814c77c8ef6d8bba622c787efc?s=96&d=mm&r=g","contentUrl":"https:\/\/secure.gravatar.com\/avatar\/6234dc814c77c8ef6d8bba622c787efc?s=96&d=mm&r=g","caption":"Andre\u0301 Rangel\u00a0"},"url":"https:\/\/www.em.com.br\/emfoco\/author\/luizmyth\/"}]}},"_links":{"self":[{"href":"https:\/\/www.em.com.br\/emfoco\/wp-json\/wp\/v2\/posts\/199352","targetHints":{"allow":["GET"]}}],"collection":[{"href":"https:\/\/www.em.com.br\/emfoco\/wp-json\/wp\/v2\/posts"}],"about":[{"href":"https:\/\/www.em.com.br\/emfoco\/wp-json\/wp\/v2\/types\/post"}],"author":[{"embeddable":true,"href":"https:\/\/www.em.com.br\/emfoco\/wp-json\/wp\/v2\/users\/11"}],"replies":[{"embeddable":true,"href":"https:\/\/www.em.com.br\/emfoco\/wp-json\/wp\/v2\/comments?post=199352"}],"version-history":[{"count":3,"href":"https:\/\/www.em.com.br\/emfoco\/wp-json\/wp\/v2\/posts\/199352\/revisions"}],"predecessor-version":[{"id":199357,"href":"https:\/\/www.em.com.br\/emfoco\/wp-json\/wp\/v2\/posts\/199352\/revisions\/199357"}],"wp:featuredmedia":[{"embeddable":true,"href":"https:\/\/www.em.com.br\/emfoco\/wp-json\/wp\/v2\/media\/199640"}],"wp:attachment":[{"href":"https:\/\/www.em.com.br\/emfoco\/wp-json\/wp\/v2\/media?parent=199352"}],"wp:term":[{"taxonomy":"category","embeddable":true,"href":"https:\/\/www.em.com.br\/emfoco\/wp-json\/wp\/v2\/categories?post=199352"},{"taxonomy":"post_tag","embeddable":true,"href":"https:\/\/www.em.com.br\/emfoco\/wp-json\/wp\/v2\/tags?post=199352"}],"curies":[{"name":"wp","href":"https:\/\/api.w.org\/{rel}","templated":true}]}}