{"id":199263,"date":"2026-04-27T15:05:00","date_gmt":"2026-04-27T18:05:00","guid":{"rendered":"https:\/\/www.em.com.br\/emfoco\/?p=199263"},"modified":"2026-04-25T20:51:00","modified_gmt":"2026-04-25T23:51:00","slug":"mais-rica-que-muitas-capitais-brasileiras-a-cidade-mineira-com-pib-per-capita-de-r-127-mil-onde-sai-1-a-cada-4-carros-vendidos-no-brasil","status":"publish","type":"post","link":"https:\/\/www.em.com.br\/emfoco\/2026\/04\/27\/mais-rica-que-muitas-capitais-brasileiras-a-cidade-mineira-com-pib-per-capita-de-r-127-mil-onde-sai-1-a-cada-4-carros-vendidos-no-brasil\/","title":{"rendered":"Mais rica que muitas capitais brasileiras: a cidade mineira com PIB per capita de R$ 127 mil onde sai 1 a cada 4 carros vendidos no Brasil"},"content":{"rendered":"\n<p>O Produto Interno Bruto da cidade \u00e9 maior que o de boa parte das capitais brasileiras, mas o motor dela n\u00e3o \u00e9 o servi\u00e7o, nem o agroneg\u00f3cio: \u00e9 o a\u00e7o quente. <strong>Betim<\/strong>, na Regi\u00e3o Metropolitana de <strong>Belo Horizonte<\/strong>, soma R$ 52,6 bilh\u00f5es de PIB e PIB per capita de R$ 127.752, segundo o <strong>Instituto Brasileiro de Geografia e Estat\u00edstica (IBGE)<\/strong> em pesquisa divulgada em dezembro de 2025. A cidade \u00e9 respons\u00e1vel por 5,4% de toda a economia de <strong>Minas Gerais<\/strong>.<\/p>\n\n\n\n<h2 class=\"wp-block-heading\">Por que essa cidade mineira aparece no ranking das 25 maiores economias do Brasil?<\/h2>\n\n\n\n<p>A explica\u00e7\u00e3o come\u00e7a com duas datas. Em 1968, a <strong>Petrobras<\/strong> inaugurou em Betim a <strong>Refinaria Gabriel Passos (Regap)<\/strong>. Em 1976, a <strong>Fiat<\/strong> instalou na cidade sua primeira e at\u00e9 hoje principal f\u00e1brica brasileira. Os dois investimentos transformaram um munic\u00edpio rural em polo industrial estrat\u00e9gico, conforme registra a <a href=\"https:\/\/petrobras.com.br\/quem-somos\/refinaria-gabriel-passos\" target=\"_blank\" rel=\"noreferrer noopener\"><strong>Petrobras<\/strong><\/a>.<\/p>\n\n\n\n<p>Os n\u00fameros que vieram depois s\u00e3o proporcionais ao tamanho da decis\u00e3o. Betim entrou na pesquisa do IBGE como o 25\u00ba maior PIB do <strong>Brasil<\/strong>, ao lado de <strong>Belo Horizonte<\/strong>. Apenas <strong>S\u00e3o Paulo<\/strong> (10) e <strong>Rio de Janeiro<\/strong> (5) t\u00eam mais de uma cidade na lista nacional. Entre munic\u00edpios mineiros com mais de 100 mil habitantes, Betim ostenta o maior PIB per capita do estado, \u00e0 frente de <strong>Nova Lima<\/strong> (R$ 111 mil) e <strong>Pouso Alegre<\/strong> (R$ 93 mil).<\/p>\n\n\n<div class=\"wp-block-image\">\n<figure class=\"aligncenter size-large\"><img loading=\"lazy\" decoding=\"async\" width=\"1024\" height=\"576\" src=\"https:\/\/www.em.com.br\/emfoco\/wp-content\/uploads\/2026\/04\/ngz-betim-1-38214-1024x576.jpg\" alt=\"Mais rica que muitas capitais brasileiras: a cidade mineira com PIB per capita de R$ 127 mil onde sai 1 a cada 4 carros vendidos no Brasil\" class=\"wp-image-199720\" srcset=\"https:\/\/www.em.com.br\/emfoco\/wp-content\/uploads\/2026\/04\/ngz-betim-1-38214-1024x576.jpg 1024w, https:\/\/www.em.com.br\/emfoco\/wp-content\/uploads\/2026\/04\/ngz-betim-1-38214-300x169.jpg 300w, https:\/\/www.em.com.br\/emfoco\/wp-content\/uploads\/2026\/04\/ngz-betim-1-38214-768x432.jpg 768w, https:\/\/www.em.com.br\/emfoco\/wp-content\/uploads\/2026\/04\/ngz-betim-1-38214-750x422.jpg 750w, https:\/\/www.em.com.br\/emfoco\/wp-content\/uploads\/2026\/04\/ngz-betim-1-38214-1140x641.jpg 1140w, https:\/\/www.em.com.br\/emfoco\/wp-content\/uploads\/2026\/04\/ngz-betim-1-38214.jpg 1280w\" sizes=\"auto, (max-width: 1024px) 100vw, 1024px\" \/><figcaption class=\"wp-element-caption\">Betim oferece o cen\u00e1rio de um dos maiores polos automotivos do pa\u00eds, integrando a produ\u00e7\u00e3o de a\u00e7o quente ao desenvolvimento nacional \/\/ Cr\u00e9ditos: Wikipedia \/ Wikimedia Commons<\/figcaption><\/figure><\/div>\n\n\n<h2 class=\"wp-block-heading\">O que produz a 2\u00aa maior f\u00e1brica da Stellantis no mundo?<\/h2>\n\n\n\n<p>A escala \u00e9 dif\u00edcil de imaginar. O <strong>Polo Automotivo Stellantis de Betim<\/strong>, herdeiro da antiga <strong>Fiat Autom\u00f3veis<\/strong>, fechou 2024 com 468,6 mil ve\u00edculos produzidos, o maior volume desde a cria\u00e7\u00e3o do grupo Stellantis em 2021, segundo o <a href=\"https:\/\/diariodocomercio.com.br\/economia\/stellantis-alcanca-recorde-de-producao-no-polo-de-betim-em-2024\/\" target=\"_blank\" rel=\"noreferrer noopener\"><strong>Di\u00e1rio do Com\u00e9rcio<\/strong><\/a>. Em julho do mesmo ano, a f\u00e1brica registrou recorde mensal de 43 mil ve\u00edculos, com a <strong>Fiat Strada<\/strong> atingindo 15,7 mil unidades em apenas um m\u00eas.<\/p>\n\n\n\n<p>A planta produz <strong>Fiat Strada<\/strong>, <strong>Argo<\/strong>, <strong>Mobi<\/strong>, <strong>Pulse<\/strong>, <strong>Fastback<\/strong>, <strong>Fiorino<\/strong> e <strong>Peugeot Partner Rapid<\/strong>. A capacidade instalada chega a 700 mil unidades por ano, segundo declara\u00e7\u00e3o de Emanuele Cappellano, presidente da Stellantis para a Am\u00e9rica do Sul. Em 2025, executivos da empresa cogitaram que Betim pode se tornar a maior planta da Stellantis do mundo, superando a unidade espanhola que liderava em 2024. O complexo abriga ainda o maior centro de produ\u00e7\u00e3o de powertrains da Am\u00e9rica Latina.<\/p>\n\n\n\n<h2 class=\"wp-block-heading\">O que faz a refinaria gigante que abastece 80% de Minas Gerais?<\/h2>\n\n\n\n<p>O outro pilar industrial \u00e9 o petr\u00f3leo. A <strong>Regap<\/strong> ocupa 12,8 milh\u00f5es de m\u00b2 distribu\u00eddos por <strong>Betim<\/strong>, <strong>Ibirit\u00e9<\/strong> e <strong>Sarzedo<\/strong>, e tem capacidade atual de processamento de 157 mil barris por dia. A refinaria atende 80% do territ\u00f3rio mineiro e responde por 9% de todo o combust\u00edvel produzido no <strong>Brasil<\/strong>, segundo o Di\u00e1rio do Com\u00e9rcio.<\/p>\n\n\n\n<p>Em 2024, a unidade bateu recorde com 4,03 milh\u00f5es de m\u00b3 de diesel produzidos, superando a marca de 2022. A <strong>Petrobras<\/strong> anunciou em 2023 investimento de US$ 2,6 bilh\u00f5es para ampliar a capacidade de refino de 170 mil para 240 mil barris por dia at\u00e9 2027. A refinaria emprega cerca de 3 mil trabalhadores diretos e \u00e9 descrita pela <strong>Wikip\u00e9dia<\/strong> como o principal contribuinte para arrecada\u00e7\u00e3o dos munic\u00edpios do estado, com R$ 9,41 bilh\u00f5es em impostos estaduais por ano.<\/p>\n\n\n\n<p>Quem quer conhecer as curiosidades da \u201ccidade do autom\u00f3vel\u201d, vai curtir esse v\u00eddeo especialmente selecionado do canal <strong>Paulo Ara\u00fajo<\/strong>, que conta com mais de <strong>48 mil<\/strong> visualiza\u00e7\u00f5es, onde <strong>Paulo Ara\u00fajo<\/strong> mostra 25 fatos sobre <strong>Betim<\/strong>, em <strong>Minas Gerais<\/strong>:<\/p>\n\n\n\n<figure class=\"wp-block-embed is-type-video is-provider-youtube wp-block-embed-youtube wp-embed-aspect-16-9 wp-has-aspect-ratio\"><div class=\"wp-block-embed__wrapper\">\n<div class=\"jeg_video_container jeg_video_content\"><iframe loading=\"lazy\" title=\"25 fatos sobre Betim - Minas Gerais\" width=\"500\" height=\"281\" src=\"https:\/\/www.youtube.com\/embed\/ct0p-eDzR6s?feature=oembed\" frameborder=\"0\" allow=\"accelerometer; autoplay; clipboard-write; encrypted-media; gyroscope; picture-in-picture; web-share\" referrerpolicy=\"strict-origin-when-cross-origin\" allowfullscreen><\/iframe><\/div>\n<\/div><\/figure>\n\n\n\n<h2 class=\"wp-block-heading\">Como a ind\u00fastria de Betim se compara a outras cidades do Brasil?<\/h2>\n\n\n\n<p>O contraste fica mais n\u00edtido quando o dado vira ranking nacional. O PIB per capita de Betim, de R$ 127.752, supera com folga a m\u00e9dia do <strong>Brasil<\/strong> (R$ 53.886) e fica acima da maioria das capitais brasileiras. A cidade tem cerca de 411 mil habitantes, dentro de uma \u00e1rea urbanizada de aproximadamente 95 km\u00b2, segundo dados do IBGE.<\/p>\n\n\n\n<p>O quadro abaixo compara Betim com algumas das maiores economias mineiras em PIB total e PIB per capita, com base nos dados do IBGE 2023:<\/p>\n\n\n\n<style>\n    .tabela-container-em125 {\n        --cor-primaria: #1a2a57;\n        --cor-secundaria: #1a2a57;\n        --cor-txt-secundaria: #ffffff;\n        width: 100%;\n        max-width: 980px;\n        margin: 30px auto;\n        font-family: 'Segoe UI', Roboto, Helvetica, Arial, sans-serif;\n        border-radius: 12px;\n        box-shadow: 0 8px 16px rgba(0,0,0, 0.15);\n        background: #ffffff;\n        overflow: hidden;\n    }\n    .tabela-scroll-em125 {\n        width: 100%;\n        overflow-x: auto;\n        -webkit-overflow-scrolling: touch;\n    }\n    .tabela-em125 {\n        width: 100%;\n        border-collapse: collapse;\n        text-align: left;\n        min-width: 600px;\n    }\n    .tabela-em125 th {\n        background-color: var(--cor-primaria);\n        color: var(--cor-txt-secundaria);\n        padding: 18px 20px;\n        font-size: 14px;\n        text-transform: uppercase;\n        font-weight: 900;\n        letter-spacing: 0.5px;\n        white-space: nowrap;\n        position: sticky;\n        top: 0;\n    }\n    .tabela-em125 td {\n        padding: 15px 20px;\n        font-size: 15px;\n        color: #333;\n        border-bottom: 1px solid #eaeaea;\n        vertical-align: middle;\n    }\n    .tabela-em125 tbody tr {\n        transition: background-color 0.2s ease, transform 0.2s ease;\n        animation: wmFadeInRow 0.5s cubic-bezier(0.2, 0.8, 0.2, 1) backwards;\n    }\n    @keyframes wmFadeInRow {\n        from { opacity: 0; transform: translateX(-10px); }\n        to { opacity: 1; transform: translateX(0); }\n    }\n    .tabela-em125 tbody tr:hover {\n        background-color: #f4f6fa;\n    }\n    \n    \/* Atraso em cascata *\/\n    .tabela-em125 tbody tr:nth-child(1) { animation-delay: 0.05s; }\n    .tabela-em125 tbody tr:nth-child(2) { animation-delay: 0.10s; background-color: #f0f4ff; } \/* Destaque sutil para Betim *\/\n    .tabela-em125 tbody tr:nth-child(3) { animation-delay: 0.15s; }\n    .tabela-em125 tbody tr:nth-child(4) { animation-delay: 0.20s; }\n    .tabela-em125 tbody tr:nth-child(5) { animation-delay: 0.25s; }\n\n    .posicao-em125 {\n        font-weight: 900;\n        color: var(--cor-primaria);\n        width: 120px;\n    }\n    .cidade-em125 {\n        font-weight: 600;\n    }\n    .pib-em125 {\n        font-weight: 800;\n        color: #1a2a57;\n        width: 200px;\n    }\n    .pib-badge-em125 {\n        display: inline-block;\n        background: #e8ebf2;\n        color: var(--cor-primaria);\n        padding: 4px 10px;\n        border-radius: 12px;\n        font-size: 13px;\n        letter-spacing: 0.5px;\n    }\n    \n    \/* Destaque espec\u00edfico para a linha de Betim *\/\n    .tabela-em125 tbody tr.destaque-betim .cidade-em125 {\n        color: #1a2a57;\n        font-weight: 800;\n    }\n    .tabela-em125 tbody tr.destaque-betim .pib-badge-em125 {\n        background: var(--cor-primaria);\n        color: #ffffff;\n    }\n\n    @media (prefers-color-scheme: dark) {\n        .tabela-container-em125 { background: #121212; box-shadow: 0 8px 16px rgba(0,0,0, 0.6); }\n        .tabela-em125 th { background-color: #2b4182; }\n        .tabela-em125 td { color: #ccc; border-bottom-color: #2a2a2a; }\n        .tabela-em125 tbody tr:hover { background-color: #1e2230; }\n        .tabela-em125 tbody tr:nth-child(2) { background-color: #1a2138; } \/* Destaque dark mode para Betim *\/\n        .posicao-em125 { color: #8da5e8; }\n        .cidade-em125 { color: #f1f1f1; }\n        .pib-em125 { color: #8da5e8; }\n        .pib-badge-em125 { background: #1a2a57; color: #8da5e8; border: 1px solid #2b4182; }\n        .tabela-em125 tbody tr.destaque-betim .cidade-em125 { color: #8da5e8; }\n        .tabela-em125 tbody tr.destaque-betim .pib-badge-em125 { background: #3b55a0; color: #ffffff; border-color: #8da5e8;}\n    }\n<\/style>\n<div class=\"google-auto-ads-ignore tabela-container-em125\" style=\"box-sizing: border-box;\">\n    <div class=\"tabela-scroll-em125\">\n        <table class=\"tabela-em125\">\n            <thead>\n                <tr>\n                    <th>Posi\u00e7\u00e3o em MG<\/th>\n                    <th>Cidade<\/th>\n                    <th>PIB Total (R$ Bilh\u00f5es)<\/th>\n                <\/tr>\n            <\/thead>\n            <tbody>\n                <tr>\n                    <td class=\"posicao-em125\">1\u00aa \ud83e\udd47<\/td>\n                    <td class=\"cidade-em125\">Belo Horizonte<\/td>\n                    <td class=\"pib-em125\"><span class=\"pib-badge-em125\">R$ 130,197<\/span><\/td>\n                <\/tr>\n                <tr class=\"destaque-betim\">\n                    <td class=\"posicao-em125\">2\u00aa \ud83e\udd48<\/td>\n                    <td class=\"cidade-em125\">Betim<\/td>\n                    <td class=\"pib-em125\"><span class=\"pib-badge-em125\">R$ 52,614<\/span><\/td>\n                <\/tr>\n                <tr>\n                    <td class=\"posicao-em125\">3\u00aa \ud83e\udd49<\/td>\n                    <td class=\"cidade-em125\">Uberl\u00e2ndia<\/td>\n                    <td class=\"pib-em125\"><span class=\"pib-badge-em125\">R$ 51,065<\/span><\/td>\n                <\/tr>\n                <tr>\n                    <td class=\"posicao-em125\">4\u00aa<\/td>\n                    <td class=\"cidade-em125\">Contagem<\/td>\n                    <td class=\"pib-em125\"><span class=\"pib-badge-em125\">R$ 45,092<\/span><\/td>\n                <\/tr>\n                <tr>\n                    <td class=\"posicao-em125\">5\u00aa<\/td>\n                    <td class=\"cidade-em125\">Uberaba<\/td>\n                    <td class=\"pib-em125\"><span class=\"pib-badge-em125\">R$ 23,689<\/span><\/td>\n                <\/tr>\n            <\/tbody>\n        <\/table>\n    <\/div>\n<\/div>\n\n\n\n<h2 class=\"wp-block-heading\">O que vem pela frente para a economia da cidade?<\/h2>\n\n\n\n<p>Os investimentos anunciados desenham um pr\u00f3ximo ciclo. A <strong>Stellantis<\/strong> destinou R$ 14 bilh\u00f5es para Betim entre 2025 e 2030, segundo a <a href=\"https:\/\/www.media.stellantis.com\/br-pt\/corporate-communications\/press\/polo-automotivo-de-betim-atinge-recorde-de-producao-desde-a-criacao-da-stellantis\" target=\"_blank\" rel=\"noreferrer noopener\"><strong>Stellantis Media<\/strong><\/a>, o maior aporte da hist\u00f3ria do complexo industrial. A montadora prev\u00ea 40 novos produtos, 8 novos powertrains e a chegada da tecnologia bio-hybrid, que combina eletrifica\u00e7\u00e3o e etanol.<\/p>\n\n\n\n<p>Soma-se a isso a Refinaria Gabriel Passos, que receber\u00e1 US$ 2,6 bilh\u00f5es em amplia\u00e7\u00e3o at\u00e9 2027, e o <strong>Aer\u00f3dromo de Betim<\/strong>, em constru\u00e7\u00e3o desde 2018, que deve come\u00e7ar a operar at\u00e9 2027 com investimento estimado entre R$ 200 e R$ 250 milh\u00f5es. O conjunto consolida Betim como uma das cidades mais industriais do <strong>Brasil<\/strong>, ainda que pouco lembrada quando se fala em peso econ\u00f4mico.<\/p>\n\n\n\n<p><strong>Leia tamb\u00e9m: <a href=\"https:\/\/www.em.com.br\/emfoco\/2026\/04\/17\/a-capital-nacional-do-milho-a-cidade-a-5-horas-da-capital-esta-conquistando-os-brasileiros-com-qualidade-de-vida-e-bons-indices-de-seguranca\/\" target=\"_blank\" rel=\"noreferrer noopener\">A Capital Nacional do Milho: a cidade a 5 horas da capital est\u00e1 conquistando os brasileiros com qualidade de vida e bons \u00edndices de seguran\u00e7a<\/a><\/strong><\/p>\n\n\n\n<h2 class=\"wp-block-heading\">Por que Betim \u00e9 a cidade mais industrial que o Brasil esquece de citar<\/h2>\n\n\n\n<p>Betim re\u00fane a 2\u00aa maior f\u00e1brica da Stellantis no mundo, uma refinaria da Petrobras que abastece 80% do estado e o maior centro de motores da Am\u00e9rica Latina. Est\u00e1 entre as 25 maiores economias do <strong>Brasil<\/strong>, tem PIB per capita acima de muitas capitais e ainda recebe R$ 14 bilh\u00f5es em novos investimentos at\u00e9 2030.<\/p>\n\n\n\n<p>Da pr\u00f3xima vez que voc\u00ea ver um Fiat Strada na rua, vale lembrar: tem boa chance de ele ter sa\u00eddo de Betim, atravessado o port\u00e3o da maior f\u00e1brica da Stellantis nas Am\u00e9ricas e entrado para a estat\u00edstica que coloca essa cidade no topo da ind\u00fastria brasileira.<\/p>\n","protected":false},"excerpt":{"rendered":"<p>O Produto Interno Bruto da cidade \u00e9 maior que o de boa parte das capitais brasileiras, mas o motor dela n\u00e3o \u00e9 o servi\u00e7o, nem o agroneg\u00f3cio: \u00e9 o a\u00e7o quente. Betim, na Regi\u00e3o Metropolitana de Belo Horizonte, soma R$ 52,6 bilh\u00f5es de PIB e PIB per capita de R$ 127.752, segundo o Instituto Brasileiro [&hellip;]<\/p>\n","protected":false},"author":6,"featured_media":199718,"comment_status":"open","ping_status":"open","sticky":false,"template":"","format":"standard","meta":{"jnews-multi-image_gallery":[],"jnews_single_post":{"format":"standard"},"jnews_primary_category":[],"jnews_social_meta":[],"jnews_override_counter":[],"footnotes":""},"categories":[26],"tags":[13655,183,207],"class_list":["post-199263","post","type-post","status-publish","format-standard","has-post-thumbnail","hentry","category-cidades","tag-betim","tag-cidades","tag-minas-gerais"],"yoast_head":"<!-- This site is optimized with the Yoast SEO plugin v23.8 - https:\/\/yoast.com\/wordpress\/plugins\/seo\/ -->\n<title>Mais rica que muitas capitais brasileiras: a cidade mineira com PIB per capita de R$ 127 mil onde sai 1 a cada 4 carros vendidos no Brasil - Estado de Minas - Em foco<\/title>\n<meta name=\"description\" content=\"Mais rica que muitas capitais, essa cidade tem PIB per capita de R$ 127 mil e lidera a produ\u00e7\u00e3o de ve\u00edculos no Brasil.\" \/>\n<meta name=\"robots\" content=\"index, follow, max-snippet:-1, max-image-preview:large, max-video-preview:-1\" \/>\n<link rel=\"canonical\" href=\"https:\/\/www.em.com.br\/emfoco\/2026\/04\/27\/mais-rica-que-muitas-capitais-brasileiras-a-cidade-mineira-com-pib-per-capita-de-r-127-mil-onde-sai-1-a-cada-4-carros-vendidos-no-brasil\/\" \/>\n<meta property=\"og:locale\" content=\"pt_BR\" \/>\n<meta property=\"og:type\" content=\"article\" \/>\n<meta property=\"og:title\" content=\"Mais rica que muitas capitais brasileiras: a cidade mineira com PIB per capita de R$ 127 mil onde sai 1 a cada 4 carros vendidos no Brasil - Estado de Minas - Em foco\" \/>\n<meta property=\"og:description\" content=\"Mais rica que muitas capitais, essa cidade tem PIB per capita de R$ 127 mil e lidera a produ\u00e7\u00e3o de ve\u00edculos no Brasil.\" \/>\n<meta property=\"og:url\" content=\"https:\/\/www.em.com.br\/emfoco\/2026\/04\/27\/mais-rica-que-muitas-capitais-brasileiras-a-cidade-mineira-com-pib-per-capita-de-r-127-mil-onde-sai-1-a-cada-4-carros-vendidos-no-brasil\/\" \/>\n<meta property=\"og:site_name\" content=\"Estado de Minas - Em foco\" \/>\n<meta property=\"article:published_time\" content=\"2026-04-27T18:05:00+00:00\" \/>\n<meta property=\"article:modified_time\" content=\"2026-04-25T23:51:00+00:00\" \/>\n<meta property=\"og:image\" content=\"https:\/\/www.em.com.br\/emfoco\/wp-content\/uploads\/2026\/04\/Automotive_industrial_corridor_202604252045.jpg\" \/>\n\t<meta property=\"og:image:width\" content=\"1280\" \/>\n\t<meta property=\"og:image:height\" content=\"720\" \/>\n\t<meta property=\"og:image:type\" content=\"image\/jpeg\" \/>\n<meta name=\"author\" content=\"Vitor Bruno\" \/>\n<meta name=\"twitter:card\" content=\"summary_large_image\" \/>\n<meta name=\"twitter:label1\" content=\"Escrito por\" \/>\n\t<meta name=\"twitter:data1\" content=\"Vitor Bruno\" \/>\n\t<meta name=\"twitter:label2\" content=\"Est. tempo de leitura\" \/>\n\t<meta name=\"twitter:data2\" content=\"6 minutos\" \/>\n<!-- \/ Yoast SEO plugin. -->","yoast_head_json":{"title":"Mais rica que muitas capitais brasileiras: a cidade mineira com PIB per capita de R$ 127 mil onde sai 1 a cada 4 carros vendidos no Brasil - Estado de Minas - Em foco","description":"Mais rica que muitas capitais, essa cidade tem PIB per capita de R$ 127 mil e lidera a produ\u00e7\u00e3o de ve\u00edculos no Brasil.","robots":{"index":"index","follow":"follow","max-snippet":"max-snippet:-1","max-image-preview":"max-image-preview:large","max-video-preview":"max-video-preview:-1"},"canonical":"https:\/\/www.em.com.br\/emfoco\/2026\/04\/27\/mais-rica-que-muitas-capitais-brasileiras-a-cidade-mineira-com-pib-per-capita-de-r-127-mil-onde-sai-1-a-cada-4-carros-vendidos-no-brasil\/","og_locale":"pt_BR","og_type":"article","og_title":"Mais rica que muitas capitais brasileiras: a cidade mineira com PIB per capita de R$ 127 mil onde sai 1 a cada 4 carros vendidos no Brasil - Estado de Minas - Em foco","og_description":"Mais rica que muitas capitais, essa cidade tem PIB per capita de R$ 127 mil e lidera a produ\u00e7\u00e3o de ve\u00edculos no Brasil.","og_url":"https:\/\/www.em.com.br\/emfoco\/2026\/04\/27\/mais-rica-que-muitas-capitais-brasileiras-a-cidade-mineira-com-pib-per-capita-de-r-127-mil-onde-sai-1-a-cada-4-carros-vendidos-no-brasil\/","og_site_name":"Estado de Minas - Em foco","article_published_time":"2026-04-27T18:05:00+00:00","article_modified_time":"2026-04-25T23:51:00+00:00","og_image":[{"width":1280,"height":720,"url":"https:\/\/www.em.com.br\/emfoco\/wp-content\/uploads\/2026\/04\/Automotive_industrial_corridor_202604252045.jpg","type":"image\/jpeg"}],"author":"Vitor Bruno","twitter_card":"summary_large_image","twitter_misc":{"Escrito por":"Vitor Bruno","Est. tempo de leitura":"6 minutos"},"schema":{"@context":"https:\/\/schema.org","@graph":[{"@type":"WebPage","@id":"https:\/\/www.em.com.br\/emfoco\/2026\/04\/27\/mais-rica-que-muitas-capitais-brasileiras-a-cidade-mineira-com-pib-per-capita-de-r-127-mil-onde-sai-1-a-cada-4-carros-vendidos-no-brasil\/","url":"https:\/\/www.em.com.br\/emfoco\/2026\/04\/27\/mais-rica-que-muitas-capitais-brasileiras-a-cidade-mineira-com-pib-per-capita-de-r-127-mil-onde-sai-1-a-cada-4-carros-vendidos-no-brasil\/","name":"Mais rica que muitas capitais brasileiras: a cidade mineira com PIB per capita de R$ 127 mil onde sai 1 a cada 4 carros vendidos no Brasil - Estado de Minas - Em foco","isPartOf":{"@id":"https:\/\/www.em.com.br\/emfoco\/#website"},"primaryImageOfPage":{"@id":"https:\/\/www.em.com.br\/emfoco\/2026\/04\/27\/mais-rica-que-muitas-capitais-brasileiras-a-cidade-mineira-com-pib-per-capita-de-r-127-mil-onde-sai-1-a-cada-4-carros-vendidos-no-brasil\/#primaryimage"},"image":{"@id":"https:\/\/www.em.com.br\/emfoco\/2026\/04\/27\/mais-rica-que-muitas-capitais-brasileiras-a-cidade-mineira-com-pib-per-capita-de-r-127-mil-onde-sai-1-a-cada-4-carros-vendidos-no-brasil\/#primaryimage"},"thumbnailUrl":"https:\/\/www.em.com.br\/emfoco\/wp-content\/uploads\/2026\/04\/Automotive_industrial_corridor_202604252045.jpg","datePublished":"2026-04-27T18:05:00+00:00","dateModified":"2026-04-25T23:51:00+00:00","author":{"@id":"https:\/\/www.em.com.br\/emfoco\/#\/schema\/person\/364ac1852fafd00f1be20f0b8b237569"},"description":"Mais rica que muitas capitais, essa cidade tem PIB per capita de R$ 127 mil e lidera a produ\u00e7\u00e3o de ve\u00edculos no Brasil.","breadcrumb":{"@id":"https:\/\/www.em.com.br\/emfoco\/2026\/04\/27\/mais-rica-que-muitas-capitais-brasileiras-a-cidade-mineira-com-pib-per-capita-de-r-127-mil-onde-sai-1-a-cada-4-carros-vendidos-no-brasil\/#breadcrumb"},"inLanguage":"pt-BR","potentialAction":[{"@type":"ReadAction","target":["https:\/\/www.em.com.br\/emfoco\/2026\/04\/27\/mais-rica-que-muitas-capitais-brasileiras-a-cidade-mineira-com-pib-per-capita-de-r-127-mil-onde-sai-1-a-cada-4-carros-vendidos-no-brasil\/"]}]},{"@type":"ImageObject","inLanguage":"pt-BR","@id":"https:\/\/www.em.com.br\/emfoco\/2026\/04\/27\/mais-rica-que-muitas-capitais-brasileiras-a-cidade-mineira-com-pib-per-capita-de-r-127-mil-onde-sai-1-a-cada-4-carros-vendidos-no-brasil\/#primaryimage","url":"https:\/\/www.em.com.br\/emfoco\/wp-content\/uploads\/2026\/04\/Automotive_industrial_corridor_202604252045.jpg","contentUrl":"https:\/\/www.em.com.br\/emfoco\/wp-content\/uploads\/2026\/04\/Automotive_industrial_corridor_202604252045.jpg","width":1280,"height":720,"caption":"Mais rica que muitas capitais brasileiras: a cidade mineira com PIB per capita de R$ 127 mil onde sai 1 a cada 4 carros vendidos no Brasil \/\/ IMAGEM ILUSTRATIVA"},{"@type":"BreadcrumbList","@id":"https:\/\/www.em.com.br\/emfoco\/2026\/04\/27\/mais-rica-que-muitas-capitais-brasileiras-a-cidade-mineira-com-pib-per-capita-de-r-127-mil-onde-sai-1-a-cada-4-carros-vendidos-no-brasil\/#breadcrumb","itemListElement":[{"@type":"ListItem","position":1,"name":"In\u00edcio","item":"https:\/\/www.em.com.br\/emfoco\/"},{"@type":"ListItem","position":2,"name":"Mais rica que muitas capitais brasileiras: a cidade mineira com PIB per capita de R$ 127 mil onde sai 1 a cada 4 carros vendidos no Brasil"}]},{"@type":"WebSite","@id":"https:\/\/www.em.com.br\/emfoco\/#website","url":"https:\/\/www.em.com.br\/emfoco\/","name":"Estado de Minas - Em foco","description":"Acompanhe as \u00faltimas not\u00edcias e fique bem informado sobre tudo o que acontece em Minas Gerais, Brasil e no mundo.","potentialAction":[{"@type":"SearchAction","target":{"@type":"EntryPoint","urlTemplate":"https:\/\/www.em.com.br\/emfoco\/?s={search_term_string}"},"query-input":{"@type":"PropertyValueSpecification","valueRequired":true,"valueName":"search_term_string"}}],"inLanguage":"pt-BR"},{"@type":"Person","@id":"https:\/\/www.em.com.br\/emfoco\/#\/schema\/person\/364ac1852fafd00f1be20f0b8b237569","name":"Vitor Bruno","image":{"@type":"ImageObject","inLanguage":"pt-BR","@id":"https:\/\/www.em.com.br\/emfoco\/#\/schema\/person\/image\/","url":"https:\/\/secure.gravatar.com\/avatar\/b719e5cdede09f942064960883b5524d?s=96&d=mm&r=g","contentUrl":"https:\/\/secure.gravatar.com\/avatar\/b719e5cdede09f942064960883b5524d?s=96&d=mm&r=g","caption":"Vitor Bruno"},"sameAs":["https:\/\/www.em.com.br\/emfoco\/"],"url":"https:\/\/www.em.com.br\/emfoco\/author\/vitormyth\/"}]}},"_links":{"self":[{"href":"https:\/\/www.em.com.br\/emfoco\/wp-json\/wp\/v2\/posts\/199263","targetHints":{"allow":["GET"]}}],"collection":[{"href":"https:\/\/www.em.com.br\/emfoco\/wp-json\/wp\/v2\/posts"}],"about":[{"href":"https:\/\/www.em.com.br\/emfoco\/wp-json\/wp\/v2\/types\/post"}],"author":[{"embeddable":true,"href":"https:\/\/www.em.com.br\/emfoco\/wp-json\/wp\/v2\/users\/6"}],"replies":[{"embeddable":true,"href":"https:\/\/www.em.com.br\/emfoco\/wp-json\/wp\/v2\/comments?post=199263"}],"version-history":[{"count":3,"href":"https:\/\/www.em.com.br\/emfoco\/wp-json\/wp\/v2\/posts\/199263\/revisions"}],"predecessor-version":[{"id":199722,"href":"https:\/\/www.em.com.br\/emfoco\/wp-json\/wp\/v2\/posts\/199263\/revisions\/199722"}],"wp:featuredmedia":[{"embeddable":true,"href":"https:\/\/www.em.com.br\/emfoco\/wp-json\/wp\/v2\/media\/199718"}],"wp:attachment":[{"href":"https:\/\/www.em.com.br\/emfoco\/wp-json\/wp\/v2\/media?parent=199263"}],"wp:term":[{"taxonomy":"category","embeddable":true,"href":"https:\/\/www.em.com.br\/emfoco\/wp-json\/wp\/v2\/categories?post=199263"},{"taxonomy":"post_tag","embeddable":true,"href":"https:\/\/www.em.com.br\/emfoco\/wp-json\/wp\/v2\/tags?post=199263"}],"curies":[{"name":"wp","href":"https:\/\/api.w.org\/{rel}","templated":true}]}}