{"id":199261,"date":"2026-04-26T15:05:00","date_gmt":"2026-04-26T18:05:00","guid":{"rendered":"https:\/\/www.em.com.br\/emfoco\/?p=199261"},"modified":"2026-04-25T19:20:48","modified_gmt":"2026-04-25T22:20:48","slug":"1-em-cada-4-produtos-do-e-commerce-brasileiro-sai-dessa-cidade-no-sul-de-minas-aquele-pacote-que-chegou-na-sua-casa-pode-ter-saido-daqui","status":"publish","type":"post","link":"https:\/\/www.em.com.br\/emfoco\/2026\/04\/26\/1-em-cada-4-produtos-do-e-commerce-brasileiro-sai-dessa-cidade-no-sul-de-minas-aquele-pacote-que-chegou-na-sua-casa-pode-ter-saido-daqui\/","title":{"rendered":"1 em cada 4 produtos do e-commerce brasileiro sai dessa cidade no Sul de Minas: aquele pacote que chegou na sua casa pode ter sa\u00eddo daqui"},"content":{"rendered":"\n<p>Aquele pacote que chegou na sua porta semana passada provavelmente passou por aqui. <strong>Extrema<\/strong>, no Sul de <strong>Minas Gerais<\/strong>, concentra 25% de toda a movimenta\u00e7\u00e3o de e-commerce do <strong>Brasil<\/strong> e 48% dos armaz\u00e9ns log\u00edsticos do estado, segundo o prefeito <strong>Jo\u00e3o Batista da Silva<\/strong>. A cidade fica a 100 km de <strong>S\u00e3o Paulo<\/strong>, na divisa com a maior regi\u00e3o consumidora do pa\u00eds.<\/p>\n\n\n\n<h2 class=\"wp-block-heading\">Como uma cidade de 53 mil habitantes virou capital nacional do e-commerce?<\/h2>\n\n\n\n<p>Tudo come\u00e7ou com posi\u00e7\u00e3o geogr\u00e1fica e impostos. Extrema fica entre a <strong>Serra da Mantiqueira<\/strong> e a <strong>Rodovia Fern\u00e3o Dias (BR-381)<\/strong>, e o programa de incentivos fiscais do Governo de Minas Gerais transformou o munic\u00edpio no chamado celeiro do e-commerce nacional. A informa\u00e7\u00e3o foi divulgada pelo prefeito ao <a href=\"https:\/\/diariodocomercio.com.br\/economia\/ajinomoto-inaugura-centro-de-distribuicao-em-extrema\/\" target=\"_blank\" rel=\"noreferrer noopener\"><strong>Di\u00e1rio do Com\u00e9rcio<\/strong><\/a> em outubro de 2024, durante a inaugura\u00e7\u00e3o do centro de distribui\u00e7\u00e3o da <strong>Ajinomoto<\/strong>.<\/p>\n\n\n\n<p>O regime tribut\u00e1rio \u00e9 a pe\u00e7a-chave. Enquanto <strong>S\u00e3o Paulo<\/strong> cobra al\u00edquota de <strong>Imposto sobre Circula\u00e7\u00e3o de Mercadorias e Servi\u00e7os (ICMS)<\/strong> de 18%, em Extrema o imposto varia entre 2% e 6% nas vendas internas e cai para 1,3% em opera\u00e7\u00f5es interestaduais. A diferen\u00e7a atraiu, segundo dados do <a href=\"https:\/\/www.agenciaminas.mg.gov.br\/noticia\/alta-demanda-por-materiais-esportivos-movimenta-industrias-do-setor-de-e-commerce-em-minas-gerais\" target=\"_blank\" rel=\"noreferrer noopener\"><strong>Governo de Minas Gerais<\/strong><\/a>, mais de 150 empresas do setor de com\u00e9rcio eletr\u00f4nico, respons\u00e1veis por 25% do volume nacional.<\/p>\n\n\n<div class=\"wp-block-image\">\n<figure class=\"aligncenter size-large\"><img loading=\"lazy\" decoding=\"async\" width=\"1024\" height=\"576\" src=\"https:\/\/www.em.com.br\/emfoco\/wp-content\/uploads\/2026\/04\/Fulfillment_center_e-commerce_202604251916-1024x576.jpg\" alt=\"1 em cada 4 produtos do e-commerce brasileiro sai dessa cidade no Sul de Minas: aquele pacote que chegou na sua casa pode ter sa\u00eddo daqui\" class=\"wp-image-199662\" srcset=\"https:\/\/www.em.com.br\/emfoco\/wp-content\/uploads\/2026\/04\/Fulfillment_center_e-commerce_202604251916-1024x576.jpg 1024w, https:\/\/www.em.com.br\/emfoco\/wp-content\/uploads\/2026\/04\/Fulfillment_center_e-commerce_202604251916-300x169.jpg 300w, https:\/\/www.em.com.br\/emfoco\/wp-content\/uploads\/2026\/04\/Fulfillment_center_e-commerce_202604251916-768x432.jpg 768w, https:\/\/www.em.com.br\/emfoco\/wp-content\/uploads\/2026\/04\/Fulfillment_center_e-commerce_202604251916-750x422.jpg 750w, https:\/\/www.em.com.br\/emfoco\/wp-content\/uploads\/2026\/04\/Fulfillment_center_e-commerce_202604251916-1140x641.jpg 1140w, https:\/\/www.em.com.br\/emfoco\/wp-content\/uploads\/2026\/04\/Fulfillment_center_e-commerce_202604251916.jpg 1280w\" sizes=\"auto, (max-width: 1024px) 100vw, 1024px\" \/><figcaption class=\"wp-element-caption\">Aquele pacote que chegou na sua casa pode ter sa\u00eddo daqui \/\/ IMAGEM ILUSTRATIVA<\/figcaption><\/figure><\/div>\n\n\n<h2 class=\"wp-block-heading\">Quais gigantes do e-commerce despacham seus pedidos a partir da\u00ed?<\/h2>\n\n\n\n<p>A lista impressiona pela soma de marcas. Empresas como <strong>Mercado Livre<\/strong>, <strong>Magazine Luiza<\/strong>, <strong>Amazon<\/strong>, <strong>Samsung<\/strong>, <strong>Netshoes<\/strong>, <strong>Dafiti<\/strong>, <strong>PetLove<\/strong>, <strong>Mobly<\/strong>, <strong>Centauro<\/strong>, <strong>Multilaser<\/strong>, <strong>Bauducco<\/strong>, <strong>Kopenhagen<\/strong>, <strong>Panasonic<\/strong> e <strong>Ambev<\/strong> mant\u00eam centros de distribui\u00e7\u00e3o na cidade. A <strong>Mercado Livre<\/strong>, em an\u00fancio formalizado pelo Governo de Minas Gerais, instalou unidade que re\u00fane as opera\u00e7\u00f5es <strong>Mercado Envios<\/strong> e <strong>Ebazar<\/strong>.<\/p>\n\n\n\n<p>Em 2021, o Governo de Minas Gerais, por meio da <strong>Ag\u00eancia de Promo\u00e7\u00e3o de Investimento e Com\u00e9rcio Exterior de Minas Gerais (Indi)<\/strong>, anunciou o <strong>BWP Business Park<\/strong>, terceiro maior centro log\u00edstico do <strong>Brasil<\/strong>, com investimento de R$ 750 milh\u00f5es e previs\u00e3o de 6.500 empregos diretos. O projeto soma oito galp\u00f5es em 400 mil m\u00b2 de \u00c1rea Bruta Loc\u00e1vel, equivalente a 38 campos de futebol, conforme a <a href=\"https:\/\/www.agenciaminas.mg.gov.br\/noticia\/empresa-de-parque-logistico-anuncia-investimento-de-r-750-milhoes-no-estado\" target=\"_blank\" rel=\"noreferrer noopener\"><strong>Ag\u00eancia Minas Gerais<\/strong><\/a>.<\/p>\n\n\n\n<p>Quem busca conhecer o sul de <strong>Minas Gerais<\/strong>, vai curtir esse v\u00eddeo especialmente selecionado do canal <strong>De fora em Juiz de Fora<\/strong>, que conta com mais de <strong>159 mil<\/strong> visualiza\u00e7\u00f5es, onde <strong>Tati Marmon<\/strong> mostra as surpresas de <strong>Extrema<\/strong>, uma cidade pequena mas altamente desenvolvida na divisa com <strong>S\u00e3o Paulo<\/strong>:<\/p>\n\n\n\n<figure class=\"wp-block-embed is-type-video is-provider-youtube wp-block-embed-youtube wp-embed-aspect-16-9 wp-has-aspect-ratio\"><div class=\"wp-block-embed__wrapper\">\n<div class=\"jeg_video_container jeg_video_content\"><iframe loading=\"lazy\" title=\"EXTREMA MG: Cidade linda na divisa de Minas Gerais com S\u00e3o Paulo - com Tati Marmon \" width=\"500\" height=\"281\" src=\"https:\/\/www.youtube.com\/embed\/e1IkAtxzlN8?feature=oembed\" frameborder=\"0\" allow=\"accelerometer; autoplay; clipboard-write; encrypted-media; gyroscope; picture-in-picture; web-share\" referrerpolicy=\"strict-origin-when-cross-origin\" allowfullscreen><\/iframe><\/div>\n<\/div><\/figure>\n\n\n\n<h2 class=\"wp-block-heading\">Quanto Extrema tem hoje em galp\u00f5es e \u00e1rea de armazenagem?<\/h2>\n\n\n\n<p>Os n\u00fameros cresceram de forma exponencial. Segundo dados da consultoria <strong>JLL<\/strong>, a cidade encerrou 2024 com 1,229 milh\u00e3o de m\u00b2 de \u00e1rea ocupada em galp\u00f5es log\u00edsticos, sendo a regi\u00e3o que mais recebeu novo estoque do estado. O pre\u00e7o do metro quadrado em Extrema subiu para R$ 28,65 no primeiro trimestre de 2025, alta de 5,3% em rela\u00e7\u00e3o ao mesmo per\u00edodo de 2024, segundo dados da <strong>Colliers International<\/strong>.<\/p>\n\n\n\n<p>A cidade soma cerca de 4 milh\u00f5es de m\u00b2 de \u00e1rea constru\u00edda para log\u00edstica e mais de 100 centros de distribui\u00e7\u00e3o, segundo dados da Prefeitura. O <strong>Cadastro Geral de Empregados e Desempregados (Caged)<\/strong> apontou Extrema como a cidade do Sul de Minas com maior saldo de empregos formais em diversos meses dos \u00faltimos anos.<\/p>\n\n\n\n<p><strong>Leia tamb\u00e9m: <a href=\"https:\/\/www.em.com.br\/emfoco\/2026\/04\/17\/a-capital-nacional-do-milho-a-cidade-a-5-horas-da-capital-esta-conquistando-os-brasileiros-com-qualidade-de-vida-e-bons-indices-de-seguranca\/\" target=\"_blank\" rel=\"noreferrer noopener\">A Capital Nacional do Milho: a cidade a 5 horas da capital est\u00e1 conquistando os brasileiros com qualidade de vida e bons \u00edndices de seguran\u00e7a<\/a><\/strong><\/p>\n\n\n\n<h2 class=\"wp-block-heading\">O que a Reforma Tribut\u00e1ria pode mudar nesse cen\u00e1rio?<\/h2>\n\n\n\n<p>A virada come\u00e7ou em janeiro de 2026. A <strong>Reforma Tribut\u00e1ria<\/strong>, aprovada em 2023, substituir\u00e1 cinco tributos (<strong>ISS<\/strong>, <strong>ICMS<\/strong>, <strong>PIS<\/strong>, <strong>Cofins<\/strong> e <strong>IPI<\/strong>) por dois novos: o <strong>Imposto sobre Bens e Servi\u00e7os (IBS)<\/strong> e a <strong>Contribui\u00e7\u00e3o sobre Bens e Servi\u00e7os (CBS)<\/strong>. O ICMS ser\u00e1 reduzido gradualmente entre 2029 e 2032, com diminui\u00e7\u00e3o de 10% ao ano nas al\u00edquotas e nos incentivos fiscais. A extin\u00e7\u00e3o total do ICMS est\u00e1 prevista para 2033.<\/p>\n\n\n\n<p>O per\u00edodo de transi\u00e7\u00e3o garante uma janela de cerca de sete anos de economia tribut\u00e1ria para empresas instaladas. Especialistas ouvidos pela imprensa especializada apontam que a infraestrutura log\u00edstica j\u00e1 consolidada, a proximidade com S\u00e3o Paulo e a m\u00e3o de obra capacitada continuar\u00e3o a ser ativos relevantes mesmo ap\u00f3s o fim dos incentivos fiscais.<\/p>\n\n\n\n<h2 class=\"wp-block-heading\">O que esses n\u00fameros dizem sobre o futuro do e-commerce no Brasil?<\/h2>\n\n\n\n<p>Extrema \u00e9 o \u00fanico munic\u00edpio do <strong>Brasil<\/strong> onde a soma de uma al\u00edquota tribut\u00e1ria reduzida, uma rodovia federal estrat\u00e9gica e m\u00e3o de obra dispon\u00edvel criou um polo log\u00edstico com peso de 25% no e-commerce nacional. A cidade est\u00e1 entre os 100 maiores PIBs per capita do <strong>Brasil<\/strong>, segundo o \u00faltimo estudo do <strong>Instituto Brasileiro de Geografia e Estat\u00edstica (IBGE)<\/strong>, sobretudo pela presen\u00e7a forte da ind\u00fastria de transforma\u00e7\u00e3o e da log\u00edstica.<\/p>\n\n\n\n<p>Da pr\u00f3xima vez que voc\u00ea abrir uma caixa de papel\u00e3o na porta de casa, vale lembrar: tem boa chance de aquele produto ter sa\u00eddo de Extrema, no Sul de Minas, atravessado a Fern\u00e3o Dias e chegado at\u00e9 voc\u00ea sem que voc\u00ea nunca tenha pisado na cidade.<\/p>\n","protected":false},"excerpt":{"rendered":"<p>Aquele pacote que chegou na sua porta semana passada provavelmente passou por aqui. Extrema, no Sul de Minas Gerais, concentra 25% de toda a movimenta\u00e7\u00e3o de e-commerce do Brasil e 48% dos armaz\u00e9ns log\u00edsticos do estado, segundo o prefeito Jo\u00e3o Batista da Silva. A cidade fica a 100 km de S\u00e3o Paulo, na divisa com [&hellip;]<\/p>\n","protected":false},"author":6,"featured_media":199661,"comment_status":"open","ping_status":"open","sticky":false,"template":"","format":"standard","meta":{"jnews-multi-image_gallery":[],"jnews_single_post":{"format":"standard"},"jnews_primary_category":[],"jnews_social_meta":[],"jnews_override_counter":[],"footnotes":""},"categories":[26],"tags":[183,1079,207],"class_list":["post-199261","post","type-post","status-publish","format-standard","has-post-thumbnail","hentry","category-cidades","tag-cidades","tag-extrema","tag-minas-gerais"],"yoast_head":"<!-- This site is optimized with the Yoast SEO plugin v23.8 - https:\/\/yoast.com\/wordpress\/plugins\/seo\/ -->\n<title>1 em cada 4 produtos do e-commerce brasileiro sai dessa cidade no Sul de Minas: aquele pacote que chegou na sua casa pode ter sa\u00eddo daqui - Estado de Minas - Em foco<\/title>\n<meta name=\"description\" content=\"Conhe\u00e7a a cidade mineira que envia 1 em cada 4 produtos vendidos na internet no Brasil. O segredo por tr\u00e1s da log\u00edstica do e-commerce.\" \/>\n<meta name=\"robots\" content=\"index, follow, max-snippet:-1, max-image-preview:large, max-video-preview:-1\" \/>\n<link rel=\"canonical\" href=\"https:\/\/www.em.com.br\/emfoco\/2026\/04\/26\/1-em-cada-4-produtos-do-e-commerce-brasileiro-sai-dessa-cidade-no-sul-de-minas-aquele-pacote-que-chegou-na-sua-casa-pode-ter-saido-daqui\/\" \/>\n<meta property=\"og:locale\" content=\"pt_BR\" \/>\n<meta property=\"og:type\" content=\"article\" \/>\n<meta property=\"og:title\" content=\"1 em cada 4 produtos do e-commerce brasileiro sai dessa cidade no Sul de Minas: aquele pacote que chegou na sua casa pode ter sa\u00eddo daqui - Estado de Minas - Em foco\" \/>\n<meta property=\"og:description\" content=\"Conhe\u00e7a a cidade mineira que envia 1 em cada 4 produtos vendidos na internet no Brasil. O segredo por tr\u00e1s da log\u00edstica do e-commerce.\" \/>\n<meta property=\"og:url\" content=\"https:\/\/www.em.com.br\/emfoco\/2026\/04\/26\/1-em-cada-4-produtos-do-e-commerce-brasileiro-sai-dessa-cidade-no-sul-de-minas-aquele-pacote-que-chegou-na-sua-casa-pode-ter-saido-daqui\/\" \/>\n<meta property=\"og:site_name\" content=\"Estado de Minas - Em foco\" \/>\n<meta property=\"article:published_time\" content=\"2026-04-26T18:05:00+00:00\" \/>\n<meta property=\"article:modified_time\" content=\"2026-04-25T22:20:48+00:00\" \/>\n<meta property=\"og:image\" content=\"https:\/\/www.em.com.br\/emfoco\/wp-content\/uploads\/2026\/04\/Highway_corridor_near_202604251916.jpg\" \/>\n\t<meta property=\"og:image:width\" content=\"1280\" \/>\n\t<meta property=\"og:image:height\" content=\"720\" \/>\n\t<meta property=\"og:image:type\" content=\"image\/jpeg\" \/>\n<meta name=\"author\" content=\"Vitor Bruno\" \/>\n<meta name=\"twitter:card\" content=\"summary_large_image\" \/>\n<meta name=\"twitter:label1\" content=\"Escrito por\" \/>\n\t<meta name=\"twitter:data1\" content=\"Vitor Bruno\" \/>\n\t<meta name=\"twitter:label2\" content=\"Est. tempo de leitura\" \/>\n\t<meta name=\"twitter:data2\" content=\"5 minutos\" \/>\n<!-- \/ Yoast SEO plugin. -->","yoast_head_json":{"title":"1 em cada 4 produtos do e-commerce brasileiro sai dessa cidade no Sul de Minas: aquele pacote que chegou na sua casa pode ter sa\u00eddo daqui - Estado de Minas - Em foco","description":"Conhe\u00e7a a cidade mineira que envia 1 em cada 4 produtos vendidos na internet no Brasil. O segredo por tr\u00e1s da log\u00edstica do e-commerce.","robots":{"index":"index","follow":"follow","max-snippet":"max-snippet:-1","max-image-preview":"max-image-preview:large","max-video-preview":"max-video-preview:-1"},"canonical":"https:\/\/www.em.com.br\/emfoco\/2026\/04\/26\/1-em-cada-4-produtos-do-e-commerce-brasileiro-sai-dessa-cidade-no-sul-de-minas-aquele-pacote-que-chegou-na-sua-casa-pode-ter-saido-daqui\/","og_locale":"pt_BR","og_type":"article","og_title":"1 em cada 4 produtos do e-commerce brasileiro sai dessa cidade no Sul de Minas: aquele pacote que chegou na sua casa pode ter sa\u00eddo daqui - Estado de Minas - Em foco","og_description":"Conhe\u00e7a a cidade mineira que envia 1 em cada 4 produtos vendidos na internet no Brasil. O segredo por tr\u00e1s da log\u00edstica do e-commerce.","og_url":"https:\/\/www.em.com.br\/emfoco\/2026\/04\/26\/1-em-cada-4-produtos-do-e-commerce-brasileiro-sai-dessa-cidade-no-sul-de-minas-aquele-pacote-que-chegou-na-sua-casa-pode-ter-saido-daqui\/","og_site_name":"Estado de Minas - Em foco","article_published_time":"2026-04-26T18:05:00+00:00","article_modified_time":"2026-04-25T22:20:48+00:00","og_image":[{"width":1280,"height":720,"url":"https:\/\/www.em.com.br\/emfoco\/wp-content\/uploads\/2026\/04\/Highway_corridor_near_202604251916.jpg","type":"image\/jpeg"}],"author":"Vitor Bruno","twitter_card":"summary_large_image","twitter_misc":{"Escrito por":"Vitor Bruno","Est. tempo de leitura":"5 minutos"},"schema":{"@context":"https:\/\/schema.org","@graph":[{"@type":"WebPage","@id":"https:\/\/www.em.com.br\/emfoco\/2026\/04\/26\/1-em-cada-4-produtos-do-e-commerce-brasileiro-sai-dessa-cidade-no-sul-de-minas-aquele-pacote-que-chegou-na-sua-casa-pode-ter-saido-daqui\/","url":"https:\/\/www.em.com.br\/emfoco\/2026\/04\/26\/1-em-cada-4-produtos-do-e-commerce-brasileiro-sai-dessa-cidade-no-sul-de-minas-aquele-pacote-que-chegou-na-sua-casa-pode-ter-saido-daqui\/","name":"1 em cada 4 produtos do e-commerce brasileiro sai dessa cidade no Sul de Minas: aquele pacote que chegou na sua casa pode ter sa\u00eddo daqui - Estado de Minas - Em foco","isPartOf":{"@id":"https:\/\/www.em.com.br\/emfoco\/#website"},"primaryImageOfPage":{"@id":"https:\/\/www.em.com.br\/emfoco\/2026\/04\/26\/1-em-cada-4-produtos-do-e-commerce-brasileiro-sai-dessa-cidade-no-sul-de-minas-aquele-pacote-que-chegou-na-sua-casa-pode-ter-saido-daqui\/#primaryimage"},"image":{"@id":"https:\/\/www.em.com.br\/emfoco\/2026\/04\/26\/1-em-cada-4-produtos-do-e-commerce-brasileiro-sai-dessa-cidade-no-sul-de-minas-aquele-pacote-que-chegou-na-sua-casa-pode-ter-saido-daqui\/#primaryimage"},"thumbnailUrl":"https:\/\/www.em.com.br\/emfoco\/wp-content\/uploads\/2026\/04\/Highway_corridor_near_202604251916.jpg","datePublished":"2026-04-26T18:05:00+00:00","dateModified":"2026-04-25T22:20:48+00:00","author":{"@id":"https:\/\/www.em.com.br\/emfoco\/#\/schema\/person\/364ac1852fafd00f1be20f0b8b237569"},"description":"Conhe\u00e7a a cidade mineira que envia 1 em cada 4 produtos vendidos na internet no Brasil. O segredo por tr\u00e1s da log\u00edstica do e-commerce.","breadcrumb":{"@id":"https:\/\/www.em.com.br\/emfoco\/2026\/04\/26\/1-em-cada-4-produtos-do-e-commerce-brasileiro-sai-dessa-cidade-no-sul-de-minas-aquele-pacote-que-chegou-na-sua-casa-pode-ter-saido-daqui\/#breadcrumb"},"inLanguage":"pt-BR","potentialAction":[{"@type":"ReadAction","target":["https:\/\/www.em.com.br\/emfoco\/2026\/04\/26\/1-em-cada-4-produtos-do-e-commerce-brasileiro-sai-dessa-cidade-no-sul-de-minas-aquele-pacote-que-chegou-na-sua-casa-pode-ter-saido-daqui\/"]}]},{"@type":"ImageObject","inLanguage":"pt-BR","@id":"https:\/\/www.em.com.br\/emfoco\/2026\/04\/26\/1-em-cada-4-produtos-do-e-commerce-brasileiro-sai-dessa-cidade-no-sul-de-minas-aquele-pacote-que-chegou-na-sua-casa-pode-ter-saido-daqui\/#primaryimage","url":"https:\/\/www.em.com.br\/emfoco\/wp-content\/uploads\/2026\/04\/Highway_corridor_near_202604251916.jpg","contentUrl":"https:\/\/www.em.com.br\/emfoco\/wp-content\/uploads\/2026\/04\/Highway_corridor_near_202604251916.jpg","width":1280,"height":720,"caption":"1 em cada 4 produtos do e-commerce brasileiro sai dessa cidade no Sul de Minas \/\/ IMAGEM ILUSTRATIVA"},{"@type":"BreadcrumbList","@id":"https:\/\/www.em.com.br\/emfoco\/2026\/04\/26\/1-em-cada-4-produtos-do-e-commerce-brasileiro-sai-dessa-cidade-no-sul-de-minas-aquele-pacote-que-chegou-na-sua-casa-pode-ter-saido-daqui\/#breadcrumb","itemListElement":[{"@type":"ListItem","position":1,"name":"In\u00edcio","item":"https:\/\/www.em.com.br\/emfoco\/"},{"@type":"ListItem","position":2,"name":"1 em cada 4 produtos do e-commerce brasileiro sai dessa cidade no Sul de Minas: aquele pacote que chegou na sua casa pode ter sa\u00eddo daqui"}]},{"@type":"WebSite","@id":"https:\/\/www.em.com.br\/emfoco\/#website","url":"https:\/\/www.em.com.br\/emfoco\/","name":"Estado de Minas - Em foco","description":"Acompanhe as \u00faltimas not\u00edcias e fique bem informado sobre tudo o que acontece em Minas Gerais, Brasil e no mundo.","potentialAction":[{"@type":"SearchAction","target":{"@type":"EntryPoint","urlTemplate":"https:\/\/www.em.com.br\/emfoco\/?s={search_term_string}"},"query-input":{"@type":"PropertyValueSpecification","valueRequired":true,"valueName":"search_term_string"}}],"inLanguage":"pt-BR"},{"@type":"Person","@id":"https:\/\/www.em.com.br\/emfoco\/#\/schema\/person\/364ac1852fafd00f1be20f0b8b237569","name":"Vitor Bruno","image":{"@type":"ImageObject","inLanguage":"pt-BR","@id":"https:\/\/www.em.com.br\/emfoco\/#\/schema\/person\/image\/","url":"https:\/\/secure.gravatar.com\/avatar\/b719e5cdede09f942064960883b5524d?s=96&d=mm&r=g","contentUrl":"https:\/\/secure.gravatar.com\/avatar\/b719e5cdede09f942064960883b5524d?s=96&d=mm&r=g","caption":"Vitor Bruno"},"sameAs":["https:\/\/www.em.com.br\/emfoco\/"],"url":"https:\/\/www.em.com.br\/emfoco\/author\/vitormyth\/"}]}},"_links":{"self":[{"href":"https:\/\/www.em.com.br\/emfoco\/wp-json\/wp\/v2\/posts\/199261","targetHints":{"allow":["GET"]}}],"collection":[{"href":"https:\/\/www.em.com.br\/emfoco\/wp-json\/wp\/v2\/posts"}],"about":[{"href":"https:\/\/www.em.com.br\/emfoco\/wp-json\/wp\/v2\/types\/post"}],"author":[{"embeddable":true,"href":"https:\/\/www.em.com.br\/emfoco\/wp-json\/wp\/v2\/users\/6"}],"replies":[{"embeddable":true,"href":"https:\/\/www.em.com.br\/emfoco\/wp-json\/wp\/v2\/comments?post=199261"}],"version-history":[{"count":4,"href":"https:\/\/www.em.com.br\/emfoco\/wp-json\/wp\/v2\/posts\/199261\/revisions"}],"predecessor-version":[{"id":199664,"href":"https:\/\/www.em.com.br\/emfoco\/wp-json\/wp\/v2\/posts\/199261\/revisions\/199664"}],"wp:featuredmedia":[{"embeddable":true,"href":"https:\/\/www.em.com.br\/emfoco\/wp-json\/wp\/v2\/media\/199661"}],"wp:attachment":[{"href":"https:\/\/www.em.com.br\/emfoco\/wp-json\/wp\/v2\/media?parent=199261"}],"wp:term":[{"taxonomy":"category","embeddable":true,"href":"https:\/\/www.em.com.br\/emfoco\/wp-json\/wp\/v2\/categories?post=199261"},{"taxonomy":"post_tag","embeddable":true,"href":"https:\/\/www.em.com.br\/emfoco\/wp-json\/wp\/v2\/tags?post=199261"}],"curies":[{"name":"wp","href":"https:\/\/api.w.org\/{rel}","templated":true}]}}