{"id":199260,"date":"2026-04-27T11:25:00","date_gmt":"2026-04-27T14:25:00","guid":{"rendered":"https:\/\/www.em.com.br\/emfoco\/?p=199260"},"modified":"2026-04-25T21:20:12","modified_gmt":"2026-04-26T00:20:12","slug":"essa-gigante-do-interior-mineiro-e-a-27a-cidade-mais-rica-do-brasil-e-quase-ninguem-fora-de-minas-sabe-disso","status":"publish","type":"post","link":"https:\/\/www.em.com.br\/emfoco\/2026\/04\/27\/essa-gigante-do-interior-mineiro-e-a-27a-cidade-mais-rica-do-brasil-e-quase-ninguem-fora-de-minas-sabe-disso\/","title":{"rendered":"Essa gigante do interior mineiro \u00e9 a 27\u00aa cidade mais rica do Brasil e quase ningu\u00e9m fora de Minas sabe disso"},"content":{"rendered":"\n<p>A 537 km de <strong>Belo Horizonte<\/strong>, no <strong>Tri\u00e2ngulo Mineiro<\/strong>, <strong>Uberl\u00e2ndia<\/strong> tem 761.835 habitantes, segundo a estimativa do <strong>Instituto Brasileiro de Geografia e Estat\u00edstica (IBGE)<\/strong> de 2025. A cidade \u00e9 a 2\u00aa maior economia de <strong>Minas Gerais<\/strong>, soma R$ 51 bilh\u00f5es de PIB em 2023 e ocupa a 27\u00aa posi\u00e7\u00e3o no ranking nacional, \u00e0 frente de 16 capitais brasileiras.<\/p>\n\n\n\n<h2 class=\"wp-block-heading\">Como uma cidade do interior virou a 27\u00aa maior economia do Brasil?<\/h2>\n\n\n\n<p>A resposta tem tr\u00eas camadas. Pelo <strong>IBGE<\/strong>, Uberl\u00e2ndia registrou Produto Interno Bruto a pre\u00e7os correntes de R$ 51,065 bilh\u00f5es em 2023, ficando atr\u00e1s apenas de <strong>Belo Horizonte<\/strong> e <strong>Betim<\/strong> entre os munic\u00edpios mineiros. No ranking nacional, a cidade passa \u00e0 frente de capitais como <strong>Florian\u00f3polis<\/strong>, <strong>Cuiab\u00e1<\/strong>, <strong>Aracaju<\/strong>, <strong>Jo\u00e3o Pessoa<\/strong>, <strong>Natal<\/strong>, <strong>Macei\u00f3<\/strong> e <strong>Boa Vista<\/strong>, segundo dados oficiais reunidos pela <a href=\"https:\/\/www.uberlandia.mg.gov.br\/2024\/11\/12\/uberlandia-e-reconhecida-em-mais-de-30-premios-e-rankings-ao-longo-de-quase-8-anos-de-gestao-do-prefeito-odelmo-leao\/\" target=\"_blank\" rel=\"noreferrer noopener\"><strong>Prefeitura de Uberl\u00e2ndia<\/strong><\/a>.<\/p>\n\n\n\n<p>A for\u00e7a industrial \u00e9 parte central da explica\u00e7\u00e3o. Entre 2002 e 2021, o PIB Industrial da cidade cresceu 764,12%, segundo o IBGE. O <strong>Centro Distrital Industrial<\/strong>, fundado nos anos 1970, abriga gigantes do agroneg\u00f3cio, da log\u00edstica e dos alimentos, como <strong>Cargill<\/strong>, <strong>BRF<\/strong>, <strong>ABInBev<\/strong>, <strong>Souza Cruz<\/strong> e <strong>Coca-Cola<\/strong>.<\/p>\n\n\n<div class=\"wp-block-image\">\n<figure class=\"aligncenter size-large\"><img loading=\"lazy\" decoding=\"async\" width=\"1024\" height=\"576\" src=\"https:\/\/www.em.com.br\/emfoco\/wp-content\/uploads\/2025\/06\/Uberlandia-1024x576.jpg\" alt=\"A 2\u00aa melhor qualidade de vida entre as grandes cidades de Minas e 4\u00ba maior PIB do interior do Brasil\" class=\"wp-image-58159\" srcset=\"https:\/\/www.em.com.br\/emfoco\/wp-content\/uploads\/2025\/06\/Uberlandia-1024x576.jpg 1024w, https:\/\/www.em.com.br\/emfoco\/wp-content\/uploads\/2025\/06\/Uberlandia-300x169.jpg 300w, https:\/\/www.em.com.br\/emfoco\/wp-content\/uploads\/2025\/06\/Uberlandia-768x432.jpg 768w, https:\/\/www.em.com.br\/emfoco\/wp-content\/uploads\/2025\/06\/Uberlandia-750x422.jpg 750w, https:\/\/www.em.com.br\/emfoco\/wp-content\/uploads\/2025\/06\/Uberlandia-1140x641.jpg 1140w, https:\/\/www.em.com.br\/emfoco\/wp-content\/uploads\/2025\/06\/Uberlandia.jpg 1280w\" sizes=\"auto, (max-width: 1024px) 100vw, 1024px\" \/><figcaption class=\"wp-element-caption\">Uberl\u00e2ndia \u00e9 o destino ideal para quem busca oportunidades de carreira \/\/ Cr\u00e9ditos: Wikimedia Commons<\/figcaption><\/figure><\/div>\n\n\n<h2 class=\"wp-block-heading\">Por que ningu\u00e9m fora de Minas conhece esse mercado de R$ 38 bilh\u00f5es?<\/h2>\n\n\n\n<p>O dado mais impressionante talvez seja o de consumo. Uberl\u00e2ndia \u00e9 a 22\u00aa cidade do <strong>Brasil<\/strong> em potencial de consumo, segundo o ranking <strong>IPC Maps<\/strong>, e movimenta R$ 38,107 bilh\u00f5es em 2025 s\u00f3 com aquisi\u00e7\u00e3o de produtos e servi\u00e7os, segundo a <a href=\"https:\/\/www.uberlandia.mg.gov.br\/2025\/06\/17\/potencial-de-consumo-em-uberlandia-cresce-e-se-mantem-entre-os-25-maiores-do-brasil\/\" target=\"_blank\" rel=\"noreferrer noopener\"><strong>Prefeitura de Uberl\u00e2ndia<\/strong><\/a>. Em oito anos, esse \u00edndice cresceu mais de 100%.<\/p>\n\n\n\n<p>O setor de habita\u00e7\u00e3o lidera o consumo dos uberlandenses, com R$ 7,476 bilh\u00f5es anuais, seguido por ve\u00edculo pr\u00f3prio, alimenta\u00e7\u00e3o no domic\u00edlio e fora dele. As classes B e C concentram 76,18% do consumo total. A cidade ocupa ainda a 13\u00aa posi\u00e7\u00e3o no ranking <strong>Brasil City Branding<\/strong> entre as cidades mais fortes para novos investimentos do pa\u00eds.<\/p>\n\n\n\n<h2 class=\"wp-block-heading\">R$ 6 bilh\u00f5es em data center e a aposta na intelig\u00eancia artificial<\/h2>\n\n\n\n<p>O dinheiro novo j\u00e1 est\u00e1 chegando. Em 2025, a empresa norte-americana <strong>RT-One<\/strong> anunciou investimento de R$ 6 bilh\u00f5es em um mega data center voltado para Intelig\u00eancia Artificial em Uberl\u00e2ndia. A cidade tamb\u00e9m recebe a nova f\u00e1brica da <strong>Coca-Cola<\/strong>, com R$ 1,5 bilh\u00e3o em aporte, a amplia\u00e7\u00e3o da unidade da francesa <strong>Lactalis<\/strong>, com R$ 291,1 milh\u00f5es, e uma nova planta da belga <strong>Carmeuse<\/strong>, com R$ 200 milh\u00f5es.<\/p>\n\n\n\n<p>Os investimentos somam mais de R$ 8 bilh\u00f5es s\u00f3 nos an\u00fancios de 2025 e respondem pelo movimento que tornou Uberl\u00e2ndia a 2\u00aa cidade de grande porte do <strong>Brasil<\/strong> com mais admiss\u00f5es em 2023. O tempo m\u00e9dio para abrir uma empresa caiu para 6 horas, e s\u00f3 no primeiro trimestre de 2025 nasceram 1.778 novos neg\u00f3cios na cidade.<\/p>\n\n\n\n<p><strong>Leia tamb\u00e9m: <a href=\"https:\/\/www.em.com.br\/emfoco\/2026\/04\/17\/a-capital-nacional-do-milho-a-cidade-a-5-horas-da-capital-esta-conquistando-os-brasileiros-com-qualidade-de-vida-e-bons-indices-de-seguranca\/\" target=\"_blank\" rel=\"noreferrer noopener\">A Capital Nacional do Milho: a cidade a 5 horas da capital est\u00e1 conquistando os brasileiros com qualidade de vida e bons \u00edndices de seguran\u00e7a<\/a><\/strong><\/p>\n\n\n\n<h2 class=\"wp-block-heading\">O que ver e onde comer na 2\u00aa maior cidade de Minas?<\/h2>\n\n\n\n<p>Apesar do perfil de hub de neg\u00f3cios, Uberl\u00e2ndia tem atra\u00e7\u00f5es culturais, gastronomia diversificada e o <strong>Mapa do Turismo Brasileiro<\/strong> como aliado pela quarta vez seguida. Os principais pontos ficam no centro e na zona sul.<\/p>\n\n\n\n<ul class=\"wp-block-list has-medium-font-size\">\n<li><strong>Parque do Sabi\u00e1<\/strong>: maior \u00e1rea verde da cidade, com mais de 1,8 milh\u00e3o de m\u00b2, lago, zool\u00f3gico e o Est\u00e1dio Jo\u00e3o Havelange.<\/li>\n\n\n\n<li><strong>Pra\u00e7a Tubal Vilela<\/strong>: cart\u00e3o-postal do centro, com chafariz, jardins sim\u00e9tricos e arquitetura hist\u00f3rica.<\/li>\n\n\n\n<li><strong>Universidade Federal de Uberl\u00e2ndia (UFU)<\/strong>: criada em 1969, a federal abriga cerca de 50 mil estudantes e movimenta a economia universit\u00e1ria do Tri\u00e2ngulo.<\/li>\n\n\n\n<li><strong>Center Shopping e Uberl\u00e2ndia Shopping<\/strong>: dois dos maiores centros comerciais do interior do <strong>Brasil<\/strong>.<\/li>\n\n\n\n<li><strong>Catedral de Santa Terezinha<\/strong>: matriz da cidade, com arquitetura modernista e vitrais.<\/li>\n\n\n\n<li><strong>Teatro Municipal de Uberl\u00e2ndia<\/strong>: principal palco da cena cultural local, com programa\u00e7\u00e3o de m\u00fasica e teatro.<\/li>\n<\/ul>\n\n\n\n<p>Na mesa, o card\u00e1pio mistura cozinha mineira tradicional com forte presen\u00e7a de boa carne. A cidade \u00e9 refer\u00eancia em churrascarias e restaurantes de carnes nobres no <strong>Tri\u00e2ngulo Mineiro<\/strong>.<\/p>\n\n\n\n<ul class=\"wp-block-list has-medium-font-size\">\n<li><strong>Frango com quiabo e angu<\/strong>: cl\u00e1ssico mineiro servido em panela de ferro nos restaurantes do centro.<\/li>\n\n\n\n<li><strong>Costela no fogo de ch\u00e3o<\/strong>: especialidade do Tri\u00e2ngulo, com carne assada por horas em estilo ga\u00facho-mineiro.<\/li>\n\n\n\n<li><strong>Pamonha goiana<\/strong>: presente nas pamonharias da BR-365, heran\u00e7a da fronteira com <strong>Goi\u00e1s<\/strong>.<\/li>\n\n\n\n<li><strong>Tropeiro de feij\u00e3o<\/strong>: receita de fazenda servida com torresmo e couve.<\/li>\n\n\n\n<li><strong>Doces de leite e queijos<\/strong>: vendidos nas casas tradicionais da Avenida Rondon Pacheco.<\/li>\n<\/ul>\n\n\n\n<p>Quem quer descobrir o que <strong>Uberl\u00e2ndia<\/strong> tem a oferecer al\u00e9m do \u00f3bvio, vai curtir esse v\u00eddeo especialmente selecionado do canal <strong>Dell Por Aqui<\/strong>, que conta com mais de <strong>32 mil<\/strong> visualiza\u00e7\u00f5es, onde o apresentador mostra surpresas da cidade mineira, como o <strong>Mercado Municipal<\/strong> e o moderno <strong>P\u00e1tio Sabi\u00e1<\/strong>:<\/p>\n\n\n\n<figure class=\"wp-block-embed is-type-video is-provider-youtube wp-block-embed-youtube wp-embed-aspect-16-9 wp-has-aspect-ratio\"><div class=\"wp-block-embed__wrapper\">\n<div class=\"jeg_video_container jeg_video_content\"><iframe loading=\"lazy\" title=\"Ningu\u00e9m Imagina Que Uberl\u00e2ndia Tem Tudo Isso!\" width=\"500\" height=\"281\" src=\"https:\/\/www.youtube.com\/embed\/6CTT8KU0xYw?feature=oembed\" frameborder=\"0\" allow=\"accelerometer; autoplay; clipboard-write; encrypted-media; gyroscope; picture-in-picture; web-share\" referrerpolicy=\"strict-origin-when-cross-origin\" allowfullscreen><\/iframe><\/div>\n<\/div><\/figure>\n\n\n\n<h2 class=\"wp-block-heading\">Quando o clima do Tri\u00e2ngulo favorece a visita?<\/h2>\n\n\n\n<p>Uberl\u00e2ndia tem clima tropical de altitude, com inverno seco e ver\u00e3o chuvoso. A escolha do m\u00eas muda completamente o ritmo da cidade:<\/p>\n\n\n\n<style>\n    .clima-grid-em123 { \n        --cor-primaria: #1a2a57; --cor-secundaria: #1a2a57; --cor-txt-secundaria: #ffffff;\n        display: grid; grid-template-columns: repeat(auto-fit, minmax(190px, 1fr)); gap: 15px; justify-content: center; padding: 10px;\n    }\n    .clima-card-em123 { border: 5px solid var(--cor-primaria); border-top: 5px solid var(--cor-secundaria); border-radius: 12px; background-color: var(--cor-primaria); background-clip: padding-box; display: flex; flex-direction: column; overflow: hidden; cursor: pointer; box-shadow: 0 6px 12px rgba(0,0,0, 0.2); transition: transform 0.2s ease, box-shadow 0.2s ease; -webkit-tap-highlight-color: transparent; user-select: none; transform: translateZ(0); animation: wmFadeIn 0.6s cubic-bezier(0.2, 0.8, 0.2, 1) backwards; }\n    .clima-card-em123:focus-visible { outline: 3px dashed var(--cor-secundaria); outline-offset: 4px; }\n    .clima-card-em123:nth-child(1) { animation-delay: 0.1s; } .clima-card-em123:nth-child(2) { animation-delay: 0.2s; } .clima-card-em123:nth-child(3) { animation-delay: 0.3s; } .clima-card-em123:nth-child(4) { animation-delay: 0.4s; }\n    @keyframes wmFadeIn { from { opacity: 0; transform: translateY(30px); } to { opacity: 1; transform: translateY(0); } }\n    .clima-card-em123:hover { transform: translateY(-5px); box-shadow: 0 15px 30px rgba(0,0,0, 0.3); }\n    .clima-card-em123:active { transform: translateY(-1px) scale(0.97); box-shadow: 0 3px 6px rgba(0,0,0, 0.2); transition: transform 0.05s ease, box-shadow 0.05s ease; }\n    .clima-header-em123 { background: #fdfbf5; padding: 15px 10px; text-align: center; display: flex; flex-direction: column; align-items: center; justify-content: center; }\n    .clima-body-em123 { background: #ffffff; padding: 15px; display: flex; flex-direction: column; flex-grow: 1; align-items: center; }\n    .clima-destaque-em123 { box-shadow: 0 8px 16px rgba(0,0,0, 0.25); }\n    .clima-destaque-em123:hover { box-shadow: 0 18px 36px rgba(0,0,0, 0.35); }\n    .clima-destaque-em123 .clima-header-em123 { background: var(--cor-secundaria); }\n    .clima-destaque-em123 .clima-header-em123 .clima-titulo-em123 { color: var(--cor-txt-secundaria) !important; } \n    .clima-pill-em123 { display: flex; white-space: normal; max-width: 100%; box-sizing: border-box; justify-content: center; align-items: center; text-align: center; background: #e8ebf2; color: var(--cor-primaria); font-size: 11px; font-weight: 900 !important; letter-spacing: 0.5px; padding: 8px 16px; border-radius: 16px; text-transform: uppercase; line-height: 1.4; box-shadow: 0 4px 8px rgba(0,0,0, 0.15); margin-top: auto; transition: transform 0.2s ease; }\n    .clima-destaque-em123 .clima-pill-em123 { background: var(--cor-primaria); color: #ffffff; border: 1px solid #ffffff; } \n    .clima-card-em123:hover .clima-pill-em123 { transform: scale(1.06); }\n    .clima-pill-em123 span { font-weight: 900 !important; color: inherit; } \n    .clima-emoji-em123 { font-size: 24px; line-height: 1; margin-bottom: 5px; }\n    .clima-titulo-em123 { color: var(--cor-primaria); font-size: 16px; text-transform: uppercase; margin-top: 5px; font-weight: bold; }\n    .clima-mes-em123 { font-size: 11px; font-weight: 800; color: var(--cor-primaria); text-transform: uppercase; margin-bottom: 5px; display: block; }\n    .clima-temp-em123 { font-size: 26px; font-weight: 900; color: var(--cor-primaria); margin-bottom: 10px; }\n    .clima-desc-em123 { font-size: 13px; color: #444; text-align: center; line-height: 1.5; margin-bottom: 15px; flex-grow: 1;}\n    .clima-desc-em123 strong { color: #111; }\n    @media (prefers-color-scheme: dark) {\n        .clima-card-em123 { border-color: #2b4182; background-color: #2b4182; box-shadow: 0 6px 12px rgba(0,0,0, 0.5); }\n        .clima-header-em123 { background: #1a1a1a; } .clima-body-em123 { background: #121212; }\n        .clima-destaque-em123 .clima-header-em123 { background: var(--cor-secundaria); }\n        .clima-destaque-em123 .clima-header-em123 .clima-titulo-em123 { color: var(--cor-txt-secundaria) !important; }\n        .clima-titulo-em123 { color: #8da5e8; } .clima-mes-em123 { color: #8da5e8; } .clima-temp-em123 { color: #8da5e8; } .clima-desc-em123 { color: #cccccc; } .clima-desc-em123 strong { color: #ffffff; }\n        .clima-pill-em123 { background: #2b4182; color: #ffffff; box-shadow: 0 4px 8px rgba(0, 0, 0, 0.5); }\n        .clima-destaque-em123 .clima-pill-em123 { background: #3b55a0; color: #ffffff; border-color: #8da5e8; }\n    }\n<\/style>\n<div class=\"google-auto-ads-ignore clima-grid-em123\" style=\"box-sizing: border-box; width: 100%; max-width: 980px; margin: 30px auto; font-family: 'Segoe UI', Roboto, Helvetica, Arial, sans-serif;\">\n    <div class=\"clima-card-em123\" tabindex=\"0\">\n        <div class=\"clima-header-em123\"><div class=\"clima-emoji-em123\" aria-hidden=\"true\">\ud83c\udf33<\/div><div class=\"clima-titulo-em123\">Ver\u00e3o<\/div><\/div>\n        <div class=\"clima-body-em123\">\n            <time class=\"clima-mes-em123\">Dezembro a fevereiro<\/time><div class=\"clima-temp-em123\">20\u00b0C a 30\u00b0C<\/div>\n            <div class=\"clima-desc-em123\">As chuvas de ver\u00e3o ditam o ritmo da cidade. A dica no Tri\u00e2ngulo Mineiro \u00e9 intercalar passeios abertos no <strong>Parque do Sabi\u00e1 e a vida indoor nos shoppings<\/strong>.<\/div>\n            <div class=\"clima-pill-em123\"><span>\u2614 Chuva Alta<\/span><\/div>\n        <\/div>\n    <\/div>\n    <div class=\"clima-card-em123\" tabindex=\"0\">\n        <div class=\"clima-header-em123\"><div class=\"clima-emoji-em123\" aria-hidden=\"true\">\ud83d\udcbc<\/div><div class=\"clima-titulo-em123\">Outono<\/div><\/div>\n        <div class=\"clima-body-em123\">\n            <time class=\"clima-mes-em123\">Mar\u00e7o a maio<\/time><div class=\"clima-temp-em123\">17\u00b0C a 29\u00b0C<\/div>\n            <div class=\"clima-desc-em123\">A temperatura amena e a queda no \u00edndice de chuvas tornam o ambiente altamente prop\u00edcio para os grandes <strong>eventos de neg\u00f3cios e cultura<\/strong> da cidade.<\/div>\n            <div class=\"clima-pill-em123\"><span>\u2601\ufe0f Chuva M\u00e9dia<\/span><\/div>\n        <\/div>\n    <\/div>\n    <div class=\"clima-card-em123 clima-destaque-em123\" tabindex=\"0\">\n        <div class=\"clima-header-em123\"><div class=\"clima-emoji-em123\" aria-hidden=\"true\">\ud83e\udd69<\/div><div class=\"clima-titulo-em123\">Inverno<\/div><\/div>\n        <div class=\"clima-body-em123\">\n            <time class=\"clima-mes-em123\">Junho a agosto<\/time><div class=\"clima-temp-em123\">13\u00b0C a 28\u00b0C<\/div>\n            <div class=\"clima-desc-em123\">A janela perfeita no Tri\u00e2ngulo! O clima \u00e9 excelente, unindo tempo muito seco a noites frescas. Invista firme na forte <strong>gastronomia e churrasco no fogo de ch\u00e3o<\/strong>.<\/div>\n            <div class=\"clima-pill-em123\"><span>\u2b50 Melhor \u00c9poca \/ Seco<\/span><\/div>\n        <\/div>\n    <\/div>\n    <div class=\"clima-card-em123\" tabindex=\"0\">\n        <div class=\"clima-header-em123\"><div class=\"clima-emoji-em123\" aria-hidden=\"true\">\ud83c\udfad<\/div><div class=\"clima-titulo-em123\">Primavera<\/div><\/div>\n        <div class=\"clima-body-em123\">\n            <time class=\"clima-mes-em123\">Setembro a novembro<\/time><div class=\"clima-temp-em123\">17\u00b0C a 32\u00b0C<\/div>\n            <div class=\"clima-desc-em123\">O forte calor do cerrado ressurge com chuvas de transi\u00e7\u00e3o. \u00c9poca badalada para prestigiar a intensa vida cultural na <strong>UFU, nos museus e no Teatro Municipal<\/strong>.<\/div>\n            <div class=\"clima-pill-em123\"><span>\u2601\ufe0f Chuva Baixa a M\u00e9dia<\/span><\/div>\n        <\/div>\n    <\/div>\n<\/div>\n\n\n\n<p><em>Temperaturas aproximadas com base no <a href=\"https:\/\/www.climatempo.com.br\/previsao-do-tempo\/cidade\/203\/uberlandia-mg\" target=\"_blank\" rel=\"noreferrer noopener\"><strong>Climatempo<\/strong><\/a>. Condi\u00e7\u00f5es podem variar.<\/em><\/p>\n\n\n\n<h2 class=\"wp-block-heading\">Como chegar \u00e0 27\u00aa cidade mais rica do Brasil?<\/h2>\n\n\n\n<p>O acesso a\u00e9reo \u00e9 direto pelo <strong>Aeroporto Internacional Cesar Bombonato<\/strong>, com voos regulares para S\u00e3o Paulo, Rio de Janeiro, Bras\u00edlia e Belo Horizonte. De carro, s\u00e3o 537 km de <strong>Belo Horizonte<\/strong> pela <strong>BR-262<\/strong> e <strong>BR-365<\/strong>, em cerca de 7 horas. <strong>S\u00e3o Paulo<\/strong> fica a 575 km e <strong>Bras\u00edlia<\/strong> a 440 km, posi\u00e7\u00e3o estrat\u00e9gica que ajudou a transformar a cidade em hub log\u00edstico nacional.<\/p>\n\n\n\n<p>A localiza\u00e7\u00e3o entre as tr\u00eas maiores capitais do <strong>Centro-Sul<\/strong> brasileiro fez de Uberl\u00e2ndia o maior centro de distribui\u00e7\u00e3o da <strong>Am\u00e9rica Latina<\/strong> em algumas categorias log\u00edsticas, com empresas como <strong>Algar<\/strong> (telecomunica\u00e7\u00f5es) e <strong>Martins<\/strong> (atacado) com sede no munic\u00edpio.<\/p>\n\n\n\n<h2 class=\"wp-block-heading\">Visite a gigante esquecida do Tri\u00e2ngulo Mineiro<\/h2>\n\n\n\n<p>Uberl\u00e2ndia \u00e9 a 27\u00aa maior economia do <strong>Brasil<\/strong>, supera 16 capitais em PIB, recebe R$ 6 bilh\u00f5es em data center de intelig\u00eancia artificial e movimenta R$ 38 bilh\u00f5es em consumo todo ano. Poucas cidades do interior brasileiro re\u00fanem agroneg\u00f3cio, ind\u00fastria de transforma\u00e7\u00e3o, universidade federal e capacidade log\u00edstica no mesmo endere\u00e7o.<\/p>\n\n\n\n<p>Voc\u00ea precisa pegar a estrada e conhecer Uberl\u00e2ndia, a gigante do Tri\u00e2ngulo Mineiro que cresce sem alarde e disputa de igual com capitais inteiras no PIB e no consumo do pa\u00eds.<\/p>\n","protected":false},"excerpt":{"rendered":"<p>A 537 km de Belo Horizonte, no Tri\u00e2ngulo Mineiro, Uberl\u00e2ndia tem 761.835 habitantes, segundo a estimativa do Instituto Brasileiro de Geografia e Estat\u00edstica (IBGE) de 2025. A cidade \u00e9 a 2\u00aa maior economia de Minas Gerais, soma R$ 51 bilh\u00f5es de PIB em 2023 e ocupa a 27\u00aa posi\u00e7\u00e3o no ranking nacional, \u00e0 frente de [&hellip;]<\/p>\n","protected":false},"author":6,"featured_media":199716,"comment_status":"open","ping_status":"open","sticky":false,"template":"","format":"standard","meta":{"jnews-multi-image_gallery":[],"jnews_single_post":{"format":"standard"},"jnews_primary_category":[],"jnews_social_meta":[],"jnews_override_counter":[],"footnotes":""},"categories":[26],"tags":[183,207,612],"class_list":["post-199260","post","type-post","status-publish","format-standard","has-post-thumbnail","hentry","category-cidades","tag-cidades","tag-minas-gerais","tag-uberlandia"],"yoast_head":"<!-- This site is optimized with the Yoast SEO plugin v23.8 - https:\/\/yoast.com\/wordpress\/plugins\/seo\/ -->\n<title>Essa gigante do interior mineiro \u00e9 a 27\u00aa cidade mais rica do Brasil e quase ningu\u00e9m fora de Minas sabe disso - Estado de Minas - Em foco<\/title>\n<meta name=\"description\" content=\"Com um PIB que supera 16 capitais, esta cidade no interior mineiro ocupa a 27\u00aa posi\u00e7\u00e3o no ranking nacional. Veja os detalhes desse polo.\" \/>\n<meta name=\"robots\" content=\"index, follow, max-snippet:-1, max-image-preview:large, max-video-preview:-1\" \/>\n<link rel=\"canonical\" href=\"https:\/\/www.em.com.br\/emfoco\/2026\/04\/27\/essa-gigante-do-interior-mineiro-e-a-27a-cidade-mais-rica-do-brasil-e-quase-ninguem-fora-de-minas-sabe-disso\/\" \/>\n<meta property=\"og:locale\" content=\"pt_BR\" \/>\n<meta property=\"og:type\" content=\"article\" \/>\n<meta property=\"og:title\" content=\"Essa gigante do interior mineiro \u00e9 a 27\u00aa cidade mais rica do Brasil e quase ningu\u00e9m fora de Minas sabe disso - Estado de Minas - Em foco\" \/>\n<meta property=\"og:description\" content=\"Com um PIB que supera 16 capitais, esta cidade no interior mineiro ocupa a 27\u00aa posi\u00e7\u00e3o no ranking nacional. Veja os detalhes desse polo.\" \/>\n<meta property=\"og:url\" content=\"https:\/\/www.em.com.br\/emfoco\/2026\/04\/27\/essa-gigante-do-interior-mineiro-e-a-27a-cidade-mais-rica-do-brasil-e-quase-ninguem-fora-de-minas-sabe-disso\/\" \/>\n<meta property=\"og:site_name\" content=\"Estado de Minas - Em foco\" \/>\n<meta property=\"article:published_time\" content=\"2026-04-27T14:25:00+00:00\" \/>\n<meta property=\"article:modified_time\" content=\"2026-04-26T00:20:12+00:00\" \/>\n<meta property=\"og:image\" content=\"https:\/\/www.em.com.br\/emfoco\/wp-content\/uploads\/2026\/04\/Uberlandia_central_business_202604252042.jpg\" \/>\n\t<meta property=\"og:image:width\" content=\"1280\" \/>\n\t<meta property=\"og:image:height\" content=\"720\" \/>\n\t<meta property=\"og:image:type\" content=\"image\/jpeg\" \/>\n<meta name=\"author\" content=\"Vitor Bruno\" \/>\n<meta name=\"twitter:card\" content=\"summary_large_image\" \/>\n<meta name=\"twitter:label1\" content=\"Escrito por\" \/>\n\t<meta name=\"twitter:data1\" content=\"Vitor Bruno\" \/>\n\t<meta name=\"twitter:label2\" content=\"Est. tempo de leitura\" \/>\n\t<meta name=\"twitter:data2\" content=\"7 minutos\" \/>\n<!-- \/ Yoast SEO plugin. -->","yoast_head_json":{"title":"Essa gigante do interior mineiro \u00e9 a 27\u00aa cidade mais rica do Brasil e quase ningu\u00e9m fora de Minas sabe disso - Estado de Minas - Em foco","description":"Com um PIB que supera 16 capitais, esta cidade no interior mineiro ocupa a 27\u00aa posi\u00e7\u00e3o no ranking nacional. Veja os detalhes desse polo.","robots":{"index":"index","follow":"follow","max-snippet":"max-snippet:-1","max-image-preview":"max-image-preview:large","max-video-preview":"max-video-preview:-1"},"canonical":"https:\/\/www.em.com.br\/emfoco\/2026\/04\/27\/essa-gigante-do-interior-mineiro-e-a-27a-cidade-mais-rica-do-brasil-e-quase-ninguem-fora-de-minas-sabe-disso\/","og_locale":"pt_BR","og_type":"article","og_title":"Essa gigante do interior mineiro \u00e9 a 27\u00aa cidade mais rica do Brasil e quase ningu\u00e9m fora de Minas sabe disso - Estado de Minas - Em foco","og_description":"Com um PIB que supera 16 capitais, esta cidade no interior mineiro ocupa a 27\u00aa posi\u00e7\u00e3o no ranking nacional. Veja os detalhes desse polo.","og_url":"https:\/\/www.em.com.br\/emfoco\/2026\/04\/27\/essa-gigante-do-interior-mineiro-e-a-27a-cidade-mais-rica-do-brasil-e-quase-ninguem-fora-de-minas-sabe-disso\/","og_site_name":"Estado de Minas - Em foco","article_published_time":"2026-04-27T14:25:00+00:00","article_modified_time":"2026-04-26T00:20:12+00:00","og_image":[{"width":1280,"height":720,"url":"https:\/\/www.em.com.br\/emfoco\/wp-content\/uploads\/2026\/04\/Uberlandia_central_business_202604252042.jpg","type":"image\/jpeg"}],"author":"Vitor Bruno","twitter_card":"summary_large_image","twitter_misc":{"Escrito por":"Vitor Bruno","Est. tempo de leitura":"7 minutos"},"schema":{"@context":"https:\/\/schema.org","@graph":[{"@type":"WebPage","@id":"https:\/\/www.em.com.br\/emfoco\/2026\/04\/27\/essa-gigante-do-interior-mineiro-e-a-27a-cidade-mais-rica-do-brasil-e-quase-ninguem-fora-de-minas-sabe-disso\/","url":"https:\/\/www.em.com.br\/emfoco\/2026\/04\/27\/essa-gigante-do-interior-mineiro-e-a-27a-cidade-mais-rica-do-brasil-e-quase-ninguem-fora-de-minas-sabe-disso\/","name":"Essa gigante do interior mineiro \u00e9 a 27\u00aa cidade mais rica do Brasil e quase ningu\u00e9m fora de Minas sabe disso - Estado de Minas - Em foco","isPartOf":{"@id":"https:\/\/www.em.com.br\/emfoco\/#website"},"primaryImageOfPage":{"@id":"https:\/\/www.em.com.br\/emfoco\/2026\/04\/27\/essa-gigante-do-interior-mineiro-e-a-27a-cidade-mais-rica-do-brasil-e-quase-ninguem-fora-de-minas-sabe-disso\/#primaryimage"},"image":{"@id":"https:\/\/www.em.com.br\/emfoco\/2026\/04\/27\/essa-gigante-do-interior-mineiro-e-a-27a-cidade-mais-rica-do-brasil-e-quase-ninguem-fora-de-minas-sabe-disso\/#primaryimage"},"thumbnailUrl":"https:\/\/www.em.com.br\/emfoco\/wp-content\/uploads\/2026\/04\/Uberlandia_central_business_202604252042.jpg","datePublished":"2026-04-27T14:25:00+00:00","dateModified":"2026-04-26T00:20:12+00:00","author":{"@id":"https:\/\/www.em.com.br\/emfoco\/#\/schema\/person\/364ac1852fafd00f1be20f0b8b237569"},"description":"Com um PIB que supera 16 capitais, esta cidade no interior mineiro ocupa a 27\u00aa posi\u00e7\u00e3o no ranking nacional. Veja os detalhes desse polo.","breadcrumb":{"@id":"https:\/\/www.em.com.br\/emfoco\/2026\/04\/27\/essa-gigante-do-interior-mineiro-e-a-27a-cidade-mais-rica-do-brasil-e-quase-ninguem-fora-de-minas-sabe-disso\/#breadcrumb"},"inLanguage":"pt-BR","potentialAction":[{"@type":"ReadAction","target":["https:\/\/www.em.com.br\/emfoco\/2026\/04\/27\/essa-gigante-do-interior-mineiro-e-a-27a-cidade-mais-rica-do-brasil-e-quase-ninguem-fora-de-minas-sabe-disso\/"]}]},{"@type":"ImageObject","inLanguage":"pt-BR","@id":"https:\/\/www.em.com.br\/emfoco\/2026\/04\/27\/essa-gigante-do-interior-mineiro-e-a-27a-cidade-mais-rica-do-brasil-e-quase-ninguem-fora-de-minas-sabe-disso\/#primaryimage","url":"https:\/\/www.em.com.br\/emfoco\/wp-content\/uploads\/2026\/04\/Uberlandia_central_business_202604252042.jpg","contentUrl":"https:\/\/www.em.com.br\/emfoco\/wp-content\/uploads\/2026\/04\/Uberlandia_central_business_202604252042.jpg","width":1280,"height":720,"caption":"Essa gigante do Tri\u00e2ngulo Mineiro \u00e9 a 27\u00aa cidade mais rica do Brasil e quase ningu\u00e9m fora de Minas sabe disso \/\/ IMAGEM ILUSTRATIVA"},{"@type":"BreadcrumbList","@id":"https:\/\/www.em.com.br\/emfoco\/2026\/04\/27\/essa-gigante-do-interior-mineiro-e-a-27a-cidade-mais-rica-do-brasil-e-quase-ninguem-fora-de-minas-sabe-disso\/#breadcrumb","itemListElement":[{"@type":"ListItem","position":1,"name":"In\u00edcio","item":"https:\/\/www.em.com.br\/emfoco\/"},{"@type":"ListItem","position":2,"name":"Essa gigante do interior mineiro \u00e9 a 27\u00aa cidade mais rica do Brasil e quase ningu\u00e9m fora de Minas sabe disso"}]},{"@type":"WebSite","@id":"https:\/\/www.em.com.br\/emfoco\/#website","url":"https:\/\/www.em.com.br\/emfoco\/","name":"Estado de Minas - Em foco","description":"Acompanhe as \u00faltimas not\u00edcias e fique bem informado sobre tudo o que acontece em Minas Gerais, Brasil e no mundo.","potentialAction":[{"@type":"SearchAction","target":{"@type":"EntryPoint","urlTemplate":"https:\/\/www.em.com.br\/emfoco\/?s={search_term_string}"},"query-input":{"@type":"PropertyValueSpecification","valueRequired":true,"valueName":"search_term_string"}}],"inLanguage":"pt-BR"},{"@type":"Person","@id":"https:\/\/www.em.com.br\/emfoco\/#\/schema\/person\/364ac1852fafd00f1be20f0b8b237569","name":"Vitor Bruno","image":{"@type":"ImageObject","inLanguage":"pt-BR","@id":"https:\/\/www.em.com.br\/emfoco\/#\/schema\/person\/image\/","url":"https:\/\/secure.gravatar.com\/avatar\/b719e5cdede09f942064960883b5524d?s=96&d=mm&r=g","contentUrl":"https:\/\/secure.gravatar.com\/avatar\/b719e5cdede09f942064960883b5524d?s=96&d=mm&r=g","caption":"Vitor Bruno"},"sameAs":["https:\/\/www.em.com.br\/emfoco\/"],"url":"https:\/\/www.em.com.br\/emfoco\/author\/vitormyth\/"}]}},"_links":{"self":[{"href":"https:\/\/www.em.com.br\/emfoco\/wp-json\/wp\/v2\/posts\/199260","targetHints":{"allow":["GET"]}}],"collection":[{"href":"https:\/\/www.em.com.br\/emfoco\/wp-json\/wp\/v2\/posts"}],"about":[{"href":"https:\/\/www.em.com.br\/emfoco\/wp-json\/wp\/v2\/types\/post"}],"author":[{"embeddable":true,"href":"https:\/\/www.em.com.br\/emfoco\/wp-json\/wp\/v2\/users\/6"}],"replies":[{"embeddable":true,"href":"https:\/\/www.em.com.br\/emfoco\/wp-json\/wp\/v2\/comments?post=199260"}],"version-history":[{"count":4,"href":"https:\/\/www.em.com.br\/emfoco\/wp-json\/wp\/v2\/posts\/199260\/revisions"}],"predecessor-version":[{"id":199717,"href":"https:\/\/www.em.com.br\/emfoco\/wp-json\/wp\/v2\/posts\/199260\/revisions\/199717"}],"wp:featuredmedia":[{"embeddable":true,"href":"https:\/\/www.em.com.br\/emfoco\/wp-json\/wp\/v2\/media\/199716"}],"wp:attachment":[{"href":"https:\/\/www.em.com.br\/emfoco\/wp-json\/wp\/v2\/media?parent=199260"}],"wp:term":[{"taxonomy":"category","embeddable":true,"href":"https:\/\/www.em.com.br\/emfoco\/wp-json\/wp\/v2\/categories?post=199260"},{"taxonomy":"post_tag","embeddable":true,"href":"https:\/\/www.em.com.br\/emfoco\/wp-json\/wp\/v2\/tags?post=199260"}],"curies":[{"name":"wp","href":"https:\/\/api.w.org\/{rel}","templated":true}]}}