{"id":199259,"date":"2026-04-26T10:35:00","date_gmt":"2026-04-26T13:35:00","guid":{"rendered":"https:\/\/www.em.com.br\/emfoco\/?p=199259"},"modified":"2026-04-25T19:01:18","modified_gmt":"2026-04-25T22:01:18","slug":"minas-gerais-tem-mais-de-r-1-trilhao-em-riqueza-e-so-25-cidades-concentram-mais-da-metade-veja-quais-sao","status":"publish","type":"post","link":"https:\/\/www.em.com.br\/emfoco\/2026\/04\/26\/minas-gerais-tem-mais-de-r-1-trilhao-em-riqueza-e-so-25-cidades-concentram-mais-da-metade-veja-quais-sao\/","title":{"rendered":"Minas Gerais tem mais de R$ 1 trilh\u00e3o em riqueza e s\u00f3 25 cidades concentram mais da metade: veja quais s\u00e3o"},"content":{"rendered":"\n<p>O <strong>Instituto Brasileiro de Geografia e Estat\u00edstica (IBGE)<\/strong> divulgou em 19 de dezembro de 2025 a pesquisa PIB dos Munic\u00edpios 2022-2023, que mapeou as riquezas geradas em cada cidade do <strong>Brasil<\/strong>. <strong>Minas Gerais<\/strong> registrou Produto Interno Bruto a pre\u00e7os correntes de R$ 972 bilh\u00f5es em 2023, terceira maior participa\u00e7\u00e3o nacional, e apenas 25 das 853 cidades mineiras concentraram 53,8% desse total.<\/p>\n\n\n\n<h2 class=\"wp-block-heading\">Como Minas chegou \u00e0 marca hist\u00f3rica de R$ 1 trilh\u00e3o de PIB?<\/h2>\n\n\n\n<p>O n\u00famero considera duas medi\u00e7\u00f5es. Pelo c\u00e1lculo do <strong>IBGE<\/strong> a pre\u00e7os correntes, Minas Gerais somou R$ 972 bilh\u00f5es em 2023, equivalente a 8,9% do <strong>PIB<\/strong> brasileiro, segundo a <a href=\"https:\/\/agenciabrasil.ebc.com.br\/economia\/noticia\/2025-12\/ibge-25-municipios-concentram-mais-de-um-terco-do-pib-brasileiro\" target=\"_blank\" rel=\"noreferrer noopener\"><strong>Ag\u00eancia Brasil<\/strong><\/a>. Pela <a href=\"https:\/\/www.agenciaminas.mg.gov.br\/noticia\/economia-mineira-cresce-3-1-em-2023-e-pib-supera-r-1-trilhao-pela-primeira-vez-na-historia\" target=\"_blank\" rel=\"noreferrer noopener\"><strong>Ag\u00eancia Minas<\/strong><\/a>, com base em dados da <strong>Funda\u00e7\u00e3o Jo\u00e3o Pinheiro (FJP)<\/strong>, o c\u00e1lculo estadual chegou a R$ 1,028 trilh\u00e3o, marca in\u00e9dita na hist\u00f3ria do estado.<\/p>\n\n\n\n<p>A diferen\u00e7a entre os dois n\u00fameros aparece porque IBGE e FJP fazem c\u00e1lculos com metodologias distintas e prazos de divulga\u00e7\u00e3o diferentes. O dado oficial federal mant\u00e9m Minas como terceira economia do pa\u00eds, atr\u00e1s apenas de <strong>S\u00e3o Paulo<\/strong> (31,5%) e <strong>Rio de Janeiro<\/strong> (10,7%). O crescimento real foi de 3,4% sobre 2022, acima da m\u00e9dia nacional, mas o estado perdeu 0,1 ponto percentual de participa\u00e7\u00e3o no PIB do pa\u00eds, influenciado pela queda no pre\u00e7o internacional do min\u00e9rio de ferro.<\/p>\n\n\n<div class=\"wp-block-image\">\n<figure class=\"aligncenter size-large\"><img loading=\"lazy\" decoding=\"async\" width=\"1024\" height=\"576\" src=\"https:\/\/www.em.com.br\/emfoco\/wp-content\/uploads\/2025\/06\/Uberlandia-1024x576.jpg\" alt=\"A 2\u00aa melhor qualidade de vida entre as grandes cidades de Minas e 4\u00ba maior PIB do interior do Brasil\" class=\"wp-image-58159\" srcset=\"https:\/\/www.em.com.br\/emfoco\/wp-content\/uploads\/2025\/06\/Uberlandia-1024x576.jpg 1024w, https:\/\/www.em.com.br\/emfoco\/wp-content\/uploads\/2025\/06\/Uberlandia-300x169.jpg 300w, https:\/\/www.em.com.br\/emfoco\/wp-content\/uploads\/2025\/06\/Uberlandia-768x432.jpg 768w, https:\/\/www.em.com.br\/emfoco\/wp-content\/uploads\/2025\/06\/Uberlandia-750x422.jpg 750w, https:\/\/www.em.com.br\/emfoco\/wp-content\/uploads\/2025\/06\/Uberlandia-1140x641.jpg 1140w, https:\/\/www.em.com.br\/emfoco\/wp-content\/uploads\/2025\/06\/Uberlandia.jpg 1280w\" sizes=\"auto, (max-width: 1024px) 100vw, 1024px\" \/><figcaption class=\"wp-element-caption\">Uberl\u00e2ndia \u00e9 o destino ideal para quem busca oportunidades de carreira \/\/ Cr\u00e9ditos: Wikimedia Commons<\/figcaption><\/figure><\/div>\n\n\n<h2 class=\"wp-block-heading\">O que explica a concentra\u00e7\u00e3o de mais da metade da riqueza em s\u00f3 25 cidades?<\/h2>\n\n\n\n<p>A explica\u00e7\u00e3o est\u00e1 na geografia industrial e administrativa do estado. <strong>Belo Horizonte<\/strong>, sozinha, responde por 13,4% do PIB mineiro, com R$ 130,2 bilh\u00f5es. As cinco maiores economias somam 31,1%, quase um ter\u00e7o do total: a capital, <strong>Betim<\/strong> (5,4%), <strong>Uberl\u00e2ndia<\/strong> (5,3%), <strong>Contagem<\/strong> (4,6%) e <strong>Uberaba<\/strong> (2,4%). Tr\u00eas delas integram a Regi\u00e3o Metropolitana de Belo Horizonte.<\/p>\n\n\n\n<p>Minas \u00e9 o \u00fanico estado, ao lado de S\u00e3o Paulo e Rio de Janeiro, com mais de uma cidade entre os 25 maiores PIBs do <strong>Brasil<\/strong>. Belo Horizonte ficou em 5\u00aa posi\u00e7\u00e3o nacional e Betim entrou no ranking pela primeira vez em 25\u00ba lugar, superando <strong>Itaja\u00ed (SC)<\/strong>. Belo Horizonte foi tamb\u00e9m o 5\u00ba munic\u00edpio com maior ganho de participa\u00e7\u00e3o no PIB nacional, segundo o IBGE.<\/p>\n\n\n<div class=\"wp-block-image\">\n<figure class=\"aligncenter size-large\"><img loading=\"lazy\" decoding=\"async\" width=\"1024\" height=\"576\" src=\"https:\/\/www.em.com.br\/emfoco\/wp-content\/uploads\/2025\/12\/Uberaba_1741033607361-1024x576.jpg\" alt=\"\" class=\"wp-image-146251\" srcset=\"https:\/\/www.em.com.br\/emfoco\/wp-content\/uploads\/2025\/12\/Uberaba_1741033607361-1024x576.jpg 1024w, https:\/\/www.em.com.br\/emfoco\/wp-content\/uploads\/2025\/12\/Uberaba_1741033607361-300x169.jpg 300w, https:\/\/www.em.com.br\/emfoco\/wp-content\/uploads\/2025\/12\/Uberaba_1741033607361-768x432.jpg 768w, https:\/\/www.em.com.br\/emfoco\/wp-content\/uploads\/2025\/12\/Uberaba_1741033607361-750x422.jpg 750w, https:\/\/www.em.com.br\/emfoco\/wp-content\/uploads\/2025\/12\/Uberaba_1741033607361-1140x642.jpg 1140w, https:\/\/www.em.com.br\/emfoco\/wp-content\/uploads\/2025\/12\/Uberaba_1741033607361.jpg 1279w\" sizes=\"auto, (max-width: 1024px) 100vw, 1024px\" \/><figcaption class=\"wp-element-caption\">A &#8220;Capital do Gado Zebu&#8221; \u00e9 tamb\u00e9m um importante centro de espiritualidade e tradi\u00e7\u00e3o mineira \/\/ Cr\u00e9ditos: depositphotos.com \/ GersonFortes<\/figcaption><\/figure><\/div>\n\n\n<h2 class=\"wp-block-heading\">As 25 cidades mineiras com maior PIB em 2023<\/h2>\n\n\n\n<p>A lista divulgada pelo IBGE traz as 25 cidades respons\u00e1veis por mais da metade da riqueza estadual, com PIB em valores correntes:<\/p>\n\n\n\n<style>\n    .tabela-container-em124 {\n        --cor-primaria: #1a2a57;\n        --cor-secundaria: #1a2a57;\n        --cor-txt-secundaria: #ffffff;\n        width: 100%;\n        max-width: 980px;\n        margin: 30px auto;\n        font-family: 'Segoe UI', Roboto, Helvetica, Arial, sans-serif;\n        border-radius: 12px;\n        box-shadow: 0 8px 16px rgba(0,0,0, 0.15);\n        background: #ffffff;\n        overflow: hidden;\n    }\n    .tabela-scroll-em124 {\n        width: 100%;\n        overflow-x: auto;\n        -webkit-overflow-scrolling: touch;\n    }\n    .tabela-em124 {\n        width: 100%;\n        border-collapse: collapse;\n        text-align: left;\n        min-width: 600px; \/* Garante boa leitura em mobile via scroll *\/\n    }\n    .tabela-em124 th {\n        background-color: var(--cor-primaria);\n        color: var(--cor-txt-secundaria);\n        padding: 18px 20px;\n        font-size: 14px;\n        text-transform: uppercase;\n        font-weight: 900;\n        letter-spacing: 0.5px;\n        white-space: nowrap;\n        position: sticky;\n        top: 0;\n    }\n    .tabela-em124 td {\n        padding: 15px 20px;\n        font-size: 15px;\n        color: #333;\n        border-bottom: 1px solid #eaeaea;\n        vertical-align: middle;\n    }\n    .tabela-em124 tbody tr {\n        transition: background-color 0.2s ease, transform 0.2s ease;\n        animation: wmFadeInRow 0.5s cubic-bezier(0.2, 0.8, 0.2, 1) backwards;\n    }\n    @keyframes wmFadeInRow {\n        from { opacity: 0; transform: translateX(-10px); }\n        to { opacity: 1; transform: translateX(0); }\n    }\n    .tabela-em124 tbody tr:hover {\n        background-color: #f4f6fa;\n    }\n    \n    \/* Atraso em cascata para as primeiras 10 linhas *\/\n    .tabela-em124 tbody tr:nth-child(1) { animation-delay: 0.05s; background-color: #fefcfa; }\n    .tabela-em124 tbody tr:nth-child(2) { animation-delay: 0.10s; background-color: #fcfcfd; }\n    .tabela-em124 tbody tr:nth-child(3) { animation-delay: 0.15s; background-color: #fcfaf7; }\n    .tabela-em124 tbody tr:nth-child(4) { animation-delay: 0.20s; }\n    .tabela-em124 tbody tr:nth-child(5) { animation-delay: 0.25s; }\n    .tabela-em124 tbody tr:nth-child(6) { animation-delay: 0.30s; }\n    .tabela-em124 tbody tr:nth-child(7) { animation-delay: 0.35s; }\n    .tabela-em124 tbody tr:nth-child(8) { animation-delay: 0.40s; }\n    .tabela-em124 tbody tr:nth-child(9) { animation-delay: 0.45s; }\n    .tabela-em124 tbody tr:nth-child(10) { animation-delay: 0.50s; }\n\n    .posicao-em124 {\n        font-weight: 900;\n        color: var(--cor-primaria);\n        width: 90px;\n    }\n    .cidade-em124 {\n        font-weight: 600;\n    }\n    .pib-em124 {\n        font-weight: 800;\n        color: #1a2a57;\n        width: 180px;\n    }\n    .pib-badge-em124 {\n        display: inline-block;\n        background: #e8ebf2;\n        color: var(--cor-primaria);\n        padding: 4px 10px;\n        border-radius: 12px;\n        font-size: 13px;\n        letter-spacing: 0.5px;\n    }\n\n    @media (prefers-color-scheme: dark) {\n        .tabela-container-em124 { background: #121212; box-shadow: 0 8px 16px rgba(0,0,0, 0.6); }\n        .tabela-em124 th { background-color: #2b4182; }\n        .tabela-em124 td { color: #ccc; border-bottom-color: #2a2a2a; }\n        .tabela-em124 tbody tr:hover { background-color: #1e2230; }\n        .tabela-em124 tbody tr:nth-child(1) { background-color: #242217; }\n        .tabela-em124 tbody tr:nth-child(2) { background-color: #1c1e22; }\n        .tabela-em124 tbody tr:nth-child(3) { background-color: #221d17; }\n        .posicao-em124 { color: #8da5e8; }\n        .cidade-em124 { color: #f1f1f1; }\n        .pib-em124 { color: #8da5e8; }\n        .pib-badge-em124 { background: #1a2a57; color: #8da5e8; border: 1px solid #2b4182; }\n    }\n<\/style>\n<div class=\"google-auto-ads-ignore tabela-container-em124\" style=\"box-sizing: border-box;\">\n    <div class=\"tabela-scroll-em124\">\n        <table class=\"tabela-em124\">\n            <thead>\n                <tr>\n                    <th>Posi\u00e7\u00e3o<\/th>\n                    <th>Cidade<\/th>\n                    <th>PIB (R$ Bilh\u00f5es)<\/th>\n                <\/tr>\n            <\/thead>\n            <tbody>\n                <tr><td class=\"posicao-em124\">1\u00ba \ud83e\udd47<\/td><td class=\"cidade-em124\">Belo Horizonte<\/td><td class=\"pib-em124\"><span class=\"pib-badge-em124\">R$ 130,197<\/span><\/td><\/tr>\n                <tr><td class=\"posicao-em124\">2\u00ba \ud83e\udd48<\/td><td class=\"cidade-em124\">Betim<\/td><td class=\"pib-em124\"><span class=\"pib-badge-em124\">R$ 52,614<\/span><\/td><\/tr>\n                <tr><td class=\"posicao-em124\">3\u00ba \ud83e\udd49<\/td><td class=\"cidade-em124\">Uberl\u00e2ndia<\/td><td class=\"pib-em124\"><span class=\"pib-badge-em124\">R$ 51,065<\/span><\/td><\/tr>\n                <tr><td class=\"posicao-em124\">4\u00ba<\/td><td class=\"cidade-em124\">Contagem<\/td><td class=\"pib-em124\"><span class=\"pib-badge-em124\">R$ 45,092<\/span><\/td><\/tr>\n                <tr><td class=\"posicao-em124\">5\u00ba<\/td><td class=\"cidade-em124\">Uberaba<\/td><td class=\"pib-em124\"><span class=\"pib-badge-em124\">R$ 23,689<\/span><\/td><\/tr>\n                <tr><td class=\"posicao-em124\">6\u00ba<\/td><td class=\"cidade-em124\">Juiz de Fora<\/td><td class=\"pib-em124\"><span class=\"pib-badge-em124\">R$ 23,271<\/span><\/td><\/tr>\n                <tr><td class=\"posicao-em124\">7\u00ba<\/td><td class=\"cidade-em124\">Extrema<\/td><td class=\"pib-em124\"><span class=\"pib-badge-em124\">R$ 20,204<\/span><\/td><\/tr>\n                <tr><td class=\"posicao-em124\">8\u00ba<\/td><td class=\"cidade-em124\">Ipatinga<\/td><td class=\"pib-em124\"><span class=\"pib-badge-em124\">R$ 16,870<\/span><\/td><\/tr>\n                <tr><td class=\"posicao-em124\">9\u00ba<\/td><td class=\"cidade-em124\">Sete Lagoas<\/td><td class=\"pib-em124\"><span class=\"pib-badge-em124\">R$ 14,904<\/span><\/td><\/tr>\n                <tr><td class=\"posicao-em124\">10\u00ba<\/td><td class=\"cidade-em124\">Pouso Alegre<\/td><td class=\"pib-em124\"><span class=\"pib-badge-em124\">R$ 14,201<\/span><\/td><\/tr>\n                <tr><td class=\"posicao-em124\">11\u00ba<\/td><td class=\"cidade-em124\">Montes Claros<\/td><td class=\"pib-em124\"><span class=\"pib-badge-em124\">R$ 13,326<\/span><\/td><\/tr>\n                <tr><td class=\"posicao-em124\">12\u00ba<\/td><td class=\"cidade-em124\">Nova Lima<\/td><td class=\"pib-em124\"><span class=\"pib-badge-em124\">R$ 12,447<\/span><\/td><\/tr>\n                <tr><td class=\"posicao-em124\">13\u00ba<\/td><td class=\"cidade-em124\">Po\u00e7os de Caldas<\/td><td class=\"pib-em124\"><span class=\"pib-badge-em124\">R$ 10,732<\/span><\/td><\/tr>\n                <tr><td class=\"posicao-em124\">14\u00ba<\/td><td class=\"cidade-em124\">Varginha<\/td><td class=\"pib-em124\"><span class=\"pib-badge-em124\">R$ 10,068<\/span><\/td><\/tr>\n                <tr><td class=\"posicao-em124\">15\u00ba<\/td><td class=\"cidade-em124\">Divin\u00f3polis<\/td><td class=\"pib-em124\"><span class=\"pib-badge-em124\">R$ 9,339<\/span><\/td><\/tr>\n                <tr><td class=\"posicao-em124\">16\u00ba<\/td><td class=\"cidade-em124\">Arax\u00e1<\/td><td class=\"pib-em124\"><span class=\"pib-badge-em124\">R$ 8,847<\/span><\/td><\/tr>\n                <tr><td class=\"posicao-em124\">17\u00ba<\/td><td class=\"cidade-em124\">Governador Valadares<\/td><td class=\"pib-em124\"><span class=\"pib-badge-em124\">R$ 8,612<\/span><\/td><\/tr>\n                <tr><td class=\"posicao-em124\">18\u00ba<\/td><td class=\"cidade-em124\">Patos de Minas<\/td><td class=\"pib-em124\"><span class=\"pib-badge-em124\">R$ 8,151<\/span><\/td><\/tr>\n                <tr><td class=\"posicao-em124\">19\u00ba<\/td><td class=\"cidade-em124\">Congonhas<\/td><td class=\"pib-em124\"><span class=\"pib-badge-em124\">R$ 7,693<\/span><\/td><\/tr>\n                <tr><td class=\"posicao-em124\">20\u00ba<\/td><td class=\"cidade-em124\">Itabira<\/td><td class=\"pib-em124\"><span class=\"pib-badge-em124\">R$ 7,434<\/span><\/td><\/tr>\n                <tr><td class=\"posicao-em124\">21\u00ba<\/td><td class=\"cidade-em124\">Itabirito<\/td><td class=\"pib-em124\"><span class=\"pib-badge-em124\">R$ 7,160<\/span><\/td><\/tr>\n                <tr><td class=\"posicao-em124\">22\u00ba<\/td><td class=\"cidade-em124\">Araguari<\/td><td class=\"pib-em124\"><span class=\"pib-badge-em124\">R$ 6,858<\/span><\/td><\/tr>\n                <tr><td class=\"posicao-em124\">23\u00ba<\/td><td class=\"cidade-em124\">Paracatu<\/td><td class=\"pib-em124\"><span class=\"pib-badge-em124\">R$ 6,798<\/span><\/td><\/tr>\n                <tr><td class=\"posicao-em124\">24\u00ba<\/td><td class=\"cidade-em124\">Ouro Preto<\/td><td class=\"pib-em124\"><span class=\"pib-badge-em124\">R$ 6,765<\/span><\/td><\/tr>\n                <tr><td class=\"posicao-em124\">25\u00ba<\/td><td class=\"cidade-em124\">Santa Luzia<\/td><td class=\"pib-em124\"><span class=\"pib-badge-em124\">R$ 6,608<\/span><\/td><\/tr>\n            <\/tbody>\n        <\/table>\n    <\/div>\n<\/div>\n\n\n\n<p>Fonte: <a href=\"https:\/\/portalamm.com\/pesquisa-do-ibge-25-municipios-mineiros-concentraram-538-do-pib-do-estado-em-2023\/\" target=\"_blank\" rel=\"noreferrer noopener\"><strong>Associa\u00e7\u00e3o Mineira de Munic\u00edpios (AMM)<\/strong><\/a> com dados do IBGE.<\/p>\n\n\n\n<h2 class=\"wp-block-heading\">Onde a riqueza por habitante \u00e9 maior do que a riqueza total?<\/h2>\n\n\n\n<p>O ranking muda de figura quando o dado vira PIB per capita. Pelo IBGE, <strong>Extrema<\/strong>, no Sul de Minas, ficou em 10\u00ba lugar entre os maiores PIBs per capita do <strong>Brasil<\/strong>, sobretudo pela presen\u00e7a forte da ind\u00fastria de transforma\u00e7\u00e3o e do com\u00e9rcio. A cidade tinha pouco mais de 53 mil habitantes no <strong>Censo<\/strong> 2022, segundo o instituto.<\/p>\n\n\n\n<p>Outros sete munic\u00edpios mineiros entraram no grupo dos 100 maiores PIBs per capita do pa\u00eds, todos com at\u00e9 13 mil habitantes (exceto Extrema). Entre cidades com mais de 100 mil habitantes, segundo a <a href=\"https:\/\/www.itatiaia.com.br\/economia\/mas-da-metade-da-riqueza-produzida-em-minas-esta-concentrada-em-apenas-25-cidades\/\" target=\"_blank\" rel=\"noreferrer noopener\"><strong>R\u00e1dio Itatiaia<\/strong><\/a>, os maiores PIBs per capita ficaram em <strong>Betim<\/strong> (R$ 127.752,42), <strong>Nova Lima<\/strong> (R$ 111.440,33) e <strong>Pouso Alegre<\/strong> (R$ 93.295,79). O PIB per capita m\u00e9dio do estado foi de R$ 47.321, abaixo da m\u00e9dia nacional de R$ 53.886.<\/p>\n\n\n\n<p><strong>Leia tamb\u00e9m: <a href=\"https:\/\/www.em.com.br\/emfoco\/2026\/04\/17\/a-capital-nacional-do-milho-a-cidade-a-5-horas-da-capital-esta-conquistando-os-brasileiros-com-qualidade-de-vida-e-bons-indices-de-seguranca\/\" target=\"_blank\" rel=\"noreferrer noopener\">A Capital Nacional do Milho: a cidade a 5 horas da capital est\u00e1 conquistando os brasileiros com qualidade de vida e bons \u00edndices de seguran\u00e7a<\/a><\/strong><\/p>\n\n\n\n<h2 class=\"wp-block-heading\">Quais regi\u00f5es ganharam e quais perderam riqueza no estado?<\/h2>\n\n\n\n<p>A foto regional do estado mostra um abismo de norte a sul. A Regi\u00e3o Metropolitana de Belo Horizonte e o <strong>Sul de Minas<\/strong> concentram os maiores indicadores, enquanto a mesorregi\u00e3o <strong>Norte de Minas<\/strong> registra os menores PIBs per capita do estado. <strong>Montes Claros<\/strong> \u00e9 a \u00fanica cidade do Norte mineiro entre as 25 maiores economias do estado, em 11\u00aa posi\u00e7\u00e3o.<\/p>\n\n\n\n<p>Entre os 25 munic\u00edpios brasileiros que mais perderam participa\u00e7\u00e3o no PIB nacional entre 2022 e 2023, tr\u00eas s\u00e3o mineiros: <strong>Ipatinga<\/strong> (11\u00ba colocado nacional em perda, com 0,03 ponto percentual), Uberaba (23\u00ba, com 0,02) e <strong>Guaxup\u00e9<\/strong> (25\u00ba, tamb\u00e9m com 0,02). O recuo est\u00e1 ligado \u00e0 queda do pre\u00e7o do min\u00e9rio de ferro, que afetou cidades dependentes da ind\u00fastria extrativa, especialmente no <strong>Vale do A\u00e7o<\/strong>.<\/p>\n\n\n<div class=\"wp-block-image\">\n<figure class=\"aligncenter size-large\"><img loading=\"lazy\" decoding=\"async\" width=\"1024\" height=\"576\" src=\"https:\/\/www.em.com.br\/emfoco\/wp-content\/uploads\/2025\/02\/belo-horizonte_1739329357303-1024x576.jpg\" alt=\"As cidades mais caras para se comprar im\u00f3veis no Brasil!\" class=\"wp-image-18956\" srcset=\"https:\/\/www.em.com.br\/emfoco\/wp-content\/uploads\/2025\/02\/belo-horizonte_1739329357303-1024x576.jpg 1024w, https:\/\/www.em.com.br\/emfoco\/wp-content\/uploads\/2025\/02\/belo-horizonte_1739329357303-300x169.jpg 300w, https:\/\/www.em.com.br\/emfoco\/wp-content\/uploads\/2025\/02\/belo-horizonte_1739329357303-768x432.jpg 768w, https:\/\/www.em.com.br\/emfoco\/wp-content\/uploads\/2025\/02\/belo-horizonte_1739329357303-750x422.jpg 750w, https:\/\/www.em.com.br\/emfoco\/wp-content\/uploads\/2025\/02\/belo-horizonte_1739329357303-1140x641.jpg 1140w, https:\/\/www.em.com.br\/emfoco\/wp-content\/uploads\/2025\/02\/belo-horizonte_1739329357303.jpg 1280w\" sizes=\"auto, (max-width: 1024px) 100vw, 1024px\" \/><figcaption class=\"wp-element-caption\">Belo Horizonte oferece uma experi\u00eancia tur\u00edstica centrada na hospitalidade e na mesa farta \/\/ Cr\u00e9ditos: depositphotos.com \/ losak.napior<\/figcaption><\/figure><\/div>\n\n\n<h2 class=\"wp-block-heading\">O que esses n\u00fameros dizem sobre o futuro econ\u00f4mico de Minas?<\/h2>\n\n\n\n<p>Minas Gerais cruzou pela primeira vez a fronteira do trilh\u00e3o em 2023, manteve-se como terceira economia do <strong>Brasil<\/strong> e ainda assim revelou um padr\u00e3o de concentra\u00e7\u00e3o que pesa sobre 828 dos seus 853 munic\u00edpios. Quase metade da riqueza estadual nasce em apenas 5% das cidades, com forte depend\u00eancia de minera\u00e7\u00e3o, ind\u00fastria automotiva e servi\u00e7os metropolitanos.<\/p>\n\n\n\n<p>Vale acompanhar esses dados de perto: cada nova edi\u00e7\u00e3o do PIB dos Munic\u00edpios mostra como a economia mineira se redesenha entre commodities, ind\u00fastria e os centros que crescem fora do eixo metropolitano.<\/p>\n","protected":false},"excerpt":{"rendered":"<p>O Instituto Brasileiro de Geografia e Estat\u00edstica (IBGE) divulgou em 19 de dezembro de 2025 a pesquisa PIB dos Munic\u00edpios 2022-2023, que mapeou as riquezas geradas em cada cidade do Brasil. Minas Gerais registrou Produto Interno Bruto a pre\u00e7os correntes de R$ 972 bilh\u00f5es em 2023, terceira maior participa\u00e7\u00e3o nacional, e apenas 25 das 853 [&hellip;]<\/p>\n","protected":false},"author":6,"featured_media":199648,"comment_status":"open","ping_status":"open","sticky":false,"template":"","format":"standard","meta":{"jnews-multi-image_gallery":[],"jnews_single_post":{"format":"standard"},"jnews_primary_category":[],"jnews_social_meta":[],"jnews_override_counter":[],"footnotes":""},"categories":[26],"tags":[183,207,1439],"class_list":["post-199259","post","type-post","status-publish","format-standard","has-post-thumbnail","hentry","category-cidades","tag-cidades","tag-minas-gerais","tag-pib"],"yoast_head":"<!-- This site is optimized with the Yoast SEO plugin v23.8 - https:\/\/yoast.com\/wordpress\/plugins\/seo\/ -->\n<title>Minas Gerais tem mais de R$ 1 trilh\u00e3o em riqueza e s\u00f3 25 cidades concentram mais da metade: veja quais s\u00e3o - Estado de Minas - Em foco<\/title>\n<meta name=\"description\" content=\"Com PIB de R$ 1 trilh\u00e3o, Minas Gerais revela que 25 munic\u00edpios det\u00eam a maior parte da riqueza estadual. Veja o ranking atualizado.\" \/>\n<meta name=\"robots\" content=\"index, follow, max-snippet:-1, max-image-preview:large, max-video-preview:-1\" \/>\n<link rel=\"canonical\" href=\"https:\/\/www.em.com.br\/emfoco\/2026\/04\/26\/minas-gerais-tem-mais-de-r-1-trilhao-em-riqueza-e-so-25-cidades-concentram-mais-da-metade-veja-quais-sao\/\" \/>\n<meta property=\"og:locale\" content=\"pt_BR\" \/>\n<meta property=\"og:type\" content=\"article\" \/>\n<meta property=\"og:title\" content=\"Minas Gerais tem mais de R$ 1 trilh\u00e3o em riqueza e s\u00f3 25 cidades concentram mais da metade: veja quais s\u00e3o - Estado de Minas - Em foco\" \/>\n<meta property=\"og:description\" content=\"Com PIB de R$ 1 trilh\u00e3o, Minas Gerais revela que 25 munic\u00edpios det\u00eam a maior parte da riqueza estadual. Veja o ranking atualizado.\" \/>\n<meta property=\"og:url\" content=\"https:\/\/www.em.com.br\/emfoco\/2026\/04\/26\/minas-gerais-tem-mais-de-r-1-trilhao-em-riqueza-e-so-25-cidades-concentram-mais-da-metade-veja-quais-sao\/\" \/>\n<meta property=\"og:site_name\" content=\"Estado de Minas - Em foco\" \/>\n<meta property=\"article:published_time\" content=\"2026-04-26T13:35:00+00:00\" \/>\n<meta property=\"article:modified_time\" content=\"2026-04-25T22:01:18+00:00\" \/>\n<meta property=\"og:image\" content=\"https:\/\/www.em.com.br\/emfoco\/wp-content\/uploads\/2026\/04\/Juiz_de_Fora_202604251851-1.jpg\" \/>\n\t<meta property=\"og:image:width\" content=\"1280\" \/>\n\t<meta property=\"og:image:height\" content=\"720\" \/>\n\t<meta property=\"og:image:type\" content=\"image\/jpeg\" \/>\n<meta name=\"author\" content=\"Vitor Bruno\" \/>\n<meta name=\"twitter:card\" content=\"summary_large_image\" \/>\n<meta name=\"twitter:label1\" content=\"Escrito por\" \/>\n\t<meta name=\"twitter:data1\" content=\"Vitor Bruno\" \/>\n\t<meta name=\"twitter:label2\" content=\"Est. tempo de leitura\" \/>\n\t<meta name=\"twitter:data2\" content=\"7 minutos\" \/>\n<!-- \/ Yoast SEO plugin. -->","yoast_head_json":{"title":"Minas Gerais tem mais de R$ 1 trilh\u00e3o em riqueza e s\u00f3 25 cidades concentram mais da metade: veja quais s\u00e3o - Estado de Minas - Em foco","description":"Com PIB de R$ 1 trilh\u00e3o, Minas Gerais revela que 25 munic\u00edpios det\u00eam a maior parte da riqueza estadual. Veja o ranking atualizado.","robots":{"index":"index","follow":"follow","max-snippet":"max-snippet:-1","max-image-preview":"max-image-preview:large","max-video-preview":"max-video-preview:-1"},"canonical":"https:\/\/www.em.com.br\/emfoco\/2026\/04\/26\/minas-gerais-tem-mais-de-r-1-trilhao-em-riqueza-e-so-25-cidades-concentram-mais-da-metade-veja-quais-sao\/","og_locale":"pt_BR","og_type":"article","og_title":"Minas Gerais tem mais de R$ 1 trilh\u00e3o em riqueza e s\u00f3 25 cidades concentram mais da metade: veja quais s\u00e3o - Estado de Minas - Em foco","og_description":"Com PIB de R$ 1 trilh\u00e3o, Minas Gerais revela que 25 munic\u00edpios det\u00eam a maior parte da riqueza estadual. Veja o ranking atualizado.","og_url":"https:\/\/www.em.com.br\/emfoco\/2026\/04\/26\/minas-gerais-tem-mais-de-r-1-trilhao-em-riqueza-e-so-25-cidades-concentram-mais-da-metade-veja-quais-sao\/","og_site_name":"Estado de Minas - Em foco","article_published_time":"2026-04-26T13:35:00+00:00","article_modified_time":"2026-04-25T22:01:18+00:00","og_image":[{"width":1280,"height":720,"url":"https:\/\/www.em.com.br\/emfoco\/wp-content\/uploads\/2026\/04\/Juiz_de_Fora_202604251851-1.jpg","type":"image\/jpeg"}],"author":"Vitor Bruno","twitter_card":"summary_large_image","twitter_misc":{"Escrito por":"Vitor Bruno","Est. tempo de leitura":"7 minutos"},"schema":{"@context":"https:\/\/schema.org","@graph":[{"@type":"WebPage","@id":"https:\/\/www.em.com.br\/emfoco\/2026\/04\/26\/minas-gerais-tem-mais-de-r-1-trilhao-em-riqueza-e-so-25-cidades-concentram-mais-da-metade-veja-quais-sao\/","url":"https:\/\/www.em.com.br\/emfoco\/2026\/04\/26\/minas-gerais-tem-mais-de-r-1-trilhao-em-riqueza-e-so-25-cidades-concentram-mais-da-metade-veja-quais-sao\/","name":"Minas Gerais tem mais de R$ 1 trilh\u00e3o em riqueza e s\u00f3 25 cidades concentram mais da metade: veja quais s\u00e3o - Estado de Minas - Em foco","isPartOf":{"@id":"https:\/\/www.em.com.br\/emfoco\/#website"},"primaryImageOfPage":{"@id":"https:\/\/www.em.com.br\/emfoco\/2026\/04\/26\/minas-gerais-tem-mais-de-r-1-trilhao-em-riqueza-e-so-25-cidades-concentram-mais-da-metade-veja-quais-sao\/#primaryimage"},"image":{"@id":"https:\/\/www.em.com.br\/emfoco\/2026\/04\/26\/minas-gerais-tem-mais-de-r-1-trilhao-em-riqueza-e-so-25-cidades-concentram-mais-da-metade-veja-quais-sao\/#primaryimage"},"thumbnailUrl":"https:\/\/www.em.com.br\/emfoco\/wp-content\/uploads\/2026\/04\/Juiz_de_Fora_202604251851-1.jpg","datePublished":"2026-04-26T13:35:00+00:00","dateModified":"2026-04-25T22:01:18+00:00","author":{"@id":"https:\/\/www.em.com.br\/emfoco\/#\/schema\/person\/364ac1852fafd00f1be20f0b8b237569"},"description":"Com PIB de R$ 1 trilh\u00e3o, Minas Gerais revela que 25 munic\u00edpios det\u00eam a maior parte da riqueza estadual. Veja o ranking atualizado.","breadcrumb":{"@id":"https:\/\/www.em.com.br\/emfoco\/2026\/04\/26\/minas-gerais-tem-mais-de-r-1-trilhao-em-riqueza-e-so-25-cidades-concentram-mais-da-metade-veja-quais-sao\/#breadcrumb"},"inLanguage":"pt-BR","potentialAction":[{"@type":"ReadAction","target":["https:\/\/www.em.com.br\/emfoco\/2026\/04\/26\/minas-gerais-tem-mais-de-r-1-trilhao-em-riqueza-e-so-25-cidades-concentram-mais-da-metade-veja-quais-sao\/"]}]},{"@type":"ImageObject","inLanguage":"pt-BR","@id":"https:\/\/www.em.com.br\/emfoco\/2026\/04\/26\/minas-gerais-tem-mais-de-r-1-trilhao-em-riqueza-e-so-25-cidades-concentram-mais-da-metade-veja-quais-sao\/#primaryimage","url":"https:\/\/www.em.com.br\/emfoco\/wp-content\/uploads\/2026\/04\/Juiz_de_Fora_202604251851-1.jpg","contentUrl":"https:\/\/www.em.com.br\/emfoco\/wp-content\/uploads\/2026\/04\/Juiz_de_Fora_202604251851-1.jpg","width":1280,"height":720,"caption":"Minas Gerais tem mais de R$ 1 trilh\u00e3o em riqueza e s\u00f3 25 cidades concentram mais da metade \/\/ IMAGEM ILUSTRATIVA"},{"@type":"BreadcrumbList","@id":"https:\/\/www.em.com.br\/emfoco\/2026\/04\/26\/minas-gerais-tem-mais-de-r-1-trilhao-em-riqueza-e-so-25-cidades-concentram-mais-da-metade-veja-quais-sao\/#breadcrumb","itemListElement":[{"@type":"ListItem","position":1,"name":"In\u00edcio","item":"https:\/\/www.em.com.br\/emfoco\/"},{"@type":"ListItem","position":2,"name":"Minas Gerais tem mais de R$ 1 trilh\u00e3o em riqueza e s\u00f3 25 cidades concentram mais da metade: veja quais s\u00e3o"}]},{"@type":"WebSite","@id":"https:\/\/www.em.com.br\/emfoco\/#website","url":"https:\/\/www.em.com.br\/emfoco\/","name":"Estado de Minas - Em foco","description":"Acompanhe as \u00faltimas not\u00edcias e fique bem informado sobre tudo o que acontece em Minas Gerais, Brasil e no mundo.","potentialAction":[{"@type":"SearchAction","target":{"@type":"EntryPoint","urlTemplate":"https:\/\/www.em.com.br\/emfoco\/?s={search_term_string}"},"query-input":{"@type":"PropertyValueSpecification","valueRequired":true,"valueName":"search_term_string"}}],"inLanguage":"pt-BR"},{"@type":"Person","@id":"https:\/\/www.em.com.br\/emfoco\/#\/schema\/person\/364ac1852fafd00f1be20f0b8b237569","name":"Vitor Bruno","image":{"@type":"ImageObject","inLanguage":"pt-BR","@id":"https:\/\/www.em.com.br\/emfoco\/#\/schema\/person\/image\/","url":"https:\/\/secure.gravatar.com\/avatar\/b719e5cdede09f942064960883b5524d?s=96&d=mm&r=g","contentUrl":"https:\/\/secure.gravatar.com\/avatar\/b719e5cdede09f942064960883b5524d?s=96&d=mm&r=g","caption":"Vitor Bruno"},"sameAs":["https:\/\/www.em.com.br\/emfoco\/"],"url":"https:\/\/www.em.com.br\/emfoco\/author\/vitormyth\/"}]}},"_links":{"self":[{"href":"https:\/\/www.em.com.br\/emfoco\/wp-json\/wp\/v2\/posts\/199259","targetHints":{"allow":["GET"]}}],"collection":[{"href":"https:\/\/www.em.com.br\/emfoco\/wp-json\/wp\/v2\/posts"}],"about":[{"href":"https:\/\/www.em.com.br\/emfoco\/wp-json\/wp\/v2\/types\/post"}],"author":[{"embeddable":true,"href":"https:\/\/www.em.com.br\/emfoco\/wp-json\/wp\/v2\/users\/6"}],"replies":[{"embeddable":true,"href":"https:\/\/www.em.com.br\/emfoco\/wp-json\/wp\/v2\/comments?post=199259"}],"version-history":[{"count":3,"href":"https:\/\/www.em.com.br\/emfoco\/wp-json\/wp\/v2\/posts\/199259\/revisions"}],"predecessor-version":[{"id":199649,"href":"https:\/\/www.em.com.br\/emfoco\/wp-json\/wp\/v2\/posts\/199259\/revisions\/199649"}],"wp:featuredmedia":[{"embeddable":true,"href":"https:\/\/www.em.com.br\/emfoco\/wp-json\/wp\/v2\/media\/199648"}],"wp:attachment":[{"href":"https:\/\/www.em.com.br\/emfoco\/wp-json\/wp\/v2\/media?parent=199259"}],"wp:term":[{"taxonomy":"category","embeddable":true,"href":"https:\/\/www.em.com.br\/emfoco\/wp-json\/wp\/v2\/categories?post=199259"},{"taxonomy":"post_tag","embeddable":true,"href":"https:\/\/www.em.com.br\/emfoco\/wp-json\/wp\/v2\/tags?post=199259"}],"curies":[{"name":"wp","href":"https:\/\/api.w.org\/{rel}","templated":true}]}}