{"id":199258,"date":"2026-04-26T18:05:00","date_gmt":"2026-04-26T21:05:00","guid":{"rendered":"https:\/\/www.em.com.br\/emfoco\/?p=199258"},"modified":"2026-04-25T19:33:18","modified_gmt":"2026-04-25T22:33:18","slug":"capital-nacional-da-ceramica-de-alta-temperatura-o-vilarejo-paulista-no-alto-da-serra-do-mar-com-50-atelies-a-3-horas-de-sao-paulo","status":"publish","type":"post","link":"https:\/\/www.em.com.br\/emfoco\/2026\/04\/26\/capital-nacional-da-ceramica-de-alta-temperatura-o-vilarejo-paulista-no-alto-da-serra-do-mar-com-50-atelies-a-3-horas-de-sao-paulo\/","title":{"rendered":"Capital Nacional da Cer\u00e2mica de Alta Temperatura: o vilarejo paulista no alto da Serra do Mar com 50 ateli\u00eas a 3 horas de S\u00e3o Paulo"},"content":{"rendered":"\n<p>Entre as serras do Mar e da Bocaina, a cerca de mil metros de altitude, <strong>Cunha<\/strong> re\u00fane mais de 50 ateli\u00eas de cer\u00e2mica de alta temperatura, o maior n\u00famero de fornos noborigama fora do <strong>Jap\u00e3o<\/strong> e neblina constante que cobre a estrada para <strong>Paraty<\/strong>. Em 2022, a Lei n\u00ba 14.349 conferiu \u00e0 cidade o t\u00edtulo de Capital Nacional da Cer\u00e2mica de Alta Temperatura, segundo o <strong>Senado Federal<\/strong>.<\/p>\n\n\n\n<h2 class=\"wp-block-heading\">Como um antigo matadouro virou o cora\u00e7\u00e3o da cer\u00e2mica brasileira?<\/h2>\n\n\n\n<p>A virada veio em 1975. Um grupo formado pelo arquiteto portugu\u00eas <strong>Alberto Cidraes<\/strong>, sua esposa Maria Estrela e os ceramistas japoneses <strong>Toshiyuki<\/strong> e <strong>Mieko Ukeseki<\/strong> se instalou no antigo matadouro da cidade, com apoio da prefeitura, e construiu o primeiro forno noborigama do <strong>Brasil<\/strong>. O ateli\u00ea coletivo virou ponto de encontro de novos artistas e laborat\u00f3rio da t\u00e9cnica milenar japonesa.<\/p>\n\n\n\n<p>O forno noborigama \u00e9 constru\u00eddo em declive, com c\u00e2maras interligadas, fornalha e chamin\u00e9, atingindo at\u00e9 1.400\u00b0C em queimas que duram entre 30 e 40 horas. A t\u00e9cnica, dominada por poucos no mundo, encontrou em Cunha argila local, lenha de eucalipto e ceramistas dispostos a esperar dias ao lado do fogo, segundo o <a href=\"https:\/\/crab.sebrae.com.br\/conheca-o-polo-de-ceramica-de-cunha\/\" target=\"_blank\" rel=\"noreferrer noopener\"><strong>Centro Sebrae de Refer\u00eancia do Artesanato Brasileiro (CRAB)<\/strong><\/a>.<\/p>\n\n\n<div class=\"wp-block-image\">\n<figure class=\"aligncenter size-large\"><img loading=\"lazy\" decoding=\"async\" width=\"1024\" height=\"576\" src=\"https:\/\/www.em.com.br\/emfoco\/wp-content\/uploads\/2026\/03\/ngz-Cunha-SP-2-45134-1024x576.jpg\" alt=\"O vilarejo de cer\u00e2mica e neblina no alto da Serra do Mar que \u00e9 o maior polo de arte de S\u00e3o Paulo\" class=\"wp-image-183594\" srcset=\"https:\/\/www.em.com.br\/emfoco\/wp-content\/uploads\/2026\/03\/ngz-Cunha-SP-2-45134-1024x576.jpg 1024w, https:\/\/www.em.com.br\/emfoco\/wp-content\/uploads\/2026\/03\/ngz-Cunha-SP-2-45134-300x169.jpg 300w, https:\/\/www.em.com.br\/emfoco\/wp-content\/uploads\/2026\/03\/ngz-Cunha-SP-2-45134-768x432.jpg 768w, https:\/\/www.em.com.br\/emfoco\/wp-content\/uploads\/2026\/03\/ngz-Cunha-SP-2-45134-750x422.jpg 750w, https:\/\/www.em.com.br\/emfoco\/wp-content\/uploads\/2026\/03\/ngz-Cunha-SP-2-45134-1140x641.jpg 1140w, https:\/\/www.em.com.br\/emfoco\/wp-content\/uploads\/2026\/03\/ngz-Cunha-SP-2-45134.jpg 1280w\" sizes=\"auto, (max-width: 1024px) 100vw, 1024px\" \/><figcaption class=\"wp-element-caption\">Cunha, S\u00e3o Paulo \/\/ Cr\u00e9ditos: Wikipedia \/ Wikimedia Commons<\/figcaption><\/figure><\/div>\n\n\n<h2 class=\"wp-block-heading\">Por que essa cidade abriga o maior polo de cer\u00e2mica da Am\u00e9rica Latina?<\/h2>\n\n\n\n<p>A resposta est\u00e1 nos n\u00fameros e na continuidade da tradi\u00e7\u00e3o. Antes da chegada dos japoneses e portugueses, os povos <strong>Tamoios<\/strong> j\u00e1 produziam cer\u00e2mica na regi\u00e3o. Mulheres conhecidas como paneleiras moldavam potes em fornos r\u00fasticos, of\u00edcio transmitido de gera\u00e7\u00e3o em gera\u00e7\u00e3o at\u00e9 <strong>Benedita Ol\u00edmpia de Abreu<\/strong>, a Dona Dita, que trabalhou com barro at\u00e9 os 93 anos.<\/p>\n\n\n\n<p>Hoje a cidade concentra cerca de 50 ateli\u00eas ativos. O <strong>Festival Internacional da Cer\u00e2mica de Cunha (FICC)<\/strong> acontece todos os anos com aberturas de fornadas, queimas de raku, oficinas e exposi\u00e7\u00f5es coletivas, e levou mais de 15 mil pessoas \u00e0 cidade em 2025. O <strong>Memorial da Cer\u00e2mica de Cunha (MECC)<\/strong> preserva acervo com mais de 200 obras, incluindo pe\u00e7as dos pioneiros de 1975.<\/p>\n\n\n<div class=\"wp-block-image\">\n<figure class=\"aligncenter size-large\"><img loading=\"lazy\" decoding=\"async\" width=\"1024\" height=\"576\" src=\"https:\/\/www.em.com.br\/emfoco\/wp-content\/uploads\/2026\/03\/ngz-Cunha-SP-5-47587-1024x576.jpg\" alt=\"O vilarejo de cer\u00e2mica e neblina no alto da Serra do Mar que \u00e9 o maior polo de arte de S\u00e3o Paulo\" class=\"wp-image-183597\" srcset=\"https:\/\/www.em.com.br\/emfoco\/wp-content\/uploads\/2026\/03\/ngz-Cunha-SP-5-47587-1024x576.jpg 1024w, https:\/\/www.em.com.br\/emfoco\/wp-content\/uploads\/2026\/03\/ngz-Cunha-SP-5-47587-300x169.jpg 300w, https:\/\/www.em.com.br\/emfoco\/wp-content\/uploads\/2026\/03\/ngz-Cunha-SP-5-47587-768x432.jpg 768w, https:\/\/www.em.com.br\/emfoco\/wp-content\/uploads\/2026\/03\/ngz-Cunha-SP-5-47587-750x422.jpg 750w, https:\/\/www.em.com.br\/emfoco\/wp-content\/uploads\/2026\/03\/ngz-Cunha-SP-5-47587-1140x641.jpg 1140w, https:\/\/www.em.com.br\/emfoco\/wp-content\/uploads\/2026\/03\/ngz-Cunha-SP-5-47587.jpg 1280w\" sizes=\"auto, (max-width: 1024px) 100vw, 1024px\" \/><figcaption class=\"wp-element-caption\">Cunha, S\u00e3o Paulo \/\/ Cr\u00e9ditos: Wikipedia \/ Wikimedia Commons<\/figcaption><\/figure><\/div>\n\n\n<p><strong>Leia tamb\u00e9m: <a href=\"https:\/\/www.em.com.br\/emfoco\/2026\/04\/17\/a-capital-nacional-do-milho-a-cidade-a-5-horas-da-capital-esta-conquistando-os-brasileiros-com-qualidade-de-vida-e-bons-indices-de-seguranca\/\" target=\"_blank\" rel=\"noreferrer noopener\">A Capital Nacional do Milho: a cidade a 5 horas da capital est\u00e1 conquistando os brasileiros com qualidade de vida e bons \u00edndices de seguran\u00e7a<\/a><\/strong><\/p>\n\n\n\n<h2 class=\"wp-block-heading\">O que ver e onde comer no vilarejo dos ceramistas?<\/h2>\n\n\n\n<p>O roteiro mistura ateli\u00eas abertos a visitantes, parques estaduais, campos de lavanda e a estrada cenogr\u00e1fica que liga Cunha a <strong>Paraty<\/strong>. As atra\u00e7\u00f5es se distribuem ao longo dos 49 km da <strong>Estrada Cunha-Paraty<\/strong>.<\/p>\n\n\n\n<ul class=\"wp-block-list has-medium-font-size\">\n<li><strong>Ateli\u00ea Suenaga e Jardineiro<\/strong>: fundado em 1985, mant\u00e9m a tradi\u00e7\u00e3o do forno noborigama e abre fornadas para o p\u00fablico em rituais que re\u00fanem dezenas de visitantes.<\/li>\n\n\n\n<li><strong>Ateli\u00ea Alberto Cidraes<\/strong>: laborat\u00f3rio do arquiteto pioneiro, considerado um dos maiores nomes da cer\u00e2mica brasileira contempor\u00e2nea.<\/li>\n\n\n\n<li><strong>Casa do Artes\u00e3o<\/strong>: instalada no antigo matadouro onde tudo come\u00e7ou em 1975, re\u00fane obras de diferentes ceramistas locais.<\/li>\n\n\n\n<li><strong>Lavand\u00e1rio de Cunha<\/strong>: um dos maiores campos de lavanda do <strong>Brasil<\/strong>, com vista para as montanhas e produtos derivados da flor.<\/li>\n\n\n\n<li><strong>Pedra da Macela<\/strong>: mirante a 1.840 m de altitude com vista para a ba\u00eda de <strong>Angra dos Reis<\/strong>, <strong>Paraty<\/strong> e o <strong>Oceano Atl\u00e2ntico<\/strong>.<\/li>\n\n\n\n<li><strong>Parque Estadual da Serra do Mar<\/strong>: trilhas com at\u00e9 seis cachoeiras em uma \u00fanica caminhada na <strong>Mata Atl\u00e2ntica<\/strong> preservada.<\/li>\n<\/ul>\n\n\n\n<p>Na mesa, a culin\u00e1ria mistura tradi\u00e7\u00e3o caipira paulista com o frio da serra. Restaurantes pequenos espalhados pelo centro e ao longo da estrada para Paraty servem card\u00e1pios que pedem fog\u00e3o a lenha.<\/p>\n\n\n\n<ul class=\"wp-block-list has-medium-font-size\">\n<li><strong>Truta na manteiga<\/strong>: peixe criado em pesqueiros locais, prato-s\u00edmbolo da cidade nos restaurantes do centro.<\/li>\n\n\n\n<li><strong>Feij\u00e3o tropeiro<\/strong>: receita herdada das tropas que cruzavam a Serra do Mar pela <strong>Estrada Real<\/strong> rumo a <strong>Paraty<\/strong>.<\/li>\n\n\n\n<li><strong>Pinh\u00e3o na temporada<\/strong>: servido em fog\u00e3o a lenha entre maio e julho, \u00e9poca das arauc\u00e1rias da serra.<\/li>\n\n\n\n<li><strong>Caf\u00e9 especial da Mantiqueira paulista<\/strong>: produzido em fazendas de altitude da regi\u00e3o.<\/li>\n\n\n\n<li><strong>Doces caseiros e cacha\u00e7as artesanais<\/strong>: vendidos em casas tradicionais ao longo da Estrada Cunha-Paraty.<\/li>\n<\/ul>\n\n\n\n<p>Quem planeja viajar para <strong>Cunha<\/strong>, vai curtir esse v\u00eddeo especialmente selecionado do canal <strong>Vamos Fugir Blog<\/strong>, que conta com mais de <strong>122 mil<\/strong> visualiza\u00e7\u00f5es, onde <strong>L\u00edgia<\/strong> e <strong>Ulisses<\/strong> mostram um roteiro completo de 2 ou 3 dias com dicas de passeios, restaurantes e onde ficar:<\/p>\n\n\n\n<figure class=\"wp-block-embed is-type-video is-provider-youtube wp-block-embed-youtube wp-embed-aspect-16-9 wp-has-aspect-ratio\"><div class=\"wp-block-embed__wrapper\">\n<div class=\"jeg_video_container jeg_video_content\"><iframe loading=\"lazy\" title=\"Cunha SP: Melhores Passeios, Restaurantes e Onde Ficar (Roteiro Completo al\u00e9m do lavand\u00e1rio)\" width=\"500\" height=\"281\" src=\"https:\/\/www.youtube.com\/embed\/U9rCmcoSH-s?feature=oembed\" frameborder=\"0\" allow=\"accelerometer; autoplay; clipboard-write; encrypted-media; gyroscope; picture-in-picture; web-share\" referrerpolicy=\"strict-origin-when-cross-origin\" allowfullscreen><\/iframe><\/div>\n<\/div><\/figure>\n\n\n\n<h2 class=\"wp-block-heading\">Quando o clima da Serra do Mar favorece a visita?<\/h2>\n\n\n\n<p>Cunha \u00e9 est\u00e2ncia clim\u00e1tica paulista, com temperaturas amenas o ano todo e neblina frequente nas manh\u00e3s e noites. Cada esta\u00e7\u00e3o muda o ritmo da cidade e dos passeios:<\/p>\n\n\n\n<style>\n    .clima-grid-em119 { \n        --cor-primaria: #1a2a57; --cor-secundaria: #1a2a57; --cor-txt-secundaria: #ffffff;\n        display: grid; grid-template-columns: repeat(auto-fit, minmax(190px, 1fr)); gap: 15px; justify-content: center; padding: 10px;\n    }\n    .clima-card-em119 { border: 5px solid var(--cor-primaria); border-top: 5px solid var(--cor-secundaria); border-radius: 12px; background-color: var(--cor-primaria); background-clip: padding-box; display: flex; flex-direction: column; overflow: hidden; cursor: pointer; box-shadow: 0 6px 12px rgba(0,0,0, 0.2); transition: transform 0.2s ease, box-shadow 0.2s ease; -webkit-tap-highlight-color: transparent; user-select: none; transform: translateZ(0); animation: wmFadeIn 0.6s cubic-bezier(0.2, 0.8, 0.2, 1) backwards; }\n    .clima-card-em119:focus-visible { outline: 3px dashed var(--cor-secundaria); outline-offset: 4px; }\n    .clima-card-em119:nth-child(1) { animation-delay: 0.1s; } .clima-card-em119:nth-child(2) { animation-delay: 0.2s; } .clima-card-em119:nth-child(3) { animation-delay: 0.3s; } .clima-card-em119:nth-child(4) { animation-delay: 0.4s; }\n    @keyframes wmFadeIn { from { opacity: 0; transform: translateY(30px); } to { opacity: 1; transform: translateY(0); } }\n    .clima-card-em119:hover { transform: translateY(-5px); box-shadow: 0 15px 30px rgba(0,0,0, 0.3); }\n    .clima-card-em119:active { transform: translateY(-1px) scale(0.97); box-shadow: 0 3px 6px rgba(0,0,0, 0.2); transition: transform 0.05s ease, box-shadow 0.05s ease; }\n    .clima-header-em119 { background: #fdfbf5; padding: 15px 10px; text-align: center; display: flex; flex-direction: column; align-items: center; justify-content: center; }\n    .clima-body-em119 { background: #ffffff; padding: 15px; display: flex; flex-direction: column; flex-grow: 1; align-items: center; }\n    .clima-destaque-em119 { box-shadow: 0 8px 16px rgba(0,0,0, 0.25); }\n    .clima-destaque-em119:hover { box-shadow: 0 18px 36px rgba(0,0,0, 0.35); }\n    .clima-destaque-em119 .clima-header-em119 { background: var(--cor-secundaria); }\n    .clima-destaque-em119 .clima-header-em119 .clima-titulo-em119 { color: var(--cor-txt-secundaria) !important; } \n    .clima-pill-em119 { display: flex; white-space: normal; max-width: 100%; box-sizing: border-box; justify-content: center; align-items: center; text-align: center; background: #e8ebf2; color: var(--cor-primaria); font-size: 11px; font-weight: 900 !important; letter-spacing: 0.5px; padding: 8px 16px; border-radius: 16px; text-transform: uppercase; line-height: 1.4; box-shadow: 0 4px 8px rgba(0,0,0, 0.15); margin-top: auto; transition: transform 0.2s ease; }\n    .clima-destaque-em119 .clima-pill-em119 { background: var(--cor-primaria); color: #ffffff; border: 1px solid #ffffff; } \n    .clima-card-em119:hover .clima-pill-em119 { transform: scale(1.06); }\n    .clima-pill-em119 span { font-weight: 900 !important; color: inherit; } \n    .clima-emoji-em119 { font-size: 24px; line-height: 1; margin-bottom: 5px; }\n    .clima-titulo-em119 { color: var(--cor-primaria); font-size: 16px; text-transform: uppercase; margin-top: 5px; font-weight: bold; }\n    .clima-mes-em119 { font-size: 11px; font-weight: 800; color: var(--cor-primaria); text-transform: uppercase; margin-bottom: 5px; display: block; }\n    .clima-temp-em119 { font-size: 26px; font-weight: 900; color: var(--cor-primaria); margin-bottom: 10px; }\n    .clima-desc-em119 { font-size: 13px; color: #444; text-align: center; line-height: 1.5; margin-bottom: 15px; flex-grow: 1;}\n    .clima-desc-em119 strong { color: #111; }\n    @media (prefers-color-scheme: dark) {\n        .clima-card-em119 { border-color: #2b4182; background-color: #2b4182; box-shadow: 0 6px 12px rgba(0,0,0, 0.5); }\n        .clima-header-em119 { background: #1a1a1a; } .clima-body-em119 { background: #121212; }\n        .clima-destaque-em119 .clima-header-em119 { background: var(--cor-secundaria); }\n        .clima-destaque-em119 .clima-header-em119 .clima-titulo-em119 { color: var(--cor-txt-secundaria) !important; }\n        .clima-titulo-em119 { color: #8da5e8; } .clima-mes-em119 { color: #8da5e8; } .clima-temp-em119 { color: #8da5e8; } .clima-desc-em119 { color: #cccccc; } .clima-desc-em119 strong { color: #ffffff; }\n        .clima-pill-em119 { background: #2b4182; color: #ffffff; box-shadow: 0 4px 8px rgba(0, 0, 0, 0.5); }\n        .clima-destaque-em119 .clima-pill-em119 { background: #3b55a0; color: #ffffff; border-color: #8da5e8; }\n    }\n<\/style>\n<div class=\"google-auto-ads-ignore clima-grid-em119\" style=\"box-sizing: border-box; width: 100%; max-width: 980px; margin: 30px auto; font-family: 'Segoe UI', Roboto, Helvetica, Arial, sans-serif;\">\n    <div class=\"clima-card-em119\" tabindex=\"0\">\n        <div class=\"clima-header-em119\"><div class=\"clima-emoji-em119\" aria-hidden=\"true\">\ud83d\udca6<\/div><div class=\"clima-titulo-em119\">Ver\u00e3o<\/div><\/div>\n        <div class=\"clima-body-em119\">\n            <time class=\"clima-mes-em119\">Dezembro a fevereiro<\/time><div class=\"clima-temp-em119\">16\u00b0C a 26\u00b0C<\/div>\n            <div class=\"clima-desc-em119\">O clima \u00e9 ameno na est\u00e2ncia clim\u00e1tica, mas as chuvas atingem seu pico. A melhor pedida \u00e9 visitar as famosas <strong>cachoeiras e a exuberante Mata Atl\u00e2ntica<\/strong>.<\/div>\n            <div class=\"clima-pill-em119\"><span>\u2614 Chuva Alta<\/span><\/div>\n        <\/div>\n    <\/div>\n    <div class=\"clima-card-em119\" tabindex=\"0\">\n        <div class=\"clima-header-em119\"><div class=\"clima-emoji-em119\" aria-hidden=\"true\">\ud83c\udffa<\/div><div class=\"clima-titulo-em119\">Outono<\/div><\/div>\n        <div class=\"clima-body-em119\">\n            <time class=\"clima-mes-em119\">Mar\u00e7o a maio<\/time><div class=\"clima-temp-em119\">12\u00b0C a 24\u00b0C<\/div>\n            <div class=\"clima-desc-em119\">A neblina fica mais frequente e a chuva come\u00e7a a recuar. Uma \u00e9poca cheia de charme para conhecer os <strong>ateli\u00eas de cer\u00e2mica e a charmosa Estrada Paraty<\/strong>.<\/div>\n            <div class=\"clima-pill-em119\"><span>\u2601\ufe0f Chuva M\u00e9dia<\/span><\/div>\n        <\/div>\n    <\/div>\n    <div class=\"clima-card-em119 clima-destaque-em119\" tabindex=\"0\">\n        <div class=\"clima-header-em119\"><div class=\"clima-emoji-em119\" aria-hidden=\"true\">\ud83c\udf77<\/div><div class=\"clima-titulo-em119\">Inverno<\/div><\/div>\n        <div class=\"clima-body-em119\">\n            <time class=\"clima-mes-em119\">Junho a agosto<\/time><div class=\"clima-temp-em119\">5\u00b0C a 21\u00b0C<\/div>\n            <div class=\"clima-desc-em119\">A melhor \u00e9poca na Serra do Mar! Frio intenso de 5\u00b0C e clima sequinho, atraindo visitantes para as <strong>fornadas e a deliciosa gastronomia da serra<\/strong>.<\/div>\n            <div class=\"clima-pill-em119\"><span>\u2b50 Alta Temporada \/ Frio<\/span><\/div>\n        <\/div>\n    <\/div>\n    <div class=\"clima-card-em119\" tabindex=\"0\">\n        <div class=\"clima-header-em119\"><div class=\"clima-emoji-em119\" aria-hidden=\"true\">\ud83e\udebb<\/div><div class=\"clima-titulo-em119\">Primavera<\/div><\/div>\n        <div class=\"clima-body-em119\">\n            <time class=\"clima-mes-em119\">Setembro a novembro<\/time><div class=\"clima-temp-em119\">10\u00b0C a 25\u00b0C<\/div>\n            <div class=\"clima-desc-em119\">As temperaturas sobem acompanhadas das chuvas de transi\u00e7\u00e3o. Excelente fase para o espet\u00e1culo visual no <strong>Lavand\u00e1rio e as vistas da Pedra da Macela<\/strong>.<\/div>\n            <div class=\"clima-pill-em119\"><span>\u2601\ufe0f Chuva M\u00e9dia<\/span><\/div>\n        <\/div>\n    <\/div>\n<\/div>\n\n\n\n<p><em>Temperaturas aproximadas com base no <a href=\"https:\/\/www.climatempo.com.br\/previsao-do-tempo\/cidade\/2274\/cunha-sp\" target=\"_blank\" rel=\"noreferrer noopener\"><strong>Climatempo<\/strong><\/a>. Condi\u00e7\u00f5es podem variar.<\/em><\/p>\n\n\n\n<h2 class=\"wp-block-heading\">Como chegar \u00e0 Capital Nacional da Cer\u00e2mica?<\/h2>\n\n\n\n<p>De carro, o acesso mais comum \u00e9 por <strong>S\u00e3o Paulo<\/strong>, com cerca de 230 km pela <strong>Rodovia Presidente Dutra (BR-116)<\/strong> at\u00e9 <strong>Guaratinguet\u00e1<\/strong>, depois <strong>SP-171<\/strong> at\u00e9 a cidade, em aproximadamente 3 horas. Saindo do <strong>Rio de Janeiro<\/strong>, s\u00e3o 280 km pela mesma Dutra com sa\u00edda em <strong>Cruzeiro<\/strong>.<\/p>\n\n\n\n<p>A <strong>Estrada Cunha-Paraty (SP-171\/RJ-165)<\/strong>, com 49 km, leva direto \u00e0 cidade litor\u00e2nea fluminense em cerca de 1 hora, com trechos de Mata Atl\u00e2ntica preservada. Foi por ali que o ouro de <strong>Minas Gerais<\/strong> escoou para o porto de Paraty no s\u00e9culo XVIII pela <strong>Estrada Real<\/strong>. N\u00e3o h\u00e1 aeroporto na cidade, e o mais pr\u00f3ximo \u00e9 o de <strong>Guarulhos<\/strong>, a 250 km.<\/p>\n\n\n\n<h2 class=\"wp-block-heading\">Suba a serra e descubra a cidade onde o fogo vira arte<\/h2>\n\n\n\n<p>Cunha re\u00fane 50 ateli\u00eas ativos, mais fornos noborigama do que qualquer lugar fora do <strong>Jap\u00e3o<\/strong>, neblina que cobre estradas de Mata Atl\u00e2ntica e o t\u00edtulo oficial de Capital Nacional da Cer\u00e2mica conferido pelo <strong>Senado<\/strong>. Poucos vilarejos do interior brasileiro conseguem reunir tradi\u00e7\u00e3o milenar oriental e tropeiros mineiros no mesmo prato.<\/p>\n\n\n\n<p>Voc\u00ea precisa subir a Serra do Mar e conhecer Cunha, o vilarejo paulista onde a neblina nunca vai embora e cada pe\u00e7a de cer\u00e2mica carrega a marca do fogo, do barro e do acaso.<\/p>\n","protected":false},"excerpt":{"rendered":"<p>Entre as serras do Mar e da Bocaina, a cerca de mil metros de altitude, Cunha re\u00fane mais de 50 ateli\u00eas de cer\u00e2mica de alta temperatura, o maior n\u00famero de fornos noborigama fora do Jap\u00e3o e neblina constante que cobre a estrada para Paraty. Em 2022, a Lei n\u00ba 14.349 conferiu \u00e0 cidade o t\u00edtulo [&hellip;]<\/p>\n","protected":false},"author":6,"featured_media":199622,"comment_status":"open","ping_status":"open","sticky":false,"template":"","format":"standard","meta":{"jnews-multi-image_gallery":[],"jnews_single_post":{"format":"standard"},"jnews_primary_category":[],"jnews_social_meta":[],"jnews_override_counter":[],"footnotes":""},"categories":[26],"tags":[183,26567,553],"class_list":["post-199258","post","type-post","status-publish","format-standard","has-post-thumbnail","hentry","category-cidades","tag-cidades","tag-cunha","tag-sao-paulo"],"yoast_head":"<!-- This site is optimized with the Yoast SEO plugin v23.8 - https:\/\/yoast.com\/wordpress\/plugins\/seo\/ -->\n<title>Capital Nacional da Cer\u00e2mica de Alta Temperatura: o vilarejo paulista no alto da Serra do Mar com 50 ateli\u00eas a 3 horas de S\u00e3o Paulo - Estado de Minas - Em foco<\/title>\n<meta name=\"description\" content=\"Conhe\u00e7a a Capital Nacional da Cer\u00e2mica de Alta Temperatura. Um vilarejo na Serra do Mar com 50 ateli\u00eas a poucas horas da capital.\" \/>\n<meta name=\"robots\" content=\"index, follow, max-snippet:-1, max-image-preview:large, max-video-preview:-1\" \/>\n<link rel=\"canonical\" href=\"https:\/\/www.em.com.br\/emfoco\/2026\/04\/26\/capital-nacional-da-ceramica-de-alta-temperatura-o-vilarejo-paulista-no-alto-da-serra-do-mar-com-50-atelies-a-3-horas-de-sao-paulo\/\" \/>\n<meta property=\"og:locale\" content=\"pt_BR\" \/>\n<meta property=\"og:type\" content=\"article\" \/>\n<meta property=\"og:title\" content=\"Capital Nacional da Cer\u00e2mica de Alta Temperatura: o vilarejo paulista no alto da Serra do Mar com 50 ateli\u00eas a 3 horas de S\u00e3o Paulo - Estado de Minas - Em foco\" \/>\n<meta property=\"og:description\" content=\"Conhe\u00e7a a Capital Nacional da Cer\u00e2mica de Alta Temperatura. Um vilarejo na Serra do Mar com 50 ateli\u00eas a poucas horas da capital.\" \/>\n<meta property=\"og:url\" content=\"https:\/\/www.em.com.br\/emfoco\/2026\/04\/26\/capital-nacional-da-ceramica-de-alta-temperatura-o-vilarejo-paulista-no-alto-da-serra-do-mar-com-50-atelies-a-3-horas-de-sao-paulo\/\" \/>\n<meta property=\"og:site_name\" content=\"Estado de Minas - Em foco\" \/>\n<meta property=\"article:published_time\" content=\"2026-04-26T21:05:00+00:00\" \/>\n<meta property=\"article:modified_time\" content=\"2026-04-25T22:33:18+00:00\" \/>\n<meta property=\"og:image\" content=\"https:\/\/www.em.com.br\/emfoco\/wp-content\/uploads\/2026\/04\/Ceramic_atelier_and_202604251806.jpg\" \/>\n\t<meta property=\"og:image:width\" content=\"1280\" \/>\n\t<meta property=\"og:image:height\" content=\"720\" \/>\n\t<meta property=\"og:image:type\" content=\"image\/jpeg\" \/>\n<meta name=\"author\" content=\"Vitor Bruno\" \/>\n<meta name=\"twitter:card\" content=\"summary_large_image\" \/>\n<meta name=\"twitter:label1\" content=\"Escrito por\" \/>\n\t<meta name=\"twitter:data1\" content=\"Vitor Bruno\" \/>\n\t<meta name=\"twitter:label2\" content=\"Est. tempo de leitura\" \/>\n\t<meta name=\"twitter:data2\" content=\"7 minutos\" \/>\n<!-- \/ Yoast SEO plugin. -->","yoast_head_json":{"title":"Capital Nacional da Cer\u00e2mica de Alta Temperatura: o vilarejo paulista no alto da Serra do Mar com 50 ateli\u00eas a 3 horas de S\u00e3o Paulo - Estado de Minas - Em foco","description":"Conhe\u00e7a a Capital Nacional da Cer\u00e2mica de Alta Temperatura. Um vilarejo na Serra do Mar com 50 ateli\u00eas a poucas horas da capital.","robots":{"index":"index","follow":"follow","max-snippet":"max-snippet:-1","max-image-preview":"max-image-preview:large","max-video-preview":"max-video-preview:-1"},"canonical":"https:\/\/www.em.com.br\/emfoco\/2026\/04\/26\/capital-nacional-da-ceramica-de-alta-temperatura-o-vilarejo-paulista-no-alto-da-serra-do-mar-com-50-atelies-a-3-horas-de-sao-paulo\/","og_locale":"pt_BR","og_type":"article","og_title":"Capital Nacional da Cer\u00e2mica de Alta Temperatura: o vilarejo paulista no alto da Serra do Mar com 50 ateli\u00eas a 3 horas de S\u00e3o Paulo - Estado de Minas - Em foco","og_description":"Conhe\u00e7a a Capital Nacional da Cer\u00e2mica de Alta Temperatura. Um vilarejo na Serra do Mar com 50 ateli\u00eas a poucas horas da capital.","og_url":"https:\/\/www.em.com.br\/emfoco\/2026\/04\/26\/capital-nacional-da-ceramica-de-alta-temperatura-o-vilarejo-paulista-no-alto-da-serra-do-mar-com-50-atelies-a-3-horas-de-sao-paulo\/","og_site_name":"Estado de Minas - Em foco","article_published_time":"2026-04-26T21:05:00+00:00","article_modified_time":"2026-04-25T22:33:18+00:00","og_image":[{"width":1280,"height":720,"url":"https:\/\/www.em.com.br\/emfoco\/wp-content\/uploads\/2026\/04\/Ceramic_atelier_and_202604251806.jpg","type":"image\/jpeg"}],"author":"Vitor Bruno","twitter_card":"summary_large_image","twitter_misc":{"Escrito por":"Vitor Bruno","Est. tempo de leitura":"7 minutos"},"schema":{"@context":"https:\/\/schema.org","@graph":[{"@type":"WebPage","@id":"https:\/\/www.em.com.br\/emfoco\/2026\/04\/26\/capital-nacional-da-ceramica-de-alta-temperatura-o-vilarejo-paulista-no-alto-da-serra-do-mar-com-50-atelies-a-3-horas-de-sao-paulo\/","url":"https:\/\/www.em.com.br\/emfoco\/2026\/04\/26\/capital-nacional-da-ceramica-de-alta-temperatura-o-vilarejo-paulista-no-alto-da-serra-do-mar-com-50-atelies-a-3-horas-de-sao-paulo\/","name":"Capital Nacional da Cer\u00e2mica de Alta Temperatura: o vilarejo paulista no alto da Serra do Mar com 50 ateli\u00eas a 3 horas de S\u00e3o Paulo - Estado de Minas - Em foco","isPartOf":{"@id":"https:\/\/www.em.com.br\/emfoco\/#website"},"primaryImageOfPage":{"@id":"https:\/\/www.em.com.br\/emfoco\/2026\/04\/26\/capital-nacional-da-ceramica-de-alta-temperatura-o-vilarejo-paulista-no-alto-da-serra-do-mar-com-50-atelies-a-3-horas-de-sao-paulo\/#primaryimage"},"image":{"@id":"https:\/\/www.em.com.br\/emfoco\/2026\/04\/26\/capital-nacional-da-ceramica-de-alta-temperatura-o-vilarejo-paulista-no-alto-da-serra-do-mar-com-50-atelies-a-3-horas-de-sao-paulo\/#primaryimage"},"thumbnailUrl":"https:\/\/www.em.com.br\/emfoco\/wp-content\/uploads\/2026\/04\/Ceramic_atelier_and_202604251806.jpg","datePublished":"2026-04-26T21:05:00+00:00","dateModified":"2026-04-25T22:33:18+00:00","author":{"@id":"https:\/\/www.em.com.br\/emfoco\/#\/schema\/person\/364ac1852fafd00f1be20f0b8b237569"},"description":"Conhe\u00e7a a Capital Nacional da Cer\u00e2mica de Alta Temperatura. Um vilarejo na Serra do Mar com 50 ateli\u00eas a poucas horas da capital.","breadcrumb":{"@id":"https:\/\/www.em.com.br\/emfoco\/2026\/04\/26\/capital-nacional-da-ceramica-de-alta-temperatura-o-vilarejo-paulista-no-alto-da-serra-do-mar-com-50-atelies-a-3-horas-de-sao-paulo\/#breadcrumb"},"inLanguage":"pt-BR","potentialAction":[{"@type":"ReadAction","target":["https:\/\/www.em.com.br\/emfoco\/2026\/04\/26\/capital-nacional-da-ceramica-de-alta-temperatura-o-vilarejo-paulista-no-alto-da-serra-do-mar-com-50-atelies-a-3-horas-de-sao-paulo\/"]}]},{"@type":"ImageObject","inLanguage":"pt-BR","@id":"https:\/\/www.em.com.br\/emfoco\/2026\/04\/26\/capital-nacional-da-ceramica-de-alta-temperatura-o-vilarejo-paulista-no-alto-da-serra-do-mar-com-50-atelies-a-3-horas-de-sao-paulo\/#primaryimage","url":"https:\/\/www.em.com.br\/emfoco\/wp-content\/uploads\/2026\/04\/Ceramic_atelier_and_202604251806.jpg","contentUrl":"https:\/\/www.em.com.br\/emfoco\/wp-content\/uploads\/2026\/04\/Ceramic_atelier_and_202604251806.jpg","width":1280,"height":720,"caption":"Capital Nacional da Cer\u00e2mica de Alta Temperatura: o vilarejo paulista no alto da Serra do Mar com 50 ateli\u00eas a 3 horas de S\u00e3o Paulo \/\/ IMAGEM ILUSTRATIVA"},{"@type":"BreadcrumbList","@id":"https:\/\/www.em.com.br\/emfoco\/2026\/04\/26\/capital-nacional-da-ceramica-de-alta-temperatura-o-vilarejo-paulista-no-alto-da-serra-do-mar-com-50-atelies-a-3-horas-de-sao-paulo\/#breadcrumb","itemListElement":[{"@type":"ListItem","position":1,"name":"In\u00edcio","item":"https:\/\/www.em.com.br\/emfoco\/"},{"@type":"ListItem","position":2,"name":"Capital Nacional da Cer\u00e2mica de Alta Temperatura: o vilarejo paulista no alto da Serra do Mar com 50 ateli\u00eas a 3 horas de S\u00e3o Paulo"}]},{"@type":"WebSite","@id":"https:\/\/www.em.com.br\/emfoco\/#website","url":"https:\/\/www.em.com.br\/emfoco\/","name":"Estado de Minas - Em foco","description":"Acompanhe as \u00faltimas not\u00edcias e fique bem informado sobre tudo o que acontece em Minas Gerais, Brasil e no mundo.","potentialAction":[{"@type":"SearchAction","target":{"@type":"EntryPoint","urlTemplate":"https:\/\/www.em.com.br\/emfoco\/?s={search_term_string}"},"query-input":{"@type":"PropertyValueSpecification","valueRequired":true,"valueName":"search_term_string"}}],"inLanguage":"pt-BR"},{"@type":"Person","@id":"https:\/\/www.em.com.br\/emfoco\/#\/schema\/person\/364ac1852fafd00f1be20f0b8b237569","name":"Vitor Bruno","image":{"@type":"ImageObject","inLanguage":"pt-BR","@id":"https:\/\/www.em.com.br\/emfoco\/#\/schema\/person\/image\/","url":"https:\/\/secure.gravatar.com\/avatar\/b719e5cdede09f942064960883b5524d?s=96&d=mm&r=g","contentUrl":"https:\/\/secure.gravatar.com\/avatar\/b719e5cdede09f942064960883b5524d?s=96&d=mm&r=g","caption":"Vitor Bruno"},"sameAs":["https:\/\/www.em.com.br\/emfoco\/"],"url":"https:\/\/www.em.com.br\/emfoco\/author\/vitormyth\/"}]}},"_links":{"self":[{"href":"https:\/\/www.em.com.br\/emfoco\/wp-json\/wp\/v2\/posts\/199258","targetHints":{"allow":["GET"]}}],"collection":[{"href":"https:\/\/www.em.com.br\/emfoco\/wp-json\/wp\/v2\/posts"}],"about":[{"href":"https:\/\/www.em.com.br\/emfoco\/wp-json\/wp\/v2\/types\/post"}],"author":[{"embeddable":true,"href":"https:\/\/www.em.com.br\/emfoco\/wp-json\/wp\/v2\/users\/6"}],"replies":[{"embeddable":true,"href":"https:\/\/www.em.com.br\/emfoco\/wp-json\/wp\/v2\/comments?post=199258"}],"version-history":[{"count":6,"href":"https:\/\/www.em.com.br\/emfoco\/wp-json\/wp\/v2\/posts\/199258\/revisions"}],"predecessor-version":[{"id":199624,"href":"https:\/\/www.em.com.br\/emfoco\/wp-json\/wp\/v2\/posts\/199258\/revisions\/199624"}],"wp:featuredmedia":[{"embeddable":true,"href":"https:\/\/www.em.com.br\/emfoco\/wp-json\/wp\/v2\/media\/199622"}],"wp:attachment":[{"href":"https:\/\/www.em.com.br\/emfoco\/wp-json\/wp\/v2\/media?parent=199258"}],"wp:term":[{"taxonomy":"category","embeddable":true,"href":"https:\/\/www.em.com.br\/emfoco\/wp-json\/wp\/v2\/categories?post=199258"},{"taxonomy":"post_tag","embeddable":true,"href":"https:\/\/www.em.com.br\/emfoco\/wp-json\/wp\/v2\/tags?post=199258"}],"curies":[{"name":"wp","href":"https:\/\/api.w.org\/{rel}","templated":true}]}}