{"id":199255,"date":"2026-04-27T10:35:00","date_gmt":"2026-04-27T13:35:00","guid":{"rendered":"https:\/\/www.em.com.br\/emfoco\/?p=199255"},"modified":"2026-04-27T17:52:44","modified_gmt":"2026-04-27T20:52:44","slug":"sem-farmacia-sem-banco-e-sem-supermercado-o-vilarejo-de-300-habitantes-a-143-km-de-bh-onde-a-vida-segue-o-ritmo-do-seculo-19","status":"publish","type":"post","link":"https:\/\/www.em.com.br\/emfoco\/2026\/04\/27\/sem-farmacia-sem-banco-e-sem-supermercado-o-vilarejo-de-300-habitantes-a-143-km-de-bh-onde-a-vida-segue-o-ritmo-do-seculo-19\/","title":{"rendered":"O vilarejo pr\u00f3ximo de BH com mais de 600 habitantes onde a vida segue o ritmo do s\u00e9culo 19"},"content":{"rendered":"\n<p>Aos p\u00e9s do&nbsp;<strong>Pico da Lapinha<\/strong>, a 143 km de&nbsp;<strong>Belo Horizonte<\/strong>,&nbsp;<strong>Lapinha da Serra<\/strong>&nbsp;aparece de repente no fim de 10 km de estrada de terra. Cercado pela&nbsp;<strong>Serra do Espinha\u00e7o<\/strong>, o vilarejo abriga uma das travessias cl\u00e1ssicas do trekking brasileiro e um s\u00edtio arqueol\u00f3gico que precede qualquer cidade mineira em mil\u00eanios.<\/p>\n\n\n\n<h2 class=\"wp-block-heading\">O vilarejo nasceu no caminho dos tropeiros do Espinha\u00e7o<\/h2>\n\n\n\n<p>A regi\u00e3o foi rota dos bandeirantes que abriram o caminho dos diamantes no s\u00e9culo XVIII e, depois, passagem dos tropeiros que ligavam os arraiais mineiros. A capela de&nbsp;<strong>Santana do Riacho<\/strong>, primeiro n\u00facleo da regi\u00e3o, foi erguida em outubro de 1759, e o nome Lapinha da Serra s\u00f3 apareceu no in\u00edcio do s\u00e9culo XX, quando tr\u00eas fam\u00edlias se estabeleceram nos contrafortes da serra.<\/p>\n\n\n\n<p>Hoje, o distrito faz parte da&nbsp;<a href=\"https:\/\/www.icmbio.gov.br\/parnaserradocipo\/quem-somos.html\" target=\"_blank\" rel=\"noreferrer noopener\"><strong>\u00c1rea de Prote\u00e7\u00e3o Ambiental Morro da Pedreira<\/strong><\/a>, criada em 1990 e gerida pelo&nbsp;<strong>Instituto Chico Mendes de Conserva\u00e7\u00e3o da Biodiversidade (ICMBio)<\/strong>&nbsp;como zona de amortecimento do&nbsp;<strong>Parque Nacional da Serra do Cip\u00f3<\/strong>. A APA tem 97 mil hectares e abrange oito munic\u00edpios mineiros.<\/p>\n\n\n<div class=\"wp-block-image\">\n<figure class=\"aligncenter size-large\"><img loading=\"lazy\" decoding=\"async\" width=\"1024\" height=\"576\" src=\"https:\/\/www.em.com.br\/emfoco\/wp-content\/uploads\/2026\/04\/ngz-Lapinha_da_Serra_em_Serra_do_Cipo-25487-1024x576.jpg\" alt=\"O vilarejo de 300 habitantes a 143 km de BH onde a vida segue o ritmo do s\u00e9culo 19\" class=\"wp-image-200511\" srcset=\"https:\/\/www.em.com.br\/emfoco\/wp-content\/uploads\/2026\/04\/ngz-Lapinha_da_Serra_em_Serra_do_Cipo-25487-1024x576.jpg 1024w, https:\/\/www.em.com.br\/emfoco\/wp-content\/uploads\/2026\/04\/ngz-Lapinha_da_Serra_em_Serra_do_Cipo-25487-300x169.jpg 300w, https:\/\/www.em.com.br\/emfoco\/wp-content\/uploads\/2026\/04\/ngz-Lapinha_da_Serra_em_Serra_do_Cipo-25487-768x432.jpg 768w, https:\/\/www.em.com.br\/emfoco\/wp-content\/uploads\/2026\/04\/ngz-Lapinha_da_Serra_em_Serra_do_Cipo-25487-750x422.jpg 750w, https:\/\/www.em.com.br\/emfoco\/wp-content\/uploads\/2026\/04\/ngz-Lapinha_da_Serra_em_Serra_do_Cipo-25487-1140x641.jpg 1140w, https:\/\/www.em.com.br\/emfoco\/wp-content\/uploads\/2026\/04\/ngz-Lapinha_da_Serra_em_Serra_do_Cipo-25487.jpg 1280w\" sizes=\"auto, (max-width: 1024px) 100vw, 1024px\" \/><figcaption class=\"wp-element-caption\">Lapinha da Serra oferece o cen\u00e1rio de montanhas e pinturas rupestres que integra a hist\u00f3ria ancestral ao progresso do territ\u00f3rio brasileiro \/\/ Cr\u00e9ditos: Wikipedia \/ Wikimedia Commons<\/figcaption><\/figure><\/div>\n\n\n<h2 class=\"wp-block-heading\">Por que a Lapinha guarda pinturas rupestres de 7 mil anos?<\/h2>\n\n\n\n<p>Do outro lado da&nbsp;<strong>Lagoa da Lapinha<\/strong>, est\u00e1 um dos s\u00edtios arqueol\u00f3gicos mais antigos de Minas. Para chegar l\u00e1, \u00e9 preciso atravessar o lago de barco conduzido por moradores. As pinturas t\u00eam cerca de 7 mil anos, conforme cataloga\u00e7\u00e3o do&nbsp;<a href=\"http:\/\/portal.iphan.gov.br\/pagina\/detalhes\/639\/\" target=\"_blank\" rel=\"noreferrer noopener\"><strong>Instituto do Patrim\u00f4nio Hist\u00f3rico e Art\u00edstico Nacional (IPHAN)<\/strong><\/a>, que mant\u00e9m registros das gravuras em Santana do Riacho.<\/p>\n\n\n\n<p>O s\u00edtio tem sete camadas estratigr\u00e1ficas, com vest\u00edgios de civiliza\u00e7\u00f5es que viveram ali h\u00e1 mais de 10 mil anos, incluindo carv\u00e3o de fogueiras, esqueletos humanos e instrumentos de sobreviv\u00eancia. As pinturas foram feitas com \u00f3xidos e hidr\u00f3xidos de mangan\u00eas e ferro presentes nas rochas da Serra do Cip\u00f3. Os principais desenhos representam o veado do cerrado, cenas de ca\u00e7a e mulheres gr\u00e1vidas, ligadas a rituais de fertilidade. O IPHAN registra mais de 2.500 s\u00edtios arqueol\u00f3gicos pr\u00e9-coloniais em Minas Gerais.<\/p>\n\n\n\n<h2 class=\"wp-block-heading\">Como a travessia Lapinha-Tabuleiro virou um cl\u00e1ssico do trekking nacional?<\/h2>\n\n\n\n<p>A travessia tem entre 28 e 40 km e leva tr\u00eas dias. O percurso parte da Lapinha, sobe ao Pico do Breu, cruza o alto curso do rio Parauninha e termina na&nbsp;<strong>Cachoeira do Tabuleiro<\/strong>, em&nbsp;<strong>Concei\u00e7\u00e3o do Mato Dentro<\/strong>, conforme o&nbsp;<a href=\"https:\/\/minasgerais.com.br\/pt\/roteiros\/travessia-lapinha-x-tabuleiro-via-pico-do-breu\" target=\"_blank\" rel=\"noreferrer noopener\"><strong>Portal de Turismo de Minas Gerais<\/strong><\/a>.<\/p>\n\n\n\n<p>Por essa mesma trilha passaram tropeiros durante mais de um s\u00e9culo, transportando alho e cebola at\u00e9 o Mercado Municipal de Concei\u00e7\u00e3o do Mato Dentro. Hoje, os acampamentos da travessia acontecem nos quintais dos pr\u00f3prios moradores que ainda resistem no alto da serra. Com 273 metros de queda livre, a Cachoeira do Tabuleiro \u00e9 a mais alta de Minas Gerais e a 3\u00aa maior do&nbsp;<strong>Brasil<\/strong>, segundo a&nbsp;<a href=\"https:\/\/www.cmd.mg.gov.br\/portal\/turismo\/0\/9\/46108\/cachoeira-do-tabuleiro\" target=\"_blank\" rel=\"noreferrer noopener\"><strong>Prefeitura de Concei\u00e7\u00e3o do Mato Dentro<\/strong><\/a>.<\/p>\n\n\n<div class=\"wp-block-image\">\n<figure class=\"aligncenter size-large\"><img loading=\"lazy\" decoding=\"async\" width=\"1024\" height=\"576\" src=\"https:\/\/www.em.com.br\/emfoco\/wp-content\/uploads\/2026\/04\/ngz-Vista_Lapinha_da_Serra-51842-1024x576.jpg\" alt=\"O vilarejo de 300 habitantes a 143 km de BH onde a vida segue o ritmo do s\u00e9culo 19\" class=\"wp-image-199708\" srcset=\"https:\/\/www.em.com.br\/emfoco\/wp-content\/uploads\/2026\/04\/ngz-Vista_Lapinha_da_Serra-51842-1024x576.jpg 1024w, https:\/\/www.em.com.br\/emfoco\/wp-content\/uploads\/2026\/04\/ngz-Vista_Lapinha_da_Serra-51842-300x169.jpg 300w, https:\/\/www.em.com.br\/emfoco\/wp-content\/uploads\/2026\/04\/ngz-Vista_Lapinha_da_Serra-51842-768x432.jpg 768w, https:\/\/www.em.com.br\/emfoco\/wp-content\/uploads\/2026\/04\/ngz-Vista_Lapinha_da_Serra-51842-750x422.jpg 750w, https:\/\/www.em.com.br\/emfoco\/wp-content\/uploads\/2026\/04\/ngz-Vista_Lapinha_da_Serra-51842-1140x641.jpg 1140w, https:\/\/www.em.com.br\/emfoco\/wp-content\/uploads\/2026\/04\/ngz-Vista_Lapinha_da_Serra-51842.jpg 1280w\" sizes=\"auto, (max-width: 1024px) 100vw, 1024px\" \/><figcaption class=\"wp-element-caption\">Lapinha da Serra une a preserva\u00e7\u00e3o de um s\u00edtio arqueol\u00f3gico milenar ao prest\u00edgio de abrigar uma das travessias cl\u00e1ssicas do trekking no territ\u00f3rio nacional \/\/ Cr\u00e9ditos: Wikipedia \/ Wikimedia Commons<\/figcaption><\/figure><\/div>\n\n\n<p><strong>Leia tamb\u00e9m: <a href=\"https:\/\/www.em.com.br\/emfoco\/2026\/04\/17\/a-capital-nacional-do-milho-a-cidade-a-5-horas-da-capital-esta-conquistando-os-brasileiros-com-qualidade-de-vida-e-bons-indices-de-seguranca\/\" target=\"_blank\" rel=\"noreferrer noopener\">A Capital Nacional do Milho: a cidade a 5 horas da capital est\u00e1 conquistando os brasileiros com qualidade de vida e bons \u00edndices de seguran\u00e7a<\/a><\/strong><\/p>\n\n\n\n<h2 class=\"wp-block-heading\">O que ver e fazer entre os picos da Lapinha?<\/h2>\n\n\n\n<p>O roteiro \u00e9 puro contato com a natureza, sem grandes atra\u00e7\u00f5es constru\u00eddas. As trilhas, picos e cachoeiras ficam todos a poucos minutos do centro da vila.<\/p>\n\n\n\n<ul class=\"wp-block-list\">\n<li><strong>Pico do Breu<\/strong>: ponto mais alto da Serra do Cip\u00f3 com 1.687 metros, trilha de 4 km de subida desafiadora desde o povoado.<\/li>\n\n\n\n<li><strong>Pico da Lapinha<\/strong>: 1.686 metros, segundo ponto mais alto, com cruzeiro no topo e vista panor\u00e2mica do vilarejo e da lagoa.<\/li>\n\n\n\n<li><strong>S\u00edtio Arqueol\u00f3gico da Lapinha<\/strong>: pinturas rupestres de 7 mil anos, acessadas por barco pela Lagoa da Lapinha.<\/li>\n\n\n\n<li><strong>Cachoeira do Bicame<\/strong>: 30 metros de queda em po\u00e7o escuro, dentro da\u00a0<strong>RPPN Brumas do Espinha\u00e7o<\/strong>, com trilha de 9 km.<\/li>\n\n\n\n<li><strong>Travessia Lapinha-Tabuleiro<\/strong>: 28 a 40 km at\u00e9 a maior cachoeira de Minas, tr\u00eas dias com pernoite no quintal dos moradores.<\/li>\n\n\n\n<li><strong>Lagoa da Lapinha<\/strong>: represa constru\u00edda na d\u00e9cada de 1950 pela\u00a0<strong>Companhia Industrial de Belo Horizonte<\/strong>, contorna o vilarejo e oferece banho e stand-up paddle.<\/li>\n<\/ul>\n\n\n\n<p>Quem busca um ref\u00fagio m\u00e1gico em\u00a0<strong>Minas Gerais<\/strong>, vai curtir esse v\u00eddeo especialmente selecionado do canal\u00a0<strong>Por onde andei, com Fernanda G\u00f6tz<\/strong>, que conta com mais de\u00a0<strong>180 mil<\/strong>\u00a0visualiza\u00e7\u00f5es, onde\u00a0<strong>Fernanda G\u00f6tz<\/strong>\u00a0mostra os encantos da\u00a0<strong>Lapinha da Serra<\/strong>, um vilarejo com cerca de 650 moradores cercado por montanhas e cachoeiras:<\/p>\n\n\n\n<figure class=\"wp-block-embed is-type-video is-provider-youtube wp-block-embed-youtube wp-embed-aspect-16-9 wp-has-aspect-ratio\"><div class=\"wp-block-embed__wrapper\">\n<div class=\"jeg_video_container jeg_video_content\"><iframe loading=\"lazy\" title=\"LAPINHA DA SERRA MG -  Um vilarejo m\u00e1gico em Minas Gerais com apenas 600 moradores e muita natureza\" width=\"500\" height=\"281\" src=\"https:\/\/www.youtube.com\/embed\/Gpyvn-LLlYo?feature=oembed\" frameborder=\"0\" allow=\"accelerometer; autoplay; clipboard-write; encrypted-media; gyroscope; picture-in-picture; web-share\" referrerpolicy=\"strict-origin-when-cross-origin\" allowfullscreen><\/iframe><\/div>\n<\/div><\/figure>\n\n\n\n<h2 class=\"wp-block-heading\">O vento que sopra durante a noite e cala de manh\u00e3<\/h2>\n\n\n\n<p>A Lapinha tem um fen\u00f4meno clim\u00e1tico pr\u00f3prio. Quase todas as noites, por volta da meia-noite, come\u00e7a uma ventania fort\u00edssima que s\u00f3 se encerra perto das oito da manh\u00e3. O fen\u00f4meno \u00e9 t\u00e3o consistente que aparece nos guias tur\u00edsticos e nos avisos das pousadas, recebendo turistas que chegam com agasalhos para a noite mesmo no ver\u00e3o.<\/p>\n\n\n\n<p>O efeito vem da topografia em forma de funil entre o Pico do Breu e o Pico da Lapinha, que canaliza o ar frio descendo da serra. A regi\u00e3o faz parte da\u00a0<strong>Reserva da Biosfera da Serra do Espinha\u00e7o<\/strong>, reconhecida pela\u00a0<strong>UNESCO<\/strong>\u00a0em 24 de junho de 2005, como detalha a\u00a0<a href=\"https:\/\/reservasdabiosfera.org.br\/reserva\/rb-serra-do-espinhaco\/\" target=\"_blank\" rel=\"noreferrer noopener\"><strong>Rede Brasileira de Reservas da Biosfera<\/strong><\/a>. O territ\u00f3rio abrange 172 munic\u00edpios mineiros e percorre tr\u00eas biomas: Cerrado, Mata Atl\u00e2ntica e Caatinga.<\/p>\n\n\n\n<h2 class=\"wp-block-heading\">Quando o clima da serra favorece a viagem?<\/h2>\n\n\n\n<p>A Lapinha tem clima de montanha, com dias quentes e noites frias o ano todo. A esta\u00e7\u00e3o muda o n\u00edvel das trilhas e a balneabilidade das cachoeiras.<\/p>\n\n\n\n<style>\n    .clima-grid-em131 { \n        --cor-primaria: #1a2a57; --cor-secundaria: #1a2a57; --cor-txt-secundaria: #ffffff;\n        display: grid; grid-template-columns: repeat(auto-fit, minmax(190px, 1fr)); gap: 15px; justify-content: center; padding: 10px;\n    }\n    .clima-card-em131 { border: 5px solid var(--cor-primaria); border-top: 5px solid var(--cor-secundaria); border-radius: 12px; background-color: var(--cor-primaria); background-clip: padding-box; display: flex; flex-direction: column; overflow: hidden; cursor: pointer; box-shadow: 0 6px 12px rgba(0,0,0, 0.2); transition: transform 0.2s ease, box-shadow 0.2s ease; -webkit-tap-highlight-color: transparent; user-select: none; transform: translateZ(0); animation: wmFadeIn 0.6s cubic-bezier(0.2, 0.8, 0.2, 1) backwards; }\n    .clima-card-em131:focus-visible { outline: 3px dashed var(--cor-secundaria); outline-offset: 4px; }\n    .clima-card-em131:nth-child(1) { animation-delay: 0.1s; } .clima-card-em131:nth-child(2) { animation-delay: 0.2s; } .clima-card-em131:nth-child(3) { animation-delay: 0.3s; } .clima-card-em131:nth-child(4) { animation-delay: 0.4s; }\n    @keyframes wmFadeIn { from { opacity: 0; transform: translateY(30px); } to { opacity: 1; transform: translateY(0); } }\n    .clima-card-em131:hover { transform: translateY(-5px); box-shadow: 0 15px 30px rgba(0,0,0, 0.3); }\n    .clima-card-em131:active { transform: translateY(-1px) scale(0.97); box-shadow: 0 3px 6px rgba(0,0,0, 0.2); transition: transform 0.05s ease, box-shadow 0.05s ease; }\n    .clima-header-em131 { background: #fdfbf5; padding: 15px 10px; text-align: center; display: flex; flex-direction: column; align-items: center; justify-content: center; }\n    .clima-body-em131 { background: #ffffff; padding: 15px; display: flex; flex-direction: column; flex-grow: 1; align-items: center; }\n    .clima-destaque-em131 { box-shadow: 0 8px 16px rgba(0,0,0, 0.25); }\n    .clima-destaque-em131:hover { box-shadow: 0 18px 36px rgba(0,0,0, 0.35); }\n    .clima-destaque-em131 .clima-header-em131 { background: var(--cor-secundaria); }\n    .clima-destaque-em131 .clima-header-em131 .clima-titulo-em131 { color: var(--cor-txt-secundaria) !important; } \n    .clima-pill-em131 { display: flex; white-space: normal; max-width: 100%; box-sizing: border-box; justify-content: center; align-items: center; text-align: center; background: #e8ebf2; color: var(--cor-primaria); font-size: 11px; font-weight: 900 !important; letter-spacing: 0.5px; padding: 8px 16px; border-radius: 16px; text-transform: uppercase; line-height: 1.4; box-shadow: 0 4px 8px rgba(0,0,0, 0.15); margin-top: auto; transition: transform 0.2s ease; }\n    .clima-destaque-em131 .clima-pill-em131 { background: var(--cor-primaria); color: #ffffff; border: 1px solid #ffffff; } \n    .clima-card-em131:hover .clima-pill-em131 { transform: scale(1.06); }\n    .clima-pill-em131 span { font-weight: 900 !important; color: inherit; } \n    .clima-emoji-em131 { font-size: 24px; line-height: 1; margin-bottom: 5px; }\n    .clima-titulo-em131 { color: var(--cor-primaria); font-size: 16px; text-transform: uppercase; margin-top: 5px; font-weight: bold; }\n    .clima-mes-em131 { font-size: 11px; font-weight: 800; color: var(--cor-primaria); text-transform: uppercase; margin-bottom: 5px; display: block; }\n    .clima-temp-em131 { font-size: 26px; font-weight: 900; color: var(--cor-primaria); margin-bottom: 10px; }\n    .clima-desc-em131 { font-size: 13px; color: #444; text-align: center; line-height: 1.5; margin-bottom: 15px; flex-grow: 1;}\n    .clima-desc-em131 strong { color: #111; }\n    @media (prefers-color-scheme: dark) {\n        .clima-card-em131 { border-color: #2b4182; background-color: #2b4182; box-shadow: 0 6px 12px rgba(0,0,0, 0.5); }\n        .clima-header-em131 { background: #1a1a1a; } .clima-body-em131 { background: #121212; }\n        .clima-destaque-em131 .clima-header-em131 { background: var(--cor-secundaria); }\n        .clima-destaque-em131 .clima-header-em131 .clima-titulo-em131 { color: var(--cor-txt-secundaria) !important; }\n        .clima-titulo-em131 { color: #8da5e8; } .clima-mes-em131 { color: #8da5e8; } .clima-temp-em131 { color: #8da5e8; } .clima-desc-em131 { color: #cccccc; } .clima-desc-em131 strong { color: #ffffff; }\n        .clima-pill-em131 { background: #2b4182; color: #ffffff; box-shadow: 0 4px 8px rgba(0, 0, 0, 0.5); }\n        .clima-destaque-em131 .clima-pill-em131 { background: #3b55a0; color: #ffffff; border-color: #8da5e8; }\n    }\n<\/style>\n<div class=\"google-auto-ads-ignore clima-grid-em131\" style=\"box-sizing: border-box; width: 100%; max-width: 980px; margin: 30px auto; font-family: 'Segoe UI', Roboto, Helvetica, Arial, sans-serif;\">\n    <div class=\"clima-card-em131\" tabindex=\"0\">\n        <div class=\"clima-header-em131\"><div class=\"clima-emoji-em131\" aria-hidden=\"true\">\ud83d\udca6<\/div><div class=\"clima-titulo-em131\">Ver\u00e3o<\/div><\/div>\n        <div class=\"clima-body-em131\">\n            <time class=\"clima-mes-em131\">Dezembro a fevereiro<\/time><div class=\"clima-temp-em131\">17\u00b0C a 28\u00b0C<\/div>\n            <div class=\"clima-desc-em131\">O clima de montanha recebe chuvas fortes, aumentando o leito dos rios. \u00c9 a \u00e9poca visualmente mais impactante para ver as <strong>cachoeiras com volume cheio<\/strong>.<\/div>\n            <div class=\"clima-pill-em131\"><span>\u2614 Chuva Alta<\/span><\/div>\n        <\/div>\n    <\/div>\n    <div class=\"clima-card-em131\" tabindex=\"0\">\n        <div class=\"clima-header-em131\"><div class=\"clima-emoji-em131\" aria-hidden=\"true\">\u26f0\ufe0f<\/div><div class=\"clima-titulo-em131\">Outono<\/div><\/div>\n        <div class=\"clima-body-em131\">\n            <time class=\"clima-mes-em131\">Mar\u00e7o a maio<\/time><div class=\"clima-temp-em131\">14\u00b0C a 25\u00b0C<\/div>\n            <div class=\"clima-desc-em131\">O clima esfria progressivamente e as noites ficam geladas. Com chuvas na m\u00e9dia, o cen\u00e1rio abre janelas incr\u00edveis para explorar os <strong>picos e fazer a travessia<\/strong>.<\/div>\n            <div class=\"clima-pill-em131\"><span>\u2601\ufe0f Chuva M\u00e9dia<\/span><\/div>\n        <\/div>\n    <\/div>\n    <div class=\"clima-card-em131 clima-destaque-em131\" tabindex=\"0\">\n        <div class=\"clima-header-em131\"><div class=\"clima-emoji-em131\" aria-hidden=\"true\">\ud83c\udf0c<\/div><div class=\"clima-titulo-em131\">Inverno<\/div><\/div>\n        <div class=\"clima-body-em131\">\n            <time class=\"clima-mes-em131\">Junho a agosto<\/time><div class=\"clima-temp-em131\">8\u00b0C a 23\u00b0C<\/div>\n            <div class=\"clima-desc-em131\">A melhor e mais segura janela para aventureiros! A seca se consolida, permitindo aproveitar as belas <strong>trilhas longas e contemplar o c\u00e9u limpo<\/strong> e estrelado.<\/div>\n            <div class=\"clima-pill-em131\"><span>\u2b50 Melhor \u00c9poca \/ Seco<\/span><\/div>\n        <\/div>\n    <\/div>\n    <div class=\"clima-card-em131\" tabindex=\"0\">\n        <div class=\"clima-header-em131\"><div class=\"clima-emoji-em131\" aria-hidden=\"true\">\ud83c\udf3f<\/div><div class=\"clima-titulo-em131\">Primavera<\/div><\/div>\n        <div class=\"clima-body-em131\">\n            <time class=\"clima-mes-em131\">Setembro a novembro<\/time><div class=\"clima-temp-em131\">13\u00b0C a 27\u00b0C<\/div>\n            <div class=\"clima-desc-em131\">Os dias voltam a ficar bem quentes e a paisagem esverdeia com chuvas moderadas. Um clima sensacional para curtir a <strong>lagoa e o s\u00edtio arqueol\u00f3gico<\/strong>.<\/div>\n            <div class=\"clima-pill-em131\"><span>\u2601\ufe0f Chuva M\u00e9dia<\/span><\/div>\n        <\/div>\n    <\/div>\n<\/div>\n\n\n\n<p><em>Temperaturas aproximadas com base no <a href=\"https:\/\/www.climatempo.com.br\/previsao-do-tempo\/cidade\/4008\/santanadoriacho-mg\" target=\"_blank\" rel=\"noreferrer noopener\"><strong>Climatempo<\/strong><\/a> de Santana do Riacho. Condi\u00e7\u00f5es podem variar.<\/em><\/p>\n\n\n\n<h2 class=\"wp-block-heading\">Como chegar ao vilarejo onde a estrada termina?<\/h2>\n\n\n\n<p>O caminho exige planejamento. Saindo de Belo Horizonte, s\u00e3o 100 km pela&nbsp;<strong>MG-010<\/strong>&nbsp;at\u00e9 a Serra do Cip\u00f3, mais 33 km at\u00e9 a sede de Santana do Riacho e 10 km de estrada de terra at\u00e9 a Lapinha, totalizando 143 km e cerca de 2h30 de viagem. A estrada principal \u00e9 asfaltada, mas o trecho final pede aten\u00e7\u00e3o em dias chuvosos.<\/p>\n\n\n\n<p>Para quem n\u00e3o dirige, a&nbsp;<strong>Saritur<\/strong>&nbsp;opera linhas di\u00e1rias entre a Rodovi\u00e1ria de Belo Horizonte e Santana do Riacho. De l\u00e1, h\u00e1 um caroneiro semanal e \u00f4nibus particulares que sobem a serra.&nbsp;<strong>S\u00e3o Paulo<\/strong>&nbsp;fica a 690 km e&nbsp;<strong>Rio de Janeiro<\/strong>, a 540 km. O&nbsp;<strong>Aeroporto Internacional de Confins<\/strong>&nbsp;est\u00e1 a aproximadamente 113 km da Lapinha.<\/p>\n\n\n\n<iframe src=\"https:\/\/www.google.com\/maps\/embed?pb=!1m28!1m12!1m3!1d481357.5547419386!2d-44.2884798054637!3d-19.51558435401594!2m3!1f0!2f0!3f0!3m2!1i1024!2i768!4f13.1!4m13!3e0!4m5!1s0xa690cacacf2c33%3A0x5b35795e3ad23997!2sBelo%20Horizonte%2C%20MG!3m2!1d-19.919052!2d-43.9386685!4m5!1s0xaf56fbbd0a44af%3A0xd65b3fe12ad6ff84!2sLapinha%20Da%20Serra%20-%20Santana%20do%20Riacho%2C%20MG%2C%2035845-000!3m2!1d-19.1183804!2d-43.6774521!5e0!3m2!1spt-BR!2sbr!4v1777309521707!5m2!1spt-BR!2sbr\" width=\"600\" height=\"450\" style=\"border:0;\" allowfullscreen=\"\" loading=\"lazy\" referrerpolicy=\"no-referrer-when-downgrade\"><\/iframe>\n\n\n\n<h2 class=\"wp-block-heading\">Suba a serra e descubra o tempo que parou em Minas<\/h2>\n\n\n\n<p>Lapinha da Serra re\u00fane picos de 1.687 metros, s\u00edtio arqueol\u00f3gico de 7 mil anos, travessia cl\u00e1ssica at\u00e9 a maior cachoeira de Minas Gerais e a sensa\u00e7\u00e3o rara de chegar a um lugar onde a estrada termina antes do come\u00e7o da paisagem. Poucos vilarejos no Brasil oferecem essa combina\u00e7\u00e3o em apenas duas horas e meia da capital mineira.<\/p>\n\n\n\n<p>Voc\u00ea precisa subir a serra e conhecer Lapinha da Serra, onde o vento avisa a hora certa de dormir e o sil\u00eancio \u00e9 parte do roteiro.<\/p>\n","protected":false},"excerpt":{"rendered":"<p>Aos p\u00e9s do&nbsp;Pico da Lapinha, a 143 km de&nbsp;Belo Horizonte,&nbsp;Lapinha da Serra&nbsp;aparece de repente no fim de 10 km de estrada de terra. Cercado pela&nbsp;Serra do Espinha\u00e7o, o vilarejo abriga uma das travessias cl\u00e1ssicas do trekking brasileiro e um s\u00edtio arqueol\u00f3gico que precede qualquer cidade mineira em mil\u00eanios. O vilarejo nasceu no caminho dos tropeiros [&hellip;]<\/p>\n","protected":false},"author":6,"featured_media":200509,"comment_status":"open","ping_status":"open","sticky":false,"template":"","format":"standard","meta":{"jnews-multi-image_gallery":[],"jnews_single_post":{"format":"standard"},"jnews_primary_category":[],"jnews_social_meta":[],"jnews_override_counter":[],"footnotes":""},"categories":[26],"tags":[183,28784,26375],"class_list":["post-199255","post","type-post","status-publish","format-standard","has-post-thumbnail","hentry","category-cidades","tag-cidades","tag-lapinha-da-serra","tag-santana-do-riacho"],"yoast_head":"<!-- This site is optimized with the Yoast SEO plugin v23.8 - https:\/\/yoast.com\/wordpress\/plugins\/seo\/ -->\n<title>O vilarejo pr\u00f3ximo de BH com mais de 600 habitantes onde a vida segue o ritmo do s\u00e9culo 19 - Estado de Minas - Em foco<\/title>\n<meta name=\"description\" content=\"A 143 km de BH, este pequeno povoado de 300 habitantes \u00e9 um tesouro mineiro focado em montanhas e na calma do s\u00e9culo 19. Saiba mais.\" \/>\n<meta name=\"robots\" content=\"index, follow, max-snippet:-1, max-image-preview:large, max-video-preview:-1\" \/>\n<link rel=\"canonical\" href=\"https:\/\/www.em.com.br\/emfoco\/2026\/04\/27\/sem-farmacia-sem-banco-e-sem-supermercado-o-vilarejo-de-300-habitantes-a-143-km-de-bh-onde-a-vida-segue-o-ritmo-do-seculo-19\/\" \/>\n<meta property=\"og:locale\" content=\"pt_BR\" \/>\n<meta property=\"og:type\" content=\"article\" \/>\n<meta property=\"og:title\" content=\"O vilarejo pr\u00f3ximo de BH com mais de 600 habitantes onde a vida segue o ritmo do s\u00e9culo 19 - Estado de Minas - Em foco\" \/>\n<meta property=\"og:description\" content=\"A 143 km de BH, este pequeno povoado de 300 habitantes \u00e9 um tesouro mineiro focado em montanhas e na calma do s\u00e9culo 19. Saiba mais.\" \/>\n<meta property=\"og:url\" content=\"https:\/\/www.em.com.br\/emfoco\/2026\/04\/27\/sem-farmacia-sem-banco-e-sem-supermercado-o-vilarejo-de-300-habitantes-a-143-km-de-bh-onde-a-vida-segue-o-ritmo-do-seculo-19\/\" \/>\n<meta property=\"og:site_name\" content=\"Estado de Minas - Em foco\" \/>\n<meta property=\"article:published_time\" content=\"2026-04-27T13:35:00+00:00\" \/>\n<meta property=\"article:modified_time\" content=\"2026-04-27T20:52:44+00:00\" \/>\n<meta property=\"og:image\" content=\"https:\/\/www.em.com.br\/emfoco\/wp-content\/uploads\/2026\/04\/ngz-Lapinha_da_Serra_MG-72072.jpg\" \/>\n\t<meta property=\"og:image:width\" content=\"1280\" \/>\n\t<meta property=\"og:image:height\" content=\"720\" \/>\n\t<meta property=\"og:image:type\" content=\"image\/jpeg\" \/>\n<meta name=\"author\" content=\"Vitor Bruno\" \/>\n<meta name=\"twitter:card\" content=\"summary_large_image\" \/>\n<meta name=\"twitter:label1\" content=\"Escrito por\" \/>\n\t<meta name=\"twitter:data1\" content=\"Vitor Bruno\" \/>\n\t<meta name=\"twitter:label2\" content=\"Est. tempo de leitura\" \/>\n\t<meta name=\"twitter:data2\" content=\"8 minutos\" \/>\n<!-- \/ Yoast SEO plugin. -->","yoast_head_json":{"title":"O vilarejo pr\u00f3ximo de BH com mais de 600 habitantes onde a vida segue o ritmo do s\u00e9culo 19 - Estado de Minas - Em foco","description":"A 143 km de BH, este pequeno povoado de 300 habitantes \u00e9 um tesouro mineiro focado em montanhas e na calma do s\u00e9culo 19. Saiba mais.","robots":{"index":"index","follow":"follow","max-snippet":"max-snippet:-1","max-image-preview":"max-image-preview:large","max-video-preview":"max-video-preview:-1"},"canonical":"https:\/\/www.em.com.br\/emfoco\/2026\/04\/27\/sem-farmacia-sem-banco-e-sem-supermercado-o-vilarejo-de-300-habitantes-a-143-km-de-bh-onde-a-vida-segue-o-ritmo-do-seculo-19\/","og_locale":"pt_BR","og_type":"article","og_title":"O vilarejo pr\u00f3ximo de BH com mais de 600 habitantes onde a vida segue o ritmo do s\u00e9culo 19 - Estado de Minas - Em foco","og_description":"A 143 km de BH, este pequeno povoado de 300 habitantes \u00e9 um tesouro mineiro focado em montanhas e na calma do s\u00e9culo 19. Saiba mais.","og_url":"https:\/\/www.em.com.br\/emfoco\/2026\/04\/27\/sem-farmacia-sem-banco-e-sem-supermercado-o-vilarejo-de-300-habitantes-a-143-km-de-bh-onde-a-vida-segue-o-ritmo-do-seculo-19\/","og_site_name":"Estado de Minas - Em foco","article_published_time":"2026-04-27T13:35:00+00:00","article_modified_time":"2026-04-27T20:52:44+00:00","og_image":[{"width":1280,"height":720,"url":"https:\/\/www.em.com.br\/emfoco\/wp-content\/uploads\/2026\/04\/ngz-Lapinha_da_Serra_MG-72072.jpg","type":"image\/jpeg"}],"author":"Vitor Bruno","twitter_card":"summary_large_image","twitter_misc":{"Escrito por":"Vitor Bruno","Est. tempo de leitura":"8 minutos"},"schema":{"@context":"https:\/\/schema.org","@graph":[{"@type":"WebPage","@id":"https:\/\/www.em.com.br\/emfoco\/2026\/04\/27\/sem-farmacia-sem-banco-e-sem-supermercado-o-vilarejo-de-300-habitantes-a-143-km-de-bh-onde-a-vida-segue-o-ritmo-do-seculo-19\/","url":"https:\/\/www.em.com.br\/emfoco\/2026\/04\/27\/sem-farmacia-sem-banco-e-sem-supermercado-o-vilarejo-de-300-habitantes-a-143-km-de-bh-onde-a-vida-segue-o-ritmo-do-seculo-19\/","name":"O vilarejo pr\u00f3ximo de BH com mais de 600 habitantes onde a vida segue o ritmo do s\u00e9culo 19 - Estado de Minas - Em foco","isPartOf":{"@id":"https:\/\/www.em.com.br\/emfoco\/#website"},"primaryImageOfPage":{"@id":"https:\/\/www.em.com.br\/emfoco\/2026\/04\/27\/sem-farmacia-sem-banco-e-sem-supermercado-o-vilarejo-de-300-habitantes-a-143-km-de-bh-onde-a-vida-segue-o-ritmo-do-seculo-19\/#primaryimage"},"image":{"@id":"https:\/\/www.em.com.br\/emfoco\/2026\/04\/27\/sem-farmacia-sem-banco-e-sem-supermercado-o-vilarejo-de-300-habitantes-a-143-km-de-bh-onde-a-vida-segue-o-ritmo-do-seculo-19\/#primaryimage"},"thumbnailUrl":"https:\/\/www.em.com.br\/emfoco\/wp-content\/uploads\/2026\/04\/ngz-Lapinha_da_Serra_MG-72072.jpg","datePublished":"2026-04-27T13:35:00+00:00","dateModified":"2026-04-27T20:52:44+00:00","author":{"@id":"https:\/\/www.em.com.br\/emfoco\/#\/schema\/person\/364ac1852fafd00f1be20f0b8b237569"},"description":"A 143 km de BH, este pequeno povoado de 300 habitantes \u00e9 um tesouro mineiro focado em montanhas e na calma do s\u00e9culo 19. Saiba mais.","breadcrumb":{"@id":"https:\/\/www.em.com.br\/emfoco\/2026\/04\/27\/sem-farmacia-sem-banco-e-sem-supermercado-o-vilarejo-de-300-habitantes-a-143-km-de-bh-onde-a-vida-segue-o-ritmo-do-seculo-19\/#breadcrumb"},"inLanguage":"pt-BR","potentialAction":[{"@type":"ReadAction","target":["https:\/\/www.em.com.br\/emfoco\/2026\/04\/27\/sem-farmacia-sem-banco-e-sem-supermercado-o-vilarejo-de-300-habitantes-a-143-km-de-bh-onde-a-vida-segue-o-ritmo-do-seculo-19\/"]}]},{"@type":"ImageObject","inLanguage":"pt-BR","@id":"https:\/\/www.em.com.br\/emfoco\/2026\/04\/27\/sem-farmacia-sem-banco-e-sem-supermercado-o-vilarejo-de-300-habitantes-a-143-km-de-bh-onde-a-vida-segue-o-ritmo-do-seculo-19\/#primaryimage","url":"https:\/\/www.em.com.br\/emfoco\/wp-content\/uploads\/2026\/04\/ngz-Lapinha_da_Serra_MG-72072.jpg","contentUrl":"https:\/\/www.em.com.br\/emfoco\/wp-content\/uploads\/2026\/04\/ngz-Lapinha_da_Serra_MG-72072.jpg","width":1280,"height":720,"caption":"Lapinha da Serra oferece o cen\u00e1rio de lagos e cachoeiras monumentais, integrando o turismo de aventura ao desenvolvimento do territ\u00f3rio mineiro \/\/ Cr\u00e9ditos: Wikipedia \/ Wikimedia Commons"},{"@type":"BreadcrumbList","@id":"https:\/\/www.em.com.br\/emfoco\/2026\/04\/27\/sem-farmacia-sem-banco-e-sem-supermercado-o-vilarejo-de-300-habitantes-a-143-km-de-bh-onde-a-vida-segue-o-ritmo-do-seculo-19\/#breadcrumb","itemListElement":[{"@type":"ListItem","position":1,"name":"In\u00edcio","item":"https:\/\/www.em.com.br\/emfoco\/"},{"@type":"ListItem","position":2,"name":"O vilarejo pr\u00f3ximo de BH com mais de 600 habitantes onde a vida segue o ritmo do s\u00e9culo 19"}]},{"@type":"WebSite","@id":"https:\/\/www.em.com.br\/emfoco\/#website","url":"https:\/\/www.em.com.br\/emfoco\/","name":"Estado de Minas - Em foco","description":"Acompanhe as \u00faltimas not\u00edcias e fique bem informado sobre tudo o que acontece em Minas Gerais, Brasil e no mundo.","potentialAction":[{"@type":"SearchAction","target":{"@type":"EntryPoint","urlTemplate":"https:\/\/www.em.com.br\/emfoco\/?s={search_term_string}"},"query-input":{"@type":"PropertyValueSpecification","valueRequired":true,"valueName":"search_term_string"}}],"inLanguage":"pt-BR"},{"@type":"Person","@id":"https:\/\/www.em.com.br\/emfoco\/#\/schema\/person\/364ac1852fafd00f1be20f0b8b237569","name":"Vitor Bruno","image":{"@type":"ImageObject","inLanguage":"pt-BR","@id":"https:\/\/www.em.com.br\/emfoco\/#\/schema\/person\/image\/","url":"https:\/\/secure.gravatar.com\/avatar\/b719e5cdede09f942064960883b5524d?s=96&d=mm&r=g","contentUrl":"https:\/\/secure.gravatar.com\/avatar\/b719e5cdede09f942064960883b5524d?s=96&d=mm&r=g","caption":"Vitor Bruno"},"sameAs":["https:\/\/www.em.com.br\/emfoco\/"],"url":"https:\/\/www.em.com.br\/emfoco\/author\/vitormyth\/"}]}},"_links":{"self":[{"href":"https:\/\/www.em.com.br\/emfoco\/wp-json\/wp\/v2\/posts\/199255","targetHints":{"allow":["GET"]}}],"collection":[{"href":"https:\/\/www.em.com.br\/emfoco\/wp-json\/wp\/v2\/posts"}],"about":[{"href":"https:\/\/www.em.com.br\/emfoco\/wp-json\/wp\/v2\/types\/post"}],"author":[{"embeddable":true,"href":"https:\/\/www.em.com.br\/emfoco\/wp-json\/wp\/v2\/users\/6"}],"replies":[{"embeddable":true,"href":"https:\/\/www.em.com.br\/emfoco\/wp-json\/wp\/v2\/comments?post=199255"}],"version-history":[{"count":6,"href":"https:\/\/www.em.com.br\/emfoco\/wp-json\/wp\/v2\/posts\/199255\/revisions"}],"predecessor-version":[{"id":200680,"href":"https:\/\/www.em.com.br\/emfoco\/wp-json\/wp\/v2\/posts\/199255\/revisions\/200680"}],"wp:featuredmedia":[{"embeddable":true,"href":"https:\/\/www.em.com.br\/emfoco\/wp-json\/wp\/v2\/media\/200509"}],"wp:attachment":[{"href":"https:\/\/www.em.com.br\/emfoco\/wp-json\/wp\/v2\/media?parent=199255"}],"wp:term":[{"taxonomy":"category","embeddable":true,"href":"https:\/\/www.em.com.br\/emfoco\/wp-json\/wp\/v2\/categories?post=199255"},{"taxonomy":"post_tag","embeddable":true,"href":"https:\/\/www.em.com.br\/emfoco\/wp-json\/wp\/v2\/tags?post=199255"}],"curies":[{"name":"wp","href":"https:\/\/api.w.org\/{rel}","templated":true}]}}