{"id":199254,"date":"2026-04-26T19:55:00","date_gmt":"2026-04-26T22:55:00","guid":{"rendered":"https:\/\/www.em.com.br\/emfoco\/?p=199254"},"modified":"2026-04-25T20:26:35","modified_gmt":"2026-04-25T23:26:35","slug":"eleita-jardim-do-brasil-por-burle-marx-o-vilarejo-a-100-km-de-bh-que-guarda-as-piscinas-naturais-mais-lindas-de-minas-gerais","status":"publish","type":"post","link":"https:\/\/www.em.com.br\/emfoco\/2026\/04\/26\/eleita-jardim-do-brasil-por-burle-marx-o-vilarejo-a-100-km-de-bh-que-guarda-as-piscinas-naturais-mais-lindas-de-minas-gerais\/","title":{"rendered":"Eleita Jardim do Brasil por Burle Marx: o vilarejo a 100 km de BH que guarda as piscinas naturais mais lindas de Minas Gerais"},"content":{"rendered":"\n<p>A 100 km de <strong>Belo Horizonte<\/strong>, no centro de <strong>Minas Gerais<\/strong>, <strong>Santana do Riacho<\/strong> \u00e9 a porta de entrada do <strong>Parque Nacional da Serra do Cip\u00f3<\/strong>. O paisagista <strong>Roberto Burle Marx<\/strong> chamou a regi\u00e3o de Jardim do <strong>Brasil<\/strong>, e a <strong>Organiza\u00e7\u00e3o das Na\u00e7\u00f5es Unidas para a Educa\u00e7\u00e3o, a Ci\u00eancia e a Cultura (UNESCO)<\/strong> reconheceu a Serra do Espinha\u00e7o como Reserva da Biosfera em 2005.<\/p>\n\n\n\n<h2 class=\"wp-block-heading\">Por que essa regi\u00e3o virou um dos maiores santu\u00e1rios ecol\u00f3gicos do Brasil?<\/h2>\n\n\n\n<p>O segredo est\u00e1 debaixo dos p\u00e9s. A geologia da Serra do Cip\u00f3 remonta a cerca de 1,7 bilh\u00e3o de anos, com calc\u00e1rios, quartzitos, granitos e variedades de solos depositados no fundo de um antigo oceano, segundo o <a href=\"https:\/\/www.icmbio.gov.br\/parnaserradocipo\/quem-somos.html\" target=\"_blank\" rel=\"noreferrer noopener\"><strong>Instituto Chico Mendes de Conserva\u00e7\u00e3o da Biodiversidade (ICMBio)<\/strong><\/a>. Esse mosaico geol\u00f3gico explica a vegeta\u00e7\u00e3o singular dos campos rupestres.<\/p>\n\n\n\n<p>A flora soma mais de 1.700 esp\u00e9cies registradas, com um dos maiores \u00edndices de endemismo do planeta. Vel\u00f3zias, sempre-vivas, orqu\u00eddeas, cact\u00e1ceas e plantas carn\u00edvoras crescem entre rochas que existem apenas ali. Para proteger essa exuber\u00e2ncia, em setembro de 1984 foi criado o <strong>Parque Nacional da Serra do Cip\u00f3<\/strong>, que abrange terras de Santana do Riacho, <strong>Jaboticatubas<\/strong>, <strong>Morro do Pilar<\/strong> e <strong>Itamb\u00e9 do Mato Dentro<\/strong>. A \u00e1rea de 33.800 hectares equivale \u00e0 superf\u00edcie inteira de Belo Horizonte.<\/p>\n\n\n<div class=\"wp-block-image\">\n<figure class=\"aligncenter size-large\"><img loading=\"lazy\" decoding=\"async\" width=\"1024\" height=\"576\" src=\"https:\/\/www.em.com.br\/emfoco\/wp-content\/uploads\/2026\/03\/ngz-MG-010_em_Cardeal_Mota_Santana_do_Riacho_MG-97845-1024x576.jpg\" alt=\"\" class=\"wp-image-182621\" srcset=\"https:\/\/www.em.com.br\/emfoco\/wp-content\/uploads\/2026\/03\/ngz-MG-010_em_Cardeal_Mota_Santana_do_Riacho_MG-97845-1024x576.jpg 1024w, https:\/\/www.em.com.br\/emfoco\/wp-content\/uploads\/2026\/03\/ngz-MG-010_em_Cardeal_Mota_Santana_do_Riacho_MG-97845-300x169.jpg 300w, https:\/\/www.em.com.br\/emfoco\/wp-content\/uploads\/2026\/03\/ngz-MG-010_em_Cardeal_Mota_Santana_do_Riacho_MG-97845-768x432.jpg 768w, https:\/\/www.em.com.br\/emfoco\/wp-content\/uploads\/2026\/03\/ngz-MG-010_em_Cardeal_Mota_Santana_do_Riacho_MG-97845-750x422.jpg 750w, https:\/\/www.em.com.br\/emfoco\/wp-content\/uploads\/2026\/03\/ngz-MG-010_em_Cardeal_Mota_Santana_do_Riacho_MG-97845-1140x641.jpg 1140w, https:\/\/www.em.com.br\/emfoco\/wp-content\/uploads\/2026\/03\/ngz-MG-010_em_Cardeal_Mota_Santana_do_Riacho_MG-97845.jpg 1280w\" sizes=\"auto, (max-width: 1024px) 100vw, 1024px\" \/><figcaption class=\"wp-element-caption\">Santana do Riacho \u00e9 a porta de entrada para o Parque Nacional da Serra do Cip\u00f3 \/\/ Cr\u00e9ditos: Wikipedia \/ Wikimedia Commons<\/figcaption><\/figure><\/div>\n\n\n<p><strong>Leia tamb\u00e9m: <a href=\"https:\/\/www.em.com.br\/emfoco\/2026\/04\/17\/a-capital-nacional-do-milho-a-cidade-a-5-horas-da-capital-esta-conquistando-os-brasileiros-com-qualidade-de-vida-e-bons-indices-de-seguranca\/\" target=\"_blank\" rel=\"noreferrer noopener\">A Capital Nacional do Milho: a cidade a 5 horas da capital est\u00e1 conquistando os brasileiros com qualidade de vida e bons \u00edndices de seguran\u00e7a<\/a><\/strong><\/p>\n\n\n\n<h2 class=\"wp-block-heading\">O que ver e onde comer no Jardim do Brasil?<\/h2>\n\n\n\n<p>O parque protege mais de 60 cachoeiras, c\u00e2nions, s\u00edtios arqueol\u00f3gicos e trilhas para todos os perfis. As atra\u00e7\u00f5es se distribuem por portarias diferentes, com acesso pela <strong>MG-010<\/strong>.<\/p>\n\n\n\n<ul class=\"wp-block-list has-medium-font-size\">\n<li><strong>Cachoeira V\u00e9u da Noiva<\/strong>: queda d&#8217;\u00e1gua de 70 metros em propriedade da <strong>Associa\u00e7\u00e3o Crist\u00e3 de Mo\u00e7os (ACM)<\/strong>, com piscina natural, \u00e1rea de camping e trilha curta de 200 metros at\u00e9 o po\u00e7o.<\/li>\n\n\n\n<li><strong>Cachoeira Grande<\/strong>: cart\u00e3o-postal da Serra, com 10 metros de altura e 60 metros de largura sobre o <strong>Rio Cip\u00f3<\/strong>, com trilha leve de 1 km.<\/li>\n\n\n\n<li><strong>Cachoeira da Farofa<\/strong>: sucess\u00e3o de sete quedas dentro do parque, acessada pela Portaria Areias com trilha de cerca de 8 km.<\/li>\n\n\n\n<li><strong>Cachoeira do Gavi\u00e3o<\/strong>: complexo de corredeiras e quedas no Rio Carinhanha, ideal para esportes de aventura, com acesso pela Portaria do Retiro.<\/li>\n\n\n\n<li><strong>C\u00e2nion das Bandeirinhas<\/strong>: 6 km de pared\u00f5es esculpidos pelo afunilamento do ribeir\u00e3o, dentro do parque.<\/li>\n\n\n\n<li><strong>S\u00edtio Arqueol\u00f3gico da Lapinha<\/strong>: pinturas rupestres com at\u00e9 7 mil anos, em <strong>Lapinha da Serra<\/strong>, distrito a 15 km da sede.<\/li>\n<\/ul>\n\n\n\n<p>Na mesa, a culin\u00e1ria mineira mistura ingredientes do Cerrado com a tradi\u00e7\u00e3o da fazenda. Pousadas e restaurantes do distrito Serra do Cip\u00f3 concentram a oferta gastron\u00f4mica.<\/p>\n\n\n\n<ul class=\"wp-block-list has-medium-font-size\">\n<li><strong>Frango caipira com angu<\/strong>: receita-m\u00e3e servida em panela de ferro, presente nos restaurantes do distrito.<\/li>\n\n\n\n<li><strong>Truta da serra<\/strong>: peixe criado em pesqueiros locais, grelhado ou na manteiga com ervas.<\/li>\n\n\n\n<li><strong>Tutu de feij\u00e3o com torresmo<\/strong>: cl\u00e1ssico mineiro acompanhado de couve refogada e arroz branco.<\/li>\n\n\n\n<li><strong>Doces de pequi e jabuticaba<\/strong>: aproveitamento dos frutos do <strong>Cerrado<\/strong>, vendidos em casas tradicionais da MG-010.<\/li>\n\n\n\n<li><strong>Cacha\u00e7a artesanal<\/strong>: produzida em alambiques familiares ao longo da estrada para Lapinha.<\/li>\n<\/ul>\n\n\n\n<p>Quem busca um guia completo para explorar a <strong>Serra do Cip\u00f3<\/strong>, vai curtir esse v\u00eddeo especialmente selecionado do canal <strong>Arruma Essa Mala<\/strong>, que conta com mais de <strong>32 mil<\/strong> visualiza\u00e7\u00f5es, onde a apresentadora mostra tudo o que voc\u00ea precisa saber sobre cachoeiras, trilhas e transporte em <strong>Santana do Riacho<\/strong>, <strong>Minas Gerais<\/strong>:<\/p>\n\n\n\n<figure class=\"wp-block-embed is-type-video is-provider-youtube wp-block-embed-youtube wp-embed-aspect-16-9 wp-has-aspect-ratio\"><div class=\"wp-block-embed__wrapper\">\n<div class=\"jeg_video_container jeg_video_content\"><iframe loading=\"lazy\" title=\"GUIA DE VIAGEM SERRA DO CIP\u00d3 | tudo o que vc precisa saber sobre cachoeiras, transporte, trilhas etc\" width=\"500\" height=\"281\" src=\"https:\/\/www.youtube.com\/embed\/xG0Q4mw_51I?feature=oembed\" frameborder=\"0\" allow=\"accelerometer; autoplay; clipboard-write; encrypted-media; gyroscope; picture-in-picture; web-share\" referrerpolicy=\"strict-origin-when-cross-origin\" allowfullscreen><\/iframe><\/div>\n<\/div><\/figure>\n\n\n\n<h2 class=\"wp-block-heading\">Quando o clima da serra favorece as cachoeiras?<\/h2>\n\n\n\n<p>A Serra do Cip\u00f3 tem clima tropical de altitude, com cinco meses de seca e ver\u00e3o chuvoso. As esta\u00e7\u00f5es mudam o volume das cachoeiras e a balneabilidade. Cada \u00e9poca pede um tipo de passeio:<\/p>\n\n\n\n<style>\n    .clima-grid-em121 { \n        --cor-primaria: #1a2a57; --cor-secundaria: #1a2a57; --cor-txt-secundaria: #ffffff;\n        display: grid; grid-template-columns: repeat(auto-fit, minmax(190px, 1fr)); gap: 15px; justify-content: center; padding: 10px;\n    }\n    .clima-card-em121 { border: 5px solid var(--cor-primaria); border-top: 5px solid var(--cor-secundaria); border-radius: 12px; background-color: var(--cor-primaria); background-clip: padding-box; display: flex; flex-direction: column; overflow: hidden; cursor: pointer; box-shadow: 0 6px 12px rgba(0,0,0, 0.2); transition: transform 0.2s ease, box-shadow 0.2s ease; -webkit-tap-highlight-color: transparent; user-select: none; transform: translateZ(0); animation: wmFadeIn 0.6s cubic-bezier(0.2, 0.8, 0.2, 1) backwards; }\n    .clima-card-em121:focus-visible { outline: 3px dashed var(--cor-secundaria); outline-offset: 4px; }\n    .clima-card-em121:nth-child(1) { animation-delay: 0.1s; } .clima-card-em121:nth-child(2) { animation-delay: 0.2s; } .clima-card-em121:nth-child(3) { animation-delay: 0.3s; } .clima-card-em121:nth-child(4) { animation-delay: 0.4s; }\n    @keyframes wmFadeIn { from { opacity: 0; transform: translateY(30px); } to { opacity: 1; transform: translateY(0); } }\n    .clima-card-em121:hover { transform: translateY(-5px); box-shadow: 0 15px 30px rgba(0,0,0, 0.3); }\n    .clima-card-em121:active { transform: translateY(-1px) scale(0.97); box-shadow: 0 3px 6px rgba(0,0,0, 0.2); transition: transform 0.05s ease, box-shadow 0.05s ease; }\n    .clima-header-em121 { background: #fdfbf5; padding: 15px 10px; text-align: center; display: flex; flex-direction: column; align-items: center; justify-content: center; }\n    .clima-body-em121 { background: #ffffff; padding: 15px; display: flex; flex-direction: column; flex-grow: 1; align-items: center; }\n    .clima-destaque-em121 { box-shadow: 0 8px 16px rgba(0,0,0, 0.25); }\n    .clima-destaque-em121:hover { box-shadow: 0 18px 36px rgba(0,0,0, 0.35); }\n    .clima-destaque-em121 .clima-header-em121 { background: var(--cor-secundaria); }\n    .clima-destaque-em121 .clima-header-em121 .clima-titulo-em121 { color: var(--cor-txt-secundaria) !important; } \n    .clima-pill-em121 { display: flex; white-space: normal; max-width: 100%; box-sizing: border-box; justify-content: center; align-items: center; text-align: center; background: #e8ebf2; color: var(--cor-primaria); font-size: 11px; font-weight: 900 !important; letter-spacing: 0.5px; padding: 8px 16px; border-radius: 16px; text-transform: uppercase; line-height: 1.4; box-shadow: 0 4px 8px rgba(0,0,0, 0.15); margin-top: auto; transition: transform 0.2s ease; }\n    .clima-destaque-em121 .clima-pill-em121 { background: var(--cor-primaria); color: #ffffff; border: 1px solid #ffffff; } \n    .clima-card-em121:hover .clima-pill-em121 { transform: scale(1.06); }\n    .clima-pill-em121 span { font-weight: 900 !important; color: inherit; } \n    .clima-emoji-em121 { font-size: 24px; line-height: 1; margin-bottom: 5px; }\n    .clima-titulo-em121 { color: var(--cor-primaria); font-size: 16px; text-transform: uppercase; margin-top: 5px; font-weight: bold; }\n    .clima-mes-em121 { font-size: 11px; font-weight: 800; color: var(--cor-primaria); text-transform: uppercase; margin-bottom: 5px; display: block; }\n    .clima-temp-em121 { font-size: 26px; font-weight: 900; color: var(--cor-primaria); margin-bottom: 10px; }\n    .clima-desc-em121 { font-size: 13px; color: #444; text-align: center; line-height: 1.5; margin-bottom: 15px; flex-grow: 1;}\n    .clima-desc-em121 strong { color: #111; }\n    @media (prefers-color-scheme: dark) {\n        .clima-card-em121 { border-color: #2b4182; background-color: #2b4182; box-shadow: 0 6px 12px rgba(0,0,0, 0.5); }\n        .clima-header-em121 { background: #1a1a1a; } .clima-body-em121 { background: #121212; }\n        .clima-destaque-em121 .clima-header-em121 { background: var(--cor-secundaria); }\n        .clima-destaque-em121 .clima-header-em121 .clima-titulo-em121 { color: var(--cor-txt-secundaria) !important; }\n        .clima-titulo-em121 { color: #8da5e8; } .clima-mes-em121 { color: #8da5e8; } .clima-temp-em121 { color: #8da5e8; } .clima-desc-em121 { color: #cccccc; } .clima-desc-em121 strong { color: #ffffff; }\n        .clima-pill-em121 { background: #2b4182; color: #ffffff; box-shadow: 0 4px 8px rgba(0, 0, 0, 0.5); }\n        .clima-destaque-em121 .clima-pill-em121 { background: #3b55a0; color: #ffffff; border-color: #8da5e8; }\n    }\n<\/style>\n<div class=\"google-auto-ads-ignore clima-grid-em121\" style=\"box-sizing: border-box; width: 100%; max-width: 980px; margin: 30px auto; font-family: 'Segoe UI', Roboto, Helvetica, Arial, sans-serif;\">\n    <div class=\"clima-card-em121\" tabindex=\"0\">\n        <div class=\"clima-header-em121\"><div class=\"clima-emoji-em121\" aria-hidden=\"true\">\ud83d\udca6<\/div><div class=\"clima-titulo-em121\">Ver\u00e3o<\/div><\/div>\n        <div class=\"clima-body-em121\">\n            <time class=\"clima-mes-em121\">Dezembro a fevereiro<\/time><div class=\"clima-temp-em121\">17\u00b0C a 29\u00b0C<\/div>\n            <div class=\"clima-desc-em121\">As chuvas atingem seu pico, transformando a paisagem com grande abund\u00e2ncia h\u00eddrica. \u00c9 a \u00e9poca para ver as <strong>cachoeiras com volume cheio<\/strong> (cuidado com trombas d&#8217;\u00e1gua).<\/div>\n            <div class=\"clima-pill-em121\"><span>\u2614 Chuva Alta<\/span><\/div>\n        <\/div>\n    <\/div>\n    <div class=\"clima-card-em121\" tabindex=\"0\">\n        <div class=\"clima-header-em121\"><div class=\"clima-emoji-em121\" aria-hidden=\"true\">\u26f0\ufe0f<\/div><div class=\"clima-titulo-em121\">Outono<\/div><\/div>\n        <div class=\"clima-body-em121\">\n            <time class=\"clima-mes-em121\">Mar\u00e7o a maio<\/time><div class=\"clima-temp-em121\">14\u00b0C a 26\u00b0C<\/div>\n            <div class=\"clima-desc-em121\">A transi\u00e7\u00e3o clim\u00e1tica diminui as precipita\u00e7\u00f5es e traz um frescor para a serra. Fase bel\u00edssima para desbravar as extensas <strong>trilhas e os imponentes c\u00e2nions<\/strong>.<\/div>\n            <div class=\"clima-pill-em121\"><span>\u2601\ufe0f Chuva M\u00e9dia<\/span><\/div>\n        <\/div>\n    <\/div>\n    <div class=\"clima-card-em121 clima-destaque-em121\" tabindex=\"0\">\n        <div class=\"clima-header-em121\"><div class=\"clima-emoji-em121\" aria-hidden=\"true\">\ud83c\udfde\ufe0f<\/div><div class=\"clima-titulo-em121\">Inverno<\/div><\/div>\n        <div class=\"clima-body-em121\">\n            <time class=\"clima-mes-em121\">Junho a agosto<\/time><div class=\"clima-temp-em121\">9\u00b0C a 24\u00b0C<\/div>\n            <div class=\"clima-desc-em121\">A melhor e mais segura janela na serra! O clima muito seco afasta as tempestades, garantindo um <strong>banho seguro e vistas limpas nos mirantes<\/strong>.<\/div>\n            <div class=\"clima-pill-em121\"><span>\u2b50 Melhor \u00c9poca \/ Seco<\/span><\/div>\n        <\/div>\n    <\/div>\n    <div class=\"clima-card-em121\" tabindex=\"0\">\n        <div class=\"clima-header-em121\"><div class=\"clima-emoji-em121\" aria-hidden=\"true\">\ud83c\udffa<\/div><div class=\"clima-titulo-em121\">Primavera<\/div><\/div>\n        <div class=\"clima-body-em121\">\n            <time class=\"clima-mes-em121\">Setembro a novembro<\/time><div class=\"clima-temp-em121\">13\u00b0C a 28\u00b0C<\/div>\n            <div class=\"clima-desc-em121\">A temperatura volta a esquentar, ideal para banhos antes das chuvas pesadas de ver\u00e3o. Um cen\u00e1rio incr\u00edvel para visitar a <strong>Lapinha e os s\u00edtios arqueol\u00f3gicos<\/strong>.<\/div>\n            <div class=\"clima-pill-em121\"><span>\u2601\ufe0f Chuva Baixa a M\u00e9dia<\/span><\/div>\n        <\/div>\n    <\/div>\n<\/div>\n\n\n\n<p><em>Temperaturas aproximadas com base no <a href=\"https:\/\/www.climatempo.com.br\/previsao-do-tempo\/cidade\/4008\/santanadoriacho-mg\" target=\"_blank\" rel=\"noreferrer noopener\"><strong>Climatempo<\/strong><\/a>. Condi\u00e7\u00f5es podem variar.<\/em><\/p>\n\n\n\n<h2 class=\"wp-block-heading\">Como chegar \u00e0 porta de entrada do Parque Nacional?<\/h2>\n\n\n\n<p>O acesso \u00e9 direto pela <strong>MG-010<\/strong>. Saindo de <strong>Belo Horizonte<\/strong>, s\u00e3o cerca de 100 km at\u00e9 o distrito Serra do Cip\u00f3, com tempo m\u00e9dio de 1h45 de viagem. A estrada \u00e9 asfaltada, bem sinalizada e n\u00e3o exige tra\u00e7\u00e3o 4&#215;4, exceto para o trecho final em dire\u00e7\u00e3o a <strong>Lapinha da Serra<\/strong>, onde os \u00faltimos 15 km s\u00e3o de terra.<\/p>\n\n\n\n<p>Quem vem de fora pode usar o <strong>Aeroporto Internacional de Confins<\/strong>, a aproximadamente 70 km. A empresa <strong>Saritur<\/strong> opera linhas de \u00f4nibus di\u00e1rias entre a Rodovi\u00e1ria de Belo Horizonte e Santana do Riacho, com parada no distrito. <strong>S\u00e3o Paulo<\/strong> fica a 690 km, <strong>Rio de Janeiro<\/strong> a 540 km e <strong>Bras\u00edlia<\/strong> a 750 km.<\/p>\n\n\n\n<iframe src=\"https:\/\/www.google.com\/maps\/embed?pb=!1m18!1m12!1m3!1d42636.47386540784!2d-43.74108009551172!3d-19.17040127131776!2m3!1f0!2f0!3f0!3m2!1i1024!2i768!4f13.1!3m3!1m2!1s0xa5ff483c73073b%3A0x231276eca2bf9064!2sSantana%20do%20Riacho%2C%20MG%2C%2035845-000!5e0!3m2!1spt-BR!2sbr!4v1777157745721!5m2!1spt-BR!2sbr\" width=\"600\" height=\"450\" style=\"border:0;\" allowfullscreen=\"\" loading=\"lazy\" referrerpolicy=\"no-referrer-when-downgrade\"><\/iframe>\n\n\n\n<h2 class=\"wp-block-heading\">Suba a MG-010 e entenda por que Burle Marx chamou de Jardim do Brasil<\/h2>\n\n\n\n<p>Santana do Riacho re\u00fane cachoeira de 70 metros, parque nacional do tamanho de Belo Horizonte, s\u00edtios arqueol\u00f3gicos de 7 mil anos e a Reserva da Biosfera reconhecida pela <strong>UNESCO<\/strong> em 2005. Poucos lugares no <strong>Brasil<\/strong> guardam tanta hist\u00f3ria natural a menos de duas horas de uma capital.<\/p>\n\n\n\n<p>Voc\u00ea precisa subir a MG-010 e conhecer Santana do Riacho, a cidade onde o Cerrado vira jardim, as cachoeiras desaguam em piscinas naturais e cada trilha conta um cap\u00edtulo da geologia da Terra.<\/p>\n","protected":false},"excerpt":{"rendered":"<p>A 100 km de Belo Horizonte, no centro de Minas Gerais, Santana do Riacho \u00e9 a porta de entrada do Parque Nacional da Serra do Cip\u00f3. O paisagista Roberto Burle Marx chamou a regi\u00e3o de Jardim do Brasil, e a Organiza\u00e7\u00e3o das Na\u00e7\u00f5es Unidas para a Educa\u00e7\u00e3o, a Ci\u00eancia e a Cultura (UNESCO) reconheceu a [&hellip;]<\/p>\n","protected":false},"author":6,"featured_media":199677,"comment_status":"open","ping_status":"open","sticky":false,"template":"","format":"standard","meta":{"jnews-multi-image_gallery":[],"jnews_single_post":{"format":"standard"},"jnews_primary_category":[],"jnews_social_meta":[],"jnews_override_counter":[],"footnotes":""},"categories":[26],"tags":[183,207,26375],"class_list":["post-199254","post","type-post","status-publish","format-standard","has-post-thumbnail","hentry","category-cidades","tag-cidades","tag-minas-gerais","tag-santana-do-riacho"],"yoast_head":"<!-- This site is optimized with the Yoast SEO plugin v23.8 - https:\/\/yoast.com\/wordpress\/plugins\/seo\/ -->\n<title>Eleita Jardim do Brasil por Burle Marx: o vilarejo a 100 km de BH que guarda as piscinas naturais mais lindas de Minas Gerais - Estado de Minas - Em foco<\/title>\n<meta name=\"description\" content=\"Conhe\u00e7a o destino a 100 km de BH que Burle Marx chamou de Jardim do Brasil. Um para\u00edso de \u00e1guas cristalinas e piscinas naturais em Minas.\" \/>\n<meta name=\"robots\" content=\"index, follow, max-snippet:-1, max-image-preview:large, max-video-preview:-1\" \/>\n<link rel=\"canonical\" href=\"https:\/\/www.em.com.br\/emfoco\/2026\/04\/26\/eleita-jardim-do-brasil-por-burle-marx-o-vilarejo-a-100-km-de-bh-que-guarda-as-piscinas-naturais-mais-lindas-de-minas-gerais\/\" \/>\n<meta property=\"og:locale\" content=\"pt_BR\" \/>\n<meta property=\"og:type\" content=\"article\" \/>\n<meta property=\"og:title\" content=\"Eleita Jardim do Brasil por Burle Marx: o vilarejo a 100 km de BH que guarda as piscinas naturais mais lindas de Minas Gerais - Estado de Minas - Em foco\" \/>\n<meta property=\"og:description\" content=\"Conhe\u00e7a o destino a 100 km de BH que Burle Marx chamou de Jardim do Brasil. Um para\u00edso de \u00e1guas cristalinas e piscinas naturais em Minas.\" \/>\n<meta property=\"og:url\" content=\"https:\/\/www.em.com.br\/emfoco\/2026\/04\/26\/eleita-jardim-do-brasil-por-burle-marx-o-vilarejo-a-100-km-de-bh-que-guarda-as-piscinas-naturais-mais-lindas-de-minas-gerais\/\" \/>\n<meta property=\"og:site_name\" content=\"Estado de Minas - Em foco\" \/>\n<meta property=\"article:published_time\" content=\"2026-04-26T22:55:00+00:00\" \/>\n<meta property=\"article:modified_time\" content=\"2026-04-25T23:26:35+00:00\" \/>\n<meta property=\"og:image\" content=\"https:\/\/www.em.com.br\/emfoco\/wp-content\/uploads\/2026\/04\/Natural_pools_in_202604252010.jpg\" \/>\n\t<meta property=\"og:image:width\" content=\"1280\" \/>\n\t<meta property=\"og:image:height\" content=\"720\" \/>\n\t<meta property=\"og:image:type\" content=\"image\/jpeg\" \/>\n<meta name=\"author\" content=\"Vitor Bruno\" \/>\n<meta name=\"twitter:card\" content=\"summary_large_image\" \/>\n<meta name=\"twitter:label1\" content=\"Escrito por\" \/>\n\t<meta name=\"twitter:data1\" content=\"Vitor Bruno\" \/>\n\t<meta name=\"twitter:label2\" content=\"Est. tempo de leitura\" \/>\n\t<meta name=\"twitter:data2\" content=\"6 minutos\" \/>\n<!-- \/ Yoast SEO plugin. -->","yoast_head_json":{"title":"Eleita Jardim do Brasil por Burle Marx: o vilarejo a 100 km de BH que guarda as piscinas naturais mais lindas de Minas Gerais - Estado de Minas - Em foco","description":"Conhe\u00e7a o destino a 100 km de BH que Burle Marx chamou de Jardim do Brasil. Um para\u00edso de \u00e1guas cristalinas e piscinas naturais em Minas.","robots":{"index":"index","follow":"follow","max-snippet":"max-snippet:-1","max-image-preview":"max-image-preview:large","max-video-preview":"max-video-preview:-1"},"canonical":"https:\/\/www.em.com.br\/emfoco\/2026\/04\/26\/eleita-jardim-do-brasil-por-burle-marx-o-vilarejo-a-100-km-de-bh-que-guarda-as-piscinas-naturais-mais-lindas-de-minas-gerais\/","og_locale":"pt_BR","og_type":"article","og_title":"Eleita Jardim do Brasil por Burle Marx: o vilarejo a 100 km de BH que guarda as piscinas naturais mais lindas de Minas Gerais - Estado de Minas - Em foco","og_description":"Conhe\u00e7a o destino a 100 km de BH que Burle Marx chamou de Jardim do Brasil. Um para\u00edso de \u00e1guas cristalinas e piscinas naturais em Minas.","og_url":"https:\/\/www.em.com.br\/emfoco\/2026\/04\/26\/eleita-jardim-do-brasil-por-burle-marx-o-vilarejo-a-100-km-de-bh-que-guarda-as-piscinas-naturais-mais-lindas-de-minas-gerais\/","og_site_name":"Estado de Minas - Em foco","article_published_time":"2026-04-26T22:55:00+00:00","article_modified_time":"2026-04-25T23:26:35+00:00","og_image":[{"width":1280,"height":720,"url":"https:\/\/www.em.com.br\/emfoco\/wp-content\/uploads\/2026\/04\/Natural_pools_in_202604252010.jpg","type":"image\/jpeg"}],"author":"Vitor Bruno","twitter_card":"summary_large_image","twitter_misc":{"Escrito por":"Vitor Bruno","Est. tempo de leitura":"6 minutos"},"schema":{"@context":"https:\/\/schema.org","@graph":[{"@type":"WebPage","@id":"https:\/\/www.em.com.br\/emfoco\/2026\/04\/26\/eleita-jardim-do-brasil-por-burle-marx-o-vilarejo-a-100-km-de-bh-que-guarda-as-piscinas-naturais-mais-lindas-de-minas-gerais\/","url":"https:\/\/www.em.com.br\/emfoco\/2026\/04\/26\/eleita-jardim-do-brasil-por-burle-marx-o-vilarejo-a-100-km-de-bh-que-guarda-as-piscinas-naturais-mais-lindas-de-minas-gerais\/","name":"Eleita Jardim do Brasil por Burle Marx: o vilarejo a 100 km de BH que guarda as piscinas naturais mais lindas de Minas Gerais - Estado de Minas - Em foco","isPartOf":{"@id":"https:\/\/www.em.com.br\/emfoco\/#website"},"primaryImageOfPage":{"@id":"https:\/\/www.em.com.br\/emfoco\/2026\/04\/26\/eleita-jardim-do-brasil-por-burle-marx-o-vilarejo-a-100-km-de-bh-que-guarda-as-piscinas-naturais-mais-lindas-de-minas-gerais\/#primaryimage"},"image":{"@id":"https:\/\/www.em.com.br\/emfoco\/2026\/04\/26\/eleita-jardim-do-brasil-por-burle-marx-o-vilarejo-a-100-km-de-bh-que-guarda-as-piscinas-naturais-mais-lindas-de-minas-gerais\/#primaryimage"},"thumbnailUrl":"https:\/\/www.em.com.br\/emfoco\/wp-content\/uploads\/2026\/04\/Natural_pools_in_202604252010.jpg","datePublished":"2026-04-26T22:55:00+00:00","dateModified":"2026-04-25T23:26:35+00:00","author":{"@id":"https:\/\/www.em.com.br\/emfoco\/#\/schema\/person\/364ac1852fafd00f1be20f0b8b237569"},"description":"Conhe\u00e7a o destino a 100 km de BH que Burle Marx chamou de Jardim do Brasil. Um para\u00edso de \u00e1guas cristalinas e piscinas naturais em Minas.","breadcrumb":{"@id":"https:\/\/www.em.com.br\/emfoco\/2026\/04\/26\/eleita-jardim-do-brasil-por-burle-marx-o-vilarejo-a-100-km-de-bh-que-guarda-as-piscinas-naturais-mais-lindas-de-minas-gerais\/#breadcrumb"},"inLanguage":"pt-BR","potentialAction":[{"@type":"ReadAction","target":["https:\/\/www.em.com.br\/emfoco\/2026\/04\/26\/eleita-jardim-do-brasil-por-burle-marx-o-vilarejo-a-100-km-de-bh-que-guarda-as-piscinas-naturais-mais-lindas-de-minas-gerais\/"]}]},{"@type":"ImageObject","inLanguage":"pt-BR","@id":"https:\/\/www.em.com.br\/emfoco\/2026\/04\/26\/eleita-jardim-do-brasil-por-burle-marx-o-vilarejo-a-100-km-de-bh-que-guarda-as-piscinas-naturais-mais-lindas-de-minas-gerais\/#primaryimage","url":"https:\/\/www.em.com.br\/emfoco\/wp-content\/uploads\/2026\/04\/Natural_pools_in_202604252010.jpg","contentUrl":"https:\/\/www.em.com.br\/emfoco\/wp-content\/uploads\/2026\/04\/Natural_pools_in_202604252010.jpg","width":1280,"height":720,"caption":"As piscinas naturais mais lindas de Minas Gerais \/\/ IMAGEM ILUSTRATIVA"},{"@type":"BreadcrumbList","@id":"https:\/\/www.em.com.br\/emfoco\/2026\/04\/26\/eleita-jardim-do-brasil-por-burle-marx-o-vilarejo-a-100-km-de-bh-que-guarda-as-piscinas-naturais-mais-lindas-de-minas-gerais\/#breadcrumb","itemListElement":[{"@type":"ListItem","position":1,"name":"In\u00edcio","item":"https:\/\/www.em.com.br\/emfoco\/"},{"@type":"ListItem","position":2,"name":"Eleita Jardim do Brasil por Burle Marx: o vilarejo a 100 km de BH que guarda as piscinas naturais mais lindas de Minas Gerais"}]},{"@type":"WebSite","@id":"https:\/\/www.em.com.br\/emfoco\/#website","url":"https:\/\/www.em.com.br\/emfoco\/","name":"Estado de Minas - Em foco","description":"Acompanhe as \u00faltimas not\u00edcias e fique bem informado sobre tudo o que acontece em Minas Gerais, Brasil e no mundo.","potentialAction":[{"@type":"SearchAction","target":{"@type":"EntryPoint","urlTemplate":"https:\/\/www.em.com.br\/emfoco\/?s={search_term_string}"},"query-input":{"@type":"PropertyValueSpecification","valueRequired":true,"valueName":"search_term_string"}}],"inLanguage":"pt-BR"},{"@type":"Person","@id":"https:\/\/www.em.com.br\/emfoco\/#\/schema\/person\/364ac1852fafd00f1be20f0b8b237569","name":"Vitor Bruno","image":{"@type":"ImageObject","inLanguage":"pt-BR","@id":"https:\/\/www.em.com.br\/emfoco\/#\/schema\/person\/image\/","url":"https:\/\/secure.gravatar.com\/avatar\/b719e5cdede09f942064960883b5524d?s=96&d=mm&r=g","contentUrl":"https:\/\/secure.gravatar.com\/avatar\/b719e5cdede09f942064960883b5524d?s=96&d=mm&r=g","caption":"Vitor Bruno"},"sameAs":["https:\/\/www.em.com.br\/emfoco\/"],"url":"https:\/\/www.em.com.br\/emfoco\/author\/vitormyth\/"}]}},"_links":{"self":[{"href":"https:\/\/www.em.com.br\/emfoco\/wp-json\/wp\/v2\/posts\/199254","targetHints":{"allow":["GET"]}}],"collection":[{"href":"https:\/\/www.em.com.br\/emfoco\/wp-json\/wp\/v2\/posts"}],"about":[{"href":"https:\/\/www.em.com.br\/emfoco\/wp-json\/wp\/v2\/types\/post"}],"author":[{"embeddable":true,"href":"https:\/\/www.em.com.br\/emfoco\/wp-json\/wp\/v2\/users\/6"}],"replies":[{"embeddable":true,"href":"https:\/\/www.em.com.br\/emfoco\/wp-json\/wp\/v2\/comments?post=199254"}],"version-history":[{"count":5,"href":"https:\/\/www.em.com.br\/emfoco\/wp-json\/wp\/v2\/posts\/199254\/revisions"}],"predecessor-version":[{"id":199675,"href":"https:\/\/www.em.com.br\/emfoco\/wp-json\/wp\/v2\/posts\/199254\/revisions\/199675"}],"wp:featuredmedia":[{"embeddable":true,"href":"https:\/\/www.em.com.br\/emfoco\/wp-json\/wp\/v2\/media\/199677"}],"wp:attachment":[{"href":"https:\/\/www.em.com.br\/emfoco\/wp-json\/wp\/v2\/media?parent=199254"}],"wp:term":[{"taxonomy":"category","embeddable":true,"href":"https:\/\/www.em.com.br\/emfoco\/wp-json\/wp\/v2\/categories?post=199254"},{"taxonomy":"post_tag","embeddable":true,"href":"https:\/\/www.em.com.br\/emfoco\/wp-json\/wp\/v2\/tags?post=199254"}],"curies":[{"name":"wp","href":"https:\/\/api.w.org\/{rel}","templated":true}]}}