{"id":199252,"date":"2026-04-26T11:25:00","date_gmt":"2026-04-26T14:25:00","guid":{"rendered":"https:\/\/www.em.com.br\/emfoco\/?p=199252"},"modified":"2026-04-25T19:11:38","modified_gmt":"2026-04-25T22:11:38","slug":"a-32-km-de-bh-este-vilarejo-guarda-a-primeira-matriz-de-minas-gerais-e-a-historia-da-1a-linha-ferrea","status":"publish","type":"post","link":"https:\/\/www.em.com.br\/emfoco\/2026\/04\/26\/a-32-km-de-bh-este-vilarejo-guarda-a-primeira-matriz-de-minas-gerais-e-a-historia-da-1a-linha-ferrea\/","title":{"rendered":"A 32 km de BH, este vilarejo guarda a primeira matriz de Minas Gerais e a hist\u00f3ria da 1\u00aa linha f\u00e9rrea"},"content":{"rendered":"\n<p>Encaixado no fundo do vale do <strong>Rio das Velhas<\/strong>, a 32 km de <strong>Belo Horizonte<\/strong>, <strong>Raposos<\/strong> guarda sil\u00eancio raro para quem sai da capital. O arraial fundado em 1690 abriga a primeira matriz de <strong>Minas Gerais<\/strong>, foi caminho dos primeiros trilhos do <strong>Brasil<\/strong> em 1869 e tem cachoeiras escondidas em trilhas curtas dentro de um munic\u00edpio de apenas 71,85 km\u00b2.<\/p>\n\n\n\n<h2 class=\"wp-block-heading\">Como o bandeirante que d\u00e1 nome \u00e0 cidade fundou um dos primeiros povoados de Minas?<\/h2>\n\n\n\n<p>O come\u00e7o \u00e9 praticamente o come\u00e7o de Minas. Em 1690, o bandeirante <strong>Pedro de Morais Raposo<\/strong> foi designado pelo governador-geral <strong>Arthur de S\u00e1 Meneses<\/strong> para descobrir ouro e pedras preciosas nos sert\u00f5es da capitania, ent\u00e3o habitados pelos \u00edndios Catagu\u00e1s. A expedi\u00e7\u00e3o subiu o <strong>Rio Guaicuy<\/strong>, atual <strong>Rio das Velhas<\/strong>, e parou na conflu\u00eancia do <strong>Ribeir\u00e3o da Prata<\/strong>, onde encontrou ouro de aluvi\u00e3o e fundou o Arraial dos Raposos, segundo a <a href=\"https:\/\/www.raposos.mg.gov.br\/detalhe-da-materia\/info\/historia-da-cidade\/6486\" target=\"_blank\" rel=\"noreferrer noopener\"><strong>Prefeitura Municipal de Raposos<\/strong><\/a>.<\/p>\n\n\n\n<p>Em 8 de dezembro de 1690, foi consagrada a capela de pau-a-pique de Nossa Senhora da Concei\u00e7\u00e3o, embri\u00e3o da futura matriz. O arraial chegou a abastecer Sabarabu\u00e7u, Arraial Velho e Santo Ant\u00f4nio do Rio Acima durante o auge do ouro. Em 27 de dezembro de 1948, Raposos foi elevada \u00e0 categoria de munic\u00edpio, desmembrando-se de <strong>Nova Lima<\/strong>.<\/p>\n\n\n<div class=\"wp-block-image\">\n<figure class=\"aligncenter size-large\"><img loading=\"lazy\" decoding=\"async\" width=\"1024\" height=\"576\" src=\"https:\/\/www.em.com.br\/emfoco\/wp-content\/uploads\/2026\/04\/ngz-1a_Igreja_Matriz_de_Minas_Gerais-65312-1024x576.jpg\" alt=\"\" class=\"wp-image-199652\" srcset=\"https:\/\/www.em.com.br\/emfoco\/wp-content\/uploads\/2026\/04\/ngz-1a_Igreja_Matriz_de_Minas_Gerais-65312-1024x576.jpg 1024w, https:\/\/www.em.com.br\/emfoco\/wp-content\/uploads\/2026\/04\/ngz-1a_Igreja_Matriz_de_Minas_Gerais-65312-300x169.jpg 300w, https:\/\/www.em.com.br\/emfoco\/wp-content\/uploads\/2026\/04\/ngz-1a_Igreja_Matriz_de_Minas_Gerais-65312-768x432.jpg 768w, https:\/\/www.em.com.br\/emfoco\/wp-content\/uploads\/2026\/04\/ngz-1a_Igreja_Matriz_de_Minas_Gerais-65312-750x422.jpg 750w, https:\/\/www.em.com.br\/emfoco\/wp-content\/uploads\/2026\/04\/ngz-1a_Igreja_Matriz_de_Minas_Gerais-65312-1140x641.jpg 1140w, https:\/\/www.em.com.br\/emfoco\/wp-content\/uploads\/2026\/04\/ngz-1a_Igreja_Matriz_de_Minas_Gerais-65312.jpg 1280w\" sizes=\"auto, (max-width: 1024px) 100vw, 1024px\" \/><figcaption class=\"wp-element-caption\">Raposos guarda sil\u00eancio raro e 1\u00aa matriz do estado \/\/ Cr\u00e9ditos: Wikipedia \/ Wikimedia Commons<\/figcaption><\/figure><\/div>\n\n\n<h2 class=\"wp-block-heading\">Por que essa pequena cidade abriga a 1\u00aa matriz do estado e os primeiros trilhos do Brasil?<\/h2>\n\n\n\n<p>A pequena <strong>Igreja Matriz de Nossa Senhora da Concei\u00e7\u00e3o<\/strong> abriga um dos t\u00edtulos mais antigos do interior brasileiro. Em 1724, o templo recebeu a vig\u00e1ria colat\u00edcia por alvar\u00e1 de Dom Jo\u00e3o V, tornando-se a primeira matriz de <strong>Minas Gerais<\/strong>, conforme registros do <strong>Instituto Estrada Real<\/strong>. A igreja foi reformada a partir de 1703 e ainda preserva caracter\u00edsticas da primeira fase do barroco mineiro.<\/p>\n\n\n\n<p>O outro t\u00edtulo \u00e9 ferrovi\u00e1rio. Os primeiros trilhos da <strong>Estrada de Ferro Dom Pedro II<\/strong>, primeira linha ferrovi\u00e1ria constru\u00edda no <strong>Brasil<\/strong>, foram instalados em 1\u00ba de maio de 1869 no trecho <strong>Ouro Preto<\/strong>, Raposos e <strong>Sabar\u00e1<\/strong>. A <strong>Ponte Pedro II<\/strong>, com 300 metros de comprimento, foi fabricada na <strong>Inglaterra<\/strong> e transportada em partes at\u00e9 cruzar o <strong>Rio das Velhas<\/strong> a 1 km da esta\u00e7\u00e3o de Raposos. A <strong>Esta\u00e7\u00e3o Ferrovi\u00e1ria<\/strong>, inaugurada em 1891, hoje abriga o escrit\u00f3rio de turismo do munic\u00edpio.<\/p>\n\n\n\n<p><strong>Leia tamb\u00e9m: <a href=\"https:\/\/www.em.com.br\/emfoco\/2026\/04\/17\/a-capital-nacional-do-milho-a-cidade-a-5-horas-da-capital-esta-conquistando-os-brasileiros-com-qualidade-de-vida-e-bons-indices-de-seguranca\/\" target=\"_blank\" rel=\"noreferrer noopener\">A Capital Nacional do Milho: a cidade a 5 horas da capital est\u00e1 conquistando os brasileiros com qualidade de vida e bons \u00edndices de seguran\u00e7a<\/a><\/strong><\/p>\n\n\n\n<h2 class=\"wp-block-heading\">O que ver e onde comer no vilarejo do Rio das Velhas?<\/h2>\n\n\n\n<p>O roteiro mistura barroco discreto, heran\u00e7a ferrovi\u00e1ria e cachoeiras de f\u00e1cil acesso. As atra\u00e7\u00f5es naturais ficam no entorno do <strong>Manancial do Ribeir\u00e3o da Prata<\/strong>, porta de entrada do <strong>Parque Nacional da Serra do Gandarela<\/strong>.<\/p>\n\n\n\n<ul class=\"wp-block-list has-medium-font-size\">\n<li><strong>Igreja Matriz de Nossa Senhora da Concei\u00e7\u00e3o<\/strong>: primeira matriz de Minas Gerais, erguida em 1690 \u00e0s margens do Rio das Velhas, com altares barrocos preservados.<\/li>\n\n\n\n<li><strong>Cachoeira de Santo Ant\u00f4nio<\/strong>: queda d&#8217;\u00e1gua entre rochas com piscina natural de \u00e1guas claras e geladas, uma das mais conhecidas da cidade.<\/li>\n\n\n\n<li><strong>Cachoeira Janela do C\u00e9u<\/strong>: op\u00e7\u00e3o mais escondida, exige cerca de 7 km de trilha em cada sentido, recompensando com queda em meio \u00e0 mata fechada.<\/li>\n\n\n\n<li><strong>Ponte Pedro II<\/strong>: estrutura de ferro inglesa de 300 metros sobre o Rio das Velhas, parte da primeira linha ferrovi\u00e1ria do Brasil.<\/li>\n\n\n\n<li><strong>Capela Nossa Senhora do Ros\u00e1rio<\/strong>: erguida no s\u00e9culo XVIII pelos escravizados, com altar-mor da primeira fase do barroco e vista panor\u00e2mica da matriz.<\/li>\n\n\n\n<li><strong>Antiga Esta\u00e7\u00e3o Ferrovi\u00e1ria<\/strong>: pr\u00e9dio de 1891 com piso original em pedras portuguesas e portas de madeira maci\u00e7a, hoje sede do turismo municipal.<\/li>\n<\/ul>\n\n\n\n<p>Quem busca o charme das cidades hist\u00f3ricas de <strong>Minas Gerais<\/strong>, vai curtir esse v\u00eddeo especialmente selecionado do canal <strong>Pelos Quatro Ventos<\/strong>, que conta com mais de <strong>6,9 mil<\/strong> visualiza\u00e7\u00f5es, onde <strong>Andreia<\/strong> e <strong>Glauder<\/strong> mostram as ruas coloniais e as igrejas centen\u00e1rias de <strong>Raposos<\/strong>, uma cidade acolhedora na regi\u00e3o metropolitana de <strong>Belo Horizonte<\/strong>:<\/p>\n\n\n\n<figure class=\"wp-block-embed is-type-video is-provider-youtube wp-block-embed-youtube wp-embed-aspect-16-9 wp-has-aspect-ratio\"><div class=\"wp-block-embed__wrapper\">\n<div class=\"jeg_video_container jeg_video_content\"><iframe loading=\"lazy\" title=\"Raposos, uma cidade que voc\u00ea deve conhecer!\" width=\"500\" height=\"281\" src=\"https:\/\/www.youtube.com\/embed\/E9sQXkpH9i8?feature=oembed\" frameborder=\"0\" allow=\"accelerometer; autoplay; clipboard-write; encrypted-media; gyroscope; picture-in-picture; web-share\" referrerpolicy=\"strict-origin-when-cross-origin\" allowfullscreen><\/iframe><\/div>\n<\/div><\/figure>\n\n\n\n<h2 class=\"wp-block-heading\">Quando o clima favorece a visita ao vale mineiro?<\/h2>\n\n\n\n<p>Raposos fica a 742 metros de altitude, com clima tropical de altitude e quatro esta\u00e7\u00f5es bem definidas pela posi\u00e7\u00e3o no vale do <strong>Rio das Velhas<\/strong>. Cada esta\u00e7\u00e3o muda a forma de aproveitar:<\/p>\n\n\n\n<style>\n    .clima-grid-em120 { \n        --cor-primaria: #1a2a57; --cor-secundaria: #1a2a57; --cor-txt-secundaria: #ffffff;\n        display: grid; grid-template-columns: repeat(auto-fit, minmax(190px, 1fr)); gap: 15px; justify-content: center; padding: 10px;\n    }\n    .clima-card-em120 { border: 5px solid var(--cor-primaria); border-top: 5px solid var(--cor-secundaria); border-radius: 12px; background-color: var(--cor-primaria); background-clip: padding-box; display: flex; flex-direction: column; overflow: hidden; cursor: pointer; box-shadow: 0 6px 12px rgba(0,0,0, 0.2); transition: transform 0.2s ease, box-shadow 0.2s ease; -webkit-tap-highlight-color: transparent; user-select: none; transform: translateZ(0); animation: wmFadeIn 0.6s cubic-bezier(0.2, 0.8, 0.2, 1) backwards; }\n    .clima-card-em120:focus-visible { outline: 3px dashed var(--cor-secundaria); outline-offset: 4px; }\n    .clima-card-em120:nth-child(1) { animation-delay: 0.1s; } .clima-card-em120:nth-child(2) { animation-delay: 0.2s; } .clima-card-em120:nth-child(3) { animation-delay: 0.3s; } .clima-card-em120:nth-child(4) { animation-delay: 0.4s; }\n    @keyframes wmFadeIn { from { opacity: 0; transform: translateY(30px); } to { opacity: 1; transform: translateY(0); } }\n    .clima-card-em120:hover { transform: translateY(-5px); box-shadow: 0 15px 30px rgba(0,0,0, 0.3); }\n    .clima-card-em120:active { transform: translateY(-1px) scale(0.97); box-shadow: 0 3px 6px rgba(0,0,0, 0.2); transition: transform 0.05s ease, box-shadow 0.05s ease; }\n    .clima-header-em120 { background: #fdfbf5; padding: 15px 10px; text-align: center; display: flex; flex-direction: column; align-items: center; justify-content: center; }\n    .clima-body-em120 { background: #ffffff; padding: 15px; display: flex; flex-direction: column; flex-grow: 1; align-items: center; }\n    .clima-destaque-em120 { box-shadow: 0 8px 16px rgba(0,0,0, 0.25); }\n    .clima-destaque-em120:hover { box-shadow: 0 18px 36px rgba(0,0,0, 0.35); }\n    .clima-destaque-em120 .clima-header-em120 { background: var(--cor-secundaria); }\n    .clima-destaque-em120 .clima-header-em120 .clima-titulo-em120 { color: var(--cor-txt-secundaria) !important; } \n    .clima-pill-em120 { display: flex; white-space: normal; max-width: 100%; box-sizing: border-box; justify-content: center; align-items: center; text-align: center; background: #e8ebf2; color: var(--cor-primaria); font-size: 11px; font-weight: 900 !important; letter-spacing: 0.5px; padding: 8px 16px; border-radius: 16px; text-transform: uppercase; line-height: 1.4; box-shadow: 0 4px 8px rgba(0,0,0, 0.15); margin-top: auto; transition: transform 0.2s ease; }\n    .clima-destaque-em120 .clima-pill-em120 { background: var(--cor-primaria); color: #ffffff; border: 1px solid #ffffff; } \n    .clima-card-em120:hover .clima-pill-em120 { transform: scale(1.06); }\n    .clima-pill-em120 span { font-weight: 900 !important; color: inherit; } \n    .clima-emoji-em120 { font-size: 24px; line-height: 1; margin-bottom: 5px; }\n    .clima-titulo-em120 { color: var(--cor-primaria); font-size: 16px; text-transform: uppercase; margin-top: 5px; font-weight: bold; }\n    .clima-mes-em120 { font-size: 11px; font-weight: 800; color: var(--cor-primaria); text-transform: uppercase; margin-bottom: 5px; display: block; }\n    .clima-temp-em120 { font-size: 26px; font-weight: 900; color: var(--cor-primaria); margin-bottom: 10px; }\n    .clima-desc-em120 { font-size: 13px; color: #444; text-align: center; line-height: 1.5; margin-bottom: 15px; flex-grow: 1;}\n    .clima-desc-em120 strong { color: #111; }\n    @media (prefers-color-scheme: dark) {\n        .clima-card-em120 { border-color: #2b4182; background-color: #2b4182; box-shadow: 0 6px 12px rgba(0,0,0, 0.5); }\n        .clima-header-em120 { background: #1a1a1a; } .clima-body-em120 { background: #121212; }\n        .clima-destaque-em120 .clima-header-em120 { background: var(--cor-secundaria); }\n        .clima-destaque-em120 .clima-header-em120 .clima-titulo-em120 { color: var(--cor-txt-secundaria) !important; }\n        .clima-titulo-em120 { color: #8da5e8; } .clima-mes-em120 { color: #8da5e8; } .clima-temp-em120 { color: #8da5e8; } .clima-desc-em120 { color: #cccccc; } .clima-desc-em120 strong { color: #ffffff; }\n        .clima-pill-em120 { background: #2b4182; color: #ffffff; box-shadow: 0 4px 8px rgba(0, 0, 0, 0.5); }\n        .clima-destaque-em120 .clima-pill-em120 { background: #3b55a0; color: #ffffff; border-color: #8da5e8; }\n    }\n<\/style>\n<div class=\"google-auto-ads-ignore clima-grid-em120\" style=\"box-sizing: border-box; width: 100%; max-width: 980px; margin: 30px auto; font-family: 'Segoe UI', Roboto, Helvetica, Arial, sans-serif;\">\n    <div class=\"clima-card-em120\" tabindex=\"0\">\n        <div class=\"clima-header-em120\"><div class=\"clima-emoji-em120\" aria-hidden=\"true\">\ud83d\udca6<\/div><div class=\"clima-titulo-em120\">Ver\u00e3o<\/div><\/div>\n        <div class=\"clima-body-em120\">\n            <time class=\"clima-mes-em120\">Dezembro a fevereiro<\/time><div class=\"clima-temp-em120\">18\u00b0C a 29\u00b0C<\/div>\n            <div class=\"clima-desc-em120\">No vale do Rio das Velhas, o ver\u00e3o chuvoso aumenta consideravelmente o leito das \u00e1guas. O momento certo para ver as <strong>cachoeiras com volume cheio<\/strong>.<\/div>\n            <div class=\"clima-pill-em120\"><span>\u2614 Chuva Alta<\/span><\/div>\n        <\/div>\n    <\/div>\n    <div class=\"clima-card-em120\" tabindex=\"0\">\n        <div class=\"clima-header-em120\"><div class=\"clima-emoji-em120\" aria-hidden=\"true\">\ud83e\udd7e<\/div><div class=\"clima-titulo-em120\">Outono<\/div><\/div>\n        <div class=\"clima-body-em120\">\n            <time class=\"clima-mes-em120\">Mar\u00e7o a maio<\/time><div class=\"clima-temp-em120\">15\u00b0C a 27\u00b0C<\/div>\n            <div class=\"clima-desc-em120\">A precipita\u00e7\u00e3o come\u00e7a a ceder e a temperatura amena favorece passeios prolongados. Ideal para percorrer as <strong>trilhas e o charmoso centro hist\u00f3rico<\/strong>.<\/div>\n            <div class=\"clima-pill-em120\"><span>\u2601\ufe0f Chuva M\u00e9dia<\/span><\/div>\n        <\/div>\n    <\/div>\n    <div class=\"clima-card-em120 clima-destaque-em120\" tabindex=\"0\">\n        <div class=\"clima-header-em120\"><div class=\"clima-emoji-em120\" aria-hidden=\"true\">\u26ea<\/div><div class=\"clima-titulo-em120\">Inverno<\/div><\/div>\n        <div class=\"clima-body-em120\">\n            <time class=\"clima-mes-em120\">Junho a agosto<\/time><div class=\"clima-temp-em120\">11\u00b0C a 25\u00b0C<\/div>\n            <div class=\"clima-desc-em120\">A \u00e9poca mais confort\u00e1vel para o turismo! O clima muito seco e fresco permite aproveitar ao m\u00e1ximo a beleza das <strong>Igrejas e a cl\u00e1ssica Ponte Pedro II<\/strong>.<\/div>\n            <div class=\"clima-pill-em120\"><span>\u2b50 Melhor \u00c9poca \/ Seco<\/span><\/div>\n        <\/div>\n    <\/div>\n    <div class=\"clima-card-em120\" tabindex=\"0\">\n        <div class=\"clima-header-em120\"><div class=\"clima-emoji-em120\" aria-hidden=\"true\">\ud83c\udf3f<\/div><div class=\"clima-titulo-em120\">Primavera<\/div><\/div>\n        <div class=\"clima-body-em120\">\n            <time class=\"clima-mes-em120\">Setembro a novembro<\/time><div class=\"clima-temp-em120\">14\u00b0C a 28\u00b0C<\/div>\n            <div class=\"clima-desc-em120\">A natureza volta a florescer antes da temporada de chuvas fortes. \u00d3tima \u00e9poca para visitar o belo <strong>Manancial e se refrescar nos po\u00e7os naturais<\/strong>.<\/div>\n            <div class=\"clima-pill-em120\"><span>\u2601\ufe0f Chuva Baixa a M\u00e9dia<\/span><\/div>\n        <\/div>\n    <\/div>\n<\/div>\n\n\n\n<p><em>Temperaturas aproximadas com base no <a href=\"https:\/\/www.climatempo.com.br\/previsao-do-tempo\/cidade\/3961\/raposos-mg\" target=\"_blank\" rel=\"noreferrer noopener\"><strong>Climatempo<\/strong><\/a>. Condi\u00e7\u00f5es podem variar.<\/em><\/p>\n\n\n\n<h2 class=\"wp-block-heading\">Como chegar ao vilarejo a meia hora de Belo Horizonte?<\/h2>\n\n\n\n<p>O acesso \u00e9 direto. Saindo de <strong>Belo Horizonte<\/strong>, s\u00e3o cerca de 32 km pela <strong>AMG-150<\/strong>, com tempo m\u00e9dio de 50 minutos fora dos hor\u00e1rios de pico. A <strong>BR-381<\/strong> tamb\u00e9m leva \u00e0 cidade pela regi\u00e3o leste da capital, com sa\u00edda para Nova Lima.<\/p>\n\n\n\n<p>Quem vem de fora pode usar o <strong>Aeroporto Internacional de Confins<\/strong>, a aproximadamente 60 km, com transfers e linhas de \u00f4nibus regulares. <strong>S\u00e3o Paulo<\/strong> fica a 610 km, <strong>Rio de Janeiro<\/strong> a 458 km e <strong>Bras\u00edlia<\/strong> a 763 km.<\/p>\n\n\n\n<iframe src=\"https:\/\/www.google.com\/maps\/embed?pb=!1m18!1m12!1m3!1d142756.44955801353!2d-43.97617608091417!3d-19.909404540753627!2m3!1f0!2f0!3f0!3m2!1i1024!2i768!4f13.1!3m3!1m2!1s0xa69e6efe58a4f1%3A0x64c84b4372ad6cef!2sRaposos%2C%20MG!5e0!3m2!1spt-BR!2sbr!4v1777155067704!5m2!1spt-BR!2sbr\" width=\"600\" height=\"450\" style=\"border:0;\" allowfullscreen=\"\" loading=\"lazy\" referrerpolicy=\"no-referrer-when-downgrade\"><\/iframe>\n\n\n\n<h2 class=\"wp-block-heading\">Saia da capital e descubra o sil\u00eancio do vale do Rio das Velhas<\/h2>\n\n\n\n<p>Raposos guarda a primeira matriz de Minas Gerais, ponte de ferro inglesa centen\u00e1ria, trilhas para cachoeiras escondidas e o ritmo de cidade pequena a apenas 32 km da capital. Poucos lugares no <strong>Brasil<\/strong> re\u00fanem tanta hist\u00f3ria colonial e ferrovi\u00e1ria em apenas 71,85 km\u00b2.<\/p>\n\n\n\n<p>Voc\u00ea precisa descer ao vale e conhecer Raposos, o vilarejo onde o Rio das Velhas escreveu o come\u00e7o de Minas Gerais e ainda corre devagar entre montanhas e ladeiras de pedra.<\/p>\n","protected":false},"excerpt":{"rendered":"<p>Encaixado no fundo do vale do Rio das Velhas, a 32 km de Belo Horizonte, Raposos guarda sil\u00eancio raro para quem sai da capital. O arraial fundado em 1690 abriga a primeira matriz de Minas Gerais, foi caminho dos primeiros trilhos do Brasil em 1869 e tem cachoeiras escondidas em trilhas curtas dentro de um [&hellip;]<\/p>\n","protected":false},"author":6,"featured_media":199651,"comment_status":"open","ping_status":"open","sticky":false,"template":"","format":"standard","meta":{"jnews-multi-image_gallery":[],"jnews_single_post":{"format":"standard"},"jnews_primary_category":[],"jnews_social_meta":[],"jnews_override_counter":[],"footnotes":""},"categories":[26],"tags":[183,207,28772],"class_list":["post-199252","post","type-post","status-publish","format-standard","has-post-thumbnail","hentry","category-cidades","tag-cidades","tag-minas-gerais","tag-raposos"],"yoast_head":"<!-- This site is optimized with the Yoast SEO plugin v23.8 - https:\/\/yoast.com\/wordpress\/plugins\/seo\/ -->\n<title>A 32 km de BH, este vilarejo guarda a primeira matriz de Minas Gerais e a hist\u00f3ria da 1\u00aa linha f\u00e9rrea - Estado de Minas - Em foco<\/title>\n<meta name=\"description\" content=\"Com 335 anos, este vilarejo a 32 km de Belo Horizonte abriga a primeira matriz de MG e marcos da 1\u00aa linha f\u00e9rrea do Brasil.\" \/>\n<meta name=\"robots\" content=\"index, follow, max-snippet:-1, max-image-preview:large, max-video-preview:-1\" \/>\n<link rel=\"canonical\" href=\"https:\/\/www.em.com.br\/emfoco\/2026\/04\/26\/a-32-km-de-bh-este-vilarejo-guarda-a-primeira-matriz-de-minas-gerais-e-a-historia-da-1a-linha-ferrea\/\" \/>\n<meta property=\"og:locale\" content=\"pt_BR\" \/>\n<meta property=\"og:type\" content=\"article\" \/>\n<meta property=\"og:title\" content=\"A 32 km de BH, este vilarejo guarda a primeira matriz de Minas Gerais e a hist\u00f3ria da 1\u00aa linha f\u00e9rrea - Estado de Minas - Em foco\" \/>\n<meta property=\"og:description\" content=\"Com 335 anos, este vilarejo a 32 km de Belo Horizonte abriga a primeira matriz de MG e marcos da 1\u00aa linha f\u00e9rrea do Brasil.\" \/>\n<meta property=\"og:url\" content=\"https:\/\/www.em.com.br\/emfoco\/2026\/04\/26\/a-32-km-de-bh-este-vilarejo-guarda-a-primeira-matriz-de-minas-gerais-e-a-historia-da-1a-linha-ferrea\/\" \/>\n<meta property=\"og:site_name\" content=\"Estado de Minas - Em foco\" \/>\n<meta property=\"article:published_time\" content=\"2026-04-26T14:25:00+00:00\" \/>\n<meta property=\"article:modified_time\" content=\"2026-04-25T22:11:38+00:00\" \/>\n<meta property=\"og:image\" content=\"https:\/\/www.em.com.br\/emfoco\/wp-content\/uploads\/2026\/04\/Raposos_village_Rio_202604251905.jpg\" \/>\n\t<meta property=\"og:image:width\" content=\"1280\" \/>\n\t<meta property=\"og:image:height\" content=\"720\" \/>\n\t<meta property=\"og:image:type\" content=\"image\/jpeg\" \/>\n<meta name=\"author\" content=\"Vitor Bruno\" \/>\n<meta name=\"twitter:card\" content=\"summary_large_image\" \/>\n<meta name=\"twitter:label1\" content=\"Escrito por\" \/>\n\t<meta name=\"twitter:data1\" content=\"Vitor Bruno\" \/>\n\t<meta name=\"twitter:label2\" content=\"Est. tempo de leitura\" \/>\n\t<meta name=\"twitter:data2\" content=\"7 minutos\" \/>\n<!-- \/ Yoast SEO plugin. -->","yoast_head_json":{"title":"A 32 km de BH, este vilarejo guarda a primeira matriz de Minas Gerais e a hist\u00f3ria da 1\u00aa linha f\u00e9rrea - Estado de Minas - Em foco","description":"Com 335 anos, este vilarejo a 32 km de Belo Horizonte abriga a primeira matriz de MG e marcos da 1\u00aa linha f\u00e9rrea do Brasil.","robots":{"index":"index","follow":"follow","max-snippet":"max-snippet:-1","max-image-preview":"max-image-preview:large","max-video-preview":"max-video-preview:-1"},"canonical":"https:\/\/www.em.com.br\/emfoco\/2026\/04\/26\/a-32-km-de-bh-este-vilarejo-guarda-a-primeira-matriz-de-minas-gerais-e-a-historia-da-1a-linha-ferrea\/","og_locale":"pt_BR","og_type":"article","og_title":"A 32 km de BH, este vilarejo guarda a primeira matriz de Minas Gerais e a hist\u00f3ria da 1\u00aa linha f\u00e9rrea - Estado de Minas - Em foco","og_description":"Com 335 anos, este vilarejo a 32 km de Belo Horizonte abriga a primeira matriz de MG e marcos da 1\u00aa linha f\u00e9rrea do Brasil.","og_url":"https:\/\/www.em.com.br\/emfoco\/2026\/04\/26\/a-32-km-de-bh-este-vilarejo-guarda-a-primeira-matriz-de-minas-gerais-e-a-historia-da-1a-linha-ferrea\/","og_site_name":"Estado de Minas - Em foco","article_published_time":"2026-04-26T14:25:00+00:00","article_modified_time":"2026-04-25T22:11:38+00:00","og_image":[{"width":1280,"height":720,"url":"https:\/\/www.em.com.br\/emfoco\/wp-content\/uploads\/2026\/04\/Raposos_village_Rio_202604251905.jpg","type":"image\/jpeg"}],"author":"Vitor Bruno","twitter_card":"summary_large_image","twitter_misc":{"Escrito por":"Vitor Bruno","Est. tempo de leitura":"7 minutos"},"schema":{"@context":"https:\/\/schema.org","@graph":[{"@type":"WebPage","@id":"https:\/\/www.em.com.br\/emfoco\/2026\/04\/26\/a-32-km-de-bh-este-vilarejo-guarda-a-primeira-matriz-de-minas-gerais-e-a-historia-da-1a-linha-ferrea\/","url":"https:\/\/www.em.com.br\/emfoco\/2026\/04\/26\/a-32-km-de-bh-este-vilarejo-guarda-a-primeira-matriz-de-minas-gerais-e-a-historia-da-1a-linha-ferrea\/","name":"A 32 km de BH, este vilarejo guarda a primeira matriz de Minas Gerais e a hist\u00f3ria da 1\u00aa linha f\u00e9rrea - Estado de Minas - Em foco","isPartOf":{"@id":"https:\/\/www.em.com.br\/emfoco\/#website"},"primaryImageOfPage":{"@id":"https:\/\/www.em.com.br\/emfoco\/2026\/04\/26\/a-32-km-de-bh-este-vilarejo-guarda-a-primeira-matriz-de-minas-gerais-e-a-historia-da-1a-linha-ferrea\/#primaryimage"},"image":{"@id":"https:\/\/www.em.com.br\/emfoco\/2026\/04\/26\/a-32-km-de-bh-este-vilarejo-guarda-a-primeira-matriz-de-minas-gerais-e-a-historia-da-1a-linha-ferrea\/#primaryimage"},"thumbnailUrl":"https:\/\/www.em.com.br\/emfoco\/wp-content\/uploads\/2026\/04\/Raposos_village_Rio_202604251905.jpg","datePublished":"2026-04-26T14:25:00+00:00","dateModified":"2026-04-25T22:11:38+00:00","author":{"@id":"https:\/\/www.em.com.br\/emfoco\/#\/schema\/person\/364ac1852fafd00f1be20f0b8b237569"},"description":"Com 335 anos, este vilarejo a 32 km de Belo Horizonte abriga a primeira matriz de MG e marcos da 1\u00aa linha f\u00e9rrea do Brasil.","breadcrumb":{"@id":"https:\/\/www.em.com.br\/emfoco\/2026\/04\/26\/a-32-km-de-bh-este-vilarejo-guarda-a-primeira-matriz-de-minas-gerais-e-a-historia-da-1a-linha-ferrea\/#breadcrumb"},"inLanguage":"pt-BR","potentialAction":[{"@type":"ReadAction","target":["https:\/\/www.em.com.br\/emfoco\/2026\/04\/26\/a-32-km-de-bh-este-vilarejo-guarda-a-primeira-matriz-de-minas-gerais-e-a-historia-da-1a-linha-ferrea\/"]}]},{"@type":"ImageObject","inLanguage":"pt-BR","@id":"https:\/\/www.em.com.br\/emfoco\/2026\/04\/26\/a-32-km-de-bh-este-vilarejo-guarda-a-primeira-matriz-de-minas-gerais-e-a-historia-da-1a-linha-ferrea\/#primaryimage","url":"https:\/\/www.em.com.br\/emfoco\/wp-content\/uploads\/2026\/04\/Raposos_village_Rio_202604251905.jpg","contentUrl":"https:\/\/www.em.com.br\/emfoco\/wp-content\/uploads\/2026\/04\/Raposos_village_Rio_202604251905.jpg","width":1280,"height":720,"caption":"A primeira matriz de Minas Gerais e a 1\u00aa linha f\u00e9rrea do Brasil: o vilarejo a 32 km de Belo Horizonte que guarda 335 anos de hist\u00f3ria \/\/ IMAGEM ILUSTRATIVA"},{"@type":"BreadcrumbList","@id":"https:\/\/www.em.com.br\/emfoco\/2026\/04\/26\/a-32-km-de-bh-este-vilarejo-guarda-a-primeira-matriz-de-minas-gerais-e-a-historia-da-1a-linha-ferrea\/#breadcrumb","itemListElement":[{"@type":"ListItem","position":1,"name":"In\u00edcio","item":"https:\/\/www.em.com.br\/emfoco\/"},{"@type":"ListItem","position":2,"name":"A 32 km de BH, este vilarejo guarda a primeira matriz de Minas Gerais e a hist\u00f3ria da 1\u00aa linha f\u00e9rrea"}]},{"@type":"WebSite","@id":"https:\/\/www.em.com.br\/emfoco\/#website","url":"https:\/\/www.em.com.br\/emfoco\/","name":"Estado de Minas - Em foco","description":"Acompanhe as \u00faltimas not\u00edcias e fique bem informado sobre tudo o que acontece em Minas Gerais, Brasil e no mundo.","potentialAction":[{"@type":"SearchAction","target":{"@type":"EntryPoint","urlTemplate":"https:\/\/www.em.com.br\/emfoco\/?s={search_term_string}"},"query-input":{"@type":"PropertyValueSpecification","valueRequired":true,"valueName":"search_term_string"}}],"inLanguage":"pt-BR"},{"@type":"Person","@id":"https:\/\/www.em.com.br\/emfoco\/#\/schema\/person\/364ac1852fafd00f1be20f0b8b237569","name":"Vitor Bruno","image":{"@type":"ImageObject","inLanguage":"pt-BR","@id":"https:\/\/www.em.com.br\/emfoco\/#\/schema\/person\/image\/","url":"https:\/\/secure.gravatar.com\/avatar\/b719e5cdede09f942064960883b5524d?s=96&d=mm&r=g","contentUrl":"https:\/\/secure.gravatar.com\/avatar\/b719e5cdede09f942064960883b5524d?s=96&d=mm&r=g","caption":"Vitor Bruno"},"sameAs":["https:\/\/www.em.com.br\/emfoco\/"],"url":"https:\/\/www.em.com.br\/emfoco\/author\/vitormyth\/"}]}},"_links":{"self":[{"href":"https:\/\/www.em.com.br\/emfoco\/wp-json\/wp\/v2\/posts\/199252","targetHints":{"allow":["GET"]}}],"collection":[{"href":"https:\/\/www.em.com.br\/emfoco\/wp-json\/wp\/v2\/posts"}],"about":[{"href":"https:\/\/www.em.com.br\/emfoco\/wp-json\/wp\/v2\/types\/post"}],"author":[{"embeddable":true,"href":"https:\/\/www.em.com.br\/emfoco\/wp-json\/wp\/v2\/users\/6"}],"replies":[{"embeddable":true,"href":"https:\/\/www.em.com.br\/emfoco\/wp-json\/wp\/v2\/comments?post=199252"}],"version-history":[{"count":6,"href":"https:\/\/www.em.com.br\/emfoco\/wp-json\/wp\/v2\/posts\/199252\/revisions"}],"predecessor-version":[{"id":199656,"href":"https:\/\/www.em.com.br\/emfoco\/wp-json\/wp\/v2\/posts\/199252\/revisions\/199656"}],"wp:featuredmedia":[{"embeddable":true,"href":"https:\/\/www.em.com.br\/emfoco\/wp-json\/wp\/v2\/media\/199651"}],"wp:attachment":[{"href":"https:\/\/www.em.com.br\/emfoco\/wp-json\/wp\/v2\/media?parent=199252"}],"wp:term":[{"taxonomy":"category","embeddable":true,"href":"https:\/\/www.em.com.br\/emfoco\/wp-json\/wp\/v2\/categories?post=199252"},{"taxonomy":"post_tag","embeddable":true,"href":"https:\/\/www.em.com.br\/emfoco\/wp-json\/wp\/v2\/tags?post=199252"}],"curies":[{"name":"wp","href":"https:\/\/api.w.org\/{rel}","templated":true}]}}