{"id":199247,"date":"2026-04-25T20:50:00","date_gmt":"2026-04-25T23:50:00","guid":{"rendered":"https:\/\/www.em.com.br\/emfoco\/?p=199247"},"modified":"2026-04-25T11:13:58","modified_gmt":"2026-04-25T14:13:58","slug":"pessoas-que-deixam-louca-suja-na-pia-sem-lavar-geralmente-apresentam-esses-10-comportamentos","status":"publish","type":"post","link":"https:\/\/www.em.com.br\/emfoco\/2026\/04\/25\/pessoas-que-deixam-louca-suja-na-pia-sem-lavar-geralmente-apresentam-esses-10-comportamentos\/","title":{"rendered":"Pessoas que deixam lou\u00e7a suja na pia sem lavar geralmente apresentam esses 10 comportamentos"},"content":{"rendered":"\n<p>Voc\u00ea j\u00e1 parou para pensar por que algumas pessoas simplesmente n\u00e3o conseguem lavar a lou\u00e7a na hora certa, n\u00e3o importa quantas vezes sejam lembradas? Se isso acontece com algu\u00e9m na sua casa ou at\u00e9 com voc\u00ea mesma em certos momentos, saiba que a <strong>psicologia comportamental<\/strong> tem muito a dizer sobre esse h\u00e1bito. Deixar a lou\u00e7a suja acumular na pia vai al\u00e9m de uma quest\u00e3o de organiza\u00e7\u00e3o dom\u00e9stica. Muitas vezes, esse comportamento \u00e9 um espelho dos nossos estados emocionais, da nossa rela\u00e7\u00e3o com a rotina e at\u00e9 de como nos sentimos dentro de casa e nos nossos relacionamentos.<\/p>\n\n\n\n<h2 class=\"wp-block-heading\">O que a psicologia diz sobre o comportamento de postergar tarefas dom\u00e9sticas<\/h2>\n\n\n\n<p>A psicologia comportamental estuda padr\u00f5es de atitude que se repetem no nosso dia a dia, e o h\u00e1bito de deixar a lou\u00e7a suja \u00e9 um deles. Quando uma pessoa <strong>adia repetidamente uma tarefa simples<\/strong>, isso pode ser um sinal de que ela est\u00e1 operando em modo de sobreviv\u00eancia emocional. O c\u00e9rebro humano, quando sobrecarregado, prioriza o que parece mais urgente naquele momento e empurra para depois tudo o que parece menos importante, como lavar um prato.<\/p>\n\n\n\n<p>Esse mecanismo \u00e9 chamado de <strong>esgotamento da for\u00e7a de vontade<\/strong>, ou &#8220;ego depletion&#8221; na literatura cient\u00edfica. Em linguagem simples, significa que a nossa energia mental tem um limite por dia. Quem chegou ao fim dela simplesmente n\u00e3o consegue mais tomar pequenas decis\u00f5es ou executar tarefas, mesmo que sejam r\u00e1pidas. Por isso, entender o comportamento \u00e9 o primeiro passo para acolher e transformar a situa\u00e7\u00e3o.<\/p>\n\n\n\n<figure class=\"wp-block-image size-large\"><img loading=\"lazy\" decoding=\"async\" width=\"1024\" height=\"576\" src=\"https:\/\/www.em.com.br\/emfoco\/wp-content\/uploads\/2026\/04\/Pessoas-que-deixam-louca-suja-na-pia-sem-lavar-geralmente-apresentam-esses-10-comportamentos-1-1024x576.jpg\" alt=\"Pessoas que deixam lou\u00e7a suja na pia sem lavar geralmente apresentam esses 10 comportamentos\" class=\"wp-image-199249\" srcset=\"https:\/\/www.em.com.br\/emfoco\/wp-content\/uploads\/2026\/04\/Pessoas-que-deixam-louca-suja-na-pia-sem-lavar-geralmente-apresentam-esses-10-comportamentos-1-1024x576.jpg 1024w, https:\/\/www.em.com.br\/emfoco\/wp-content\/uploads\/2026\/04\/Pessoas-que-deixam-louca-suja-na-pia-sem-lavar-geralmente-apresentam-esses-10-comportamentos-1-300x169.jpg 300w, https:\/\/www.em.com.br\/emfoco\/wp-content\/uploads\/2026\/04\/Pessoas-que-deixam-louca-suja-na-pia-sem-lavar-geralmente-apresentam-esses-10-comportamentos-1-768x432.jpg 768w, https:\/\/www.em.com.br\/emfoco\/wp-content\/uploads\/2026\/04\/Pessoas-que-deixam-louca-suja-na-pia-sem-lavar-geralmente-apresentam-esses-10-comportamentos-1-750x422.jpg 750w, https:\/\/www.em.com.br\/emfoco\/wp-content\/uploads\/2026\/04\/Pessoas-que-deixam-louca-suja-na-pia-sem-lavar-geralmente-apresentam-esses-10-comportamentos-1-1140x641.jpg 1140w, https:\/\/www.em.com.br\/emfoco\/wp-content\/uploads\/2026\/04\/Pessoas-que-deixam-louca-suja-na-pia-sem-lavar-geralmente-apresentam-esses-10-comportamentos-1.jpg 1280w\" sizes=\"auto, (max-width: 1024px) 100vw, 1024px\" \/><figcaption class=\"wp-element-caption\">Lou\u00e7a acumulada pode refletir sobrecarga emocional.<\/figcaption><\/figure>\n\n\n\n<h2 class=\"wp-block-heading\">Como esse comportamento aparece no nosso dia a dia<\/h2>\n\n\n\n<p>Pensa bem: quantas vezes voc\u00ea j\u00e1 deixou algo para depois porque o dia foi pesado demais? Isso acontece com todo mundo. A diferen\u00e7a \u00e9 que, para algumas pessoas, esse padr\u00e3o de comportamento se repete com frequ\u00eancia e acaba gerando conflitos em casa, especialmente nos relacionamentos. A lou\u00e7a suja na pia pode virar um gatilho emocional para discuss\u00f5es que, no fundo, s\u00e3o sobre sobrecarga mental, divis\u00e3o de tarefas e sentir que o esfor\u00e7o n\u00e3o \u00e9 reconhecido.<\/p>\n\n\n\n<p>Para as m\u00e3es e mulheres que gerenciam casa, filhos, trabalho e ainda tentam dar conta de si mesmas, o ac\u00famulo de tarefas dom\u00e9sticas pode ser um reflexo de <strong>carga mental invis\u00edvel<\/strong>. A psicologia reconhece que essa carga, quando n\u00e3o dividida de forma equilibrada, gera ansiedade, ressentimento e sensa\u00e7\u00e3o de exaust\u00e3o constante.<\/p>\n\n\n\n<h2 class=\"wp-block-heading\">Os 10 comportamentos que a psicologia identifica em quem deixa a lou\u00e7a acumular<\/h2>\n\n\n\n<p>A psicologia n\u00e3o est\u00e1 aqui para julgar ningu\u00e9m, mas para ajudar a compreender. Veja os comportamentos mais comuns identificados em pessoas com esse padr\u00e3o:<\/p>\n\n\n\n<ul class=\"wp-block-list\">\n<li><strong>Alta sobrecarga mental:<\/strong> A mente est\u00e1 t\u00e3o ocupada com preocupa\u00e7\u00f5es que tarefas simples ficam em segundo plano.<\/li>\n\n\n\n<li><strong>Tend\u00eancia \u00e0 procrastina\u00e7\u00e3o:<\/strong> O h\u00e1bito de adiar n\u00e3o se limita \u00e0 lou\u00e7a. Costuma aparecer em outras \u00e1reas da vida tamb\u00e9m.<\/li>\n\n\n\n<li><strong>Dificuldade com rotinas:<\/strong> Pessoas que lutam para manter h\u00e1bitos est\u00e1veis sentem mais dificuldade em executar tarefas dom\u00e9sticas no momento certo.<\/li>\n\n\n\n<li><strong>Ansiedade elevada:<\/strong> O estado de alerta constante consome energia que seria usada para pequenas a\u00e7\u00f5es do cotidiano.<\/li>\n\n\n\n<li><strong>Perfeccionismo paralisante:<\/strong> Algumas pessoas adiam porque, inconscientemente, s\u00f3 querem fazer quando puderem fazer &#8220;do jeito certo&#8221;, com tempo e calma.<\/li>\n\n\n\n<li><strong>Baixa autoestima situacional:<\/strong> Sentir que n\u00e3o tem valor ou que ningu\u00e9m vai notar de qualquer jeito pode desmotivar qualquer a\u00e7\u00e3o.<\/li>\n\n\n\n<li><strong>Desconex\u00e3o emocional com o lar:<\/strong> Quem n\u00e3o se sente bem ou acolhida em casa tende a se desligar das responsabilidades dom\u00e9sticas.<\/li>\n\n\n\n<li><strong>Sinais de esgotamento emocional:<\/strong> Quando a pessoa est\u00e1 no limite, at\u00e9 escolher o que comer vira um desafio. Lavar a lou\u00e7a? Fica para depois.<\/li>\n\n\n\n<li><strong>Falta de senso de pertencimento \u00e0s tarefas:<\/strong> Quem sente que a divis\u00e3o dom\u00e9stica n\u00e3o \u00e9 justa tende a resistir, mesmo que de forma inconsciente.<\/li>\n\n\n\n<li><strong>Poss\u00edveis indicadores de depress\u00e3o leve:<\/strong> A dificuldade persistente de realizar tarefas b\u00e1sicas pode ser um sinal que merece aten\u00e7\u00e3o e cuidado profissional.<\/li>\n<\/ul>\n\n\n\n<link href=\"https:\/\/fonts.googleapis.com\/css2?family=Inter:wght@400;600;700;800&#038;display=swap\" rel=\"stylesheet\">\r\n<style>\r\n.rdp-pontos-wrapper .jnews_inline_related_post_wrapper,\r\n.rdp-pontos-wrapper .jnews_inline_related_post,\r\n.rdp-pontos-wrapper .jeg_postblock,\r\n.rdp-pontos-wrapper [class*=\"jnews_inline\"],\r\n.rdp-pontos-wrapper [class*=\"jeg_postblock\"],\r\n.rdp-pontos-wrapper [class*=\"jeg_block\"] {\r\n  display: none !important;\r\n  height: 0 !important;\r\n  max-height: 0 !important;\r\n  overflow: hidden !important;\r\n  visibility: hidden !important;\r\n  margin: 0 !important;\r\n  padding: 0 !important;\r\n  border: none !important;\r\n  font-size: 0 !important;\r\n  line-height: 0 !important;\r\n}\r\n.rdp-pontos-wrapper {\r\n  max-width: 100%;\r\n  margin: 32px 0;\r\n  background: #F8F9FA;\r\n  border: 1px solid #E0E0E0;\r\n  border-radius: 12px;\r\n  padding: 28px 28px 20px;\r\n  font-family: 'Inter', sans-serif;\r\n  box-shadow: 0 4px 20px rgba(47,195,238,0.12);\r\n  overflow: hidden;\r\n  contain: layout style;\r\n  isolation: isolate;\r\n  position: relative;\r\n  z-index: 1;\r\n}\r\n.rdp-pontos-wrapper > *:not(.rdp-pontos-title):not(.rdp-pontos-grid) {\r\n  display: none !important;\r\n  height: 0 !important;\r\n  overflow: hidden !important;\r\n  margin: 0 !important;\r\n  padding: 0 !important;\r\n  border: none !important;\r\n}\r\n.rdp-pontos-title {\r\n  font-family: 'Inter', sans-serif;\r\n  font-size: 20px;\r\n  font-weight: 800;\r\n  color: #1A1A1A;\r\n  margin: 0 0 20px 0;\r\n  line-height: 1.3;\r\n  text-align: center;\r\n}\r\n.rdp-pontos-grid {\r\n  display: grid;\r\n  grid-template-columns: repeat(3, 1fr);\r\n  gap: 18px;\r\n}\r\n.rdp-pontos-item {\r\n  background: #FFFFFF;\r\n  border: 1px solid #E0E0E0;\r\n  border-top: 3px solid #2FC3EE;\r\n  border-radius: 10px;\r\n  padding: 22px 20px;\r\n  box-shadow: 0 2px 10px rgba(47,195,238,0.10);\r\n  transition: box-shadow 0.3s ease, border-color 0.3s ease;\r\n  text-align: center;\r\n}\r\n.rdp-pontos-item:hover {\r\n  box-shadow: 0 4px 20px rgba(47,195,238,0.22);\r\n  border-color: #2FC3EE;\r\n}\r\n.rdp-pontos-emoji {\r\n  font-size: 32px;\r\n  line-height: 1;\r\n  margin-bottom: 12px;\r\n  display: block;\r\n  text-align: center;\r\n}\r\n.rdp-pontos-item-title {\r\n  font-size: 15px;\r\n  font-weight: 700;\r\n  color: #1A1A1A;\r\n  margin-bottom: 8px;\r\n  line-height: 1.3;\r\n}\r\n.rdp-pontos-item-desc {\r\n  font-size: 14px;\r\n  color: #333333;\r\n  line-height: 1.6;\r\n  margin: 0;\r\n}\r\n@media (max-width: 768px) {\r\n  .rdp-pontos-wrapper {\r\n    padding: 20px 16px 14px;\r\n  }\r\n  .rdp-pontos-grid {\r\n    grid-template-columns: 1fr;\r\n    gap: 14px;\r\n  }\r\n  .rdp-pontos-title {\r\n    font-size: 18px;\r\n  }\r\n}\r\n<\/style>\r\n<div class=\"rdp-pontos-wrapper\">\r\n  <div class=\"rdp-pontos-title\">Pontos-chave da psicologia<\/div>\r\n  <div class=\"rdp-pontos-grid\">\r\n    <div class=\"rdp-pontos-item\">\r\n      <span class=\"rdp-pontos-emoji\">\ud83e\udde0<\/span>\r\n      <div class=\"rdp-pontos-item-title\">Esgotamento mental, n\u00e3o pregui\u00e7a<\/div>\r\n      <p class=\"rdp-pontos-item-desc\">A psicologia mostra que adiar tarefas simples como lavar a lou\u00e7a costuma ser sinal de sobrecarga cognitiva e emocional, n\u00e3o de m\u00e1 vontade ou descuido.<\/p>\r\n    <\/div>\r\n    <div class=\"rdp-pontos-item\">\r\n      <span class=\"rdp-pontos-emoji\">\ud83d\udcad<\/span>\r\n      <div class=\"rdp-pontos-item-title\">Gatilho nos relacionamentos<\/div>\r\n      <p class=\"rdp-pontos-item-desc\">A lou\u00e7a suja muitas vezes acende conflitos em casa porque representa algo maior: a sensa\u00e7\u00e3o de sobrecarga, divis\u00e3o desigual de tarefas e falta de reconhecimento.<\/p>\r\n    <\/div>\r\n    <div class=\"rdp-pontos-item\">\r\n      <span class=\"rdp-pontos-emoji\">\ud83c\udf31<\/span>\r\n      <div class=\"rdp-pontos-item-title\">Comportamento como espelho emocional<\/div>\r\n      <p class=\"rdp-pontos-item-desc\">H\u00e1bitos dom\u00e9sticos postergados com frequ\u00eancia refletem estados como ansiedade, desmotiva\u00e7\u00e3o ou desconex\u00e3o emocional com o ambiente em que a pessoa vive.<\/p>\r\n    <\/div>\r\n  <\/div>\r\n<\/div>\r\n<div style=\"clear:both;height:0;overflow:hidden;\"><\/div>\n\n\n\n<p>Para quem quiser se aprofundar no tema, a pesquisa publicada no SciELO traz reflex\u00f5es importantes sobre procrastina\u00e7\u00e3o, autorregula\u00e7\u00e3o e bem-estar emocional, e pode ser consultada <a href=\"https:\/\/www.scielo.br\/j\/prc\/a\/qHtSqffPHFXnWBCJQmxgMwG\/\" target=\"_blank\" rel=\"noreferrer noopener\">neste artigo sobre autorregula\u00e7\u00e3o e comportamento na vida cotidiana<\/a>.<\/p>\n\n\n\n<h2 class=\"wp-block-heading\">Por que entender isso pode transformar sua vida e seus relacionamentos<\/h2>\n\n\n\n<p>Quando a gente para de enxergar a lou\u00e7a suja como um defeito de car\u00e1ter e come\u00e7a a ver como um poss\u00edvel sinal de algo mais profundo, tudo muda. O <strong>autoconhecimento<\/strong> \u00e9 exatamente isso: olhar para os pr\u00f3prios comportamentos com curiosidade e empatia, em vez de julgamento. Entender por que voc\u00ea ou algu\u00e9m que voc\u00ea ama age de determinada forma abre espa\u00e7o para conversas mais honestas, divis\u00e3o de tarefas mais justa e muito mais compreens\u00e3o nos relacionamentos.<\/p>\n\n\n\n<p>Essa mudan\u00e7a de olhar tamb\u00e9m ajuda no <strong>bem-estar emocional<\/strong>. Quando voc\u00ea reconhece que est\u00e1 sobrecarregada e que isso afeta sua rotina, fica mais f\u00e1cil pedir ajuda, estabelecer limites e buscar equil\u00edbrio. A sa\u00fade mental come\u00e7a justamente nesse movimento de se observar com mais gentileza.<\/p>\n\n\n\n<h2 class=\"wp-block-heading\">O que a psicologia ainda est\u00e1 descobrindo sobre procrastina\u00e7\u00e3o e esgotamento emocional<\/h2>\n\n\n\n<p>A psicologia continua aprofundando o entendimento sobre como o <strong>esgotamento emocional<\/strong> afeta os comportamentos mais simples do dia a dia. Pesquisas recentes investigam, por exemplo, a rela\u00e7\u00e3o entre a carga mental invis\u00edvel que as mulheres carregam em casa e o impacto disso na sa\u00fade mental e na motiva\u00e7\u00e3o para as tarefas cotidianas. O que a ci\u00eancia vai confirmando \u00e9 que o ambiente dom\u00e9stico \u00e9 muito mais do que um espa\u00e7o f\u00edsico: ele \u00e9 um reflexo das nossas emo\u00e7\u00f5es, dos nossos v\u00ednculos e do nosso estado interior.<\/p>\n\n\n\n<p>Se voc\u00ea se reconheceu em algum desses comportamentos ou pensou em algu\u00e9m querido ao ler este artigo, lembre-se: entender \u00e9 o primeiro passo para transformar. Olhe para si mesma com carinho, reconhe\u00e7a o quanto voc\u00ea carrega e permita-se buscar o equil\u00edbrio com mais leveza e autocompaix\u00e3o.<\/p>\n","protected":false},"excerpt":{"rendered":"<p>Voc\u00ea j\u00e1 parou para pensar por que algumas pessoas simplesmente n\u00e3o conseguem lavar a lou\u00e7a na hora certa, n\u00e3o importa quantas vezes sejam lembradas? Se isso acontece com algu\u00e9m na sua casa ou at\u00e9 com voc\u00ea mesma em certos momentos, saiba que a psicologia comportamental tem muito a dizer sobre esse h\u00e1bito. Deixar a lou\u00e7a [&hellip;]<\/p>\n","protected":false},"author":5,"featured_media":199250,"comment_status":"open","ping_status":"open","sticky":false,"template":"","format":"standard","meta":{"jnews-multi-image_gallery":[],"jnews_single_post":{"format":"standard"},"jnews_primary_category":[],"jnews_social_meta":[],"jnews_override_counter":[],"footnotes":""},"categories":[8819],"tags":[4983,15528,8838,5155],"class_list":["post-199247","post","type-post","status-publish","format-standard","has-post-thumbnail","hentry","category-curiosidades","tag-comportamento","tag-louca","tag-pessoa","tag-psicologia"],"yoast_head":"<!-- This site is optimized with the Yoast SEO plugin v23.8 - https:\/\/yoast.com\/wordpress\/plugins\/seo\/ -->\n<title>Pessoas que deixam lou\u00e7a suja na pia sem lavar geralmente apresentam esses 10 comportamentos - Estado de Minas - Em foco<\/title>\n<meta name=\"description\" content=\"A lou\u00e7a acumulada pode refletir estresse, adiamento e dificuldade na rotina. Veja como a psicologia explica esse comportamento comum.\" \/>\n<meta name=\"robots\" content=\"index, follow, max-snippet:-1, max-image-preview:large, max-video-preview:-1\" \/>\n<link rel=\"canonical\" href=\"https:\/\/www.em.com.br\/emfoco\/2026\/04\/25\/pessoas-que-deixam-louca-suja-na-pia-sem-lavar-geralmente-apresentam-esses-10-comportamentos\/\" \/>\n<meta property=\"og:locale\" content=\"pt_BR\" \/>\n<meta property=\"og:type\" content=\"article\" \/>\n<meta property=\"og:title\" content=\"Pessoas que deixam lou\u00e7a suja na pia sem lavar geralmente apresentam esses 10 comportamentos - Estado de Minas - Em foco\" \/>\n<meta property=\"og:description\" content=\"A lou\u00e7a acumulada pode refletir estresse, adiamento e dificuldade na rotina. Veja como a psicologia explica esse comportamento comum.\" \/>\n<meta property=\"og:url\" content=\"https:\/\/www.em.com.br\/emfoco\/2026\/04\/25\/pessoas-que-deixam-louca-suja-na-pia-sem-lavar-geralmente-apresentam-esses-10-comportamentos\/\" \/>\n<meta property=\"og:site_name\" content=\"Estado de Minas - Em foco\" \/>\n<meta property=\"article:published_time\" content=\"2026-04-25T23:50:00+00:00\" \/>\n<meta property=\"article:modified_time\" content=\"2026-04-25T14:13:58+00:00\" \/>\n<meta property=\"og:image\" content=\"https:\/\/www.em.com.br\/emfoco\/wp-content\/uploads\/2026\/04\/Pessoas-que-deixam-louca-suja-na-pia-sem-lavar-geralmente-apresentam-esses-10-comportamentos.jpg\" \/>\n\t<meta property=\"og:image:width\" content=\"1280\" \/>\n\t<meta property=\"og:image:height\" content=\"720\" \/>\n\t<meta property=\"og:image:type\" content=\"image\/jpeg\" \/>\n<meta name=\"author\" content=\"N\u00fabia Rangel\" \/>\n<meta name=\"twitter:card\" content=\"summary_large_image\" \/>\n<meta name=\"twitter:label1\" content=\"Escrito por\" \/>\n\t<meta name=\"twitter:data1\" content=\"N\u00fabia Rangel\" \/>\n\t<meta name=\"twitter:label2\" content=\"Est. tempo de leitura\" \/>\n\t<meta name=\"twitter:data2\" content=\"7 minutos\" \/>\n<!-- \/ Yoast SEO plugin. -->","yoast_head_json":{"title":"Pessoas que deixam lou\u00e7a suja na pia sem lavar geralmente apresentam esses 10 comportamentos - Estado de Minas - Em foco","description":"A lou\u00e7a acumulada pode refletir estresse, adiamento e dificuldade na rotina. Veja como a psicologia explica esse comportamento comum.","robots":{"index":"index","follow":"follow","max-snippet":"max-snippet:-1","max-image-preview":"max-image-preview:large","max-video-preview":"max-video-preview:-1"},"canonical":"https:\/\/www.em.com.br\/emfoco\/2026\/04\/25\/pessoas-que-deixam-louca-suja-na-pia-sem-lavar-geralmente-apresentam-esses-10-comportamentos\/","og_locale":"pt_BR","og_type":"article","og_title":"Pessoas que deixam lou\u00e7a suja na pia sem lavar geralmente apresentam esses 10 comportamentos - Estado de Minas - Em foco","og_description":"A lou\u00e7a acumulada pode refletir estresse, adiamento e dificuldade na rotina. Veja como a psicologia explica esse comportamento comum.","og_url":"https:\/\/www.em.com.br\/emfoco\/2026\/04\/25\/pessoas-que-deixam-louca-suja-na-pia-sem-lavar-geralmente-apresentam-esses-10-comportamentos\/","og_site_name":"Estado de Minas - Em foco","article_published_time":"2026-04-25T23:50:00+00:00","article_modified_time":"2026-04-25T14:13:58+00:00","og_image":[{"width":1280,"height":720,"url":"https:\/\/www.em.com.br\/emfoco\/wp-content\/uploads\/2026\/04\/Pessoas-que-deixam-louca-suja-na-pia-sem-lavar-geralmente-apresentam-esses-10-comportamentos.jpg","type":"image\/jpeg"}],"author":"N\u00fabia Rangel","twitter_card":"summary_large_image","twitter_misc":{"Escrito por":"N\u00fabia Rangel","Est. tempo de leitura":"7 minutos"},"schema":{"@context":"https:\/\/schema.org","@graph":[{"@type":"WebPage","@id":"https:\/\/www.em.com.br\/emfoco\/2026\/04\/25\/pessoas-que-deixam-louca-suja-na-pia-sem-lavar-geralmente-apresentam-esses-10-comportamentos\/","url":"https:\/\/www.em.com.br\/emfoco\/2026\/04\/25\/pessoas-que-deixam-louca-suja-na-pia-sem-lavar-geralmente-apresentam-esses-10-comportamentos\/","name":"Pessoas que deixam lou\u00e7a suja na pia sem lavar geralmente apresentam esses 10 comportamentos - Estado de Minas - Em foco","isPartOf":{"@id":"https:\/\/www.em.com.br\/emfoco\/#website"},"primaryImageOfPage":{"@id":"https:\/\/www.em.com.br\/emfoco\/2026\/04\/25\/pessoas-que-deixam-louca-suja-na-pia-sem-lavar-geralmente-apresentam-esses-10-comportamentos\/#primaryimage"},"image":{"@id":"https:\/\/www.em.com.br\/emfoco\/2026\/04\/25\/pessoas-que-deixam-louca-suja-na-pia-sem-lavar-geralmente-apresentam-esses-10-comportamentos\/#primaryimage"},"thumbnailUrl":"https:\/\/www.em.com.br\/emfoco\/wp-content\/uploads\/2026\/04\/Pessoas-que-deixam-louca-suja-na-pia-sem-lavar-geralmente-apresentam-esses-10-comportamentos.jpg","datePublished":"2026-04-25T23:50:00+00:00","dateModified":"2026-04-25T14:13:58+00:00","author":{"@id":"https:\/\/www.em.com.br\/emfoco\/#\/schema\/person\/524437ef54f8a5d32591b143307f2e20"},"description":"A lou\u00e7a acumulada pode refletir estresse, adiamento e dificuldade na rotina. Veja como a psicologia explica esse comportamento comum.","breadcrumb":{"@id":"https:\/\/www.em.com.br\/emfoco\/2026\/04\/25\/pessoas-que-deixam-louca-suja-na-pia-sem-lavar-geralmente-apresentam-esses-10-comportamentos\/#breadcrumb"},"inLanguage":"pt-BR","potentialAction":[{"@type":"ReadAction","target":["https:\/\/www.em.com.br\/emfoco\/2026\/04\/25\/pessoas-que-deixam-louca-suja-na-pia-sem-lavar-geralmente-apresentam-esses-10-comportamentos\/"]}]},{"@type":"ImageObject","inLanguage":"pt-BR","@id":"https:\/\/www.em.com.br\/emfoco\/2026\/04\/25\/pessoas-que-deixam-louca-suja-na-pia-sem-lavar-geralmente-apresentam-esses-10-comportamentos\/#primaryimage","url":"https:\/\/www.em.com.br\/emfoco\/wp-content\/uploads\/2026\/04\/Pessoas-que-deixam-louca-suja-na-pia-sem-lavar-geralmente-apresentam-esses-10-comportamentos.jpg","contentUrl":"https:\/\/www.em.com.br\/emfoco\/wp-content\/uploads\/2026\/04\/Pessoas-que-deixam-louca-suja-na-pia-sem-lavar-geralmente-apresentam-esses-10-comportamentos.jpg","width":1280,"height":720,"caption":"Adiar tarefas simples nem sempre \u00e9 pregui\u00e7a."},{"@type":"BreadcrumbList","@id":"https:\/\/www.em.com.br\/emfoco\/2026\/04\/25\/pessoas-que-deixam-louca-suja-na-pia-sem-lavar-geralmente-apresentam-esses-10-comportamentos\/#breadcrumb","itemListElement":[{"@type":"ListItem","position":1,"name":"In\u00edcio","item":"https:\/\/www.em.com.br\/emfoco\/"},{"@type":"ListItem","position":2,"name":"Pessoas que deixam lou\u00e7a suja na pia sem lavar geralmente apresentam esses 10 comportamentos"}]},{"@type":"WebSite","@id":"https:\/\/www.em.com.br\/emfoco\/#website","url":"https:\/\/www.em.com.br\/emfoco\/","name":"Estado de Minas - Em foco","description":"Acompanhe as \u00faltimas not\u00edcias e fique bem informado sobre tudo o que acontece em Minas Gerais, Brasil e no mundo.","potentialAction":[{"@type":"SearchAction","target":{"@type":"EntryPoint","urlTemplate":"https:\/\/www.em.com.br\/emfoco\/?s={search_term_string}"},"query-input":{"@type":"PropertyValueSpecification","valueRequired":true,"valueName":"search_term_string"}}],"inLanguage":"pt-BR"},{"@type":"Person","@id":"https:\/\/www.em.com.br\/emfoco\/#\/schema\/person\/524437ef54f8a5d32591b143307f2e20","name":"N\u00fabia Rangel","image":{"@type":"ImageObject","inLanguage":"pt-BR","@id":"https:\/\/www.em.com.br\/emfoco\/#\/schema\/person\/image\/","url":"https:\/\/secure.gravatar.com\/avatar\/47cff2827a5ba23c37e8068c86817ea4?s=96&d=mm&r=g","contentUrl":"https:\/\/secure.gravatar.com\/avatar\/47cff2827a5ba23c37e8068c86817ea4?s=96&d=mm&r=g","caption":"N\u00fabia Rangel"},"sameAs":["https:\/\/www.em.com.br\/emfoco\/"],"url":"https:\/\/www.em.com.br\/emfoco\/author\/nubiamyth\/"}]}},"_links":{"self":[{"href":"https:\/\/www.em.com.br\/emfoco\/wp-json\/wp\/v2\/posts\/199247","targetHints":{"allow":["GET"]}}],"collection":[{"href":"https:\/\/www.em.com.br\/emfoco\/wp-json\/wp\/v2\/posts"}],"about":[{"href":"https:\/\/www.em.com.br\/emfoco\/wp-json\/wp\/v2\/types\/post"}],"author":[{"embeddable":true,"href":"https:\/\/www.em.com.br\/emfoco\/wp-json\/wp\/v2\/users\/5"}],"replies":[{"embeddable":true,"href":"https:\/\/www.em.com.br\/emfoco\/wp-json\/wp\/v2\/comments?post=199247"}],"version-history":[{"count":2,"href":"https:\/\/www.em.com.br\/emfoco\/wp-json\/wp\/v2\/posts\/199247\/revisions"}],"predecessor-version":[{"id":199251,"href":"https:\/\/www.em.com.br\/emfoco\/wp-json\/wp\/v2\/posts\/199247\/revisions\/199251"}],"wp:featuredmedia":[{"embeddable":true,"href":"https:\/\/www.em.com.br\/emfoco\/wp-json\/wp\/v2\/media\/199250"}],"wp:attachment":[{"href":"https:\/\/www.em.com.br\/emfoco\/wp-json\/wp\/v2\/media?parent=199247"}],"wp:term":[{"taxonomy":"category","embeddable":true,"href":"https:\/\/www.em.com.br\/emfoco\/wp-json\/wp\/v2\/categories?post=199247"},{"taxonomy":"post_tag","embeddable":true,"href":"https:\/\/www.em.com.br\/emfoco\/wp-json\/wp\/v2\/tags?post=199247"}],"curies":[{"name":"wp","href":"https:\/\/api.w.org\/{rel}","templated":true}]}}