{"id":199235,"date":"2026-04-27T21:25:00","date_gmt":"2026-04-28T00:25:00","guid":{"rendered":"https:\/\/www.em.com.br\/emfoco\/?p=199235"},"modified":"2026-04-26T06:55:44","modified_gmt":"2026-04-26T09:55:44","slug":"colocar-cafe-no-vaso-sanitario-pode-trazer-beneficios-inesperados-veja-por-que-e-recomendado-e-para-que-serve","status":"publish","type":"post","link":"https:\/\/www.em.com.br\/emfoco\/2026\/04\/27\/colocar-cafe-no-vaso-sanitario-pode-trazer-beneficios-inesperados-veja-por-que-e-recomendado-e-para-que-serve\/","title":{"rendered":"Colocar caf\u00e9 no vaso sanit\u00e1rio pode trazer benef\u00edcios inesperados: veja por que \u00e9 recomendado e para que serve"},"content":{"rendered":"\n<p>Utilizar <strong>caf\u00e9 no vaso sanit\u00e1rio<\/strong> \u00e9 uma t\u00e9cnica caseira que aproveita a borra usada para neutralizar odores desagrad\u00e1veis e realizar uma abras\u00e3o leve na cer\u00e2mica. Esse m\u00e9todo ecol\u00f3gico funciona como um desodorizante natural, sendo uma alternativa pr\u00e1tica aos produtos qu\u00edmicos tradicionais.<\/p>\n\n\n\n<h2 class=\"wp-block-heading\">Quais s\u00e3o as propriedades naturais que justificam o uso do caf\u00e9?<\/h2>\n\n\n\n<p>A <strong>borra de caf\u00e9<\/strong> atua atrav\u00e9s de tr\u00eas mecanismos: a estrutura porosa captura mol\u00e9culas de odor, os gr\u00e3os mo\u00eddos removem manchas superficiais por abras\u00e3o e o pH levemente \u00e1cido ajuda a dissolver dep\u00f3sitos de calc\u00e1rio. Essa combina\u00e7\u00e3o mant\u00e9m o ambiente mais fresco sem agredir o acabamento do sanit\u00e1rio.<\/p>\n\n\n\n<p>Diferente de desinfetantes industriais, o <strong>caf\u00e9 no vaso sanit\u00e1rio<\/strong> n\u00e3o possui a\u00e7\u00e3o germicida comprovada, servindo apenas para manuten\u00e7\u00e3o est\u00e9tica e sensorial. O uso \u00e9 recomendado para neutralizar odores que sobem pelas tubula\u00e7\u00f5es, especialmente em banheiros que possuem pouca ventila\u00e7\u00e3o natural no dia a dia.<\/p>\n\n\n<div class=\"wp-block-image\">\n<figure class=\"aligncenter size-large\"><img loading=\"lazy\" decoding=\"async\" width=\"1024\" height=\"576\" src=\"https:\/\/www.em.com.br\/emfoco\/wp-content\/uploads\/2026\/04\/cafe-1024x576.jpg\" alt=\"Mistura de caf\u00e9 no banheiro vira truque caseiro para resolver problema comum\" class=\"wp-image-199273\" srcset=\"https:\/\/www.em.com.br\/emfoco\/wp-content\/uploads\/2026\/04\/cafe-1024x576.jpg 1024w, https:\/\/www.em.com.br\/emfoco\/wp-content\/uploads\/2026\/04\/cafe-300x169.jpg 300w, https:\/\/www.em.com.br\/emfoco\/wp-content\/uploads\/2026\/04\/cafe-768x432.jpg 768w, https:\/\/www.em.com.br\/emfoco\/wp-content\/uploads\/2026\/04\/cafe-750x422.jpg 750w, https:\/\/www.em.com.br\/emfoco\/wp-content\/uploads\/2026\/04\/cafe-1140x641.jpg 1140w, https:\/\/www.em.com.br\/emfoco\/wp-content\/uploads\/2026\/04\/cafe.jpg 1280w\" sizes=\"auto, (max-width: 1024px) 100vw, 1024px\" \/><figcaption class=\"wp-element-caption\">Mistura de caf\u00e9 no banheiro vira truque caseiro para resolver problema comum<\/figcaption><\/figure><\/div>\n\n\n<h2 class=\"wp-block-heading\">Como aplicar o caf\u00e9 de forma segura e eficiente?<\/h2>\n\n\n\n<p>Para garantir a efic\u00e1cia sem causar danos, \u00e9 fundamental utilizar apenas a borra usada e nunca o caf\u00e9 sol\u00favel, que pode manchar a porcelana. A mistura deve ser dilu\u00edda em um pouco de \u00e1gua morna antes de ser despejada diretamente no sif\u00e3o do vaso sanit\u00e1rio.<\/p>\n\n\n\n<p>O tempo de a\u00e7\u00e3o ideal para que os benef\u00edcios sejam percebidos \u00e9 de aproximadamente <strong>20 minutos<\/strong> antes da descarga final. Confira abaixo os passos para uma aplica\u00e7\u00e3o correta no seu banheiro:<\/p>\n\n\n\n<ol class=\"wp-block-list\">\n<li>Separe <strong>2 a 3 colheres<\/strong> de sopa de borra de caf\u00e9 \u00famida ap\u00f3s o preparo.<\/li>\n\n\n\n<li>Misture a borra com um pouco de <strong>\u00e1gua morna<\/strong> at\u00e9 formar uma solu\u00e7\u00e3o mais fluida.<\/li>\n\n\n\n<li>Despeje no vaso sanit\u00e1rio e, se necess\u00e1rio, esfregue levemente as bordas com a escova.<\/li>\n\n\n\n<li>Finalize dando a descarga para remover os res\u00edduos e limpar o fundo do sif\u00e3o.<\/li>\n<\/ol>\n\n\n\n<h2 class=\"wp-block-heading\">Quais os riscos de entupimento ao usar este m\u00e9todo?<\/h2>\n\n\n\n<p>O maior perigo de colocar <strong>caf\u00e9 no vaso sanit\u00e1rio<\/strong> em excesso \u00e9 o ac\u00famulo de s\u00f3lidos nas curvas das tubula\u00e7\u00f5es. Se os gr\u00e3os encontrarem gordura ou cabelos retidos no encanamento, podem formar blocos r\u00edgidos que exigir\u00e3o a interven\u00e7\u00e3o de um encanador profissional.<\/p>\n\n\n\n<p>A <a href=\"https:\/\/www.em.com.br\/emfoco\/2026\/04\/25\/guardar-papel-aluminio-nas-gavetas-da-cozinha-por-que-funciona-e-por-que-tanta-gente-faz-isso\/\" target=\"_blank\" rel=\"noreferrer noopener\">regra de ouro<\/a> \u00e9 nunca ultrapassar a medida recomendada e evitar o uso di\u00e1rio se o sistema de esgoto da resid\u00eancia for antigo ou tiver vaz\u00e3o lenta. O uso ocasional, cerca de <strong>duas vezes<\/strong> por semana, \u00e9 considerado seguro para a maioria das instala\u00e7\u00f5es modernas de saneamento b\u00e1sico.<\/p>\n\n\n\n<h2 class=\"wp-block-heading\">Quando o uso da borra de caf\u00e9 \u00e9 realmente indicado?<\/h2>\n\n\n\n<p>Este truque brilha como solu\u00e7\u00e3o preventiva, especialmente antes de viagens longas, pois a borra retida no sif\u00e3o atua como um filtro de odores persistentes. \u00c9 uma escolha excelente para quem busca reduzir o impacto ambiental do descarte de res\u00edduos org\u00e2nicos na cozinha.<\/p>\n\n\n\n<p>Para entender melhor a diferen\u00e7a entre manuten\u00e7\u00e3o e limpeza profunda, analise o comparativo de efic\u00e1cia entre as op\u00e7\u00f5es dispon\u00edveis para o seu banheiro:<\/p>\n\n\n<div class=\"wp-block-image\">\n<figure class=\"aligncenter size-large is-resized\"><img loading=\"lazy\" decoding=\"async\" width=\"1024\" height=\"860\" src=\"https:\/\/www.em.com.br\/emfoco\/wp-content\/uploads\/2026\/04\/image-182-1024x860.png\" alt=\"\" class=\"wp-image-199240\" style=\"width:712px;height:auto\" srcset=\"https:\/\/www.em.com.br\/emfoco\/wp-content\/uploads\/2026\/04\/image-182-1024x860.png 1024w, https:\/\/www.em.com.br\/emfoco\/wp-content\/uploads\/2026\/04\/image-182-300x252.png 300w, https:\/\/www.em.com.br\/emfoco\/wp-content\/uploads\/2026\/04\/image-182-768x645.png 768w, https:\/\/www.em.com.br\/emfoco\/wp-content\/uploads\/2026\/04\/image-182-750x630.png 750w, https:\/\/www.em.com.br\/emfoco\/wp-content\/uploads\/2026\/04\/image-182-1140x957.png 1140w, https:\/\/www.em.com.br\/emfoco\/wp-content\/uploads\/2026\/04\/image-182.png 1280w\" sizes=\"auto, (max-width: 1024px) 100vw, 1024px\" \/><\/figure><\/div>\n\n\n<h2 class=\"wp-block-heading\">Vale a pena substituir os produtos tradicionais pelo caf\u00e9?<\/h2>\n\n\n\n<p>O <strong>caf\u00e9 no vaso sanit\u00e1rio<\/strong> deve ser visto como um complemento e n\u00e3o como um substituto total para a higieniza\u00e7\u00e3o bactericida. Manter a higiene do banheiro exige produtos que eliminem microrganismos, algo que a borra de caf\u00e9, apesar de suas qualidades f\u00edsicas, n\u00e3o consegue realizar sozinha.<\/p>\n\n\n\n<p>Aproveitar res\u00edduos org\u00e2nicos \u00e9 uma pr\u00e1tica de economia circular que vem crescendo nos lares brasileiros em 2026. Dados oficiais sobre coleta e tratamento de res\u00edduos podem ser consultados no <a href=\"https:\/\/www.gov.br\/cidades\/pt-br\/acesso-a-informacao\/acoes-e-programas\/saneamento\/snis\" target=\"_blank\" rel=\"noreferrer noopener\">SNIS<\/a>. J\u00e1 o <a href=\"https:\/\/www.gov.br\/mma\/pt-br\" target=\"_blank\" rel=\"noreferrer noopener\">Minist\u00e9rio do Meio Ambiente e Mudan\u00e7a do Clima<\/a> re\u00fane informa\u00e7\u00f5es e orienta\u00e7\u00f5es sobre gest\u00e3o de res\u00edduos e sustentabilidade no pa\u00eds.<\/p>\n","protected":false},"excerpt":{"rendered":"<p>Utilizar caf\u00e9 no vaso sanit\u00e1rio \u00e9 uma t\u00e9cnica caseira que aproveita a borra usada para neutralizar odores desagrad\u00e1veis e realizar uma abras\u00e3o leve na cer\u00e2mica. Esse m\u00e9todo ecol\u00f3gico funciona como um desodorizante natural, sendo uma alternativa pr\u00e1tica aos produtos qu\u00edmicos tradicionais. Quais s\u00e3o as propriedades naturais que justificam o uso do caf\u00e9? A borra de [&hellip;]<\/p>\n","protected":false},"author":30,"featured_media":199272,"comment_status":"open","ping_status":"open","sticky":false,"template":"","format":"standard","meta":{"jnews-multi-image_gallery":[],"jnews_single_post":{"format":"standard"},"jnews_primary_category":[],"jnews_social_meta":[],"jnews_override_counter":[],"footnotes":""},"categories":[8691],"tags":[1579,2911,3337,325],"class_list":["post-199235","post","type-post","status-publish","format-standard","has-post-thumbnail","hentry","category-bem-estar","tag-cafe","tag-casa","tag-limpeza","tag-sustentabilidade"],"yoast_head":"<!-- This site is optimized with the Yoast SEO plugin v23.8 - https:\/\/yoast.com\/wordpress\/plugins\/seo\/ -->\n<title>Colocar caf\u00e9 no vaso sanit\u00e1rio pode trazer benef\u00edcios inesperados: veja por que \u00e9 recomendado e para que serve - Estado de Minas - Em foco<\/title>\n<meta name=\"description\" content=\"Entenda por que colar caf\u00e9 no vaso sanit\u00e1rio \u00e9 recomendado. Veja os benef\u00edcios inesperados desta t\u00e9cnica caseira para odores.\" \/>\n<meta name=\"robots\" content=\"index, follow, max-snippet:-1, max-image-preview:large, max-video-preview:-1\" \/>\n<link rel=\"canonical\" href=\"https:\/\/www.em.com.br\/emfoco\/2026\/04\/27\/colocar-cafe-no-vaso-sanitario-pode-trazer-beneficios-inesperados-veja-por-que-e-recomendado-e-para-que-serve\/\" \/>\n<meta property=\"og:locale\" content=\"pt_BR\" \/>\n<meta property=\"og:type\" content=\"article\" \/>\n<meta property=\"og:title\" content=\"Colocar caf\u00e9 no vaso sanit\u00e1rio pode trazer benef\u00edcios inesperados: veja por que \u00e9 recomendado e para que serve - Estado de Minas - Em foco\" \/>\n<meta property=\"og:description\" content=\"Entenda por que colar caf\u00e9 no vaso sanit\u00e1rio \u00e9 recomendado. Veja os benef\u00edcios inesperados desta t\u00e9cnica caseira para odores.\" \/>\n<meta property=\"og:url\" content=\"https:\/\/www.em.com.br\/emfoco\/2026\/04\/27\/colocar-cafe-no-vaso-sanitario-pode-trazer-beneficios-inesperados-veja-por-que-e-recomendado-e-para-que-serve\/\" \/>\n<meta property=\"og:site_name\" content=\"Estado de Minas - Em foco\" \/>\n<meta property=\"article:published_time\" content=\"2026-04-28T00:25:00+00:00\" \/>\n<meta property=\"article:modified_time\" content=\"2026-04-26T09:55:44+00:00\" \/>\n<meta property=\"og:image\" content=\"https:\/\/www.em.com.br\/emfoco\/wp-content\/uploads\/2026\/04\/borrafa-cafe.jpg\" \/>\n\t<meta property=\"og:image:width\" content=\"1280\" \/>\n\t<meta property=\"og:image:height\" content=\"720\" \/>\n\t<meta property=\"og:image:type\" content=\"image\/jpeg\" \/>\n<meta name=\"author\" content=\"Guilherme Ara\u00fajo\" \/>\n<meta name=\"twitter:card\" content=\"summary_large_image\" \/>\n<meta name=\"twitter:label1\" content=\"Escrito por\" \/>\n\t<meta name=\"twitter:data1\" content=\"Guilherme Ara\u00fajo\" \/>\n\t<meta name=\"twitter:label2\" content=\"Est. tempo de leitura\" \/>\n\t<meta name=\"twitter:data2\" content=\"4 minutos\" \/>\n<!-- \/ Yoast SEO plugin. -->","yoast_head_json":{"title":"Colocar caf\u00e9 no vaso sanit\u00e1rio pode trazer benef\u00edcios inesperados: veja por que \u00e9 recomendado e para que serve - Estado de Minas - Em foco","description":"Entenda por que colar caf\u00e9 no vaso sanit\u00e1rio \u00e9 recomendado. Veja os benef\u00edcios inesperados desta t\u00e9cnica caseira para odores.","robots":{"index":"index","follow":"follow","max-snippet":"max-snippet:-1","max-image-preview":"max-image-preview:large","max-video-preview":"max-video-preview:-1"},"canonical":"https:\/\/www.em.com.br\/emfoco\/2026\/04\/27\/colocar-cafe-no-vaso-sanitario-pode-trazer-beneficios-inesperados-veja-por-que-e-recomendado-e-para-que-serve\/","og_locale":"pt_BR","og_type":"article","og_title":"Colocar caf\u00e9 no vaso sanit\u00e1rio pode trazer benef\u00edcios inesperados: veja por que \u00e9 recomendado e para que serve - Estado de Minas - Em foco","og_description":"Entenda por que colar caf\u00e9 no vaso sanit\u00e1rio \u00e9 recomendado. Veja os benef\u00edcios inesperados desta t\u00e9cnica caseira para odores.","og_url":"https:\/\/www.em.com.br\/emfoco\/2026\/04\/27\/colocar-cafe-no-vaso-sanitario-pode-trazer-beneficios-inesperados-veja-por-que-e-recomendado-e-para-que-serve\/","og_site_name":"Estado de Minas - Em foco","article_published_time":"2026-04-28T00:25:00+00:00","article_modified_time":"2026-04-26T09:55:44+00:00","og_image":[{"width":1280,"height":720,"url":"https:\/\/www.em.com.br\/emfoco\/wp-content\/uploads\/2026\/04\/borrafa-cafe.jpg","type":"image\/jpeg"}],"author":"Guilherme Ara\u00fajo","twitter_card":"summary_large_image","twitter_misc":{"Escrito por":"Guilherme Ara\u00fajo","Est. tempo de leitura":"4 minutos"},"schema":{"@context":"https:\/\/schema.org","@graph":[{"@type":"WebPage","@id":"https:\/\/www.em.com.br\/emfoco\/2026\/04\/27\/colocar-cafe-no-vaso-sanitario-pode-trazer-beneficios-inesperados-veja-por-que-e-recomendado-e-para-que-serve\/","url":"https:\/\/www.em.com.br\/emfoco\/2026\/04\/27\/colocar-cafe-no-vaso-sanitario-pode-trazer-beneficios-inesperados-veja-por-que-e-recomendado-e-para-que-serve\/","name":"Colocar caf\u00e9 no vaso sanit\u00e1rio pode trazer benef\u00edcios inesperados: veja por que \u00e9 recomendado e para que serve - Estado de Minas - Em foco","isPartOf":{"@id":"https:\/\/www.em.com.br\/emfoco\/#website"},"primaryImageOfPage":{"@id":"https:\/\/www.em.com.br\/emfoco\/2026\/04\/27\/colocar-cafe-no-vaso-sanitario-pode-trazer-beneficios-inesperados-veja-por-que-e-recomendado-e-para-que-serve\/#primaryimage"},"image":{"@id":"https:\/\/www.em.com.br\/emfoco\/2026\/04\/27\/colocar-cafe-no-vaso-sanitario-pode-trazer-beneficios-inesperados-veja-por-que-e-recomendado-e-para-que-serve\/#primaryimage"},"thumbnailUrl":"https:\/\/www.em.com.br\/emfoco\/wp-content\/uploads\/2026\/04\/borrafa-cafe.jpg","datePublished":"2026-04-28T00:25:00+00:00","dateModified":"2026-04-26T09:55:44+00:00","author":{"@id":"https:\/\/www.em.com.br\/emfoco\/#\/schema\/person\/5379e929a4b966c775d121e23f9bb421"},"description":"Entenda por que colar caf\u00e9 no vaso sanit\u00e1rio \u00e9 recomendado. Veja os benef\u00edcios inesperados desta t\u00e9cnica caseira para odores.","breadcrumb":{"@id":"https:\/\/www.em.com.br\/emfoco\/2026\/04\/27\/colocar-cafe-no-vaso-sanitario-pode-trazer-beneficios-inesperados-veja-por-que-e-recomendado-e-para-que-serve\/#breadcrumb"},"inLanguage":"pt-BR","potentialAction":[{"@type":"ReadAction","target":["https:\/\/www.em.com.br\/emfoco\/2026\/04\/27\/colocar-cafe-no-vaso-sanitario-pode-trazer-beneficios-inesperados-veja-por-que-e-recomendado-e-para-que-serve\/"]}]},{"@type":"ImageObject","inLanguage":"pt-BR","@id":"https:\/\/www.em.com.br\/emfoco\/2026\/04\/27\/colocar-cafe-no-vaso-sanitario-pode-trazer-beneficios-inesperados-veja-por-que-e-recomendado-e-para-que-serve\/#primaryimage","url":"https:\/\/www.em.com.br\/emfoco\/wp-content\/uploads\/2026\/04\/borrafa-cafe.jpg","contentUrl":"https:\/\/www.em.com.br\/emfoco\/wp-content\/uploads\/2026\/04\/borrafa-cafe.jpg","width":1280,"height":720,"caption":"Motivo para despejar p\u00f3 de caf\u00e9 no vaso sanit\u00e1rio surpreende donas de casa"},{"@type":"BreadcrumbList","@id":"https:\/\/www.em.com.br\/emfoco\/2026\/04\/27\/colocar-cafe-no-vaso-sanitario-pode-trazer-beneficios-inesperados-veja-por-que-e-recomendado-e-para-que-serve\/#breadcrumb","itemListElement":[{"@type":"ListItem","position":1,"name":"In\u00edcio","item":"https:\/\/www.em.com.br\/emfoco\/"},{"@type":"ListItem","position":2,"name":"Colocar caf\u00e9 no vaso sanit\u00e1rio pode trazer benef\u00edcios inesperados: veja por que \u00e9 recomendado e para que serve"}]},{"@type":"WebSite","@id":"https:\/\/www.em.com.br\/emfoco\/#website","url":"https:\/\/www.em.com.br\/emfoco\/","name":"Estado de Minas - Em foco","description":"Acompanhe as \u00faltimas not\u00edcias e fique bem informado sobre tudo o que acontece em Minas Gerais, Brasil e no mundo.","potentialAction":[{"@type":"SearchAction","target":{"@type":"EntryPoint","urlTemplate":"https:\/\/www.em.com.br\/emfoco\/?s={search_term_string}"},"query-input":{"@type":"PropertyValueSpecification","valueRequired":true,"valueName":"search_term_string"}}],"inLanguage":"pt-BR"},{"@type":"Person","@id":"https:\/\/www.em.com.br\/emfoco\/#\/schema\/person\/5379e929a4b966c775d121e23f9bb421","name":"Guilherme Ara\u00fajo","image":{"@type":"ImageObject","inLanguage":"pt-BR","@id":"https:\/\/www.em.com.br\/emfoco\/#\/schema\/person\/image\/","url":"https:\/\/secure.gravatar.com\/avatar\/b8bf1fd0130e170bd8f5d7298dbafa25?s=96&d=mm&r=g","contentUrl":"https:\/\/secure.gravatar.com\/avatar\/b8bf1fd0130e170bd8f5d7298dbafa25?s=96&d=mm&r=g","caption":"Guilherme Ara\u00fajo"},"sameAs":["https:\/\/www.em.com.br\/emfoco"],"url":"https:\/\/www.em.com.br\/emfoco\/author\/guilhermeamyth\/"}]}},"_links":{"self":[{"href":"https:\/\/www.em.com.br\/emfoco\/wp-json\/wp\/v2\/posts\/199235","targetHints":{"allow":["GET"]}}],"collection":[{"href":"https:\/\/www.em.com.br\/emfoco\/wp-json\/wp\/v2\/posts"}],"about":[{"href":"https:\/\/www.em.com.br\/emfoco\/wp-json\/wp\/v2\/types\/post"}],"author":[{"embeddable":true,"href":"https:\/\/www.em.com.br\/emfoco\/wp-json\/wp\/v2\/users\/30"}],"replies":[{"embeddable":true,"href":"https:\/\/www.em.com.br\/emfoco\/wp-json\/wp\/v2\/comments?post=199235"}],"version-history":[{"count":3,"href":"https:\/\/www.em.com.br\/emfoco\/wp-json\/wp\/v2\/posts\/199235\/revisions"}],"predecessor-version":[{"id":199274,"href":"https:\/\/www.em.com.br\/emfoco\/wp-json\/wp\/v2\/posts\/199235\/revisions\/199274"}],"wp:featuredmedia":[{"embeddable":true,"href":"https:\/\/www.em.com.br\/emfoco\/wp-json\/wp\/v2\/media\/199272"}],"wp:attachment":[{"href":"https:\/\/www.em.com.br\/emfoco\/wp-json\/wp\/v2\/media?parent=199235"}],"wp:term":[{"taxonomy":"category","embeddable":true,"href":"https:\/\/www.em.com.br\/emfoco\/wp-json\/wp\/v2\/categories?post=199235"},{"taxonomy":"post_tag","embeddable":true,"href":"https:\/\/www.em.com.br\/emfoco\/wp-json\/wp\/v2\/tags?post=199235"}],"curies":[{"name":"wp","href":"https:\/\/api.w.org\/{rel}","templated":true}]}}