{"id":199233,"date":"2026-04-27T21:05:00","date_gmt":"2026-04-28T00:05:00","guid":{"rendered":"https:\/\/www.em.com.br\/emfoco\/?p=199233"},"modified":"2026-04-27T06:49:44","modified_gmt":"2026-04-27T09:49:44","slug":"a-melhor-resposta-contra-o-alzheimer-descoberta-revela-atividade-que-pode-reativar-a-memoria-em-qualquer-idade","status":"publish","type":"post","link":"https:\/\/www.em.com.br\/emfoco\/2026\/04\/27\/a-melhor-resposta-contra-o-alzheimer-descoberta-revela-atividade-que-pode-reativar-a-memoria-em-qualquer-idade\/","title":{"rendered":"A melhor resposta contra o Alzheimer descoberta revela atividade que pode reativar a mem\u00f3ria em qualquer idade"},"content":{"rendered":"\n<p>O exerc\u00edcio f\u00edsico regular \u00e9 a interven\u00e7\u00e3o mais eficaz para reduzir o risco de <strong>Alzheimer<\/strong> e preservar as fun\u00e7\u00f5es cognitivas durante o envelhecimento. Estudos recentes confirmam que a atividade motora estimula prote\u00ednas que protegem os neur\u00f4nios e fortalecem a sa\u00fade cerebral.<\/p>\n\n\n\n<h2 class=\"wp-block-heading\">Como o exerc\u00edcio f\u00edsico atua diretamente no c\u00e9rebro?<\/h2>\n\n\n\n<p>Durante a atividade f\u00edsica, o f\u00edgado libera uma prote\u00edna chamada <strong>GPLD1<\/strong>, que viaja pelo sangue e atua na barreira hematoencef\u00e1lica. Esse processo biol\u00f3gico ajuda a manter a integridade do tecido cerebral, combatendo a deteriora\u00e7\u00e3o que ocorre naturalmente com o avan\u00e7o da idade.<\/p>\n\n\n\n<p>Pesquisas publicadas na <a href=\"https:\/\/pmc.ncbi.nlm.nih.gov\/articles\/PMC12599043\/\" target=\"_blank\" rel=\"noreferrer noopener\">PMC\/NIH<\/a> mapearam como o movimento reativa genes espec\u00edficos no hipocampo. Essa regi\u00e3o \u00e9 a central da mem\u00f3ria e, quando estimulada, consegue contrariar parte dos danos celulares causados pelo <strong>Alzheimer<\/strong>, promovendo maior resili\u00eancia cognitiva.<\/p>\n\n\n<div class=\"wp-block-image\">\n<figure class=\"aligncenter size-large is-resized\"><img loading=\"lazy\" decoding=\"async\" width=\"1024\" height=\"576\" src=\"https:\/\/www.em.com.br\/emfoco\/wp-content\/uploads\/2026\/04\/almzher-1024x576.jpg\" alt=\"Atividade simples \u00e9 apontada como aliada para reativar o c\u00e9rebro em qualquer idade\" class=\"wp-image-199268\" style=\"width:846px;height:auto\" srcset=\"https:\/\/www.em.com.br\/emfoco\/wp-content\/uploads\/2026\/04\/almzher-1024x576.jpg 1024w, https:\/\/www.em.com.br\/emfoco\/wp-content\/uploads\/2026\/04\/almzher-300x169.jpg 300w, https:\/\/www.em.com.br\/emfoco\/wp-content\/uploads\/2026\/04\/almzher-768x432.jpg 768w, https:\/\/www.em.com.br\/emfoco\/wp-content\/uploads\/2026\/04\/almzher-750x422.jpg 750w, https:\/\/www.em.com.br\/emfoco\/wp-content\/uploads\/2026\/04\/almzher-1140x641.jpg 1140w, https:\/\/www.em.com.br\/emfoco\/wp-content\/uploads\/2026\/04\/almzher.jpg 1280w\" sizes=\"auto, (max-width: 1024px) 100vw, 1024px\" \/><figcaption class=\"wp-element-caption\">Atividade simples \u00e9 apontada como aliada para reativar o c\u00e9rebro em qualquer idade<\/figcaption><\/figure><\/div>\n\n\n<h2 class=\"wp-block-heading\">Qual \u00e9 a dose semanal ideal de atividade f\u00edsica?<\/h2>\n\n\n\n<p>Uma an\u00e1lise de dados com mais de 91.000 participantes do <strong>UK Biobank<\/strong>, publicada em 2025 no<strong> <a href=\"https:\/\/pmc.ncbi.nlm.nih.gov\/articles\/PMC12321620\/\" target=\"_blank\" rel=\"noreferrer noopener\">PubMed Central (PMC\/NIH)<\/a><\/strong>, indica que atingir <strong>300 minutos<\/strong> semanais de atividade moderada a vigorosa reduz significativamente o risco de dem\u00eancia. No entanto, volumes menores de atividade j\u00e1 est\u00e3o associados a benef\u00edcios mensur\u00e1veis na preserva\u00e7\u00e3o do volume cerebral e das fun\u00e7\u00f5es executivas.<\/p>\n\n\n\n<p>Mesmo quem come\u00e7a a praticar exerc\u00edcios na meia-idade consegue observar melhorias nos marcadores biol\u00f3gicos do c\u00e9rebro. Manter a const\u00e2ncia \u00e9 o fator mais importante para garantir que o c\u00f3rtex pr\u00e9-frontal permane\u00e7a est\u00e1vel, evitando a perda de massa cinzenta associada ao <strong>Alzheimer<\/strong>.<\/p>\n\n\n\n<h2 class=\"wp-block-heading\">Quais modalidades oferecem maior prote\u00e7\u00e3o contra o Alzheimer?<\/h2>\n\n\n\n<p>As atividades aer\u00f3bicas, como nata\u00e7\u00e3o, caminhada e ciclismo, possuem as evid\u00eancias mais robustas para a melhora da cogni\u00e7\u00e3o global. J\u00e1 o treino de resist\u00eancia muscular, como a muscula\u00e7\u00e3o, foca no aprimoramento de fun\u00e7\u00f5es executivas como o planejamento e o controle inibit\u00f3rio.<\/p>\n\n\n\n<p>A estrat\u00e9gia mais recomendada por especialistas \u00e9 a combina\u00e7\u00e3o de diferentes est\u00edmulos para o corpo. Confira os tipos de exerc\u00edcios que comp\u00f5em um programa multimodal eficiente:<\/p>\n\n\n<div class=\"wp-block-image\">\n<figure class=\"aligncenter size-large is-resized\"><img loading=\"lazy\" decoding=\"async\" width=\"1024\" height=\"561\" src=\"https:\/\/www.em.com.br\/emfoco\/wp-content\/uploads\/2026\/04\/image-240-1024x561.png\" alt=\"\" class=\"wp-image-200375\" style=\"width:826px;height:auto\" srcset=\"https:\/\/www.em.com.br\/emfoco\/wp-content\/uploads\/2026\/04\/image-240-1024x561.png 1024w, https:\/\/www.em.com.br\/emfoco\/wp-content\/uploads\/2026\/04\/image-240-300x164.png 300w, https:\/\/www.em.com.br\/emfoco\/wp-content\/uploads\/2026\/04\/image-240-768x421.png 768w, https:\/\/www.em.com.br\/emfoco\/wp-content\/uploads\/2026\/04\/image-240-750x411.png 750w, https:\/\/www.em.com.br\/emfoco\/wp-content\/uploads\/2026\/04\/image-240-1140x624.png 1140w, https:\/\/www.em.com.br\/emfoco\/wp-content\/uploads\/2026\/04\/image-240.png 1280w\" sizes=\"auto, (max-width: 1024px) 100vw, 1024px\" \/><\/figure><\/div>\n\n\n<h2 class=\"wp-block-heading\">O exerc\u00edcio pode realmente curar a doen\u00e7a de Alzheimer?<\/h2>\n\n\n\n<p>\u00c9 importante esclarecer que, embora o exerc\u00edcio retarde o decl\u00ednio, ele n\u00e3o deve ser considerado uma cura definitiva para a patologia. A ci\u00eancia atual foca na preven\u00e7\u00e3o e no gerenciamento dos sintomas, permitindo que o paciente mantenha a autonomia por muito mais tempo.<\/p>\n\n\n\n<p>A <strong>Organiza\u00e7\u00e3o Mundial da Sa\u00fade<\/strong> refor\u00e7a que o estilo de vida ativo \u00e9 o pilar central da sa\u00fade p\u00fablica no combate \u00e0s doen\u00e7as neurodegenerativas. Entender as bases gen\u00e9ticas e biol\u00f3gicas desse processo ajuda a criar terapias mais assertivas para quem j\u00e1 convive com o <strong>Alzheimer<\/strong>.<\/p>\n\n\n<div class=\"wp-block-image\">\n<figure class=\"aligncenter size-large is-resized\"><img loading=\"lazy\" decoding=\"async\" width=\"1024\" height=\"576\" src=\"https:\/\/www.em.com.br\/emfoco\/wp-content\/uploads\/2026\/04\/saude-1-1024x576.jpg\" alt=\"Estudo revela como esta a\u00e7\u00e3o comum estimula os neur\u00f4nios e preserva as lembran\u00e7as\" class=\"wp-image-199270\" style=\"width:848px;height:auto\" srcset=\"https:\/\/www.em.com.br\/emfoco\/wp-content\/uploads\/2026\/04\/saude-1-1024x576.jpg 1024w, https:\/\/www.em.com.br\/emfoco\/wp-content\/uploads\/2026\/04\/saude-1-300x169.jpg 300w, https:\/\/www.em.com.br\/emfoco\/wp-content\/uploads\/2026\/04\/saude-1-768x432.jpg 768w, https:\/\/www.em.com.br\/emfoco\/wp-content\/uploads\/2026\/04\/saude-1-750x422.jpg 750w, https:\/\/www.em.com.br\/emfoco\/wp-content\/uploads\/2026\/04\/saude-1-1140x641.jpg 1140w, https:\/\/www.em.com.br\/emfoco\/wp-content\/uploads\/2026\/04\/saude-1.jpg 1280w\" sizes=\"auto, (max-width: 1024px) 100vw, 1024px\" \/><figcaption class=\"wp-element-caption\">Estudo revela como esta a\u00e7\u00e3o comum estimula os neur\u00f4nios e preserva as lembran\u00e7as<\/figcaption><\/figure><\/div>\n\n\n<h2 class=\"wp-block-heading\">O que as pesquisas mais recentes dizem sobre a reativa\u00e7\u00e3o da mem\u00f3ria?<\/h2>\n\n\n\n<p>Pesquisadores da <strong>Universidade de Iowa<\/strong> demonstraram que o exerc\u00edcio pode estimular a forma\u00e7\u00e3o de novos neur\u00f4nios, mesmo em c\u00e9rebros mais velhos. Esse processo, conhecido como neurog\u00eanese, \u00e9 fundamental para que a mem\u00f3ria epis\u00f3dica permane\u00e7a funcional e mais resistente ao avan\u00e7o de altera\u00e7\u00f5es associadas ao envelhecimento cerebral.<\/p>\n\n\n\n<p>De forma geral, estudos cl\u00ednicos e revis\u00f5es cient\u00edficas sobre longevidade e sa\u00fade cerebral refor\u00e7am que a combina\u00e7\u00e3o de atividade f\u00edsica regular, boa qualidade de sono e est\u00edmulo cognitivo cont\u00ednuo \u00e9 uma das estrat\u00e9gias mais consistentes para preservar a mem\u00f3ria ao longo dos anos.<\/p>\n","protected":false},"excerpt":{"rendered":"<p>O exerc\u00edcio f\u00edsico regular \u00e9 a interven\u00e7\u00e3o mais eficaz para reduzir o risco de Alzheimer e preservar as fun\u00e7\u00f5es cognitivas durante o envelhecimento. Estudos recentes confirmam que a atividade motora estimula prote\u00ednas que protegem os neur\u00f4nios e fortalecem a sa\u00fade cerebral. Como o exerc\u00edcio f\u00edsico atua diretamente no c\u00e9rebro? Durante a atividade f\u00edsica, o f\u00edgado [&hellip;]<\/p>\n","protected":false},"author":30,"featured_media":199267,"comment_status":"open","ping_status":"open","sticky":false,"template":"","format":"standard","meta":{"jnews-multi-image_gallery":[],"jnews_single_post":{"format":"standard"},"jnews_primary_category":[],"jnews_social_meta":[],"jnews_override_counter":[],"footnotes":""},"categories":[9053],"tags":[884,5207,5381,415],"class_list":["post-199233","post","type-post","status-publish","format-standard","has-post-thumbnail","hentry","category-saude","tag-ciencia","tag-exercicio","tag-memoria","tag-saude"],"yoast_head":"<!-- This site is optimized with the Yoast SEO plugin v23.8 - https:\/\/yoast.com\/wordpress\/plugins\/seo\/ -->\n<title>A melhor resposta contra o Alzheimer descoberta revela atividade que pode reativar a mem\u00f3ria em qualquer idade - Estado de Minas - Em foco<\/title>\n<meta name=\"description\" content=\"Entenda a melhor resposta contra o Alzheimer descoberta: atividade que pode reativar a mem\u00f3ria em qualquer idade.\" \/>\n<meta name=\"robots\" content=\"index, follow, max-snippet:-1, max-image-preview:large, max-video-preview:-1\" \/>\n<link rel=\"canonical\" href=\"https:\/\/www.em.com.br\/emfoco\/2026\/04\/27\/a-melhor-resposta-contra-o-alzheimer-descoberta-revela-atividade-que-pode-reativar-a-memoria-em-qualquer-idade\/\" \/>\n<meta property=\"og:locale\" content=\"pt_BR\" \/>\n<meta property=\"og:type\" content=\"article\" \/>\n<meta property=\"og:title\" content=\"A melhor resposta contra o Alzheimer descoberta revela atividade que pode reativar a mem\u00f3ria em qualquer idade - Estado de Minas - Em foco\" \/>\n<meta property=\"og:description\" content=\"Entenda a melhor resposta contra o Alzheimer descoberta: atividade que pode reativar a mem\u00f3ria em qualquer idade.\" \/>\n<meta property=\"og:url\" content=\"https:\/\/www.em.com.br\/emfoco\/2026\/04\/27\/a-melhor-resposta-contra-o-alzheimer-descoberta-revela-atividade-que-pode-reativar-a-memoria-em-qualquer-idade\/\" \/>\n<meta property=\"og:site_name\" content=\"Estado de Minas - Em foco\" \/>\n<meta property=\"article:published_time\" content=\"2026-04-28T00:05:00+00:00\" \/>\n<meta property=\"article:modified_time\" content=\"2026-04-27T09:49:44+00:00\" \/>\n<meta property=\"og:image\" content=\"https:\/\/www.em.com.br\/emfoco\/wp-content\/uploads\/2026\/04\/alzheimrr.jpg\" \/>\n\t<meta property=\"og:image:width\" content=\"1280\" \/>\n\t<meta property=\"og:image:height\" content=\"720\" \/>\n\t<meta property=\"og:image:type\" content=\"image\/jpeg\" \/>\n<meta name=\"author\" content=\"Guilherme Ara\u00fajo\" \/>\n<meta name=\"twitter:card\" content=\"summary_large_image\" \/>\n<meta name=\"twitter:label1\" content=\"Escrito por\" \/>\n\t<meta name=\"twitter:data1\" content=\"Guilherme Ara\u00fajo\" \/>\n\t<meta name=\"twitter:label2\" content=\"Est. tempo de leitura\" \/>\n\t<meta name=\"twitter:data2\" content=\"4 minutos\" \/>\n<!-- \/ Yoast SEO plugin. -->","yoast_head_json":{"title":"A melhor resposta contra o Alzheimer descoberta revela atividade que pode reativar a mem\u00f3ria em qualquer idade - Estado de Minas - Em foco","description":"Entenda a melhor resposta contra o Alzheimer descoberta: atividade que pode reativar a mem\u00f3ria em qualquer idade.","robots":{"index":"index","follow":"follow","max-snippet":"max-snippet:-1","max-image-preview":"max-image-preview:large","max-video-preview":"max-video-preview:-1"},"canonical":"https:\/\/www.em.com.br\/emfoco\/2026\/04\/27\/a-melhor-resposta-contra-o-alzheimer-descoberta-revela-atividade-que-pode-reativar-a-memoria-em-qualquer-idade\/","og_locale":"pt_BR","og_type":"article","og_title":"A melhor resposta contra o Alzheimer descoberta revela atividade que pode reativar a mem\u00f3ria em qualquer idade - Estado de Minas - Em foco","og_description":"Entenda a melhor resposta contra o Alzheimer descoberta: atividade que pode reativar a mem\u00f3ria em qualquer idade.","og_url":"https:\/\/www.em.com.br\/emfoco\/2026\/04\/27\/a-melhor-resposta-contra-o-alzheimer-descoberta-revela-atividade-que-pode-reativar-a-memoria-em-qualquer-idade\/","og_site_name":"Estado de Minas - Em foco","article_published_time":"2026-04-28T00:05:00+00:00","article_modified_time":"2026-04-27T09:49:44+00:00","og_image":[{"width":1280,"height":720,"url":"https:\/\/www.em.com.br\/emfoco\/wp-content\/uploads\/2026\/04\/alzheimrr.jpg","type":"image\/jpeg"}],"author":"Guilherme Ara\u00fajo","twitter_card":"summary_large_image","twitter_misc":{"Escrito por":"Guilherme Ara\u00fajo","Est. tempo de leitura":"4 minutos"},"schema":{"@context":"https:\/\/schema.org","@graph":[{"@type":"WebPage","@id":"https:\/\/www.em.com.br\/emfoco\/2026\/04\/27\/a-melhor-resposta-contra-o-alzheimer-descoberta-revela-atividade-que-pode-reativar-a-memoria-em-qualquer-idade\/","url":"https:\/\/www.em.com.br\/emfoco\/2026\/04\/27\/a-melhor-resposta-contra-o-alzheimer-descoberta-revela-atividade-que-pode-reativar-a-memoria-em-qualquer-idade\/","name":"A melhor resposta contra o Alzheimer descoberta revela atividade que pode reativar a mem\u00f3ria em qualquer idade - Estado de Minas - Em foco","isPartOf":{"@id":"https:\/\/www.em.com.br\/emfoco\/#website"},"primaryImageOfPage":{"@id":"https:\/\/www.em.com.br\/emfoco\/2026\/04\/27\/a-melhor-resposta-contra-o-alzheimer-descoberta-revela-atividade-que-pode-reativar-a-memoria-em-qualquer-idade\/#primaryimage"},"image":{"@id":"https:\/\/www.em.com.br\/emfoco\/2026\/04\/27\/a-melhor-resposta-contra-o-alzheimer-descoberta-revela-atividade-que-pode-reativar-a-memoria-em-qualquer-idade\/#primaryimage"},"thumbnailUrl":"https:\/\/www.em.com.br\/emfoco\/wp-content\/uploads\/2026\/04\/alzheimrr.jpg","datePublished":"2026-04-28T00:05:00+00:00","dateModified":"2026-04-27T09:49:44+00:00","author":{"@id":"https:\/\/www.em.com.br\/emfoco\/#\/schema\/person\/5379e929a4b966c775d121e23f9bb421"},"description":"Entenda a melhor resposta contra o Alzheimer descoberta: atividade que pode reativar a mem\u00f3ria em qualquer idade.","breadcrumb":{"@id":"https:\/\/www.em.com.br\/emfoco\/2026\/04\/27\/a-melhor-resposta-contra-o-alzheimer-descoberta-revela-atividade-que-pode-reativar-a-memoria-em-qualquer-idade\/#breadcrumb"},"inLanguage":"pt-BR","potentialAction":[{"@type":"ReadAction","target":["https:\/\/www.em.com.br\/emfoco\/2026\/04\/27\/a-melhor-resposta-contra-o-alzheimer-descoberta-revela-atividade-que-pode-reativar-a-memoria-em-qualquer-idade\/"]}]},{"@type":"ImageObject","inLanguage":"pt-BR","@id":"https:\/\/www.em.com.br\/emfoco\/2026\/04\/27\/a-melhor-resposta-contra-o-alzheimer-descoberta-revela-atividade-que-pode-reativar-a-memoria-em-qualquer-idade\/#primaryimage","url":"https:\/\/www.em.com.br\/emfoco\/wp-content\/uploads\/2026\/04\/alzheimrr.jpg","contentUrl":"https:\/\/www.em.com.br\/emfoco\/wp-content\/uploads\/2026\/04\/alzheimrr.jpg","width":1280,"height":720,"caption":"H\u00e1bito di\u00e1rio espec\u00edfico ajuda a resgatar mem\u00f3rias e combater o Alzheimer hoje"},{"@type":"BreadcrumbList","@id":"https:\/\/www.em.com.br\/emfoco\/2026\/04\/27\/a-melhor-resposta-contra-o-alzheimer-descoberta-revela-atividade-que-pode-reativar-a-memoria-em-qualquer-idade\/#breadcrumb","itemListElement":[{"@type":"ListItem","position":1,"name":"In\u00edcio","item":"https:\/\/www.em.com.br\/emfoco\/"},{"@type":"ListItem","position":2,"name":"A melhor resposta contra o Alzheimer descoberta revela atividade que pode reativar a mem\u00f3ria em qualquer idade"}]},{"@type":"WebSite","@id":"https:\/\/www.em.com.br\/emfoco\/#website","url":"https:\/\/www.em.com.br\/emfoco\/","name":"Estado de Minas - Em foco","description":"Acompanhe as \u00faltimas not\u00edcias e fique bem informado sobre tudo o que acontece em Minas Gerais, Brasil e no mundo.","potentialAction":[{"@type":"SearchAction","target":{"@type":"EntryPoint","urlTemplate":"https:\/\/www.em.com.br\/emfoco\/?s={search_term_string}"},"query-input":{"@type":"PropertyValueSpecification","valueRequired":true,"valueName":"search_term_string"}}],"inLanguage":"pt-BR"},{"@type":"Person","@id":"https:\/\/www.em.com.br\/emfoco\/#\/schema\/person\/5379e929a4b966c775d121e23f9bb421","name":"Guilherme Ara\u00fajo","image":{"@type":"ImageObject","inLanguage":"pt-BR","@id":"https:\/\/www.em.com.br\/emfoco\/#\/schema\/person\/image\/","url":"https:\/\/secure.gravatar.com\/avatar\/b8bf1fd0130e170bd8f5d7298dbafa25?s=96&d=mm&r=g","contentUrl":"https:\/\/secure.gravatar.com\/avatar\/b8bf1fd0130e170bd8f5d7298dbafa25?s=96&d=mm&r=g","caption":"Guilherme Ara\u00fajo"},"sameAs":["https:\/\/www.em.com.br\/emfoco"],"url":"https:\/\/www.em.com.br\/emfoco\/author\/guilhermeamyth\/"}]}},"_links":{"self":[{"href":"https:\/\/www.em.com.br\/emfoco\/wp-json\/wp\/v2\/posts\/199233","targetHints":{"allow":["GET"]}}],"collection":[{"href":"https:\/\/www.em.com.br\/emfoco\/wp-json\/wp\/v2\/posts"}],"about":[{"href":"https:\/\/www.em.com.br\/emfoco\/wp-json\/wp\/v2\/types\/post"}],"author":[{"embeddable":true,"href":"https:\/\/www.em.com.br\/emfoco\/wp-json\/wp\/v2\/users\/30"}],"replies":[{"embeddable":true,"href":"https:\/\/www.em.com.br\/emfoco\/wp-json\/wp\/v2\/comments?post=199233"}],"version-history":[{"count":4,"href":"https:\/\/www.em.com.br\/emfoco\/wp-json\/wp\/v2\/posts\/199233\/revisions"}],"predecessor-version":[{"id":200376,"href":"https:\/\/www.em.com.br\/emfoco\/wp-json\/wp\/v2\/posts\/199233\/revisions\/200376"}],"wp:featuredmedia":[{"embeddable":true,"href":"https:\/\/www.em.com.br\/emfoco\/wp-json\/wp\/v2\/media\/199267"}],"wp:attachment":[{"href":"https:\/\/www.em.com.br\/emfoco\/wp-json\/wp\/v2\/media?parent=199233"}],"wp:term":[{"taxonomy":"category","embeddable":true,"href":"https:\/\/www.em.com.br\/emfoco\/wp-json\/wp\/v2\/categories?post=199233"},{"taxonomy":"post_tag","embeddable":true,"href":"https:\/\/www.em.com.br\/emfoco\/wp-json\/wp\/v2\/tags?post=199233"}],"curies":[{"name":"wp","href":"https:\/\/api.w.org\/{rel}","templated":true}]}}