{"id":199217,"date":"2026-04-27T06:55:00","date_gmt":"2026-04-27T09:55:00","guid":{"rendered":"https:\/\/www.em.com.br\/emfoco\/?p=199217"},"modified":"2026-04-26T06:42:07","modified_gmt":"2026-04-26T09:42:07","slug":"colar-papel-aluminio-nas-janelas-de-casa-por-que-e-recomendado-e-quando-deve-ser-feito","status":"publish","type":"post","link":"https:\/\/www.em.com.br\/emfoco\/2026\/04\/27\/colar-papel-aluminio-nas-janelas-de-casa-por-que-e-recomendado-e-quando-deve-ser-feito\/","title":{"rendered":"Colar papel alum\u00ednio nas janelas de casa: por que \u00e9 recomendado e quando deve ser feito"},"content":{"rendered":"\n<p>Fixar <strong>papel alum\u00ednio nas janelas<\/strong> \u00e9 uma solu\u00e7\u00e3o barata que utiliza a reflex\u00e3o f\u00edsica para reduzir o calor em dias de sol intenso. Essa t\u00e9cnica devolve a radia\u00e7\u00e3o solar para o ambiente externo, evitando que o vidro aque\u00e7a o interior da resid\u00eancia.<\/p>\n\n\n\n<h2 class=\"wp-block-heading\">Qual \u00e9 a ci\u00eancia por tr\u00e1s do papel alum\u00ednio nas janelas?<\/h2>\n\n\n\n<p>O alum\u00ednio funciona como uma barreira radiante devido \u00e0 sua alta refletividade, que atinge cerca de <strong>95%<\/strong> da radia\u00e7\u00e3o infravermelha. Ao aplicar o material, voc\u00ea impede que a energia solar atravesse o vidro e se transforme em calor dentro do c\u00f4modo, diminuindo a carga t\u00e9rmica do ambiente.<\/p>\n\n\n\n<p>No inverno, o processo atua de forma reversa, ajudando a manter o calor gerado internamente dentro da casa. Essa propriedade de baixa emissividade <a href=\"https:\/\/www.em.com.br\/emfoco\/2026\/04\/24\/envolver-o-seu-documento-de-identidade-em-papel-aluminio-por-que-e-recomendado-e-para-que-serve\/\" target=\"_blank\" rel=\"noreferrer noopener\">transforma o papel alum\u00ednio<\/a> nas janelas em um isolante t\u00e9rmico tempor\u00e1rio que economiza energia tanto no uso de ventiladores quanto em aquecedores dom\u00e9sticos.<\/p>\n\n\n<div class=\"wp-block-image\">\n<figure class=\"aligncenter size-large\"><img loading=\"lazy\" decoding=\"async\" width=\"1024\" height=\"576\" src=\"https:\/\/www.em.com.br\/emfoco\/wp-content\/uploads\/2026\/04\/papel-aluminio-2-1024x576.jpg\" alt=\"T\u00e9cnica de cobrir janelas com papel alum\u00ednio ajuda a controlar a temperatura do lar\" class=\"wp-image-199228\" srcset=\"https:\/\/www.em.com.br\/emfoco\/wp-content\/uploads\/2026\/04\/papel-aluminio-2-1024x576.jpg 1024w, https:\/\/www.em.com.br\/emfoco\/wp-content\/uploads\/2026\/04\/papel-aluminio-2-300x169.jpg 300w, https:\/\/www.em.com.br\/emfoco\/wp-content\/uploads\/2026\/04\/papel-aluminio-2-768x432.jpg 768w, https:\/\/www.em.com.br\/emfoco\/wp-content\/uploads\/2026\/04\/papel-aluminio-2-750x422.jpg 750w, https:\/\/www.em.com.br\/emfoco\/wp-content\/uploads\/2026\/04\/papel-aluminio-2-1140x641.jpg 1140w, https:\/\/www.em.com.br\/emfoco\/wp-content\/uploads\/2026\/04\/papel-aluminio-2.jpg 1280w\" sizes=\"auto, (max-width: 1024px) 100vw, 1024px\" \/><figcaption class=\"wp-element-caption\">T\u00e9cnica de cobrir janelas com papel alum\u00ednio ajuda a controlar a temperatura do lar<\/figcaption><\/figure><\/div>\n\n\n<h2 class=\"wp-block-heading\">Como realizar a aplica\u00e7\u00e3o correta para evitar danos?<\/h2>\n\n\n\n<p>Para obter o resultado esperado, o lado brilhante do papel deve estar obrigatoriamente voltado para o lado de fora. A fixa\u00e7\u00e3o deve ser feita de forma a cobrir toda a superf\u00edcie v\u00edtrea, preferencialmente utilizando fita crepe para evitar que res\u00edduos de cola permane\u00e7am no acabamento da janela.<\/p>\n\n\n\n<p>A aplica\u00e7\u00e3o mal executada pode comprometer a durabilidade do vidro ou simplesmente n\u00e3o refletir o calor de maneira eficiente. Veja os passos recomendados pelos especialistas para uma instala\u00e7\u00e3o segura e funcional:<\/p>\n\n\n\n<ul class=\"wp-block-list\">\n<li>Limpe bem a superf\u00edcie do vidro antes de aplicar o <strong>papel alum\u00ednio nas janelas<\/strong>.<\/li>\n\n\n\n<li>Corte as folhas de alum\u00ednio em tamanhos ligeiramente maiores que os pain\u00e9is de vidro.<\/li>\n\n\n\n<li>Pressione o material contra a face interna da janela, evitando bolhas de ar excessivas.<\/li>\n\n\n\n<li>Combine o uso com cortinas blackout para maximizar o bloqueio da luminosidade e do calor.<\/li>\n<\/ul>\n\n\n\n<h2 class=\"wp-block-heading\">Quais s\u00e3o os riscos de usar papel alum\u00ednio em janelas?<\/h2>\n\n\n\n<p>O principal alerta dos t\u00e9cnicos envolve o fen\u00f4meno do estresse t\u00e9rmico, que ocorre quando o calor fica aprisionado entre o papel e o vidro. Em janelas de vidro duplo ou insulado, essa temperatura elevada pode causar tens\u00f5es que resultam em rachaduras profundas ou estilha\u00e7amento do material.<\/p>\n\n\n\n<p>Al\u00e9m disso, o uso do <strong>papel alum\u00ednio nas janelas<\/strong> elimina completamente a entrada de luz natural, o que pode afetar o ciclo circadiano dos moradores. A est\u00e9tica da fachada tamb\u00e9m \u00e9 alterada, criando um reflexo prateado que pode incomodar vizinhos ou motoristas se a janela estiver de frente para a rua.<\/p>\n\n\n<div class=\"wp-block-image\">\n<figure class=\"aligncenter size-large\"><img loading=\"lazy\" decoding=\"async\" width=\"1024\" height=\"576\" src=\"https:\/\/www.em.com.br\/emfoco\/wp-content\/uploads\/2026\/04\/papel-janel-aluminio-1-1024x576.jpg\" alt=\"Uso de papel alum\u00ednio nas janelas vira solu\u00e7\u00e3o para enfrentar dias de calor intenso\" class=\"wp-image-199230\" srcset=\"https:\/\/www.em.com.br\/emfoco\/wp-content\/uploads\/2026\/04\/papel-janel-aluminio-1-1024x576.jpg 1024w, https:\/\/www.em.com.br\/emfoco\/wp-content\/uploads\/2026\/04\/papel-janel-aluminio-1-300x169.jpg 300w, https:\/\/www.em.com.br\/emfoco\/wp-content\/uploads\/2026\/04\/papel-janel-aluminio-1-768x432.jpg 768w, https:\/\/www.em.com.br\/emfoco\/wp-content\/uploads\/2026\/04\/papel-janel-aluminio-1-750x422.jpg 750w, https:\/\/www.em.com.br\/emfoco\/wp-content\/uploads\/2026\/04\/papel-janel-aluminio-1-1140x641.jpg 1140w, https:\/\/www.em.com.br\/emfoco\/wp-content\/uploads\/2026\/04\/papel-janel-aluminio-1.jpg 1280w\" sizes=\"auto, (max-width: 1024px) 100vw, 1024px\" \/><figcaption class=\"wp-element-caption\">Uso de papel alum\u00ednio nas janelas vira solu\u00e7\u00e3o para enfrentar dias de calor intenso<\/figcaption><\/figure><\/div>\n\n\n<h2 class=\"wp-block-heading\">Quando este truque \u00e9 realmente recomendado?<\/h2>\n\n\n\n<p>Esta solu\u00e7\u00e3o \u00e9 indicada como uma medida de emerg\u00eancia durante ondas de calor extremo em resid\u00eancias que n\u00e3o possuem ar-condicionado. \u00c9 uma alternativa de custo zero que oferece al\u00edvio imediato, mas que deve ser substitu\u00edda por pel\u00edculas de controle solar profissionais assim que poss\u00edvel.<\/p>\n\n\n\n<p>Para entender melhor as diferen\u00e7as t\u00e9cnicas entre as solu\u00e7\u00f5es de isolamento, analise o comparativo abaixo com as op\u00e7\u00f5es dispon\u00edveis no mercado:<\/p>\n\n\n<div class=\"wp-block-image\">\n<figure class=\"aligncenter size-large is-resized\"><img loading=\"lazy\" decoding=\"async\" width=\"1024\" height=\"699\" src=\"https:\/\/www.em.com.br\/emfoco\/wp-content\/uploads\/2026\/04\/image-181-1024x699.png\" alt=\"\" class=\"wp-image-199224\" style=\"width:766px;height:auto\" srcset=\"https:\/\/www.em.com.br\/emfoco\/wp-content\/uploads\/2026\/04\/image-181-1024x699.png 1024w, https:\/\/www.em.com.br\/emfoco\/wp-content\/uploads\/2026\/04\/image-181-300x205.png 300w, https:\/\/www.em.com.br\/emfoco\/wp-content\/uploads\/2026\/04\/image-181-768x524.png 768w, https:\/\/www.em.com.br\/emfoco\/wp-content\/uploads\/2026\/04\/image-181-750x512.png 750w, https:\/\/www.em.com.br\/emfoco\/wp-content\/uploads\/2026\/04\/image-181-1140x778.png 1140w, https:\/\/www.em.com.br\/emfoco\/wp-content\/uploads\/2026\/04\/image-181.png 1280w\" sizes=\"auto, (max-width: 1024px) 100vw, 1024px\" \/><\/figure><\/div>\n\n\n<h2 class=\"wp-block-heading\">Vale a pena manter o papel alum\u00ednio por muito tempo?<\/h2>\n\n\n\n<p>A recomenda\u00e7\u00e3o \u00e9 utilizar o <strong>papel alum\u00ednio nas janelas<\/strong> apenas nos hor\u00e1rios de maior incid\u00eancia solar e retir\u00e1-lo ao entardecer. Isso permite que a casa receba ventila\u00e7\u00e3o noturna e que o vidro resfrie adequadamente, evitando o ac\u00famulo de umidade entre a folha met\u00e1lica e a superf\u00edcie transparente.<\/p>\n\n\n\n<p>O equil\u00edbrio t\u00e9rmico de uma edifica\u00e7\u00e3o depende de fatores arquitet\u00f4nicos e geogr\u00e1ficos. Para estudos de termodin\u00e2mica e materiais, use fontes t\u00e9cnicas especializadas. Dados de clima e consumo de energia no Brasil podem ser consultados no <a href=\"https:\/\/portal.inmet.gov.br\/\" target=\"_blank\" rel=\"noreferrer noopener\">INMET<\/a>, que ajudam a entender padr\u00f5es clim\u00e1ticos e efici\u00eancia energ\u00e9tica nas moradias.<\/p>\n","protected":false},"excerpt":{"rendered":"<p>Fixar papel alum\u00ednio nas janelas \u00e9 uma solu\u00e7\u00e3o barata que utiliza a reflex\u00e3o f\u00edsica para reduzir o calor em dias de sol intenso. Essa t\u00e9cnica devolve a radia\u00e7\u00e3o solar para o ambiente externo, evitando que o vidro aque\u00e7a o interior da resid\u00eancia. Qual \u00e9 a ci\u00eancia por tr\u00e1s do papel alum\u00ednio nas janelas? O alum\u00ednio [&hellip;]<\/p>\n","protected":false},"author":30,"featured_media":199226,"comment_status":"open","ping_status":"open","sticky":false,"template":"","format":"standard","meta":{"jnews-multi-image_gallery":[],"jnews_single_post":{"format":"standard"},"jnews_primary_category":[],"jnews_social_meta":[],"jnews_override_counter":[],"footnotes":""},"categories":[8691],"tags":[705,2911,160,10493],"class_list":["post-199217","post","type-post","status-publish","format-standard","has-post-thumbnail","hentry","category-bem-estar","tag-calor","tag-casa","tag-economia","tag-isolamento"],"yoast_head":"<!-- This site is optimized with the Yoast SEO plugin v23.8 - https:\/\/yoast.com\/wordpress\/plugins\/seo\/ -->\n<title>Colar papel alum\u00ednio nas janelas de casa: por que \u00e9 recomendado e quando deve ser feito - Estado de Minas - Em foco<\/title>\n<meta name=\"description\" content=\"Entenda por que colar papel alum\u00ednio nas janelas \u00e9 recomendado. Veja quando esta t\u00e9cnica que reduz o calor deve ser feita agora.\" \/>\n<meta name=\"robots\" content=\"index, follow, max-snippet:-1, max-image-preview:large, max-video-preview:-1\" \/>\n<link rel=\"canonical\" href=\"https:\/\/www.em.com.br\/emfoco\/2026\/04\/27\/colar-papel-aluminio-nas-janelas-de-casa-por-que-e-recomendado-e-quando-deve-ser-feito\/\" \/>\n<meta property=\"og:locale\" content=\"pt_BR\" \/>\n<meta property=\"og:type\" content=\"article\" \/>\n<meta property=\"og:title\" content=\"Colar papel alum\u00ednio nas janelas de casa: por que \u00e9 recomendado e quando deve ser feito - Estado de Minas - Em foco\" \/>\n<meta property=\"og:description\" content=\"Entenda por que colar papel alum\u00ednio nas janelas \u00e9 recomendado. Veja quando esta t\u00e9cnica que reduz o calor deve ser feita agora.\" \/>\n<meta property=\"og:url\" content=\"https:\/\/www.em.com.br\/emfoco\/2026\/04\/27\/colar-papel-aluminio-nas-janelas-de-casa-por-que-e-recomendado-e-quando-deve-ser-feito\/\" \/>\n<meta property=\"og:site_name\" content=\"Estado de Minas - Em foco\" \/>\n<meta property=\"article:published_time\" content=\"2026-04-27T09:55:00+00:00\" \/>\n<meta property=\"article:modified_time\" content=\"2026-04-26T09:42:07+00:00\" \/>\n<meta property=\"og:image\" content=\"https:\/\/www.em.com.br\/emfoco\/wp-content\/uploads\/2026\/04\/papel-janela.jpg\" \/>\n\t<meta property=\"og:image:width\" content=\"1280\" \/>\n\t<meta property=\"og:image:height\" content=\"720\" \/>\n\t<meta property=\"og:image:type\" content=\"image\/jpeg\" \/>\n<meta name=\"author\" content=\"Guilherme Ara\u00fajo\" \/>\n<meta name=\"twitter:card\" content=\"summary_large_image\" \/>\n<meta name=\"twitter:label1\" content=\"Escrito por\" \/>\n\t<meta name=\"twitter:data1\" content=\"Guilherme Ara\u00fajo\" \/>\n\t<meta name=\"twitter:label2\" content=\"Est. tempo de leitura\" \/>\n\t<meta name=\"twitter:data2\" content=\"5 minutos\" \/>\n<!-- \/ Yoast SEO plugin. -->","yoast_head_json":{"title":"Colar papel alum\u00ednio nas janelas de casa: por que \u00e9 recomendado e quando deve ser feito - Estado de Minas - Em foco","description":"Entenda por que colar papel alum\u00ednio nas janelas \u00e9 recomendado. Veja quando esta t\u00e9cnica que reduz o calor deve ser feita agora.","robots":{"index":"index","follow":"follow","max-snippet":"max-snippet:-1","max-image-preview":"max-image-preview:large","max-video-preview":"max-video-preview:-1"},"canonical":"https:\/\/www.em.com.br\/emfoco\/2026\/04\/27\/colar-papel-aluminio-nas-janelas-de-casa-por-que-e-recomendado-e-quando-deve-ser-feito\/","og_locale":"pt_BR","og_type":"article","og_title":"Colar papel alum\u00ednio nas janelas de casa: por que \u00e9 recomendado e quando deve ser feito - Estado de Minas - Em foco","og_description":"Entenda por que colar papel alum\u00ednio nas janelas \u00e9 recomendado. Veja quando esta t\u00e9cnica que reduz o calor deve ser feita agora.","og_url":"https:\/\/www.em.com.br\/emfoco\/2026\/04\/27\/colar-papel-aluminio-nas-janelas-de-casa-por-que-e-recomendado-e-quando-deve-ser-feito\/","og_site_name":"Estado de Minas - Em foco","article_published_time":"2026-04-27T09:55:00+00:00","article_modified_time":"2026-04-26T09:42:07+00:00","og_image":[{"width":1280,"height":720,"url":"https:\/\/www.em.com.br\/emfoco\/wp-content\/uploads\/2026\/04\/papel-janela.jpg","type":"image\/jpeg"}],"author":"Guilherme Ara\u00fajo","twitter_card":"summary_large_image","twitter_misc":{"Escrito por":"Guilherme Ara\u00fajo","Est. tempo de leitura":"5 minutos"},"schema":{"@context":"https:\/\/schema.org","@graph":[{"@type":"WebPage","@id":"https:\/\/www.em.com.br\/emfoco\/2026\/04\/27\/colar-papel-aluminio-nas-janelas-de-casa-por-que-e-recomendado-e-quando-deve-ser-feito\/","url":"https:\/\/www.em.com.br\/emfoco\/2026\/04\/27\/colar-papel-aluminio-nas-janelas-de-casa-por-que-e-recomendado-e-quando-deve-ser-feito\/","name":"Colar papel alum\u00ednio nas janelas de casa: por que \u00e9 recomendado e quando deve ser feito - Estado de Minas - Em foco","isPartOf":{"@id":"https:\/\/www.em.com.br\/emfoco\/#website"},"primaryImageOfPage":{"@id":"https:\/\/www.em.com.br\/emfoco\/2026\/04\/27\/colar-papel-aluminio-nas-janelas-de-casa-por-que-e-recomendado-e-quando-deve-ser-feito\/#primaryimage"},"image":{"@id":"https:\/\/www.em.com.br\/emfoco\/2026\/04\/27\/colar-papel-aluminio-nas-janelas-de-casa-por-que-e-recomendado-e-quando-deve-ser-feito\/#primaryimage"},"thumbnailUrl":"https:\/\/www.em.com.br\/emfoco\/wp-content\/uploads\/2026\/04\/papel-janela.jpg","datePublished":"2026-04-27T09:55:00+00:00","dateModified":"2026-04-26T09:42:07+00:00","author":{"@id":"https:\/\/www.em.com.br\/emfoco\/#\/schema\/person\/5379e929a4b966c775d121e23f9bb421"},"description":"Entenda por que colar papel alum\u00ednio nas janelas \u00e9 recomendado. Veja quando esta t\u00e9cnica que reduz o calor deve ser feita agora.","breadcrumb":{"@id":"https:\/\/www.em.com.br\/emfoco\/2026\/04\/27\/colar-papel-aluminio-nas-janelas-de-casa-por-que-e-recomendado-e-quando-deve-ser-feito\/#breadcrumb"},"inLanguage":"pt-BR","potentialAction":[{"@type":"ReadAction","target":["https:\/\/www.em.com.br\/emfoco\/2026\/04\/27\/colar-papel-aluminio-nas-janelas-de-casa-por-que-e-recomendado-e-quando-deve-ser-feito\/"]}]},{"@type":"ImageObject","inLanguage":"pt-BR","@id":"https:\/\/www.em.com.br\/emfoco\/2026\/04\/27\/colar-papel-aluminio-nas-janelas-de-casa-por-que-e-recomendado-e-quando-deve-ser-feito\/#primaryimage","url":"https:\/\/www.em.com.br\/emfoco\/wp-content\/uploads\/2026\/04\/papel-janela.jpg","contentUrl":"https:\/\/www.em.com.br\/emfoco\/wp-content\/uploads\/2026\/04\/papel-janela.jpg","width":1280,"height":720,"caption":"Motivo para aplicar papel alum\u00ednio nos vidros das janelas surpreende moradores"},{"@type":"BreadcrumbList","@id":"https:\/\/www.em.com.br\/emfoco\/2026\/04\/27\/colar-papel-aluminio-nas-janelas-de-casa-por-que-e-recomendado-e-quando-deve-ser-feito\/#breadcrumb","itemListElement":[{"@type":"ListItem","position":1,"name":"In\u00edcio","item":"https:\/\/www.em.com.br\/emfoco\/"},{"@type":"ListItem","position":2,"name":"Colar papel alum\u00ednio nas janelas de casa: por que \u00e9 recomendado e quando deve ser feito"}]},{"@type":"WebSite","@id":"https:\/\/www.em.com.br\/emfoco\/#website","url":"https:\/\/www.em.com.br\/emfoco\/","name":"Estado de Minas - Em foco","description":"Acompanhe as \u00faltimas not\u00edcias e fique bem informado sobre tudo o que acontece em Minas Gerais, Brasil e no mundo.","potentialAction":[{"@type":"SearchAction","target":{"@type":"EntryPoint","urlTemplate":"https:\/\/www.em.com.br\/emfoco\/?s={search_term_string}"},"query-input":{"@type":"PropertyValueSpecification","valueRequired":true,"valueName":"search_term_string"}}],"inLanguage":"pt-BR"},{"@type":"Person","@id":"https:\/\/www.em.com.br\/emfoco\/#\/schema\/person\/5379e929a4b966c775d121e23f9bb421","name":"Guilherme Ara\u00fajo","image":{"@type":"ImageObject","inLanguage":"pt-BR","@id":"https:\/\/www.em.com.br\/emfoco\/#\/schema\/person\/image\/","url":"https:\/\/secure.gravatar.com\/avatar\/b8bf1fd0130e170bd8f5d7298dbafa25?s=96&d=mm&r=g","contentUrl":"https:\/\/secure.gravatar.com\/avatar\/b8bf1fd0130e170bd8f5d7298dbafa25?s=96&d=mm&r=g","caption":"Guilherme Ara\u00fajo"},"sameAs":["https:\/\/www.em.com.br\/emfoco"],"url":"https:\/\/www.em.com.br\/emfoco\/author\/guilhermeamyth\/"}]}},"_links":{"self":[{"href":"https:\/\/www.em.com.br\/emfoco\/wp-json\/wp\/v2\/posts\/199217","targetHints":{"allow":["GET"]}}],"collection":[{"href":"https:\/\/www.em.com.br\/emfoco\/wp-json\/wp\/v2\/posts"}],"about":[{"href":"https:\/\/www.em.com.br\/emfoco\/wp-json\/wp\/v2\/types\/post"}],"author":[{"embeddable":true,"href":"https:\/\/www.em.com.br\/emfoco\/wp-json\/wp\/v2\/users\/30"}],"replies":[{"embeddable":true,"href":"https:\/\/www.em.com.br\/emfoco\/wp-json\/wp\/v2\/comments?post=199217"}],"version-history":[{"count":2,"href":"https:\/\/www.em.com.br\/emfoco\/wp-json\/wp\/v2\/posts\/199217\/revisions"}],"predecessor-version":[{"id":199231,"href":"https:\/\/www.em.com.br\/emfoco\/wp-json\/wp\/v2\/posts\/199217\/revisions\/199231"}],"wp:featuredmedia":[{"embeddable":true,"href":"https:\/\/www.em.com.br\/emfoco\/wp-json\/wp\/v2\/media\/199226"}],"wp:attachment":[{"href":"https:\/\/www.em.com.br\/emfoco\/wp-json\/wp\/v2\/media?parent=199217"}],"wp:term":[{"taxonomy":"category","embeddable":true,"href":"https:\/\/www.em.com.br\/emfoco\/wp-json\/wp\/v2\/categories?post=199217"},{"taxonomy":"post_tag","embeddable":true,"href":"https:\/\/www.em.com.br\/emfoco\/wp-json\/wp\/v2\/tags?post=199217"}],"curies":[{"name":"wp","href":"https:\/\/api.w.org\/{rel}","templated":true}]}}