{"id":199171,"date":"2026-04-27T16:45:00","date_gmt":"2026-04-27T19:45:00","guid":{"rendered":"https:\/\/www.em.com.br\/emfoco\/?p=199171"},"modified":"2026-04-26T06:41:59","modified_gmt":"2026-04-26T09:41:59","slug":"adeus-piscinas-tradicionais-a-nova-tendencia-que-combina-bem-estar-design-e-equilibrio-natural-2","status":"publish","type":"post","link":"https:\/\/www.em.com.br\/emfoco\/2026\/04\/27\/adeus-piscinas-tradicionais-a-nova-tendencia-que-combina-bem-estar-design-e-equilibrio-natural-2\/","title":{"rendered":"Adeus piscinas tradicionais: a nova tend\u00eancia que combina bem-estar, design e equil\u00edbrio natural"},"content":{"rendered":"\n<p>As biopiscinas consolidaram sua posi\u00e7\u00e3o como a alternativa mais desejada frente \u00e0s <strong>piscinas<\/strong> convencionais na temporada de 2026. Esse sistema vivo utiliza processos biol\u00f3gicos para manter a \u00e1gua pura, unindo sa\u00fade, est\u00e9tica e respeito absoluto ao meio ambiente.<\/p>\n\n\n\n<h2 class=\"wp-block-heading\">O que define o conceito de uma biopiscina?<\/h2>\n\n\n\n<p>Diferente de um modelo comum, a biopiscina dispensa o uso de cloro ou qualquer componente qu\u00edmico para o tratamento da \u00e1gua. O sistema replica o funcionamento de ecossistemas aqu\u00e1ticos saud\u00e1veis, como lagunas, utilizando plantas e microrganismos para garantir a balneabilidade.<\/p>\n\n\n\n<p>Essa abordagem transforma a \u00e1rea de lazer em um sistema vivo que integra arquitetura e natureza de forma org\u00e2nica. Em 2026, a tend\u00eancia reflete um giro cultural onde o bem-estar dos moradores est\u00e1 diretamente ligado ao equil\u00edbrio do ecossistema dom\u00e9stico e ao design biof\u00edlico.<\/p>\n\n\n<div class=\"wp-block-image\">\n<figure class=\"aligncenter size-large\"><img loading=\"lazy\" decoding=\"async\" width=\"1024\" height=\"576\" src=\"https:\/\/www.em.com.br\/emfoco\/wp-content\/uploads\/2026\/04\/piscina2-1-1024x576.jpg\" alt=\"Nova tend\u00eancia de arquitetura une banho refrescante e paisagismo sustent\u00e1vel\" class=\"wp-image-199179\" srcset=\"https:\/\/www.em.com.br\/emfoco\/wp-content\/uploads\/2026\/04\/piscina2-1-1024x576.jpg 1024w, https:\/\/www.em.com.br\/emfoco\/wp-content\/uploads\/2026\/04\/piscina2-1-300x169.jpg 300w, https:\/\/www.em.com.br\/emfoco\/wp-content\/uploads\/2026\/04\/piscina2-1-768x432.jpg 768w, https:\/\/www.em.com.br\/emfoco\/wp-content\/uploads\/2026\/04\/piscina2-1-750x422.jpg 750w, https:\/\/www.em.com.br\/emfoco\/wp-content\/uploads\/2026\/04\/piscina2-1-1140x641.jpg 1140w, https:\/\/www.em.com.br\/emfoco\/wp-content\/uploads\/2026\/04\/piscina2-1.jpg 1280w\" sizes=\"auto, (max-width: 1024px) 100vw, 1024px\" \/><figcaption class=\"wp-element-caption\">Nova tend\u00eancia de arquitetura une banho refrescante e paisagismo sustent\u00e1vel<\/figcaption><\/figure><\/div>\n\n\n<h2 class=\"wp-block-heading\">Como funciona o sistema de filtragem natural?<\/h2>\n\n\n\n<p>Toda constru\u00e7\u00e3o desse tipo se divide em duas \u00e1reas fundamentais: a zona de nado e a zona de regenera\u00e7\u00e3o vegetal. A \u00e1gua circula continuamente atrav\u00e9s de um lecho de pedras e ra\u00edzes de plantas aqu\u00e1ticas, que atuam como filtros biol\u00f3gicos de alta efici\u00eancia.<\/p>\n\n\n\n<p>Nesse processo hidrobot\u00e2nico, os microrganismos eliminam bact\u00e9rias nocivas enquanto as plantas oxigenam o fluido, devolvendo \u00e1gua clara e est\u00e1vel para o setor de banho. Esse ciclo garante que as <strong>piscinas<\/strong> naturais permane\u00e7am limpas durante todo o ano, sem interrup\u00e7\u00f5es qu\u00edmicas.<\/p>\n\n\n\n<h2 class=\"wp-block-heading\">Existem limita\u00e7\u00f5es ao escolher uma piscina biol\u00f3gica?<\/h2>\n\n\n\n<p>O custo inicial de implementa\u00e7\u00e3o costuma ser superior ao de modelos tradicionais devido \u00e0 complexidade do projeto personalizado. Al\u00e9m disso, o sistema exige uma \u00e1rea total maior, j\u00e1 que cerca de <strong>50%<\/strong> do espa\u00e7o deve ser dedicado exclusivamente \u00e0 zona de depura\u00e7\u00e3o.<\/p>\n\n\n\n<p>Para quem busca o visual de 2026, \u00e9 importante entender que a \u00e1gua ter\u00e1 uma apar\u00eancia de lago natural, podendo atrair vida silvestre como sapos ou insetos ben\u00e9ficos. Confira abaixo um comparativo t\u00e9cnico para auxiliar na sua tomada de decis\u00e3o:<\/p>\n\n\n<div class=\"wp-block-image\">\n<figure class=\"aligncenter size-large is-resized\"><img loading=\"lazy\" decoding=\"async\" width=\"1024\" height=\"754\" src=\"https:\/\/www.em.com.br\/emfoco\/wp-content\/uploads\/2026\/04\/image-174-1024x754.png\" alt=\"\" class=\"wp-image-199176\" style=\"width:815px;height:auto\" srcset=\"https:\/\/www.em.com.br\/emfoco\/wp-content\/uploads\/2026\/04\/image-174-1024x754.png 1024w, https:\/\/www.em.com.br\/emfoco\/wp-content\/uploads\/2026\/04\/image-174-300x221.png 300w, https:\/\/www.em.com.br\/emfoco\/wp-content\/uploads\/2026\/04\/image-174-768x565.png 768w, https:\/\/www.em.com.br\/emfoco\/wp-content\/uploads\/2026\/04\/image-174-750x552.png 750w, https:\/\/www.em.com.br\/emfoco\/wp-content\/uploads\/2026\/04\/image-174-1140x839.png 1140w, https:\/\/www.em.com.br\/emfoco\/wp-content\/uploads\/2026\/04\/image-174.png 1280w\" sizes=\"auto, (max-width: 1024px) 100vw, 1024px\" \/><\/figure><\/div>\n\n\n<h2 class=\"wp-block-heading\">Quais as principais vantagens de investir neste modelo?<\/h2>\n\n\n\n<p>O benef\u00edcio imediato \u00e9 percebido na sa\u00fade dos usu\u00e1rios, sendo a op\u00e7\u00e3o ideal para pessoas com peles sens\u00edveis ou alergias severas. Al\u00e9m disso, a manuten\u00e7\u00e3o di\u00e1ria \u00e9 reduzida ap\u00f3s o equil\u00edbrio biol\u00f3gico, economizando recursos financeiros e tempo dos propriet\u00e1rios.<\/p>\n\n\n\n<p>Do ponto de vista est\u00e9tico, elas se integram ao jardim como um elemento nativo, valorizando o projeto de paisagismo de forma \u00fanica. A estabilidade t\u00e9rmica proporcionada pelas pedras naturais tamb\u00e9m ajuda a manter a temperatura da \u00e1gua agrad\u00e1vel por per\u00edodos mais longos.<\/p>\n\n\n<div class=\"wp-block-image\">\n<figure class=\"aligncenter size-large\"><img loading=\"lazy\" decoding=\"async\" width=\"1024\" height=\"576\" src=\"https:\/\/www.em.com.br\/emfoco\/wp-content\/uploads\/2026\/04\/plante2-1024x576.jpg\" alt=\"Designers abandonam o cloro e apostam neste conceito para refrescar o quintal\" class=\"wp-image-199184\" srcset=\"https:\/\/www.em.com.br\/emfoco\/wp-content\/uploads\/2026\/04\/plante2-1024x576.jpg 1024w, https:\/\/www.em.com.br\/emfoco\/wp-content\/uploads\/2026\/04\/plante2-300x169.jpg 300w, https:\/\/www.em.com.br\/emfoco\/wp-content\/uploads\/2026\/04\/plante2-768x432.jpg 768w, https:\/\/www.em.com.br\/emfoco\/wp-content\/uploads\/2026\/04\/plante2-750x422.jpg 750w, https:\/\/www.em.com.br\/emfoco\/wp-content\/uploads\/2026\/04\/plante2-1140x641.jpg 1140w, https:\/\/www.em.com.br\/emfoco\/wp-content\/uploads\/2026\/04\/plante2.jpg 1280w\" sizes=\"auto, (max-width: 1024px) 100vw, 1024px\" \/><figcaption class=\"wp-element-caption\">Designers abandonam o cloro e apostam neste conceito para refrescar o quintal<\/figcaption><\/figure><\/div>\n\n\n<h2 class=\"wp-block-heading\">Como planejar a constru\u00e7\u00e3o da sua nova \u00e1rea de lazer?<\/h2>\n\n\n\n<p>O sucesso do projeto depende de um estudo pr\u00e9vio do solo e da incid\u00eancia solar, fatores que afetam diretamente o crescimento da vegeta\u00e7\u00e3o filtrante. Escolher esp\u00e9cies nativas de plantas aqu\u00e1ticas \u00e9 fundamental para garantir que o sistema de filtragem funcione corretamente.<\/p>\n\n\n\n<p>Se voc\u00ea pretende <a href=\"https:\/\/www.em.com.br\/emfoco\/2026\/04\/24\/as-plantas-mais-poderosas-para-sua-imunidade-que-voce-pode-plantar-o-ano-inteiro-em-casa\/\" target=\"_blank\" rel=\"noreferrer noopener\">modernizar sua casa<\/a> com essa tend\u00eancia, foque na escolha de materiais de alta qualidade que resistam \u00e0 umidade constante. Veja os pontos essenciais para um planejamento eficiente e duradouro:<\/p>\n\n\n\n<ul class=\"wp-block-list\">\n<li>Sele\u00e7\u00e3o de <strong>pedras vulc\u00e2nicas ou seixos<\/strong> para o lecho de filtragem profunda.<\/li>\n\n\n\n<li>Instala\u00e7\u00e3o de <strong>bombas de baixo consumo<\/strong> para manter a circula\u00e7\u00e3o ininterrupta.<\/li>\n\n\n\n<li>Uso de <strong>ilumina\u00e7\u00e3o subaqu\u00e1tica<\/strong> sutil para destacar a vegeta\u00e7\u00e3o durante a noite.<\/li>\n\n\n\n<li>Impermeabiliza\u00e7\u00e3o com mantas de <strong>EPDM<\/strong>, material dur\u00e1vel e at\u00f3xico para o sistema.<\/li>\n<\/ul>\n\n\n\n<h2 class=\"wp-block-heading\">A biopiscina \u00e9 o futuro do design residencial?<\/h2>\n\n\n\n<p>A transi\u00e7\u00e3o para modelos sustent\u00e1veis \u00e9 um caminho sem volta no mercado imobili\u00e1rio de alto padr\u00e3o e projetos de luxo. As <strong>piscinas<\/strong> biol\u00f3gicas n\u00e3o s\u00e3o apenas um luxo est\u00e9tico, mas uma declara\u00e7\u00e3o de compromisso com a vida e com o consumo consciente de recursos h\u00eddricos.<\/p>\n\n\n\n<p>Apostar nessa solu\u00e7\u00e3o significa valorizar o im\u00f3vel com tecnologia que respeita o ciclo natural do planeta. Para entender melhor os fundamentos desse ecossistema, consulte o artigo sobre ecologia aqu\u00e1tica na <a href=\"https:\/\/pt.wikipedia.org\/wiki\/Piscina_biol%C3%B3gica\" target=\"_blank\" rel=\"noreferrer noopener\">Wikip\u00e9dia<\/a>. Para inspira\u00e7\u00f5es visuais e estudos de caso arquitet\u00f4nicos, o portal do <a href=\"https:\/\/www.archdaily.com.br\/br\" target=\"_blank\" rel=\"noreferrer noopener\">ArchDaily<\/a> oferece exemplos internacionais de como integrar o design contempor\u00e2neo ao equil\u00edbrio natural.<\/p>\n","protected":false},"excerpt":{"rendered":"<p>As biopiscinas consolidaram sua posi\u00e7\u00e3o como a alternativa mais desejada frente \u00e0s piscinas convencionais na temporada de 2026. Esse sistema vivo utiliza processos biol\u00f3gicos para manter a \u00e1gua pura, unindo sa\u00fade, est\u00e9tica e respeito absoluto ao meio ambiente. O que define o conceito de uma biopiscina? Diferente de um modelo comum, a biopiscina dispensa o [&hellip;]<\/p>\n","protected":false},"author":30,"featured_media":199175,"comment_status":"open","ping_status":"open","sticky":false,"template":"","format":"standard","meta":{"jnews-multi-image_gallery":[],"jnews_single_post":{"format":"standard"},"jnews_primary_category":[],"jnews_social_meta":[],"jnews_override_counter":[],"footnotes":""},"categories":[8691],"tags":[28741,5111,28742],"class_list":["post-199171","post","type-post","status-publish","format-standard","has-post-thumbnail","hentry","category-bem-estar","tag-biopiscinas","tag-piscina","tag-sistema-de-filtragem"],"yoast_head":"<!-- This site is optimized with the Yoast SEO plugin v23.8 - https:\/\/yoast.com\/wordpress\/plugins\/seo\/ -->\n<title>Adeus piscinas tradicionais: a nova tend\u00eancia que combina bem-estar, design e equil\u00edbrio natural - Estado de Minas - Em foco<\/title>\n<meta name=\"description\" content=\"Entenda por que as piscinas tradicionais est\u00e3o saindo de cena. Veja a nova tend\u00eancia que une bem-estar, design e equil\u00edbrio natural.\" \/>\n<meta name=\"robots\" content=\"index, follow, max-snippet:-1, max-image-preview:large, max-video-preview:-1\" \/>\n<link rel=\"canonical\" href=\"https:\/\/www.em.com.br\/emfoco\/2026\/04\/27\/adeus-piscinas-tradicionais-a-nova-tendencia-que-combina-bem-estar-design-e-equilibrio-natural-2\/\" \/>\n<meta property=\"og:locale\" content=\"pt_BR\" \/>\n<meta property=\"og:type\" content=\"article\" \/>\n<meta property=\"og:title\" content=\"Adeus piscinas tradicionais: a nova tend\u00eancia que combina bem-estar, design e equil\u00edbrio natural - Estado de Minas - Em foco\" \/>\n<meta property=\"og:description\" content=\"Entenda por que as piscinas tradicionais est\u00e3o saindo de cena. Veja a nova tend\u00eancia que une bem-estar, design e equil\u00edbrio natural.\" \/>\n<meta property=\"og:url\" content=\"https:\/\/www.em.com.br\/emfoco\/2026\/04\/27\/adeus-piscinas-tradicionais-a-nova-tendencia-que-combina-bem-estar-design-e-equilibrio-natural-2\/\" \/>\n<meta property=\"og:site_name\" content=\"Estado de Minas - Em foco\" \/>\n<meta property=\"article:published_time\" content=\"2026-04-27T19:45:00+00:00\" \/>\n<meta property=\"article:modified_time\" content=\"2026-04-26T09:41:59+00:00\" \/>\n<meta property=\"og:image\" content=\"https:\/\/www.em.com.br\/emfoco\/wp-content\/uploads\/2026\/04\/piscina.jpg\" \/>\n\t<meta property=\"og:image:width\" content=\"1280\" \/>\n\t<meta property=\"og:image:height\" content=\"720\" \/>\n\t<meta property=\"og:image:type\" content=\"image\/jpeg\" \/>\n<meta name=\"author\" content=\"Guilherme Ara\u00fajo\" \/>\n<meta name=\"twitter:card\" content=\"summary_large_image\" \/>\n<meta name=\"twitter:label1\" content=\"Escrito por\" \/>\n\t<meta name=\"twitter:data1\" content=\"Guilherme Ara\u00fajo\" \/>\n\t<meta name=\"twitter:label2\" content=\"Est. tempo de leitura\" \/>\n\t<meta name=\"twitter:data2\" content=\"5 minutos\" \/>\n<!-- \/ Yoast SEO plugin. -->","yoast_head_json":{"title":"Adeus piscinas tradicionais: a nova tend\u00eancia que combina bem-estar, design e equil\u00edbrio natural - Estado de Minas - Em foco","description":"Entenda por que as piscinas tradicionais est\u00e3o saindo de cena. Veja a nova tend\u00eancia que une bem-estar, design e equil\u00edbrio natural.","robots":{"index":"index","follow":"follow","max-snippet":"max-snippet:-1","max-image-preview":"max-image-preview:large","max-video-preview":"max-video-preview:-1"},"canonical":"https:\/\/www.em.com.br\/emfoco\/2026\/04\/27\/adeus-piscinas-tradicionais-a-nova-tendencia-que-combina-bem-estar-design-e-equilibrio-natural-2\/","og_locale":"pt_BR","og_type":"article","og_title":"Adeus piscinas tradicionais: a nova tend\u00eancia que combina bem-estar, design e equil\u00edbrio natural - Estado de Minas - Em foco","og_description":"Entenda por que as piscinas tradicionais est\u00e3o saindo de cena. Veja a nova tend\u00eancia que une bem-estar, design e equil\u00edbrio natural.","og_url":"https:\/\/www.em.com.br\/emfoco\/2026\/04\/27\/adeus-piscinas-tradicionais-a-nova-tendencia-que-combina-bem-estar-design-e-equilibrio-natural-2\/","og_site_name":"Estado de Minas - Em foco","article_published_time":"2026-04-27T19:45:00+00:00","article_modified_time":"2026-04-26T09:41:59+00:00","og_image":[{"width":1280,"height":720,"url":"https:\/\/www.em.com.br\/emfoco\/wp-content\/uploads\/2026\/04\/piscina.jpg","type":"image\/jpeg"}],"author":"Guilherme Ara\u00fajo","twitter_card":"summary_large_image","twitter_misc":{"Escrito por":"Guilherme Ara\u00fajo","Est. tempo de leitura":"5 minutos"},"schema":{"@context":"https:\/\/schema.org","@graph":[{"@type":"WebPage","@id":"https:\/\/www.em.com.br\/emfoco\/2026\/04\/27\/adeus-piscinas-tradicionais-a-nova-tendencia-que-combina-bem-estar-design-e-equilibrio-natural-2\/","url":"https:\/\/www.em.com.br\/emfoco\/2026\/04\/27\/adeus-piscinas-tradicionais-a-nova-tendencia-que-combina-bem-estar-design-e-equilibrio-natural-2\/","name":"Adeus piscinas tradicionais: a nova tend\u00eancia que combina bem-estar, design e equil\u00edbrio natural - Estado de Minas - Em foco","isPartOf":{"@id":"https:\/\/www.em.com.br\/emfoco\/#website"},"primaryImageOfPage":{"@id":"https:\/\/www.em.com.br\/emfoco\/2026\/04\/27\/adeus-piscinas-tradicionais-a-nova-tendencia-que-combina-bem-estar-design-e-equilibrio-natural-2\/#primaryimage"},"image":{"@id":"https:\/\/www.em.com.br\/emfoco\/2026\/04\/27\/adeus-piscinas-tradicionais-a-nova-tendencia-que-combina-bem-estar-design-e-equilibrio-natural-2\/#primaryimage"},"thumbnailUrl":"https:\/\/www.em.com.br\/emfoco\/wp-content\/uploads\/2026\/04\/piscina.jpg","datePublished":"2026-04-27T19:45:00+00:00","dateModified":"2026-04-26T09:41:59+00:00","author":{"@id":"https:\/\/www.em.com.br\/emfoco\/#\/schema\/person\/5379e929a4b966c775d121e23f9bb421"},"description":"Entenda por que as piscinas tradicionais est\u00e3o saindo de cena. Veja a nova tend\u00eancia que une bem-estar, design e equil\u00edbrio natural.","breadcrumb":{"@id":"https:\/\/www.em.com.br\/emfoco\/2026\/04\/27\/adeus-piscinas-tradicionais-a-nova-tendencia-que-combina-bem-estar-design-e-equilibrio-natural-2\/#breadcrumb"},"inLanguage":"pt-BR","potentialAction":[{"@type":"ReadAction","target":["https:\/\/www.em.com.br\/emfoco\/2026\/04\/27\/adeus-piscinas-tradicionais-a-nova-tendencia-que-combina-bem-estar-design-e-equilibrio-natural-2\/"]}]},{"@type":"ImageObject","inLanguage":"pt-BR","@id":"https:\/\/www.em.com.br\/emfoco\/2026\/04\/27\/adeus-piscinas-tradicionais-a-nova-tendencia-que-combina-bem-estar-design-e-equilibrio-natural-2\/#primaryimage","url":"https:\/\/www.em.com.br\/emfoco\/wp-content\/uploads\/2026\/04\/piscina.jpg","contentUrl":"https:\/\/www.em.com.br\/emfoco\/wp-content\/uploads\/2026\/04\/piscina.jpg","width":1280,"height":720,"caption":"Substituta das piscinas comuns vira desejo para quem busca lazer e natureza"},{"@type":"BreadcrumbList","@id":"https:\/\/www.em.com.br\/emfoco\/2026\/04\/27\/adeus-piscinas-tradicionais-a-nova-tendencia-que-combina-bem-estar-design-e-equilibrio-natural-2\/#breadcrumb","itemListElement":[{"@type":"ListItem","position":1,"name":"In\u00edcio","item":"https:\/\/www.em.com.br\/emfoco\/"},{"@type":"ListItem","position":2,"name":"Adeus piscinas tradicionais: a nova tend\u00eancia que combina bem-estar, design e equil\u00edbrio natural"}]},{"@type":"WebSite","@id":"https:\/\/www.em.com.br\/emfoco\/#website","url":"https:\/\/www.em.com.br\/emfoco\/","name":"Estado de Minas - Em foco","description":"Acompanhe as \u00faltimas not\u00edcias e fique bem informado sobre tudo o que acontece em Minas Gerais, Brasil e no mundo.","potentialAction":[{"@type":"SearchAction","target":{"@type":"EntryPoint","urlTemplate":"https:\/\/www.em.com.br\/emfoco\/?s={search_term_string}"},"query-input":{"@type":"PropertyValueSpecification","valueRequired":true,"valueName":"search_term_string"}}],"inLanguage":"pt-BR"},{"@type":"Person","@id":"https:\/\/www.em.com.br\/emfoco\/#\/schema\/person\/5379e929a4b966c775d121e23f9bb421","name":"Guilherme Ara\u00fajo","image":{"@type":"ImageObject","inLanguage":"pt-BR","@id":"https:\/\/www.em.com.br\/emfoco\/#\/schema\/person\/image\/","url":"https:\/\/secure.gravatar.com\/avatar\/b8bf1fd0130e170bd8f5d7298dbafa25?s=96&d=mm&r=g","contentUrl":"https:\/\/secure.gravatar.com\/avatar\/b8bf1fd0130e170bd8f5d7298dbafa25?s=96&d=mm&r=g","caption":"Guilherme Ara\u00fajo"},"sameAs":["https:\/\/www.em.com.br\/emfoco"],"url":"https:\/\/www.em.com.br\/emfoco\/author\/guilhermeamyth\/"}]}},"_links":{"self":[{"href":"https:\/\/www.em.com.br\/emfoco\/wp-json\/wp\/v2\/posts\/199171","targetHints":{"allow":["GET"]}}],"collection":[{"href":"https:\/\/www.em.com.br\/emfoco\/wp-json\/wp\/v2\/posts"}],"about":[{"href":"https:\/\/www.em.com.br\/emfoco\/wp-json\/wp\/v2\/types\/post"}],"author":[{"embeddable":true,"href":"https:\/\/www.em.com.br\/emfoco\/wp-json\/wp\/v2\/users\/30"}],"replies":[{"embeddable":true,"href":"https:\/\/www.em.com.br\/emfoco\/wp-json\/wp\/v2\/comments?post=199171"}],"version-history":[{"count":3,"href":"https:\/\/www.em.com.br\/emfoco\/wp-json\/wp\/v2\/posts\/199171\/revisions"}],"predecessor-version":[{"id":199185,"href":"https:\/\/www.em.com.br\/emfoco\/wp-json\/wp\/v2\/posts\/199171\/revisions\/199185"}],"wp:featuredmedia":[{"embeddable":true,"href":"https:\/\/www.em.com.br\/emfoco\/wp-json\/wp\/v2\/media\/199175"}],"wp:attachment":[{"href":"https:\/\/www.em.com.br\/emfoco\/wp-json\/wp\/v2\/media?parent=199171"}],"wp:term":[{"taxonomy":"category","embeddable":true,"href":"https:\/\/www.em.com.br\/emfoco\/wp-json\/wp\/v2\/categories?post=199171"},{"taxonomy":"post_tag","embeddable":true,"href":"https:\/\/www.em.com.br\/emfoco\/wp-json\/wp\/v2\/tags?post=199171"}],"curies":[{"name":"wp","href":"https:\/\/api.w.org\/{rel}","templated":true}]}}