{"id":199151,"date":"2026-04-27T20:15:00","date_gmt":"2026-04-27T23:15:00","guid":{"rendered":"https:\/\/www.em.com.br\/emfoco\/?p=199151"},"modified":"2026-04-26T06:41:57","modified_gmt":"2026-04-26T09:41:57","slug":"chega-de-ilhas-de-cozinha-a-tendencia-mais-quente-de-2026-para-modernizar-sua-casa","status":"publish","type":"post","link":"https:\/\/www.em.com.br\/emfoco\/2026\/04\/27\/chega-de-ilhas-de-cozinha-a-tendencia-mais-quente-de-2026-para-modernizar-sua-casa\/","title":{"rendered":"Chega de ilhas de cozinha: a tend\u00eancia mais quente de 2026 para modernizar sua casa"},"content":{"rendered":"\n<p>A pen\u00ednsula com mesa integrada \u00e9 a solu\u00e7\u00e3o definitiva para substituir as ilhas em qualquer <strong>cozinha<\/strong> em 2026. Essa estrutura garante fluidez visual e aproveitamento de espa\u00e7o superior, unindo funcionalidade e eleg\u00e2ncia em um \u00fanico elemento.<\/p>\n\n\n\n<h2 class=\"wp-block-heading\">Qual \u00e9 a principal diferen\u00e7a entre ilhas e pen\u00ednsulas?<\/h2>\n\n\n\n<p>Diferente da ilha, que \u00e9 um m\u00f3dulo isolado no centro do c\u00f4modo, a pen\u00ednsula se conecta diretamente a uma parede ou bancada preexistente. Essa continuidade cria um h\u00edbrido vers\u00e1til que n\u00e3o exige o mesmo volume de \u00e1rea livre ao redor para circula\u00e7\u00e3o.<\/p>\n\n\n\n<p>Enquanto as ilhas flutuam sem suporte lateral, a pen\u00ednsula estende a linha principal de trabalho, sendo acess\u00edvel por apenas <strong>3<\/strong> lados. Essa caracter\u00edstica t\u00e9cnica reduz a necessidade de corredores amplos, otimizando plantas de casas e apartamentos de diversos tamanhos.<\/p>\n\n\n\n<h2 class=\"wp-block-heading\">Como a pen\u00ednsula melhora a funcionalidade do ambiente?<\/h2>\n\n\n\n<p>O design adaptativo das <strong>pen\u00ednsulas <\/strong>permite uma intera\u00e7\u00e3o muito mais org\u00e2nica com a sala de estar, facilitando a comunica\u00e7\u00e3o entre moradores. Ela atua como uma zona de prepara\u00e7\u00e3o estendida que n\u00e3o fragmenta o <strong><a href=\"https:\/\/www.em.com.br\/emfoco\/2026\/04\/25\/guardar-papel-aluminio-nas-gavetas-da-cozinha-por-que-funciona-e-por-que-tanta-gente-faz-isso\/\" target=\"_blank\" rel=\"noreferrer noopener\">layout da cozinha<\/a><\/strong>, mantendo tudo ao alcance.<\/p>\n\n\n\n<p>Al\u00e9m de servir como balc\u00e3o de trabalho, a estrutura funciona como um separador de ambientes eficaz sem fechar a planta da resid\u00eancia. Ela oferece armazenamento extra com arm\u00e1rios acess\u00edveis e permite a integra\u00e7\u00e3o discreta de eletrodom\u00e9sticos como micro-ondas e lava-lou\u00e7as.<\/p>\n\n\n<div class=\"wp-block-image\">\n<figure class=\"aligncenter size-large\"><img loading=\"lazy\" decoding=\"async\" width=\"1024\" height=\"576\" src=\"https:\/\/www.em.com.br\/emfoco\/wp-content\/uploads\/2026\/04\/Imagem01_1280x720_1777123028711-1-1024x576.jpg\" alt=\"\" class=\"wp-image-199162\" srcset=\"https:\/\/www.em.com.br\/emfoco\/wp-content\/uploads\/2026\/04\/Imagem01_1280x720_1777123028711-1-1024x576.jpg 1024w, https:\/\/www.em.com.br\/emfoco\/wp-content\/uploads\/2026\/04\/Imagem01_1280x720_1777123028711-1-300x169.jpg 300w, https:\/\/www.em.com.br\/emfoco\/wp-content\/uploads\/2026\/04\/Imagem01_1280x720_1777123028711-1-768x432.jpg 768w, https:\/\/www.em.com.br\/emfoco\/wp-content\/uploads\/2026\/04\/Imagem01_1280x720_1777123028711-1-750x422.jpg 750w, https:\/\/www.em.com.br\/emfoco\/wp-content\/uploads\/2026\/04\/Imagem01_1280x720_1777123028711-1-1140x641.jpg 1140w, https:\/\/www.em.com.br\/emfoco\/wp-content\/uploads\/2026\/04\/Imagem01_1280x720_1777123028711-1.jpg 1280w\" sizes=\"auto, (max-width: 1024px) 100vw, 1024px\" \/><figcaption class=\"wp-element-caption\">Nova tend\u00eancia de design aposenta as ilhas e transforma cozinhas brasileiras<\/figcaption><\/figure><\/div>\n\n\n<h2 class=\"wp-block-heading\">Quais as vantagens de instalar uma pen\u00ednsula em 2026?<\/h2>\n\n\n\n<p>A pen\u00ednsula \u00e9 ideal para locais onde instalar uma ilha central seria invi\u00e1vel por falta de metragem quadrada dispon\u00edvel. Ela economiza espa\u00e7o perimetral e facilita o chamado tri\u00e2ngulo de trabalho entre a pia, o fog\u00e3o e a geladeira, encurtando deslocamentos.<\/p>\n\n\n\n<p>Outro ponto positivo \u00e9 a facilidade de instala\u00e7\u00e3o, pois ela aproveita os pontos de hidr\u00e1ulica e eletricidade j\u00e1 existentes na parede de apoio. Isso reduz drasticamente os custos de obra e o tempo necess\u00e1rio para finalizar a renova\u00e7\u00e3o da sua <strong>cozinha<\/strong>.<\/p>\n\n\n\n<h2 class=\"wp-block-heading\">Como escolher entre ilha e pen\u00ednsula na reforma?<\/h2>\n\n\n\n<p>A decis\u00e3o deve ser baseada na \u00e1rea dispon\u00edvel para circula\u00e7\u00e3o, que deve ser de no m\u00ednimo <strong>90 cm<\/strong> em \u00e1reas de passagem. Se o objetivo \u00e9 integrar sem comprometer a mobilidade, a pen\u00ednsula leva vantagem t\u00e9cnica sobre os modelos isolados.<\/p>\n\n\n\n<p>Para ajudar na sua escolha, preparamos um comparativo direto entre os dois formatos populares. Confira as principais caracter\u00edsticas:<\/p>\n\n\n<div class=\"wp-block-image\">\n<figure class=\"aligncenter size-large is-resized\"><img loading=\"lazy\" decoding=\"async\" width=\"1024\" height=\"714\" src=\"https:\/\/www.em.com.br\/emfoco\/wp-content\/uploads\/2026\/04\/image-173-1024x714.png\" alt=\"Dica: Em 2026, a pen\u00ednsula usa materiais finos e suspensos para dar leveza e ampliar o ambiente.\" class=\"wp-image-199165\" style=\"width:864px;height:auto\" srcset=\"https:\/\/www.em.com.br\/emfoco\/wp-content\/uploads\/2026\/04\/image-173-1024x714.png 1024w, https:\/\/www.em.com.br\/emfoco\/wp-content\/uploads\/2026\/04\/image-173-300x209.png 300w, https:\/\/www.em.com.br\/emfoco\/wp-content\/uploads\/2026\/04\/image-173-768x535.png 768w, https:\/\/www.em.com.br\/emfoco\/wp-content\/uploads\/2026\/04\/image-173-750x523.png 750w, https:\/\/www.em.com.br\/emfoco\/wp-content\/uploads\/2026\/04\/image-173-1140x794.png 1140w, https:\/\/www.em.com.br\/emfoco\/wp-content\/uploads\/2026\/04\/image-173.png 1280w\" sizes=\"auto, (max-width: 1024px) 100vw, 1024px\" \/><figcaption class=\"wp-element-caption\">Dica: Em 2026, a pen\u00ednsula usa materiais finos e suspensos para dar leveza e ampliar o ambiente.<\/figcaption><\/figure><\/div>\n\n\n<h2 class=\"wp-block-heading\">Como decorar a pen\u00ednsula para um visual moderno?<\/h2>\n\n\n\n<p>Em 2026, a tend\u00eancia m\u00e1xima envolve o uso de materiais naturais, como madeiras claras certificadas e pedras de alta resist\u00eancia. O acabamento monol\u00edtico, onde a bancada desce at\u00e9 o ch\u00e3o, cria um efeito visual de sofistica\u00e7\u00e3o e modernidade absoluta.<\/p>\n\n\n\n<p>Para elevar o n\u00edvel do projeto, invista em detalhes que tragam personalidade e tecnologia ao espa\u00e7o gourmet. Confira os elementos essenciais:<\/p>\n\n\n\n<ul class=\"wp-block-list\">\n<li><strong>Torres de tomada<\/strong> embutidas diretamente na pedra para manter o design limpo.<\/li>\n\n\n\n<li>Ilumina\u00e7\u00e3o com <strong>pendentes lineares<\/strong> que acompanham todo o comprimento da mesa.<\/li>\n\n\n\n<li>Banquetas com design ergon\u00f4mico e acabamento em <strong>couro ou linho<\/strong>.<\/li>\n\n\n\n<li>Acoplamento de mesas em alturas diferentes para delimitar o uso social.<\/li>\n<\/ul>\n\n\n\n<h2 class=\"wp-block-heading\">A pen\u00ednsula com mesa integrada valoriza o im\u00f3vel?<\/h2>\n\n\n\n<p>Arquitetos afirmam que a integra\u00e7\u00e3o inteligente de ambientes \u00e9 um dos fatores que mais agregam valor comercial a uma resid\u00eancia. A <strong>cozinha<\/strong> deixa de ser um local de servi\u00e7o para se tornar o cora\u00e7\u00e3o social da casa, atraindo compradores exigentes.<\/p>\n\n\n\n<p>Essa transi\u00e7\u00e3o reflete a busca por lares mais pr\u00e1ticos, onde cada elemento possui m\u00faltiplas fun\u00e7\u00f5es sem desperdi\u00e7ar espa\u00e7o. De acordo com informa\u00e7\u00f5es da <a href=\"https:\/\/pt.wikipedia.org\/wiki\/Cozinha\" target=\"_blank\" rel=\"noreferrer noopener\">Wikip\u00e9dia<\/a>, a evolu\u00e7\u00e3o desse c\u00f4modo sempre acompanhou as mudan\u00e7as sociais de cada \u00e9poca. Para conferir projetos reais que utilizam essa t\u00e9cnica, o portal do <a href=\"https:\/\/www.archdaily.com.br\/br\" target=\"_blank\" rel=\"noreferrer noopener\">ArchDaily<\/a> \u00e9 a fonte de autoridade mais recomendada para inspirar sua pr\u00f3xima reforma.<\/p>\n","protected":false},"excerpt":{"rendered":"<p>A pen\u00ednsula com mesa integrada \u00e9 a solu\u00e7\u00e3o definitiva para substituir as ilhas em qualquer cozinha em 2026. Essa estrutura garante fluidez visual e aproveitamento de espa\u00e7o superior, unindo funcionalidade e eleg\u00e2ncia em um \u00fanico elemento. Qual \u00e9 a principal diferen\u00e7a entre ilhas e pen\u00ednsulas? Diferente da ilha, que \u00e9 um m\u00f3dulo isolado no centro [&hellip;]<\/p>\n","protected":false},"author":30,"featured_media":199163,"comment_status":"open","ping_status":"open","sticky":false,"template":"","format":"standard","meta":{"jnews-multi-image_gallery":[],"jnews_single_post":{"format":"standard"},"jnews_primary_category":[],"jnews_social_meta":[],"jnews_override_counter":[],"footnotes":""},"categories":[8691],"tags":[4687,821,1012,3096],"class_list":["post-199151","post","type-post","status-publish","format-standard","has-post-thumbnail","hentry","category-bem-estar","tag-decoracao","tag-design","tag-reforma","tag-tendencias"],"yoast_head":"<!-- This site is optimized with the Yoast SEO plugin v23.8 - https:\/\/yoast.com\/wordpress\/plugins\/seo\/ -->\n<title>Chega de ilhas de cozinha: a tend\u00eancia mais quente de 2026 para modernizar sua casa - Estado de Minas - Em foco<\/title>\n<meta name=\"description\" content=\"Entenda por que as ilhas de cozinha est\u00e3o com os dias contados. Veja a tend\u00eancia mais quente de 2026 para modernizar sua casa agora.\" \/>\n<meta name=\"robots\" content=\"index, follow, max-snippet:-1, max-image-preview:large, max-video-preview:-1\" \/>\n<link rel=\"canonical\" href=\"https:\/\/www.em.com.br\/emfoco\/2026\/04\/27\/chega-de-ilhas-de-cozinha-a-tendencia-mais-quente-de-2026-para-modernizar-sua-casa\/\" \/>\n<meta property=\"og:locale\" content=\"pt_BR\" \/>\n<meta property=\"og:type\" content=\"article\" \/>\n<meta property=\"og:title\" content=\"Chega de ilhas de cozinha: a tend\u00eancia mais quente de 2026 para modernizar sua casa - Estado de Minas - Em foco\" \/>\n<meta property=\"og:description\" content=\"Entenda por que as ilhas de cozinha est\u00e3o com os dias contados. Veja a tend\u00eancia mais quente de 2026 para modernizar sua casa agora.\" \/>\n<meta property=\"og:url\" content=\"https:\/\/www.em.com.br\/emfoco\/2026\/04\/27\/chega-de-ilhas-de-cozinha-a-tendencia-mais-quente-de-2026-para-modernizar-sua-casa\/\" \/>\n<meta property=\"og:site_name\" content=\"Estado de Minas - Em foco\" \/>\n<meta property=\"article:published_time\" content=\"2026-04-27T23:15:00+00:00\" \/>\n<meta property=\"article:modified_time\" content=\"2026-04-26T09:41:57+00:00\" \/>\n<meta property=\"og:image\" content=\"https:\/\/www.em.com.br\/emfoco\/wp-content\/uploads\/2026\/04\/cozinha-bloqueio.jpg\" \/>\n\t<meta property=\"og:image:width\" content=\"1280\" \/>\n\t<meta property=\"og:image:height\" content=\"720\" \/>\n\t<meta property=\"og:image:type\" content=\"image\/jpeg\" \/>\n<meta name=\"author\" content=\"Guilherme Ara\u00fajo\" \/>\n<meta name=\"twitter:card\" content=\"summary_large_image\" \/>\n<meta name=\"twitter:label1\" content=\"Escrito por\" \/>\n\t<meta name=\"twitter:data1\" content=\"Guilherme Ara\u00fajo\" \/>\n\t<meta name=\"twitter:label2\" content=\"Est. tempo de leitura\" \/>\n\t<meta name=\"twitter:data2\" content=\"5 minutos\" \/>\n<!-- \/ Yoast SEO plugin. -->","yoast_head_json":{"title":"Chega de ilhas de cozinha: a tend\u00eancia mais quente de 2026 para modernizar sua casa - Estado de Minas - Em foco","description":"Entenda por que as ilhas de cozinha est\u00e3o com os dias contados. Veja a tend\u00eancia mais quente de 2026 para modernizar sua casa agora.","robots":{"index":"index","follow":"follow","max-snippet":"max-snippet:-1","max-image-preview":"max-image-preview:large","max-video-preview":"max-video-preview:-1"},"canonical":"https:\/\/www.em.com.br\/emfoco\/2026\/04\/27\/chega-de-ilhas-de-cozinha-a-tendencia-mais-quente-de-2026-para-modernizar-sua-casa\/","og_locale":"pt_BR","og_type":"article","og_title":"Chega de ilhas de cozinha: a tend\u00eancia mais quente de 2026 para modernizar sua casa - Estado de Minas - Em foco","og_description":"Entenda por que as ilhas de cozinha est\u00e3o com os dias contados. Veja a tend\u00eancia mais quente de 2026 para modernizar sua casa agora.","og_url":"https:\/\/www.em.com.br\/emfoco\/2026\/04\/27\/chega-de-ilhas-de-cozinha-a-tendencia-mais-quente-de-2026-para-modernizar-sua-casa\/","og_site_name":"Estado de Minas - Em foco","article_published_time":"2026-04-27T23:15:00+00:00","article_modified_time":"2026-04-26T09:41:57+00:00","og_image":[{"width":1280,"height":720,"url":"https:\/\/www.em.com.br\/emfoco\/wp-content\/uploads\/2026\/04\/cozinha-bloqueio.jpg","type":"image\/jpeg"}],"author":"Guilherme Ara\u00fajo","twitter_card":"summary_large_image","twitter_misc":{"Escrito por":"Guilherme Ara\u00fajo","Est. tempo de leitura":"5 minutos"},"schema":{"@context":"https:\/\/schema.org","@graph":[{"@type":"WebPage","@id":"https:\/\/www.em.com.br\/emfoco\/2026\/04\/27\/chega-de-ilhas-de-cozinha-a-tendencia-mais-quente-de-2026-para-modernizar-sua-casa\/","url":"https:\/\/www.em.com.br\/emfoco\/2026\/04\/27\/chega-de-ilhas-de-cozinha-a-tendencia-mais-quente-de-2026-para-modernizar-sua-casa\/","name":"Chega de ilhas de cozinha: a tend\u00eancia mais quente de 2026 para modernizar sua casa - Estado de Minas - Em foco","isPartOf":{"@id":"https:\/\/www.em.com.br\/emfoco\/#website"},"primaryImageOfPage":{"@id":"https:\/\/www.em.com.br\/emfoco\/2026\/04\/27\/chega-de-ilhas-de-cozinha-a-tendencia-mais-quente-de-2026-para-modernizar-sua-casa\/#primaryimage"},"image":{"@id":"https:\/\/www.em.com.br\/emfoco\/2026\/04\/27\/chega-de-ilhas-de-cozinha-a-tendencia-mais-quente-de-2026-para-modernizar-sua-casa\/#primaryimage"},"thumbnailUrl":"https:\/\/www.em.com.br\/emfoco\/wp-content\/uploads\/2026\/04\/cozinha-bloqueio.jpg","datePublished":"2026-04-27T23:15:00+00:00","dateModified":"2026-04-26T09:41:57+00:00","author":{"@id":"https:\/\/www.em.com.br\/emfoco\/#\/schema\/person\/5379e929a4b966c775d121e23f9bb421"},"description":"Entenda por que as ilhas de cozinha est\u00e3o com os dias contados. Veja a tend\u00eancia mais quente de 2026 para modernizar sua casa agora.","breadcrumb":{"@id":"https:\/\/www.em.com.br\/emfoco\/2026\/04\/27\/chega-de-ilhas-de-cozinha-a-tendencia-mais-quente-de-2026-para-modernizar-sua-casa\/#breadcrumb"},"inLanguage":"pt-BR","potentialAction":[{"@type":"ReadAction","target":["https:\/\/www.em.com.br\/emfoco\/2026\/04\/27\/chega-de-ilhas-de-cozinha-a-tendencia-mais-quente-de-2026-para-modernizar-sua-casa\/"]}]},{"@type":"ImageObject","inLanguage":"pt-BR","@id":"https:\/\/www.em.com.br\/emfoco\/2026\/04\/27\/chega-de-ilhas-de-cozinha-a-tendencia-mais-quente-de-2026-para-modernizar-sua-casa\/#primaryimage","url":"https:\/\/www.em.com.br\/emfoco\/wp-content\/uploads\/2026\/04\/cozinha-bloqueio.jpg","contentUrl":"https:\/\/www.em.com.br\/emfoco\/wp-content\/uploads\/2026\/04\/cozinha-bloqueio.jpg","width":1280,"height":720,"caption":"Substituta das ilhas de cozinha vira febre para modernizar o visual do lar"},{"@type":"BreadcrumbList","@id":"https:\/\/www.em.com.br\/emfoco\/2026\/04\/27\/chega-de-ilhas-de-cozinha-a-tendencia-mais-quente-de-2026-para-modernizar-sua-casa\/#breadcrumb","itemListElement":[{"@type":"ListItem","position":1,"name":"In\u00edcio","item":"https:\/\/www.em.com.br\/emfoco\/"},{"@type":"ListItem","position":2,"name":"Chega de ilhas de cozinha: a tend\u00eancia mais quente de 2026 para modernizar sua casa"}]},{"@type":"WebSite","@id":"https:\/\/www.em.com.br\/emfoco\/#website","url":"https:\/\/www.em.com.br\/emfoco\/","name":"Estado de Minas - Em foco","description":"Acompanhe as \u00faltimas not\u00edcias e fique bem informado sobre tudo o que acontece em Minas Gerais, Brasil e no mundo.","potentialAction":[{"@type":"SearchAction","target":{"@type":"EntryPoint","urlTemplate":"https:\/\/www.em.com.br\/emfoco\/?s={search_term_string}"},"query-input":{"@type":"PropertyValueSpecification","valueRequired":true,"valueName":"search_term_string"}}],"inLanguage":"pt-BR"},{"@type":"Person","@id":"https:\/\/www.em.com.br\/emfoco\/#\/schema\/person\/5379e929a4b966c775d121e23f9bb421","name":"Guilherme Ara\u00fajo","image":{"@type":"ImageObject","inLanguage":"pt-BR","@id":"https:\/\/www.em.com.br\/emfoco\/#\/schema\/person\/image\/","url":"https:\/\/secure.gravatar.com\/avatar\/b8bf1fd0130e170bd8f5d7298dbafa25?s=96&d=mm&r=g","contentUrl":"https:\/\/secure.gravatar.com\/avatar\/b8bf1fd0130e170bd8f5d7298dbafa25?s=96&d=mm&r=g","caption":"Guilherme Ara\u00fajo"},"sameAs":["https:\/\/www.em.com.br\/emfoco"],"url":"https:\/\/www.em.com.br\/emfoco\/author\/guilhermeamyth\/"}]}},"_links":{"self":[{"href":"https:\/\/www.em.com.br\/emfoco\/wp-json\/wp\/v2\/posts\/199151","targetHints":{"allow":["GET"]}}],"collection":[{"href":"https:\/\/www.em.com.br\/emfoco\/wp-json\/wp\/v2\/posts"}],"about":[{"href":"https:\/\/www.em.com.br\/emfoco\/wp-json\/wp\/v2\/types\/post"}],"author":[{"embeddable":true,"href":"https:\/\/www.em.com.br\/emfoco\/wp-json\/wp\/v2\/users\/30"}],"replies":[{"embeddable":true,"href":"https:\/\/www.em.com.br\/emfoco\/wp-json\/wp\/v2\/comments?post=199151"}],"version-history":[{"count":2,"href":"https:\/\/www.em.com.br\/emfoco\/wp-json\/wp\/v2\/posts\/199151\/revisions"}],"predecessor-version":[{"id":199167,"href":"https:\/\/www.em.com.br\/emfoco\/wp-json\/wp\/v2\/posts\/199151\/revisions\/199167"}],"wp:featuredmedia":[{"embeddable":true,"href":"https:\/\/www.em.com.br\/emfoco\/wp-json\/wp\/v2\/media\/199163"}],"wp:attachment":[{"href":"https:\/\/www.em.com.br\/emfoco\/wp-json\/wp\/v2\/media?parent=199151"}],"wp:term":[{"taxonomy":"category","embeddable":true,"href":"https:\/\/www.em.com.br\/emfoco\/wp-json\/wp\/v2\/categories?post=199151"},{"taxonomy":"post_tag","embeddable":true,"href":"https:\/\/www.em.com.br\/emfoco\/wp-json\/wp\/v2\/tags?post=199151"}],"curies":[{"name":"wp","href":"https:\/\/api.w.org\/{rel}","templated":true}]}}