{"id":199093,"date":"2026-04-26T16:15:00","date_gmt":"2026-04-26T19:15:00","guid":{"rendered":"https:\/\/www.em.com.br\/emfoco\/?p=199093"},"modified":"2026-04-25T14:27:21","modified_gmt":"2026-04-25T17:27:21","slug":"comerciante-usa-r-18-milhoes-por-engano-compra-um-porsche-e-pode-pegar-ate-11-anos","status":"publish","type":"post","link":"https:\/\/www.em.com.br\/emfoco\/2026\/04\/26\/comerciante-usa-r-18-milhoes-por-engano-compra-um-porsche-e-pode-pegar-ate-11-anos\/","title":{"rendered":"Comerciante usa R$ 18 milh\u00f5es por engano, compra um Porsche e pode pegar at\u00e9 11 anos"},"content":{"rendered":"\n<p>Um erro sist\u00eamico no <strong>Banco Safra<\/strong> transformou a rotina de um empres\u00e1rio em <strong>Goi\u00e2nia<\/strong> em um caso de pol\u00edcia. Ao receber <strong>R$ 18,6 milh\u00f5es<\/strong> por equ\u00edvoco, o comerciante optou por dissipar o valor em vez de comunicar a falha \u00e0 institui\u00e7\u00e3o financeira.<\/p>\n\n\n\n<h2 class=\"wp-block-heading\">Como o erro de dep\u00f3sito aconteceu no sistema banc\u00e1rio?<\/h2>\n\n\n\n<p>A falha ocorreu durante a concilia\u00e7\u00e3o de vendas com cart\u00f5es de cr\u00e9dito no final de <strong>2018<\/strong>. O saldo real era de apenas <strong>R$ 27 mil<\/strong>, mas o sistema creditou o montante milion\u00e1rio em sua conta corrente devido a um problema t\u00e9cnico que atingiu diversos clientes.<\/p>\n\n\n\n<p>Em vez de agir com transpar\u00eancia, o dono de restaurante iniciou uma s\u00e9rie de movimenta\u00e7\u00f5es financeiras em tempo recorde. Segundo registros da <strong>Pol\u00edcia Civil de Goi\u00e1s<\/strong>, em apenas <strong>17 minutos<\/strong>, o empres\u00e1rio transferiu mais de <strong>R$ 1,1 milh\u00e3o<\/strong> para contas de familiares e terceiros para evitar o estorno.<\/p>\n\n\n\n<h2 class=\"wp-block-heading\">Quais bens foram adquiridos com o dinheiro indevido?<\/h2>\n\n\n\n<p>A compra mais emblem\u00e1tica realizada com os recursos do <strong>Banco Safra<\/strong> foi um <strong>Porsche<\/strong> modelo <strong>2014<\/strong>. O ve\u00edculo, avaliado em <strong>R$ 280 mil<\/strong>, foi registrado em nome de uma amiga do comerciante, em uma tentativa clara de dificultar o rastreamento do patrim\u00f4nio pela justi\u00e7a.<\/p>\n\n\n\n<p>O autom\u00f3vel de luxo acabou apreendido em <strong>abril de 2019<\/strong> dentro do condom\u00ednio onde o investigado residia. Embora o banco tenha conseguido bloquear a maior parte das opera\u00e7\u00f5es de transfer\u00eancia, o valor gasto na aquisi\u00e7\u00e3o do carro de luxo n\u00e3o p\u00f4de ser recuperado de forma autom\u00e1tica pelos sistemas internos.<\/p>\n\n\n<div class=\"wp-block-image\">\n<figure class=\"aligncenter size-large\"><img loading=\"lazy\" decoding=\"async\" width=\"1024\" height=\"576\" src=\"https:\/\/www.em.com.br\/emfoco\/wp-content\/uploads\/2026\/04\/porshce-1-1024x576.jpg\" alt=\"\" class=\"wp-image-199105\" srcset=\"https:\/\/www.em.com.br\/emfoco\/wp-content\/uploads\/2026\/04\/porshce-1-1024x576.jpg 1024w, https:\/\/www.em.com.br\/emfoco\/wp-content\/uploads\/2026\/04\/porshce-1-300x169.jpg 300w, https:\/\/www.em.com.br\/emfoco\/wp-content\/uploads\/2026\/04\/porshce-1-768x432.jpg 768w, https:\/\/www.em.com.br\/emfoco\/wp-content\/uploads\/2026\/04\/porshce-1-750x422.jpg 750w, https:\/\/www.em.com.br\/emfoco\/wp-content\/uploads\/2026\/04\/porshce-1-1140x641.jpg 1140w, https:\/\/www.em.com.br\/emfoco\/wp-content\/uploads\/2026\/04\/porshce-1.jpg 1280w\" sizes=\"auto, (max-width: 1024px) 100vw, 1024px\" \/><\/figure><\/div>\n\n\n<h2 class=\"wp-block-heading\">Quais s\u00e3o os crimes imputados ao empres\u00e1rio?<\/h2>\n\n\n\n<p>A conduta de utilizar valores depositados por erro n\u00e3o \u00e9 considerada um golpe de sorte, mas um crime tipificado na legisla\u00e7\u00e3o brasileira. O indiciamento realizado pelas autoridades de <strong>Goi\u00e1s<\/strong> abrange tr\u00eas frentes criminais graves que podem somar mais de uma d\u00e9cada de reclus\u00e3o.<\/p>\n\n\n\n<p>A defesa alegou que o cliente acreditava que o dinheiro era fruto da venda de parte de seu com\u00e9rcio, mas a justificativa foi descartada pela disparidade dos valores. Analise as acusa\u00e7\u00f5es detalhadas no processo que envolvem o <strong>C\u00f3digo Penal<\/strong>:<\/p>\n\n\n\n<ul class=\"wp-block-list\">\n<li><strong>Apropria\u00e7\u00e3o de coisa havida por erro<\/strong>: Previsto no <strong>Artigo 169<\/strong>.<\/li>\n\n\n\n<li><strong>Lavagem de dinheiro<\/strong>: Pela dissimula\u00e7\u00e3o da origem e propriedade do <strong>Porsche<\/strong>.<\/li>\n\n\n\n<li><strong>Falsidade ideol\u00f3gica<\/strong>: Devido ao registro do bem em nome de laranjas.<\/li>\n<\/ul>\n\n\n\n<h2 class=\"wp-block-heading\">O que diz o C\u00f3digo Penal sobre esse tipo de apropria\u00e7\u00e3o?<\/h2>\n\n\n\n<p>O ato de encontrar dinheiro ou bens por erro de outrem e n\u00e3o devolv\u00ea-los \u00e9 punido pela lei com deten\u00e7\u00e3o ou multa. No <a href=\"https:\/\/pt.wikipedia.org\/wiki\/C%C3%B3digo_Penal_brasileiro\" target=\"_blank\" rel=\"noreferrer noopener\">C\u00f3digo Penal brasileiro<\/a>, a apropria\u00e7\u00e3o ind\u00e9bita por erro exige que o cidad\u00e3o restitua o valor em um prazo de at\u00e9 <strong>15 dias<\/strong> para evitar san\u00e7\u00f5es.<\/p>\n\n\n\n<p>No caso de <strong>Goi\u00e2nia<\/strong>, a situa\u00e7\u00e3o foi agravada pelas tentativas de lavagem de dinheiro. O <strong>Poder Judici\u00e1rio<\/strong> entende que a m\u00e1-f\u00e9 ficou comprovada pela velocidade das transfer\u00eancias e pela oculta\u00e7\u00e3o patrimonial, elevando o potencial de condena\u00e7\u00e3o para o regime fechado caso a senten\u00e7a seja confirmada em <strong>2026<\/strong>.<\/p>\n\n\n\n<p>Leia tamb\u00e9m: <a href=\"https:\/\/www.em.com.br\/emfoco\/2026\/04\/12\/um-idoso-empresario-de-71-anos-fez-um-pix-de-r-500-e-foi-condenado-a-14-anos-de-prisao\/\" target=\"_blank\" rel=\"noreferrer noopener\">Um idoso empres\u00e1rio de 71 anos fez um Pix de R$ 500 e foi condenado a 14 anos de pris\u00e3o<\/a><\/p>\n\n\n\n<h2 class=\"wp-block-heading\">Como este caso se compara \u00e0 honestidade de outros motoristas?<\/h2>\n\n\n\n<p>O caso do comerciante mostra um contraste claro com outras situa\u00e7\u00f5es envolvendo motoristas e valores recebidos por engano. De um lado, h\u00e1 exemplos como o de <strong>Ant\u00f4nio Pereira do Nascimento<\/strong>, que devolveu <strong>R$ 131 milh\u00f5es ao banco<\/strong>, refor\u00e7ando uma postura de honestidade mesmo diante de cifras altas. Do outro, h\u00e1 quem escolha ficar com o dinheiro, assumindo riscos s\u00e9rios na Justi\u00e7a.<\/p>\n\n\n\n<p>As investiga\u00e7\u00f5es da <strong>Pol\u00edcia Civil de Goi\u00e1s<\/strong> mostram que esse tipo de decis\u00e3o dificilmente passa impune, j\u00e1 que transa\u00e7\u00f5es deixam rastros f\u00e1ceis de rastrear pelos bancos e autoridades. No fim, o recado \u00e9 direto: ficar com valores indevidos pode parecer vantagem r\u00e1pida, mas costuma virar dor de cabe\u00e7a, com processos, multas e at\u00e9 risco de pris\u00e3o.<\/p>\n","protected":false},"excerpt":{"rendered":"<p>Um erro sist\u00eamico no Banco Safra transformou a rotina de um empres\u00e1rio em Goi\u00e2nia em um caso de pol\u00edcia. Ao receber R$ 18,6 milh\u00f5es por equ\u00edvoco, o comerciante optou por dissipar o valor em vez de comunicar a falha \u00e0 institui\u00e7\u00e3o financeira. Como o erro de dep\u00f3sito aconteceu no sistema banc\u00e1rio? A falha ocorreu durante [&hellip;]<\/p>\n","protected":false},"author":30,"featured_media":199334,"comment_status":"open","ping_status":"open","sticky":false,"template":"","format":"standard","meta":{"jnews-multi-image_gallery":[],"jnews_single_post":{"format":"standard"},"jnews_primary_category":[],"jnews_social_meta":[],"jnews_override_counter":[],"footnotes":""},"categories":[28],"tags":[1972,160,163,1334],"class_list":["post-199093","post","type-post","status-publish","format-standard","has-post-thumbnail","hentry","category-economia","tag-crime","tag-economia","tag-fraude","tag-justica"],"yoast_head":"<!-- This site is optimized with the Yoast SEO plugin v23.8 - https:\/\/yoast.com\/wordpress\/plugins\/seo\/ -->\n<title>Comerciante usa R$ 18 milh\u00f5es por engano, compra um Porsche e pode pegar at\u00e9 11 anos - Estado de Minas - Em foco<\/title>\n<meta name=\"description\" content=\"Entenda como este comerciante usou R$ 18 milh\u00f5es por engano, comprou um Porsche e pode pegar at\u00e9 11 anos. Veja o caso do erro no Banco Safra.\" \/>\n<meta name=\"robots\" content=\"index, follow, max-snippet:-1, max-image-preview:large, max-video-preview:-1\" \/>\n<link rel=\"canonical\" href=\"https:\/\/www.em.com.br\/emfoco\/2026\/04\/26\/comerciante-usa-r-18-milhoes-por-engano-compra-um-porsche-e-pode-pegar-ate-11-anos\/\" \/>\n<meta property=\"og:locale\" content=\"pt_BR\" \/>\n<meta property=\"og:type\" content=\"article\" \/>\n<meta property=\"og:title\" content=\"Comerciante usa R$ 18 milh\u00f5es por engano, compra um Porsche e pode pegar at\u00e9 11 anos - Estado de Minas - Em foco\" \/>\n<meta property=\"og:description\" content=\"Entenda como este comerciante usou R$ 18 milh\u00f5es por engano, comprou um Porsche e pode pegar at\u00e9 11 anos. Veja o caso do erro no Banco Safra.\" \/>\n<meta property=\"og:url\" content=\"https:\/\/www.em.com.br\/emfoco\/2026\/04\/26\/comerciante-usa-r-18-milhoes-por-engano-compra-um-porsche-e-pode-pegar-ate-11-anos\/\" \/>\n<meta property=\"og:site_name\" content=\"Estado de Minas - Em foco\" \/>\n<meta property=\"article:published_time\" content=\"2026-04-26T19:15:00+00:00\" \/>\n<meta property=\"article:modified_time\" content=\"2026-04-25T17:27:21+00:00\" \/>\n<meta property=\"og:image\" content=\"https:\/\/www.em.com.br\/emfoco\/wp-content\/uploads\/2026\/04\/EmFoco_42-5.jpg\" \/>\n\t<meta property=\"og:image:width\" content=\"1280\" \/>\n\t<meta property=\"og:image:height\" content=\"720\" \/>\n\t<meta property=\"og:image:type\" content=\"image\/jpeg\" \/>\n<meta name=\"author\" content=\"Guilherme Ara\u00fajo\" \/>\n<meta name=\"twitter:card\" content=\"summary_large_image\" \/>\n<meta name=\"twitter:label1\" content=\"Escrito por\" \/>\n\t<meta name=\"twitter:data1\" content=\"Guilherme Ara\u00fajo\" \/>\n\t<meta name=\"twitter:label2\" content=\"Est. tempo de leitura\" \/>\n\t<meta name=\"twitter:data2\" content=\"4 minutos\" \/>\n<!-- \/ Yoast SEO plugin. -->","yoast_head_json":{"title":"Comerciante usa R$ 18 milh\u00f5es por engano, compra um Porsche e pode pegar at\u00e9 11 anos - Estado de Minas - Em foco","description":"Entenda como este comerciante usou R$ 18 milh\u00f5es por engano, comprou um Porsche e pode pegar at\u00e9 11 anos. Veja o caso do erro no Banco Safra.","robots":{"index":"index","follow":"follow","max-snippet":"max-snippet:-1","max-image-preview":"max-image-preview:large","max-video-preview":"max-video-preview:-1"},"canonical":"https:\/\/www.em.com.br\/emfoco\/2026\/04\/26\/comerciante-usa-r-18-milhoes-por-engano-compra-um-porsche-e-pode-pegar-ate-11-anos\/","og_locale":"pt_BR","og_type":"article","og_title":"Comerciante usa R$ 18 milh\u00f5es por engano, compra um Porsche e pode pegar at\u00e9 11 anos - Estado de Minas - Em foco","og_description":"Entenda como este comerciante usou R$ 18 milh\u00f5es por engano, comprou um Porsche e pode pegar at\u00e9 11 anos. Veja o caso do erro no Banco Safra.","og_url":"https:\/\/www.em.com.br\/emfoco\/2026\/04\/26\/comerciante-usa-r-18-milhoes-por-engano-compra-um-porsche-e-pode-pegar-ate-11-anos\/","og_site_name":"Estado de Minas - Em foco","article_published_time":"2026-04-26T19:15:00+00:00","article_modified_time":"2026-04-25T17:27:21+00:00","og_image":[{"width":1280,"height":720,"url":"https:\/\/www.em.com.br\/emfoco\/wp-content\/uploads\/2026\/04\/EmFoco_42-5.jpg","type":"image\/jpeg"}],"author":"Guilherme Ara\u00fajo","twitter_card":"summary_large_image","twitter_misc":{"Escrito por":"Guilherme Ara\u00fajo","Est. tempo de leitura":"4 minutos"},"schema":{"@context":"https:\/\/schema.org","@graph":[{"@type":"WebPage","@id":"https:\/\/www.em.com.br\/emfoco\/2026\/04\/26\/comerciante-usa-r-18-milhoes-por-engano-compra-um-porsche-e-pode-pegar-ate-11-anos\/","url":"https:\/\/www.em.com.br\/emfoco\/2026\/04\/26\/comerciante-usa-r-18-milhoes-por-engano-compra-um-porsche-e-pode-pegar-ate-11-anos\/","name":"Comerciante usa R$ 18 milh\u00f5es por engano, compra um Porsche e pode pegar at\u00e9 11 anos - Estado de Minas - Em foco","isPartOf":{"@id":"https:\/\/www.em.com.br\/emfoco\/#website"},"primaryImageOfPage":{"@id":"https:\/\/www.em.com.br\/emfoco\/2026\/04\/26\/comerciante-usa-r-18-milhoes-por-engano-compra-um-porsche-e-pode-pegar-ate-11-anos\/#primaryimage"},"image":{"@id":"https:\/\/www.em.com.br\/emfoco\/2026\/04\/26\/comerciante-usa-r-18-milhoes-por-engano-compra-um-porsche-e-pode-pegar-ate-11-anos\/#primaryimage"},"thumbnailUrl":"https:\/\/www.em.com.br\/emfoco\/wp-content\/uploads\/2026\/04\/EmFoco_42-5.jpg","datePublished":"2026-04-26T19:15:00+00:00","dateModified":"2026-04-25T17:27:21+00:00","author":{"@id":"https:\/\/www.em.com.br\/emfoco\/#\/schema\/person\/5379e929a4b966c775d121e23f9bb421"},"description":"Entenda como este comerciante usou R$ 18 milh\u00f5es por engano, comprou um Porsche e pode pegar at\u00e9 11 anos. Veja o caso do erro no Banco Safra.","breadcrumb":{"@id":"https:\/\/www.em.com.br\/emfoco\/2026\/04\/26\/comerciante-usa-r-18-milhoes-por-engano-compra-um-porsche-e-pode-pegar-ate-11-anos\/#breadcrumb"},"inLanguage":"pt-BR","potentialAction":[{"@type":"ReadAction","target":["https:\/\/www.em.com.br\/emfoco\/2026\/04\/26\/comerciante-usa-r-18-milhoes-por-engano-compra-um-porsche-e-pode-pegar-ate-11-anos\/"]}]},{"@type":"ImageObject","inLanguage":"pt-BR","@id":"https:\/\/www.em.com.br\/emfoco\/2026\/04\/26\/comerciante-usa-r-18-milhoes-por-engano-compra-um-porsche-e-pode-pegar-ate-11-anos\/#primaryimage","url":"https:\/\/www.em.com.br\/emfoco\/wp-content\/uploads\/2026\/04\/EmFoco_42-5.jpg","contentUrl":"https:\/\/www.em.com.br\/emfoco\/wp-content\/uploads\/2026\/04\/EmFoco_42-5.jpg","width":1280,"height":720,"caption":"Empres\u00e1rio indiciado por apropria\u00e7\u00e3o ind\u00e9bita e lavagem de dinheiro ap\u00f3s erro de dep\u00f3sito banc\u00e1rio"},{"@type":"BreadcrumbList","@id":"https:\/\/www.em.com.br\/emfoco\/2026\/04\/26\/comerciante-usa-r-18-milhoes-por-engano-compra-um-porsche-e-pode-pegar-ate-11-anos\/#breadcrumb","itemListElement":[{"@type":"ListItem","position":1,"name":"In\u00edcio","item":"https:\/\/www.em.com.br\/emfoco\/"},{"@type":"ListItem","position":2,"name":"Comerciante usa R$ 18 milh\u00f5es por engano, compra um Porsche e pode pegar at\u00e9 11 anos"}]},{"@type":"WebSite","@id":"https:\/\/www.em.com.br\/emfoco\/#website","url":"https:\/\/www.em.com.br\/emfoco\/","name":"Estado de Minas - Em foco","description":"Acompanhe as \u00faltimas not\u00edcias e fique bem informado sobre tudo o que acontece em Minas Gerais, Brasil e no mundo.","potentialAction":[{"@type":"SearchAction","target":{"@type":"EntryPoint","urlTemplate":"https:\/\/www.em.com.br\/emfoco\/?s={search_term_string}"},"query-input":{"@type":"PropertyValueSpecification","valueRequired":true,"valueName":"search_term_string"}}],"inLanguage":"pt-BR"},{"@type":"Person","@id":"https:\/\/www.em.com.br\/emfoco\/#\/schema\/person\/5379e929a4b966c775d121e23f9bb421","name":"Guilherme Ara\u00fajo","image":{"@type":"ImageObject","inLanguage":"pt-BR","@id":"https:\/\/www.em.com.br\/emfoco\/#\/schema\/person\/image\/","url":"https:\/\/secure.gravatar.com\/avatar\/b8bf1fd0130e170bd8f5d7298dbafa25?s=96&d=mm&r=g","contentUrl":"https:\/\/secure.gravatar.com\/avatar\/b8bf1fd0130e170bd8f5d7298dbafa25?s=96&d=mm&r=g","caption":"Guilherme Ara\u00fajo"},"sameAs":["https:\/\/www.em.com.br\/emfoco"],"url":"https:\/\/www.em.com.br\/emfoco\/author\/guilhermeamyth\/"}]}},"_links":{"self":[{"href":"https:\/\/www.em.com.br\/emfoco\/wp-json\/wp\/v2\/posts\/199093","targetHints":{"allow":["GET"]}}],"collection":[{"href":"https:\/\/www.em.com.br\/emfoco\/wp-json\/wp\/v2\/posts"}],"about":[{"href":"https:\/\/www.em.com.br\/emfoco\/wp-json\/wp\/v2\/types\/post"}],"author":[{"embeddable":true,"href":"https:\/\/www.em.com.br\/emfoco\/wp-json\/wp\/v2\/users\/30"}],"replies":[{"embeddable":true,"href":"https:\/\/www.em.com.br\/emfoco\/wp-json\/wp\/v2\/comments?post=199093"}],"version-history":[{"count":3,"href":"https:\/\/www.em.com.br\/emfoco\/wp-json\/wp\/v2\/posts\/199093\/revisions"}],"predecessor-version":[{"id":199111,"href":"https:\/\/www.em.com.br\/emfoco\/wp-json\/wp\/v2\/posts\/199093\/revisions\/199111"}],"wp:featuredmedia":[{"embeddable":true,"href":"https:\/\/www.em.com.br\/emfoco\/wp-json\/wp\/v2\/media\/199334"}],"wp:attachment":[{"href":"https:\/\/www.em.com.br\/emfoco\/wp-json\/wp\/v2\/media?parent=199093"}],"wp:term":[{"taxonomy":"category","embeddable":true,"href":"https:\/\/www.em.com.br\/emfoco\/wp-json\/wp\/v2\/categories?post=199093"},{"taxonomy":"post_tag","embeddable":true,"href":"https:\/\/www.em.com.br\/emfoco\/wp-json\/wp\/v2\/tags?post=199093"}],"curies":[{"name":"wp","href":"https:\/\/api.w.org\/{rel}","templated":true}]}}