{"id":199054,"date":"2026-04-26T18:45:00","date_gmt":"2026-04-26T21:45:00","guid":{"rendered":"https:\/\/www.em.com.br\/emfoco\/?p=199054"},"modified":"2026-04-25T14:27:13","modified_gmt":"2026-04-25T17:27:13","slug":"erro-comum-ao-vender-milhas-pode-dar-problema-no-imposto-de-renda-em-2026","status":"publish","type":"post","link":"https:\/\/www.em.com.br\/emfoco\/2026\/04\/26\/erro-comum-ao-vender-milhas-pode-dar-problema-no-imposto-de-renda-em-2026\/","title":{"rendered":"Erro ao vender milhas pode dar problema e intima\u00e7\u00e3o no Imposto de Renda em 2026"},"content":{"rendered":"\n<p>Muitos brasileiros aproveitam para <strong>vender milhas<\/strong> e gerar uma renda extra, mas ignoram as regras da <strong>Receita Federal<\/strong>. Esse descuido pode levar o contribuinte diretamente para a malha fina em <strong>2026<\/strong>, mesmo que os valores movimentados sejam considerados baixos.<\/p>\n\n\n\n<h2 class=\"wp-block-heading\">Quando a venda de milhas passa a ser tributada?<\/h2>\n\n\n\n<p>O ac\u00famulo de pontos por consumo n\u00e3o gera imposto, mas a convers\u00e3o em dinheiro \u00e9 vista como ganho de capital. A isen\u00e7\u00e3o s\u00f3 existe se o total das vendas no m\u00eas n\u00e3o ultrapassar <strong>R$ 35.000,00<\/strong>, incidindo sobre o valor bruto recebido pela opera\u00e7\u00e3o financeira.<\/p>\n\n\n\n<p>Caso o vendedor ultrapasse esse teto, ele deve aplicar uma al\u00edquota progressiva sobre o lucro l\u00edquido obtido. Para a maioria dos usu\u00e1rios, a taxa fixa \u00e9 de <strong>15%<\/strong>, seguindo as normas de aliena\u00e7\u00e3o de bens de pequeno valor estabelecidas pelo <a href=\"https:\/\/pt.wikipedia.org\/wiki\/Imposto_de_Renda_no_Brasil\" target=\"_blank\" rel=\"noreferrer noopener\">Imposto de Renda no Brasil<\/a>.<\/p>\n\n\n<div class=\"wp-block-image\">\n<figure class=\"aligncenter size-large\"><img loading=\"lazy\" decoding=\"async\" width=\"1024\" height=\"576\" src=\"https:\/\/www.em.com.br\/emfoco\/wp-content\/uploads\/2026\/04\/receita-execel-1-1024x576.jpg\" alt=\"Falha comum na venda de milhas pode levar contribuinte \u00e0 malha fina em 2026\" class=\"wp-image-199059\" srcset=\"https:\/\/www.em.com.br\/emfoco\/wp-content\/uploads\/2026\/04\/receita-execel-1-1024x576.jpg 1024w, https:\/\/www.em.com.br\/emfoco\/wp-content\/uploads\/2026\/04\/receita-execel-1-300x169.jpg 300w, https:\/\/www.em.com.br\/emfoco\/wp-content\/uploads\/2026\/04\/receita-execel-1-768x432.jpg 768w, https:\/\/www.em.com.br\/emfoco\/wp-content\/uploads\/2026\/04\/receita-execel-1-750x422.jpg 750w, https:\/\/www.em.com.br\/emfoco\/wp-content\/uploads\/2026\/04\/receita-execel-1-1140x641.jpg 1140w, https:\/\/www.em.com.br\/emfoco\/wp-content\/uploads\/2026\/04\/receita-execel-1.jpg 1280w\" sizes=\"auto, (max-width: 1024px) 100vw, 1024px\" \/><figcaption class=\"wp-element-caption\">Falha comum na venda de milhas pode levar contribuinte \u00e0 malha fina em 2026<\/figcaption><\/figure><\/div>\n\n\n<h2 class=\"wp-block-heading\">Qual \u00e9 o erro mais comum cometido pelos contribuintes?<\/h2>\n\n\n\n<p>O erro fatal \u00e9 acreditar que, por ser isento, n\u00e3o \u00e9 necess\u00e1rio informar a transa\u00e7\u00e3o na declara\u00e7\u00e3o anual. Mesmo sem imposto a pagar, os valores recebidos devem constar na ficha de <strong>Rendimentos Isentos e N\u00e3o Tribut\u00e1veis<\/strong>, utilizando o <strong>C\u00f3digo 05<\/strong> espec\u00edfico para esses casos.<\/p>\n\n\n\n<p>A falta dessa informa\u00e7\u00e3o cria uma inconsist\u00eancia entre o saldo banc\u00e1rio e a renda declarada ao fisco. Os sistemas autom\u00e1ticos cruzam os dados enviados pelas institui\u00e7\u00f5es financeiras, e qualquer entrada de caixa sem origem comprovada pode gerar uma intima\u00e7\u00e3o para esclarecimentos imediatos perante a <strong><a href=\"https:\/\/www.em.com.br\/emfoco\/2026\/04\/19\/trabalhei-como-freelancer-por-2-anos-sem-declarar-nada-hoje-devo-r-47-000-a-receita-federal\/\" target=\"_blank\" rel=\"noreferrer noopener\">Receita Federal<\/a><\/strong>.<\/p>\n\n\n\n<h2 class=\"wp-block-heading\">Como organizar as faixas de tributa\u00e7\u00e3o em 2026?<\/h2>\n\n\n\n<p>Para quem realiza opera\u00e7\u00f5es de grande vulto, \u00e9 fundamental conhecer as al\u00edquotas que incidem sobre o ganho de capital. O c\u00e1lculo deve ser feito mensalmente e o recolhimento do imposto precisa ocorrer at\u00e9 o \u00faltimo dia \u00fatil do m\u00eas subsequente \u00e0 venda.<\/p>\n\n\n\n<p>Para facilitar a compreens\u00e3o dos investidores de pontos, apresentamos a estrutura de cobran\u00e7a vigente. Confira as faixas de al\u00edquota segundo as normas da <a href=\"https:\/\/www.gov.br\/receitafederal\/pt-br\" target=\"_blank\" rel=\"noreferrer noopener\">Receita Federal<\/a>:<\/p>\n\n\n<div class=\"wp-block-image\">\n<figure class=\"aligncenter size-large is-resized\"><img loading=\"lazy\" decoding=\"async\" width=\"1024\" height=\"730\" src=\"https:\/\/www.em.com.br\/emfoco\/wp-content\/uploads\/2026\/04\/image-168-1024x730.png\" alt=\"\" class=\"wp-image-199056\" style=\"width:842px;height:auto\" srcset=\"https:\/\/www.em.com.br\/emfoco\/wp-content\/uploads\/2026\/04\/image-168-1024x730.png 1024w, https:\/\/www.em.com.br\/emfoco\/wp-content\/uploads\/2026\/04\/image-168-300x214.png 300w, https:\/\/www.em.com.br\/emfoco\/wp-content\/uploads\/2026\/04\/image-168-768x547.png 768w, https:\/\/www.em.com.br\/emfoco\/wp-content\/uploads\/2026\/04\/image-168-120x86.png 120w, https:\/\/www.em.com.br\/emfoco\/wp-content\/uploads\/2026\/04\/image-168-350x250.png 350w, https:\/\/www.em.com.br\/emfoco\/wp-content\/uploads\/2026\/04\/image-168-750x534.png 750w, https:\/\/www.em.com.br\/emfoco\/wp-content\/uploads\/2026\/04\/image-168-1140x812.png 1140w, https:\/\/www.em.com.br\/emfoco\/wp-content\/uploads\/2026\/04\/image-168.png 1280w\" sizes=\"auto, (max-width: 1024px) 100vw, 1024px\" \/><\/figure><\/div>\n\n\n<h2 class=\"wp-block-heading\">Por que registrar a compra de lotes em Bens e Direitos?<\/h2>\n\n\n\n<p>Quem tem o h\u00e1bito de comprar milhas para revender precisa registrar o custo de aquisi\u00e7\u00e3o na ficha de <strong>Bens e Direitos<\/strong>. Esse procedimento justifica a sa\u00edda de recursos da conta banc\u00e1ria e garante que a entrada futura do dinheiro da venda seja rastre\u00e1vel e l\u00edcita.<\/p>\n\n\n\n<p>Sem esse registro cont\u00e1bil, o auditor digital pode interpretar a movimenta\u00e7\u00e3o como omiss\u00e3o de receita. \u00c9 essencial guardar notas fiscais e extratos das plataformas de fidelidade por pelo menos <strong>5 anos<\/strong>, assegurando uma defesa s\u00f3lida em caso de auditoria ou pedido de comprova\u00e7\u00e3o documental.<\/p>\n\n\n\n<h2 class=\"wp-block-heading\">A revenda de milhas exige abertura de CNPJ?<\/h2>\n\n\n\n<p>Se a atividade deixar de ser espor\u00e1dica e passar a ser frequente e organizada, o fisco pode exigir o enquadramento como pessoa jur\u00eddica. Nesse modelo, a tributa\u00e7\u00e3o incide sobre o faturamento total da empresa, o que pode alterar significativamente a margem de lucro do neg\u00f3cio.<\/p>\n\n\n\n<p>O <strong>Minist\u00e9rio da Fazenda<\/strong> ressaltou que, em <strong>2026<\/strong>, os novos tributos como o <strong>IBS<\/strong> e a <strong>CBS<\/strong> ainda estar\u00e3o em fase de testes. Portanto, as regras de recolhimento atuais permanecem est\u00e1veis durante este exerc\u00edcio, mas o monitoramento sobre a habitualidade de quem decide <strong>vender milhas<\/strong> est\u00e1 cada vez mais rigoroso.<\/p>\n\n\n\n<p>Evitar problemas com o fisco exige organiza\u00e7\u00e3o e aten\u00e7\u00e3o aos prazos de preenchimento do programa <strong>GCAP<\/strong>. Ao manter a transpar\u00eancia sobre seus ganhos, o contribuinte protege seu patrim\u00f4nio e garante que a renda extra com programas de fidelidade n\u00e3o se transforme em uma dor de cabe\u00e7a tribut\u00e1ria no futuro.<\/p>\n","protected":false},"excerpt":{"rendered":"<p>Muitos brasileiros aproveitam para vender milhas e gerar uma renda extra, mas ignoram as regras da Receita Federal. Esse descuido pode levar o contribuinte diretamente para a malha fina em 2026, mesmo que os valores movimentados sejam considerados baixos. Quando a venda de milhas passa a ser tributada? O ac\u00famulo de pontos por consumo n\u00e3o [&hellip;]<\/p>\n","protected":false},"author":30,"featured_media":199335,"comment_status":"open","ping_status":"open","sticky":false,"template":"","format":"standard","meta":{"jnews-multi-image_gallery":[],"jnews_single_post":{"format":"standard"},"jnews_primary_category":[],"jnews_social_meta":[],"jnews_override_counter":[],"footnotes":""},"categories":[28],"tags":[167,713,4191,2208],"class_list":["post-199054","post","type-post","status-publish","format-standard","has-post-thumbnail","hentry","category-economia","tag-financas","tag-imposto-de-renda","tag-milhas","tag-receita-federal"],"yoast_head":"<!-- This site is optimized with the Yoast SEO plugin v23.8 - https:\/\/yoast.com\/wordpress\/plugins\/seo\/ -->\n<title>Erro ao vender milhas pode dar problema e intima\u00e7\u00e3o no Imposto de Renda em 2026 - Estado de Minas - Em foco<\/title>\n<meta name=\"description\" content=\"Entenda o erro comum ao vender milhas que pode dar problema no Imposto de Renda em 2026. Veja como evitar a malha fina agora.\" \/>\n<meta name=\"robots\" content=\"index, follow, max-snippet:-1, max-image-preview:large, max-video-preview:-1\" \/>\n<link rel=\"canonical\" href=\"https:\/\/www.em.com.br\/emfoco\/2026\/04\/26\/erro-comum-ao-vender-milhas-pode-dar-problema-no-imposto-de-renda-em-2026\/\" \/>\n<meta property=\"og:locale\" content=\"pt_BR\" \/>\n<meta property=\"og:type\" content=\"article\" \/>\n<meta property=\"og:title\" content=\"Erro ao vender milhas pode dar problema e intima\u00e7\u00e3o no Imposto de Renda em 2026 - Estado de Minas - Em foco\" \/>\n<meta property=\"og:description\" content=\"Entenda o erro comum ao vender milhas que pode dar problema no Imposto de Renda em 2026. Veja como evitar a malha fina agora.\" \/>\n<meta property=\"og:url\" content=\"https:\/\/www.em.com.br\/emfoco\/2026\/04\/26\/erro-comum-ao-vender-milhas-pode-dar-problema-no-imposto-de-renda-em-2026\/\" \/>\n<meta property=\"og:site_name\" content=\"Estado de Minas - Em foco\" \/>\n<meta property=\"article:published_time\" content=\"2026-04-26T21:45:00+00:00\" \/>\n<meta property=\"article:modified_time\" content=\"2026-04-25T17:27:13+00:00\" \/>\n<meta property=\"og:image\" content=\"https:\/\/www.em.com.br\/emfoco\/wp-content\/uploads\/2026\/04\/EmFoco_41-5.jpg\" \/>\n\t<meta property=\"og:image:width\" content=\"1280\" \/>\n\t<meta property=\"og:image:height\" content=\"720\" \/>\n\t<meta property=\"og:image:type\" content=\"image\/jpeg\" \/>\n<meta name=\"author\" content=\"Guilherme Ara\u00fajo\" \/>\n<meta name=\"twitter:card\" content=\"summary_large_image\" \/>\n<meta name=\"twitter:label1\" content=\"Escrito por\" \/>\n\t<meta name=\"twitter:data1\" content=\"Guilherme Ara\u00fajo\" \/>\n\t<meta name=\"twitter:label2\" content=\"Est. tempo de leitura\" \/>\n\t<meta name=\"twitter:data2\" content=\"4 minutos\" \/>\n<!-- \/ Yoast SEO plugin. -->","yoast_head_json":{"title":"Erro ao vender milhas pode dar problema e intima\u00e7\u00e3o no Imposto de Renda em 2026 - Estado de Minas - Em foco","description":"Entenda o erro comum ao vender milhas que pode dar problema no Imposto de Renda em 2026. Veja como evitar a malha fina agora.","robots":{"index":"index","follow":"follow","max-snippet":"max-snippet:-1","max-image-preview":"max-image-preview:large","max-video-preview":"max-video-preview:-1"},"canonical":"https:\/\/www.em.com.br\/emfoco\/2026\/04\/26\/erro-comum-ao-vender-milhas-pode-dar-problema-no-imposto-de-renda-em-2026\/","og_locale":"pt_BR","og_type":"article","og_title":"Erro ao vender milhas pode dar problema e intima\u00e7\u00e3o no Imposto de Renda em 2026 - Estado de Minas - Em foco","og_description":"Entenda o erro comum ao vender milhas que pode dar problema no Imposto de Renda em 2026. Veja como evitar a malha fina agora.","og_url":"https:\/\/www.em.com.br\/emfoco\/2026\/04\/26\/erro-comum-ao-vender-milhas-pode-dar-problema-no-imposto-de-renda-em-2026\/","og_site_name":"Estado de Minas - Em foco","article_published_time":"2026-04-26T21:45:00+00:00","article_modified_time":"2026-04-25T17:27:13+00:00","og_image":[{"width":1280,"height":720,"url":"https:\/\/www.em.com.br\/emfoco\/wp-content\/uploads\/2026\/04\/EmFoco_41-5.jpg","type":"image\/jpeg"}],"author":"Guilherme Ara\u00fajo","twitter_card":"summary_large_image","twitter_misc":{"Escrito por":"Guilherme Ara\u00fajo","Est. tempo de leitura":"4 minutos"},"schema":{"@context":"https:\/\/schema.org","@graph":[{"@type":"WebPage","@id":"https:\/\/www.em.com.br\/emfoco\/2026\/04\/26\/erro-comum-ao-vender-milhas-pode-dar-problema-no-imposto-de-renda-em-2026\/","url":"https:\/\/www.em.com.br\/emfoco\/2026\/04\/26\/erro-comum-ao-vender-milhas-pode-dar-problema-no-imposto-de-renda-em-2026\/","name":"Erro ao vender milhas pode dar problema e intima\u00e7\u00e3o no Imposto de Renda em 2026 - Estado de Minas - Em foco","isPartOf":{"@id":"https:\/\/www.em.com.br\/emfoco\/#website"},"primaryImageOfPage":{"@id":"https:\/\/www.em.com.br\/emfoco\/2026\/04\/26\/erro-comum-ao-vender-milhas-pode-dar-problema-no-imposto-de-renda-em-2026\/#primaryimage"},"image":{"@id":"https:\/\/www.em.com.br\/emfoco\/2026\/04\/26\/erro-comum-ao-vender-milhas-pode-dar-problema-no-imposto-de-renda-em-2026\/#primaryimage"},"thumbnailUrl":"https:\/\/www.em.com.br\/emfoco\/wp-content\/uploads\/2026\/04\/EmFoco_41-5.jpg","datePublished":"2026-04-26T21:45:00+00:00","dateModified":"2026-04-25T17:27:13+00:00","author":{"@id":"https:\/\/www.em.com.br\/emfoco\/#\/schema\/person\/5379e929a4b966c775d121e23f9bb421"},"description":"Entenda o erro comum ao vender milhas que pode dar problema no Imposto de Renda em 2026. Veja como evitar a malha fina agora.","breadcrumb":{"@id":"https:\/\/www.em.com.br\/emfoco\/2026\/04\/26\/erro-comum-ao-vender-milhas-pode-dar-problema-no-imposto-de-renda-em-2026\/#breadcrumb"},"inLanguage":"pt-BR","potentialAction":[{"@type":"ReadAction","target":["https:\/\/www.em.com.br\/emfoco\/2026\/04\/26\/erro-comum-ao-vender-milhas-pode-dar-problema-no-imposto-de-renda-em-2026\/"]}]},{"@type":"ImageObject","inLanguage":"pt-BR","@id":"https:\/\/www.em.com.br\/emfoco\/2026\/04\/26\/erro-comum-ao-vender-milhas-pode-dar-problema-no-imposto-de-renda-em-2026\/#primaryimage","url":"https:\/\/www.em.com.br\/emfoco\/wp-content\/uploads\/2026\/04\/EmFoco_41-5.jpg","contentUrl":"https:\/\/www.em.com.br\/emfoco\/wp-content\/uploads\/2026\/04\/EmFoco_41-5.jpg","width":1280,"height":720,"caption":"Normas de tributa\u00e7\u00e3o e obrigatoriedade de informar venda de milhas para evitar malha fina"},{"@type":"BreadcrumbList","@id":"https:\/\/www.em.com.br\/emfoco\/2026\/04\/26\/erro-comum-ao-vender-milhas-pode-dar-problema-no-imposto-de-renda-em-2026\/#breadcrumb","itemListElement":[{"@type":"ListItem","position":1,"name":"In\u00edcio","item":"https:\/\/www.em.com.br\/emfoco\/"},{"@type":"ListItem","position":2,"name":"Erro ao vender milhas pode dar problema e intima\u00e7\u00e3o no Imposto de Renda em 2026"}]},{"@type":"WebSite","@id":"https:\/\/www.em.com.br\/emfoco\/#website","url":"https:\/\/www.em.com.br\/emfoco\/","name":"Estado de Minas - Em foco","description":"Acompanhe as \u00faltimas not\u00edcias e fique bem informado sobre tudo o que acontece em Minas Gerais, Brasil e no mundo.","potentialAction":[{"@type":"SearchAction","target":{"@type":"EntryPoint","urlTemplate":"https:\/\/www.em.com.br\/emfoco\/?s={search_term_string}"},"query-input":{"@type":"PropertyValueSpecification","valueRequired":true,"valueName":"search_term_string"}}],"inLanguage":"pt-BR"},{"@type":"Person","@id":"https:\/\/www.em.com.br\/emfoco\/#\/schema\/person\/5379e929a4b966c775d121e23f9bb421","name":"Guilherme Ara\u00fajo","image":{"@type":"ImageObject","inLanguage":"pt-BR","@id":"https:\/\/www.em.com.br\/emfoco\/#\/schema\/person\/image\/","url":"https:\/\/secure.gravatar.com\/avatar\/b8bf1fd0130e170bd8f5d7298dbafa25?s=96&d=mm&r=g","contentUrl":"https:\/\/secure.gravatar.com\/avatar\/b8bf1fd0130e170bd8f5d7298dbafa25?s=96&d=mm&r=g","caption":"Guilherme Ara\u00fajo"},"sameAs":["https:\/\/www.em.com.br\/emfoco"],"url":"https:\/\/www.em.com.br\/emfoco\/author\/guilhermeamyth\/"}]}},"_links":{"self":[{"href":"https:\/\/www.em.com.br\/emfoco\/wp-json\/wp\/v2\/posts\/199054","targetHints":{"allow":["GET"]}}],"collection":[{"href":"https:\/\/www.em.com.br\/emfoco\/wp-json\/wp\/v2\/posts"}],"about":[{"href":"https:\/\/www.em.com.br\/emfoco\/wp-json\/wp\/v2\/types\/post"}],"author":[{"embeddable":true,"href":"https:\/\/www.em.com.br\/emfoco\/wp-json\/wp\/v2\/users\/30"}],"replies":[{"embeddable":true,"href":"https:\/\/www.em.com.br\/emfoco\/wp-json\/wp\/v2\/comments?post=199054"}],"version-history":[{"count":3,"href":"https:\/\/www.em.com.br\/emfoco\/wp-json\/wp\/v2\/posts\/199054\/revisions"}],"predecessor-version":[{"id":199061,"href":"https:\/\/www.em.com.br\/emfoco\/wp-json\/wp\/v2\/posts\/199054\/revisions\/199061"}],"wp:featuredmedia":[{"embeddable":true,"href":"https:\/\/www.em.com.br\/emfoco\/wp-json\/wp\/v2\/media\/199335"}],"wp:attachment":[{"href":"https:\/\/www.em.com.br\/emfoco\/wp-json\/wp\/v2\/media?parent=199054"}],"wp:term":[{"taxonomy":"category","embeddable":true,"href":"https:\/\/www.em.com.br\/emfoco\/wp-json\/wp\/v2\/categories?post=199054"},{"taxonomy":"post_tag","embeddable":true,"href":"https:\/\/www.em.com.br\/emfoco\/wp-json\/wp\/v2\/tags?post=199054"}],"curies":[{"name":"wp","href":"https:\/\/api.w.org\/{rel}","templated":true}]}}