{"id":199039,"date":"2026-04-26T14:05:00","date_gmt":"2026-04-26T17:05:00","guid":{"rendered":"https:\/\/www.em.com.br\/emfoco\/?p=199039"},"modified":"2026-04-25T14:27:29","modified_gmt":"2026-04-25T17:27:29","slug":"motoristas-podem-levar-multa-gravissima-de-r-293-por-ignorar-essa-regra-do-semaforo","status":"publish","type":"post","link":"https:\/\/www.em.com.br\/emfoco\/2026\/04\/26\/motoristas-podem-levar-multa-gravissima-de-r-293-por-ignorar-essa-regra-do-semaforo\/","title":{"rendered":"Motoristas podem levar multa grav\u00edssima de R$ 293 por ignorar essa regra do sem\u00e1foro"},"content":{"rendered":"\n<p>Muitos condutores ainda possuem d\u00favidas sobre a <strong>regra do sem\u00e1foro<\/strong> e as puni\u00e7\u00f5es aplicadas em cruzamentos. Avan\u00e7ar o sinal vermelho \u00e9 uma infra\u00e7\u00e3o grav\u00edssima que resulta em multa de <strong>R$ 293,47<\/strong> e a soma de <strong>7 pontos<\/strong> na habilita\u00e7\u00e3o.<\/p>\n\n\n\n<h2 class=\"wp-block-heading\">O que acontece ao avan\u00e7ar o sinal vermelho?<\/h2>\n\n\n\n<p>O <strong>Artigo 208<\/strong> do <strong>C\u00f3digo de Tr\u00e2nsito Brasileiro<\/strong> \u00e9 claro ao punir quem desrespeita a indica\u00e7\u00e3o luminosa de parada obrigat\u00f3ria. Essa penalidade \u00e9 aplicada de forma r\u00edgida, independentemente do hor\u00e1rio ou do fluxo de ve\u00edculos na via no momento da autua\u00e7\u00e3o.<\/p>\n\n\n\n<p>Atualmente, a fiscaliza\u00e7\u00e3o eletr\u00f4nica utiliza sensores calibrados para registrar o ve\u00edculo assim que o foco vermelho acende. Ignorar essa norma compromete a seguran\u00e7a de pedestres e outros motoristas, sendo um dos principais motivos de colis\u00f5es em per\u00edmetros urbanos no <strong>Brasil<\/strong>.<\/p>\n\n\n<div class=\"wp-block-image\">\n<figure class=\"aligncenter size-large\"><img loading=\"lazy\" decoding=\"async\" width=\"1024\" height=\"576\" src=\"https:\/\/www.em.com.br\/emfoco\/wp-content\/uploads\/2026\/04\/semaforo-1-1024x576.jpg\" alt=\"Infra\u00e7\u00e3o grav\u00edssima de R$ 293 atinge motoristas que ignoram esta norma no sem\u00e1foro\" class=\"wp-image-199046\" srcset=\"https:\/\/www.em.com.br\/emfoco\/wp-content\/uploads\/2026\/04\/semaforo-1-1024x576.jpg 1024w, https:\/\/www.em.com.br\/emfoco\/wp-content\/uploads\/2026\/04\/semaforo-1-300x169.jpg 300w, https:\/\/www.em.com.br\/emfoco\/wp-content\/uploads\/2026\/04\/semaforo-1-768x432.jpg 768w, https:\/\/www.em.com.br\/emfoco\/wp-content\/uploads\/2026\/04\/semaforo-1-750x422.jpg 750w, https:\/\/www.em.com.br\/emfoco\/wp-content\/uploads\/2026\/04\/semaforo-1-1140x641.jpg 1140w, https:\/\/www.em.com.br\/emfoco\/wp-content\/uploads\/2026\/04\/semaforo-1.jpg 1280w\" sizes=\"auto, (max-width: 1024px) 100vw, 1024px\" \/><figcaption class=\"wp-element-caption\">Infra\u00e7\u00e3o grav\u00edssima de R$ 293 atinge motoristas que ignoram esta norma no sem\u00e1foro<\/figcaption><\/figure><\/div>\n\n\n<h2 class=\"wp-block-heading\">Qual \u00e9 a fun\u00e7\u00e3o real do sinal amarelo?<\/h2>\n\n\n\n<p>Diferente do que se imagina, n\u00e3o existe uma multa espec\u00edfica por passar no sinal amarelo, mas ele serve como um aviso de transi\u00e7\u00e3o obrigat\u00f3ria. Segundo a <a href=\"https:\/\/pt.wikipedia.org\/wiki\/Conselho_Nacional_de_Tr%C3%A2nsito\" target=\"_blank\" rel=\"noreferrer noopener\">Resolu\u00e7\u00e3o do CONTRA<\/a><a href=\"https:\/\/www.gov.br\/transportes\/pt-br\/assuntos\/transito\/conteudo-contran\/resolucoes\/Resolucao9732022.pdf\" target=\"_blank\" rel=\"noreferrer noopener\">N<\/a>, o condutor deve reduzir a velocidade e preparar a parada total do ve\u00edculo.<\/p>\n\n\n\n<p>Acelerar para tentar &#8220;vencer&#8221; a luz amarela \u00e9 uma conduta arriscada que pode levar ao enquadramento em outras infra\u00e7\u00f5es. Se a manobra for considerada perigosa, o motorista pode responder pelo <strong>Artigo 175<\/strong>, que prev\u00ea puni\u00e7\u00f5es severas e at\u00e9 a suspens\u00e3o do direito de dirigir.<\/p>\n\n\n\n<h2 class=\"wp-block-heading\">Quanto tempo dura o sinal amarelo em cada via?<\/h2>\n\n\n\n<p>A dura\u00e7\u00e3o da luz \u00e2mbar \u00e9 calculada com base na <a href=\"https:\/\/www.em.com.br\/emfoco\/2026\/02\/21\/a-multa-mais-cara-do-brasil-nao-e-por-alcool-nem-por-excesso-de-velocidade-e-pode-ultrapassar-r-35-mil\/\" target=\"_blank\" rel=\"noreferrer noopener\">velocidade m\u00e1xima<\/a> permitida na via para garantir que a frenagem seja segura. Esses intervalos m\u00ednimos s\u00e3o fundamentais para que o motorista consiga reagir sem a necessidade de paradas bruscas que causem acidentes.<\/p>\n\n\n\n<p>Para entender melhor como os munic\u00edpios configuram os aparelhos, acompanhe os tempos m\u00ednimos estabelecidos pela legisla\u00e7\u00e3o vigente. Confira a rela\u00e7\u00e3o entre velocidade e tempo de transi\u00e7\u00e3o:<\/p>\n\n\n\n<ul class=\"wp-block-list\">\n<li><strong>Vias de at\u00e9 40 km\/h<\/strong>: O sinal amarelo deve durar no m\u00ednimo <strong>3 segundos<\/strong>.<\/li>\n\n\n\n<li><strong>Vias de 50 km\/h a 60 km\/h<\/strong>: Tempo de perman\u00eancia de pelo menos <strong>4 segundos<\/strong>.<\/li>\n\n\n\n<li><strong>Vias de 70 km\/h<\/strong>: O intervalo m\u00ednimo obrigat\u00f3rio \u00e9 de <strong>5 segundos<\/strong>.<\/li>\n<\/ul>\n\n\n\n<h2 class=\"wp-block-heading\">Quais condutas no amarelo podem gerar multas?<\/h2>\n\n\n\n<p>Embora a <strong>regra do sem\u00e1foro<\/strong> para o amarelo seja de aten\u00e7\u00e3o, parar o ve\u00edculo sobre a faixa de pedestres ou bloquear o cruzamento gera autua\u00e7\u00e3o. Se o motorista acelerar bruscamente, a fiscaliza\u00e7\u00e3o pode interpretar a conduta como dire\u00e7\u00e3o perigosa, elevando o valor da multa.<\/p>\n\n\n\n<p>Dados do <a href=\"https:\/\/www.gov.br\/transportes\/pt-br\/assuntos\/transito\/senatran\" target=\"_blank\" rel=\"noreferrer noopener\">Governo Federal<\/a> apontam que a pressa nessas transi\u00e7\u00f5es \u00e9 um fator determinante para multas grav\u00edssimas. O ideal \u00e9 que, ao avistar a mudan\u00e7a de cor, o condutor inicie a desacelera\u00e7\u00e3o imediata para evitar ser flagrado pelo sensor do sinal vermelho.<\/p>\n\n\n<div class=\"wp-block-image\">\n<figure class=\"aligncenter size-large\"><img loading=\"lazy\" decoding=\"async\" width=\"1024\" height=\"576\" src=\"https:\/\/www.em.com.br\/emfoco\/wp-content\/uploads\/2026\/04\/alerta-1-1024x576.jpg\" alt=\"Penalidade de R$ 293 \u00e9 aplicada a motoristas que falham nesta manobra no sem\u00e1foro\" class=\"wp-image-199048\" srcset=\"https:\/\/www.em.com.br\/emfoco\/wp-content\/uploads\/2026\/04\/alerta-1-1024x576.jpg 1024w, https:\/\/www.em.com.br\/emfoco\/wp-content\/uploads\/2026\/04\/alerta-1-300x169.jpg 300w, https:\/\/www.em.com.br\/emfoco\/wp-content\/uploads\/2026\/04\/alerta-1-768x432.jpg 768w, https:\/\/www.em.com.br\/emfoco\/wp-content\/uploads\/2026\/04\/alerta-1-750x422.jpg 750w, https:\/\/www.em.com.br\/emfoco\/wp-content\/uploads\/2026\/04\/alerta-1-1140x641.jpg 1140w, https:\/\/www.em.com.br\/emfoco\/wp-content\/uploads\/2026\/04\/alerta-1.jpg 1280w\" sizes=\"auto, (max-width: 1024px) 100vw, 1024px\" \/><figcaption class=\"wp-element-caption\">Penalidade de R$ 293 \u00e9 aplicada a motoristas que falham nesta manobra no sem\u00e1foro<\/figcaption><\/figure><\/div>\n\n\n<h2 class=\"wp-block-heading\">Como agir quando o sinal est\u00e1 amarelo intermitente?<\/h2>\n\n\n\n<p>Em situa\u00e7\u00f5es de falha t\u00e9cnica ou durante a madrugada em certas localidades, o sem\u00e1foro pode operar no modo amarelo piscante. Nessa condi\u00e7\u00e3o, a parada n\u00e3o \u00e9 obrigat\u00f3ria, mas exige que o motorista redobre o cuidado e observe as prioridades de passagem definidas pelo <strong>CTB<\/strong>.<\/p>\n\n\n\n<p>A compreens\u00e3o exata de cada fase luminosa permite que o cidad\u00e3o conduza de forma defensiva e consciente. Respeitar o tempo de fechamento das vias \u00e9 essencial para manter o fluxo organizado e evitar que uma distra\u00e7\u00e3o comum resulte em uma infra\u00e7\u00e3o de natureza grav\u00edssima no prontu\u00e1rio do motorista.<\/p>\n","protected":false},"excerpt":{"rendered":"<p>Muitos condutores ainda possuem d\u00favidas sobre a regra do sem\u00e1foro e as puni\u00e7\u00f5es aplicadas em cruzamentos. Avan\u00e7ar o sinal vermelho \u00e9 uma infra\u00e7\u00e3o grav\u00edssima que resulta em multa de R$ 293,47 e a soma de 7 pontos na habilita\u00e7\u00e3o. O que acontece ao avan\u00e7ar o sinal vermelho? O Artigo 208 do C\u00f3digo de Tr\u00e2nsito Brasileiro [&hellip;]<\/p>\n","protected":false},"author":30,"featured_media":199333,"comment_status":"open","ping_status":"open","sticky":false,"template":"","format":"standard","meta":{"jnews-multi-image_gallery":[],"jnews_single_post":{"format":"standard"},"jnews_primary_category":[],"jnews_social_meta":[],"jnews_override_counter":[],"footnotes":""},"categories":[28],"tags":[14341,9442,28348,765],"class_list":["post-199039","post","type-post","status-publish","format-standard","has-post-thumbnail","hentry","category-economia","tag-ctb","tag-multa","tag-sinalizacao","tag-transito"],"yoast_head":"<!-- This site is optimized with the Yoast SEO plugin v23.8 - https:\/\/yoast.com\/wordpress\/plugins\/seo\/ -->\n<title>Motoristas podem levar multa grav\u00edssima de R$ 293 por ignorar essa regra do sem\u00e1foro - Estado de Minas - Em foco<\/title>\n<meta name=\"description\" content=\"Entenda a multa grav\u00edssima de R$ 293 para motoristas que ignoram esta regra do sem\u00e1foro. Avan\u00e7ar o vermelho gera 7 pontos na carteira.\" \/>\n<meta name=\"robots\" content=\"index, follow, max-snippet:-1, max-image-preview:large, max-video-preview:-1\" \/>\n<link rel=\"canonical\" href=\"https:\/\/www.em.com.br\/emfoco\/2026\/04\/26\/motoristas-podem-levar-multa-gravissima-de-r-293-por-ignorar-essa-regra-do-semaforo\/\" \/>\n<meta property=\"og:locale\" content=\"pt_BR\" \/>\n<meta property=\"og:type\" content=\"article\" \/>\n<meta property=\"og:title\" content=\"Motoristas podem levar multa grav\u00edssima de R$ 293 por ignorar essa regra do sem\u00e1foro - Estado de Minas - Em foco\" \/>\n<meta property=\"og:description\" content=\"Entenda a multa grav\u00edssima de R$ 293 para motoristas que ignoram esta regra do sem\u00e1foro. Avan\u00e7ar o vermelho gera 7 pontos na carteira.\" \/>\n<meta property=\"og:url\" content=\"https:\/\/www.em.com.br\/emfoco\/2026\/04\/26\/motoristas-podem-levar-multa-gravissima-de-r-293-por-ignorar-essa-regra-do-semaforo\/\" \/>\n<meta property=\"og:site_name\" content=\"Estado de Minas - Em foco\" \/>\n<meta property=\"article:published_time\" content=\"2026-04-26T17:05:00+00:00\" \/>\n<meta property=\"article:modified_time\" content=\"2026-04-25T17:27:29+00:00\" \/>\n<meta property=\"og:image\" content=\"https:\/\/www.em.com.br\/emfoco\/wp-content\/uploads\/2026\/04\/EmFoco_43-5.jpg\" \/>\n\t<meta property=\"og:image:width\" content=\"1280\" \/>\n\t<meta property=\"og:image:height\" content=\"720\" \/>\n\t<meta property=\"og:image:type\" content=\"image\/jpeg\" \/>\n<meta name=\"author\" content=\"Guilherme Ara\u00fajo\" \/>\n<meta name=\"twitter:card\" content=\"summary_large_image\" \/>\n<meta name=\"twitter:label1\" content=\"Escrito por\" \/>\n\t<meta name=\"twitter:data1\" content=\"Guilherme Ara\u00fajo\" \/>\n\t<meta name=\"twitter:label2\" content=\"Est. tempo de leitura\" \/>\n\t<meta name=\"twitter:data2\" content=\"4 minutos\" \/>\n<!-- \/ Yoast SEO plugin. -->","yoast_head_json":{"title":"Motoristas podem levar multa grav\u00edssima de R$ 293 por ignorar essa regra do sem\u00e1foro - Estado de Minas - Em foco","description":"Entenda a multa grav\u00edssima de R$ 293 para motoristas que ignoram esta regra do sem\u00e1foro. Avan\u00e7ar o vermelho gera 7 pontos na carteira.","robots":{"index":"index","follow":"follow","max-snippet":"max-snippet:-1","max-image-preview":"max-image-preview:large","max-video-preview":"max-video-preview:-1"},"canonical":"https:\/\/www.em.com.br\/emfoco\/2026\/04\/26\/motoristas-podem-levar-multa-gravissima-de-r-293-por-ignorar-essa-regra-do-semaforo\/","og_locale":"pt_BR","og_type":"article","og_title":"Motoristas podem levar multa grav\u00edssima de R$ 293 por ignorar essa regra do sem\u00e1foro - Estado de Minas - Em foco","og_description":"Entenda a multa grav\u00edssima de R$ 293 para motoristas que ignoram esta regra do sem\u00e1foro. Avan\u00e7ar o vermelho gera 7 pontos na carteira.","og_url":"https:\/\/www.em.com.br\/emfoco\/2026\/04\/26\/motoristas-podem-levar-multa-gravissima-de-r-293-por-ignorar-essa-regra-do-semaforo\/","og_site_name":"Estado de Minas - Em foco","article_published_time":"2026-04-26T17:05:00+00:00","article_modified_time":"2026-04-25T17:27:29+00:00","og_image":[{"width":1280,"height":720,"url":"https:\/\/www.em.com.br\/emfoco\/wp-content\/uploads\/2026\/04\/EmFoco_43-5.jpg","type":"image\/jpeg"}],"author":"Guilherme Ara\u00fajo","twitter_card":"summary_large_image","twitter_misc":{"Escrito por":"Guilherme Ara\u00fajo","Est. tempo de leitura":"4 minutos"},"schema":{"@context":"https:\/\/schema.org","@graph":[{"@type":"WebPage","@id":"https:\/\/www.em.com.br\/emfoco\/2026\/04\/26\/motoristas-podem-levar-multa-gravissima-de-r-293-por-ignorar-essa-regra-do-semaforo\/","url":"https:\/\/www.em.com.br\/emfoco\/2026\/04\/26\/motoristas-podem-levar-multa-gravissima-de-r-293-por-ignorar-essa-regra-do-semaforo\/","name":"Motoristas podem levar multa grav\u00edssima de R$ 293 por ignorar essa regra do sem\u00e1foro - Estado de Minas - Em foco","isPartOf":{"@id":"https:\/\/www.em.com.br\/emfoco\/#website"},"primaryImageOfPage":{"@id":"https:\/\/www.em.com.br\/emfoco\/2026\/04\/26\/motoristas-podem-levar-multa-gravissima-de-r-293-por-ignorar-essa-regra-do-semaforo\/#primaryimage"},"image":{"@id":"https:\/\/www.em.com.br\/emfoco\/2026\/04\/26\/motoristas-podem-levar-multa-gravissima-de-r-293-por-ignorar-essa-regra-do-semaforo\/#primaryimage"},"thumbnailUrl":"https:\/\/www.em.com.br\/emfoco\/wp-content\/uploads\/2026\/04\/EmFoco_43-5.jpg","datePublished":"2026-04-26T17:05:00+00:00","dateModified":"2026-04-25T17:27:29+00:00","author":{"@id":"https:\/\/www.em.com.br\/emfoco\/#\/schema\/person\/5379e929a4b966c775d121e23f9bb421"},"description":"Entenda a multa grav\u00edssima de R$ 293 para motoristas que ignoram esta regra do sem\u00e1foro. Avan\u00e7ar o vermelho gera 7 pontos na carteira.","breadcrumb":{"@id":"https:\/\/www.em.com.br\/emfoco\/2026\/04\/26\/motoristas-podem-levar-multa-gravissima-de-r-293-por-ignorar-essa-regra-do-semaforo\/#breadcrumb"},"inLanguage":"pt-BR","potentialAction":[{"@type":"ReadAction","target":["https:\/\/www.em.com.br\/emfoco\/2026\/04\/26\/motoristas-podem-levar-multa-gravissima-de-r-293-por-ignorar-essa-regra-do-semaforo\/"]}]},{"@type":"ImageObject","inLanguage":"pt-BR","@id":"https:\/\/www.em.com.br\/emfoco\/2026\/04\/26\/motoristas-podem-levar-multa-gravissima-de-r-293-por-ignorar-essa-regra-do-semaforo\/#primaryimage","url":"https:\/\/www.em.com.br\/emfoco\/wp-content\/uploads\/2026\/04\/EmFoco_43-5.jpg","contentUrl":"https:\/\/www.em.com.br\/emfoco\/wp-content\/uploads\/2026\/04\/EmFoco_43-5.jpg","width":1280,"height":720,"caption":"Penalidade grav\u00edssima e regras de transi\u00e7\u00e3o do sinal amarelo para seguran\u00e7a em cruzamentos urbanos"},{"@type":"BreadcrumbList","@id":"https:\/\/www.em.com.br\/emfoco\/2026\/04\/26\/motoristas-podem-levar-multa-gravissima-de-r-293-por-ignorar-essa-regra-do-semaforo\/#breadcrumb","itemListElement":[{"@type":"ListItem","position":1,"name":"In\u00edcio","item":"https:\/\/www.em.com.br\/emfoco\/"},{"@type":"ListItem","position":2,"name":"Motoristas podem levar multa grav\u00edssima de R$ 293 por ignorar essa regra do sem\u00e1foro"}]},{"@type":"WebSite","@id":"https:\/\/www.em.com.br\/emfoco\/#website","url":"https:\/\/www.em.com.br\/emfoco\/","name":"Estado de Minas - Em foco","description":"Acompanhe as \u00faltimas not\u00edcias e fique bem informado sobre tudo o que acontece em Minas Gerais, Brasil e no mundo.","potentialAction":[{"@type":"SearchAction","target":{"@type":"EntryPoint","urlTemplate":"https:\/\/www.em.com.br\/emfoco\/?s={search_term_string}"},"query-input":{"@type":"PropertyValueSpecification","valueRequired":true,"valueName":"search_term_string"}}],"inLanguage":"pt-BR"},{"@type":"Person","@id":"https:\/\/www.em.com.br\/emfoco\/#\/schema\/person\/5379e929a4b966c775d121e23f9bb421","name":"Guilherme Ara\u00fajo","image":{"@type":"ImageObject","inLanguage":"pt-BR","@id":"https:\/\/www.em.com.br\/emfoco\/#\/schema\/person\/image\/","url":"https:\/\/secure.gravatar.com\/avatar\/b8bf1fd0130e170bd8f5d7298dbafa25?s=96&d=mm&r=g","contentUrl":"https:\/\/secure.gravatar.com\/avatar\/b8bf1fd0130e170bd8f5d7298dbafa25?s=96&d=mm&r=g","caption":"Guilherme Ara\u00fajo"},"sameAs":["https:\/\/www.em.com.br\/emfoco"],"url":"https:\/\/www.em.com.br\/emfoco\/author\/guilhermeamyth\/"}]}},"_links":{"self":[{"href":"https:\/\/www.em.com.br\/emfoco\/wp-json\/wp\/v2\/posts\/199039","targetHints":{"allow":["GET"]}}],"collection":[{"href":"https:\/\/www.em.com.br\/emfoco\/wp-json\/wp\/v2\/posts"}],"about":[{"href":"https:\/\/www.em.com.br\/emfoco\/wp-json\/wp\/v2\/types\/post"}],"author":[{"embeddable":true,"href":"https:\/\/www.em.com.br\/emfoco\/wp-json\/wp\/v2\/users\/30"}],"replies":[{"embeddable":true,"href":"https:\/\/www.em.com.br\/emfoco\/wp-json\/wp\/v2\/comments?post=199039"}],"version-history":[{"count":2,"href":"https:\/\/www.em.com.br\/emfoco\/wp-json\/wp\/v2\/posts\/199039\/revisions"}],"predecessor-version":[{"id":199050,"href":"https:\/\/www.em.com.br\/emfoco\/wp-json\/wp\/v2\/posts\/199039\/revisions\/199050"}],"wp:featuredmedia":[{"embeddable":true,"href":"https:\/\/www.em.com.br\/emfoco\/wp-json\/wp\/v2\/media\/199333"}],"wp:attachment":[{"href":"https:\/\/www.em.com.br\/emfoco\/wp-json\/wp\/v2\/media?parent=199039"}],"wp:term":[{"taxonomy":"category","embeddable":true,"href":"https:\/\/www.em.com.br\/emfoco\/wp-json\/wp\/v2\/categories?post=199039"},{"taxonomy":"post_tag","embeddable":true,"href":"https:\/\/www.em.com.br\/emfoco\/wp-json\/wp\/v2\/tags?post=199039"}],"curies":[{"name":"wp","href":"https:\/\/api.w.org\/{rel}","templated":true}]}}