{"id":199038,"date":"2026-04-26T11:55:00","date_gmt":"2026-04-26T14:55:00","guid":{"rendered":"https:\/\/www.em.com.br\/emfoco\/?p=199038"},"modified":"2026-04-25T14:27:45","modified_gmt":"2026-04-25T17:27:45","slug":"motoristas-sem-esse-documento-podem-levar-multa-de-r-293-e-guincho-licenciamento-vencido","status":"publish","type":"post","link":"https:\/\/www.em.com.br\/emfoco\/2026\/04\/26\/motoristas-sem-esse-documento-podem-levar-multa-de-r-293-e-guincho-licenciamento-vencido\/","title":{"rendered":"Motoristas sem esse documento podem levar multa de R$ 293 e guincho"},"content":{"rendered":"\n<p>Circular com o <strong>licenciamento vencido<\/strong> \u00e9 uma infra\u00e7\u00e3o grav\u00edssima que acarreta multa de <strong>R$ 293,47<\/strong> e a remo\u00e7\u00e3o do ve\u00edculo. Al\u00e9m do preju\u00edzo financeiro, o condutor recebe <strong>7 pontos<\/strong> na carteira e precisa arcar com os custos de p\u00e1tio e guincho.<\/p>\n\n\n\n<h2 class=\"wp-block-heading\">O que diz a lei sobre o licenciamento vencido?<\/h2>\n\n\n\n<p>O <strong>C\u00f3digo de Tr\u00e2nsito Brasileiro<\/strong> estabelece no <strong>artigo 230<\/strong> que a falta de licenciamento impede a circula\u00e7\u00e3o legal do autom\u00f3vel em vias p\u00fablicas. Essa regra \u00e9 aplicada de forma r\u00edgida pelos <strong>Detrans<\/strong> do <strong>Mato Grosso do Sul<\/strong>, <strong>Paran\u00e1<\/strong> e <strong>Par\u00e1<\/strong> para garantir a seguran\u00e7a vi\u00e1ria.<\/p>\n\n\n\n<p>Ao ser flagrado em uma fiscaliza\u00e7\u00e3o, o ve\u00edculo \u00e9 levado imediatamente para o p\u00e1tio da autoridade de tr\u00e2nsito local. A libera\u00e7\u00e3o s\u00f3 acontece ap\u00f3s a quita\u00e7\u00e3o de todos os d\u00e9bitos pendentes, o que inclui impostos atrasados e as taxas operacionais da apreens\u00e3o executada pela <strong>Pol\u00edcia Militar<\/strong> ou agentes municipais.<\/p>\n\n\n<div class=\"wp-block-image\">\n<figure class=\"aligncenter size-large\"><img loading=\"lazy\" decoding=\"async\" width=\"1024\" height=\"576\" src=\"https:\/\/www.em.com.br\/emfoco\/wp-content\/uploads\/2026\/04\/guinchado-1-1024x576.jpg\" alt=\"Condutores sem este item obrigat\u00f3rio enfrentam multa pesada e guincho imediato - licenciamento vencido\" class=\"wp-image-199041\" srcset=\"https:\/\/www.em.com.br\/emfoco\/wp-content\/uploads\/2026\/04\/guinchado-1-1024x576.jpg 1024w, https:\/\/www.em.com.br\/emfoco\/wp-content\/uploads\/2026\/04\/guinchado-1-300x169.jpg 300w, https:\/\/www.em.com.br\/emfoco\/wp-content\/uploads\/2026\/04\/guinchado-1-768x432.jpg 768w, https:\/\/www.em.com.br\/emfoco\/wp-content\/uploads\/2026\/04\/guinchado-1-750x422.jpg 750w, https:\/\/www.em.com.br\/emfoco\/wp-content\/uploads\/2026\/04\/guinchado-1-1140x641.jpg 1140w, https:\/\/www.em.com.br\/emfoco\/wp-content\/uploads\/2026\/04\/guinchado-1.jpg 1280w\" sizes=\"auto, (max-width: 1024px) 100vw, 1024px\" \/><figcaption class=\"wp-element-caption\">Condutores sem este item obrigat\u00f3rio enfrentam multa pesada e guincho imediato<\/figcaption><\/figure><\/div>\n\n\n<h2 class=\"wp-block-heading\">Qual \u00e9 a import\u00e2ncia do CRLV-e para o motorista?<\/h2>\n\n\n\n<p>O <strong>Certificado de Registro e Licenciamento de Ve\u00edculo eletr\u00f4nico<\/strong>, conhecido como <strong>CRLV-e<\/strong>, funciona como o atestado de sa\u00fade do autom\u00f3vel perante o Estado. Ele confirma que o <strong><a href=\"https:\/\/www.em.com.br\/emfoco\/2026\/04\/23\/mais-de-730-mil-motociclistas-ja-estao-livres-do-ipva-em-estado-com-nova-lei-em-2026\/\" target=\"_blank\" rel=\"noreferrer noopener\">IPVA<\/a><\/strong> foi pago e que n\u00e3o existem multas impeditivas registradas no sistema da <a href=\"https:\/\/pt.wikipedia.org\/wiki\/Secretaria_Nacional_de_Tr%C3%A2nsito\" target=\"_blank\" rel=\"noreferrer noopener\">Secretaria Nacional de Tr\u00e2nsito<\/a>.<\/p>\n\n\n\n<p>Na <strong>Bahia<\/strong>, a taxa para emiss\u00e3o desse documento em <strong>2026<\/strong> foi fixada em <strong>R$ 181,13<\/strong>, apresentando uma corre\u00e7\u00e3o em rela\u00e7\u00e3o ao per\u00edodo anterior. O porte pode ser feito integralmente pelo aplicativo <strong><a href=\"https:\/\/www.gov.br\/pt-br\/apps\/carteira-digital-de-transito-1\" target=\"_blank\" rel=\"noreferrer noopener\">Carteira Digital de Tr\u00e2nsito<\/a><\/strong>, dispensando a necessidade de carregar o papel f\u00edsico durante as viagens.<\/p>\n\n\n\n<h2 class=\"wp-block-heading\">Quanto custa o guincho e a estadia em 2026?<\/h2>\n\n\n\n<p>Os valores cobrados pela remo\u00e7\u00e3o variam conforme a legisla\u00e7\u00e3o de cada unidade da federa\u00e7\u00e3o e o tipo de ve\u00edculo apreendido. \u00c9 uma despesa extra que costuma pesar no or\u00e7amento, pois \u00e9 cumulativa \u00e0 multa principal aplicada pelo agente de tr\u00e2nsito no momento da abordagem.<\/p>\n\n\n\n<p>De acordo com dados oficiais do <a href=\"http:\/\/www.detran.ba.gov.br\/\" target=\"_blank\" rel=\"noreferrer noopener\">Detran-BA<\/a> publicados em fevereiro de <strong>2026<\/strong>, as taxas de remo\u00e7\u00e3o seguem uma tabela espec\u00edfica. Veja os valores praticados no estado para quem for flagrado com irregularidades:<\/p>\n\n\n\n<ul class=\"wp-block-list\">\n<li><strong>Motocicletas<\/strong>: Taxa de remo\u00e7\u00e3o de <strong>R$ 106,42<\/strong>.<\/li>\n\n\n\n<li><strong>Autom\u00f3veis<\/strong>: Custo de guincho de <strong>R$ 387,69<\/strong>.<\/li>\n\n\n\n<li><strong>Di\u00e1rias<\/strong>: Valor acumulativo por cada dia de perman\u00eancia no p\u00e1tio credenciado.<\/li>\n<\/ul>\n\n\n\n<h2 class=\"wp-block-heading\">Como os valores mudam em outros estados?<\/h2>\n\n\n\n<p>Motoristas que viajam pelo pa\u00eds devem estar atentos, pois as taxas de libera\u00e7\u00e3o e estada n\u00e3o s\u00e3o unificadas nacionalmente como o valor da multa. Em <strong>S\u00e3o Paulo<\/strong>, por exemplo, o guincho para um ve\u00edculo leve custa <strong>R$ 376,86<\/strong>, somado a uma taxa de libera\u00e7\u00e3o de <strong>R$ 18,57<\/strong> por ocorr\u00eancia.<\/p>\n\n\n\n<p>Essas atualiza\u00e7\u00f5es s\u00e3o feitas anualmente por portarias estaduais de cada <strong>Detran<\/strong>, dificultando a previs\u00e3o exata de custos em trajetos interestaduais. A melhor estrat\u00e9gia para evitar essas cobran\u00e7as elevadas \u00e9 manter o calend\u00e1rio de pagamentos em dia, consultando periodicamente o portal do \u00f3rg\u00e3o respons\u00e1vel pelo registro da placa.<\/p>\n\n\n<div class=\"wp-block-image\">\n<figure class=\"aligncenter size-large\"><img loading=\"lazy\" decoding=\"async\" width=\"1024\" height=\"576\" src=\"https:\/\/www.em.com.br\/emfoco\/wp-content\/uploads\/2026\/04\/documento-expirado-1-1024x576.jpg\" alt=\"Falta deste comprovante gera multa de R$ 293 e remo\u00e7\u00e3o do ve\u00edculo para o p\u00e1tio\" class=\"wp-image-199043\" srcset=\"https:\/\/www.em.com.br\/emfoco\/wp-content\/uploads\/2026\/04\/documento-expirado-1-1024x576.jpg 1024w, https:\/\/www.em.com.br\/emfoco\/wp-content\/uploads\/2026\/04\/documento-expirado-1-300x169.jpg 300w, https:\/\/www.em.com.br\/emfoco\/wp-content\/uploads\/2026\/04\/documento-expirado-1-768x432.jpg 768w, https:\/\/www.em.com.br\/emfoco\/wp-content\/uploads\/2026\/04\/documento-expirado-1-750x422.jpg 750w, https:\/\/www.em.com.br\/emfoco\/wp-content\/uploads\/2026\/04\/documento-expirado-1-1140x641.jpg 1140w, https:\/\/www.em.com.br\/emfoco\/wp-content\/uploads\/2026\/04\/documento-expirado-1.jpg 1280w\" sizes=\"auto, (max-width: 1024px) 100vw, 1024px\" \/><figcaption class=\"wp-element-caption\">Falta deste comprovante gera multa de R$ 293 e remo\u00e7\u00e3o do ve\u00edculo para o p\u00e1tio<\/figcaption><\/figure><\/div>\n\n\n<h2 class=\"wp-block-heading\">Como regularizar a situa\u00e7\u00e3o e retirar o ve\u00edculo?<\/h2>\n\n\n\n<p>Para resolver o problema do <strong>licenciamento vencido<\/strong>, o propriet\u00e1rio deve acessar o sistema do <strong>Detran<\/strong> com o n\u00famero do <strong>Renavam<\/strong> em m\u00e3os. Ap\u00f3s gerar e pagar o boleto unificado, o sistema banc\u00e1rio leva at\u00e9 <strong>tr\u00eas dias \u00fateis<\/strong> para dar baixa e liberar o documento digital para download.<\/p>\n\n\n\n<p>Caso o carro j\u00e1 tenha sido guinchado, o processo exige o pagamento pr\u00e9vio de todas as multas e encargos de p\u00e1tio antes de solicitar a retirada. \u00c9 importante agir com rapidez, pois ve\u00edculos n\u00e3o reclamados dentro do prazo legal podem ser levados a leil\u00e3o p\u00fablico para cobrir as despesas acumuladas com a cust\u00f3dia do bem.<\/p>\n","protected":false},"excerpt":{"rendered":"<p>Circular com o licenciamento vencido \u00e9 uma infra\u00e7\u00e3o grav\u00edssima que acarreta multa de R$ 293,47 e a remo\u00e7\u00e3o do ve\u00edculo. Al\u00e9m do preju\u00edzo financeiro, o condutor recebe 7 pontos na carteira e precisa arcar com os custos de p\u00e1tio e guincho. O que diz a lei sobre o licenciamento vencido? O C\u00f3digo de Tr\u00e2nsito Brasileiro [&hellip;]<\/p>\n","protected":false},"author":30,"featured_media":199331,"comment_status":"open","ping_status":"open","sticky":false,"template":"","format":"standard","meta":{"jnews-multi-image_gallery":[],"jnews_single_post":{"format":"standard"},"jnews_primary_category":[],"jnews_social_meta":[],"jnews_override_counter":[],"footnotes":""},"categories":[28],"tags":[12465,1636,9442,765],"class_list":["post-199038","post","type-post","status-publish","format-standard","has-post-thumbnail","hentry","category-economia","tag-crlv","tag-detran","tag-multa","tag-transito"],"yoast_head":"<!-- This site is optimized with the Yoast SEO plugin v23.8 - https:\/\/yoast.com\/wordpress\/plugins\/seo\/ -->\n<title>Motoristas sem esse documento podem levar multa de R$ 293 e guincho - Estado de Minas - Em foco<\/title>\n<meta name=\"description\" content=\"Entenda a multa de R$ 293 e guincho para motoristas sem este documento. Circular com licenciamento vencido \u00e9 infra\u00e7\u00e3o grav\u00edssima.\" \/>\n<meta name=\"robots\" content=\"index, follow, max-snippet:-1, max-image-preview:large, max-video-preview:-1\" \/>\n<link rel=\"canonical\" href=\"https:\/\/www.em.com.br\/emfoco\/2026\/04\/26\/motoristas-sem-esse-documento-podem-levar-multa-de-r-293-e-guincho-licenciamento-vencido\/\" \/>\n<meta property=\"og:locale\" content=\"pt_BR\" \/>\n<meta property=\"og:type\" content=\"article\" \/>\n<meta property=\"og:title\" content=\"Motoristas sem esse documento podem levar multa de R$ 293 e guincho - Estado de Minas - Em foco\" \/>\n<meta property=\"og:description\" content=\"Entenda a multa de R$ 293 e guincho para motoristas sem este documento. Circular com licenciamento vencido \u00e9 infra\u00e7\u00e3o grav\u00edssima.\" \/>\n<meta property=\"og:url\" content=\"https:\/\/www.em.com.br\/emfoco\/2026\/04\/26\/motoristas-sem-esse-documento-podem-levar-multa-de-r-293-e-guincho-licenciamento-vencido\/\" \/>\n<meta property=\"og:site_name\" content=\"Estado de Minas - Em foco\" \/>\n<meta property=\"article:published_time\" content=\"2026-04-26T14:55:00+00:00\" \/>\n<meta property=\"article:modified_time\" content=\"2026-04-25T17:27:45+00:00\" \/>\n<meta property=\"og:image\" content=\"https:\/\/www.em.com.br\/emfoco\/wp-content\/uploads\/2026\/04\/EmFoco_45-5.jpg\" \/>\n\t<meta property=\"og:image:width\" content=\"1280\" \/>\n\t<meta property=\"og:image:height\" content=\"720\" \/>\n\t<meta property=\"og:image:type\" content=\"image\/jpeg\" \/>\n<meta name=\"author\" content=\"Guilherme Ara\u00fajo\" \/>\n<meta name=\"twitter:card\" content=\"summary_large_image\" \/>\n<meta name=\"twitter:label1\" content=\"Escrito por\" \/>\n\t<meta name=\"twitter:data1\" content=\"Guilherme Ara\u00fajo\" \/>\n\t<meta name=\"twitter:label2\" content=\"Est. tempo de leitura\" \/>\n\t<meta name=\"twitter:data2\" content=\"4 minutos\" \/>\n<!-- \/ Yoast SEO plugin. -->","yoast_head_json":{"title":"Motoristas sem esse documento podem levar multa de R$ 293 e guincho - Estado de Minas - Em foco","description":"Entenda a multa de R$ 293 e guincho para motoristas sem este documento. Circular com licenciamento vencido \u00e9 infra\u00e7\u00e3o grav\u00edssima.","robots":{"index":"index","follow":"follow","max-snippet":"max-snippet:-1","max-image-preview":"max-image-preview:large","max-video-preview":"max-video-preview:-1"},"canonical":"https:\/\/www.em.com.br\/emfoco\/2026\/04\/26\/motoristas-sem-esse-documento-podem-levar-multa-de-r-293-e-guincho-licenciamento-vencido\/","og_locale":"pt_BR","og_type":"article","og_title":"Motoristas sem esse documento podem levar multa de R$ 293 e guincho - Estado de Minas - Em foco","og_description":"Entenda a multa de R$ 293 e guincho para motoristas sem este documento. Circular com licenciamento vencido \u00e9 infra\u00e7\u00e3o grav\u00edssima.","og_url":"https:\/\/www.em.com.br\/emfoco\/2026\/04\/26\/motoristas-sem-esse-documento-podem-levar-multa-de-r-293-e-guincho-licenciamento-vencido\/","og_site_name":"Estado de Minas - Em foco","article_published_time":"2026-04-26T14:55:00+00:00","article_modified_time":"2026-04-25T17:27:45+00:00","og_image":[{"width":1280,"height":720,"url":"https:\/\/www.em.com.br\/emfoco\/wp-content\/uploads\/2026\/04\/EmFoco_45-5.jpg","type":"image\/jpeg"}],"author":"Guilherme Ara\u00fajo","twitter_card":"summary_large_image","twitter_misc":{"Escrito por":"Guilherme Ara\u00fajo","Est. tempo de leitura":"4 minutos"},"schema":{"@context":"https:\/\/schema.org","@graph":[{"@type":"WebPage","@id":"https:\/\/www.em.com.br\/emfoco\/2026\/04\/26\/motoristas-sem-esse-documento-podem-levar-multa-de-r-293-e-guincho-licenciamento-vencido\/","url":"https:\/\/www.em.com.br\/emfoco\/2026\/04\/26\/motoristas-sem-esse-documento-podem-levar-multa-de-r-293-e-guincho-licenciamento-vencido\/","name":"Motoristas sem esse documento podem levar multa de R$ 293 e guincho - Estado de Minas - Em foco","isPartOf":{"@id":"https:\/\/www.em.com.br\/emfoco\/#website"},"primaryImageOfPage":{"@id":"https:\/\/www.em.com.br\/emfoco\/2026\/04\/26\/motoristas-sem-esse-documento-podem-levar-multa-de-r-293-e-guincho-licenciamento-vencido\/#primaryimage"},"image":{"@id":"https:\/\/www.em.com.br\/emfoco\/2026\/04\/26\/motoristas-sem-esse-documento-podem-levar-multa-de-r-293-e-guincho-licenciamento-vencido\/#primaryimage"},"thumbnailUrl":"https:\/\/www.em.com.br\/emfoco\/wp-content\/uploads\/2026\/04\/EmFoco_45-5.jpg","datePublished":"2026-04-26T14:55:00+00:00","dateModified":"2026-04-25T17:27:45+00:00","author":{"@id":"https:\/\/www.em.com.br\/emfoco\/#\/schema\/person\/5379e929a4b966c775d121e23f9bb421"},"description":"Entenda a multa de R$ 293 e guincho para motoristas sem este documento. Circular com licenciamento vencido \u00e9 infra\u00e7\u00e3o grav\u00edssima.","breadcrumb":{"@id":"https:\/\/www.em.com.br\/emfoco\/2026\/04\/26\/motoristas-sem-esse-documento-podem-levar-multa-de-r-293-e-guincho-licenciamento-vencido\/#breadcrumb"},"inLanguage":"pt-BR","potentialAction":[{"@type":"ReadAction","target":["https:\/\/www.em.com.br\/emfoco\/2026\/04\/26\/motoristas-sem-esse-documento-podem-levar-multa-de-r-293-e-guincho-licenciamento-vencido\/"]}]},{"@type":"ImageObject","inLanguage":"pt-BR","@id":"https:\/\/www.em.com.br\/emfoco\/2026\/04\/26\/motoristas-sem-esse-documento-podem-levar-multa-de-r-293-e-guincho-licenciamento-vencido\/#primaryimage","url":"https:\/\/www.em.com.br\/emfoco\/wp-content\/uploads\/2026\/04\/EmFoco_45-5.jpg","contentUrl":"https:\/\/www.em.com.br\/emfoco\/wp-content\/uploads\/2026\/04\/EmFoco_45-5.jpg","width":1280,"height":720,"caption":"Infra\u00e7\u00e3o grav\u00edssima com remo\u00e7\u00e3o do ve\u00edculo e taxas acumulativas por licenciamento anual vencido"},{"@type":"BreadcrumbList","@id":"https:\/\/www.em.com.br\/emfoco\/2026\/04\/26\/motoristas-sem-esse-documento-podem-levar-multa-de-r-293-e-guincho-licenciamento-vencido\/#breadcrumb","itemListElement":[{"@type":"ListItem","position":1,"name":"In\u00edcio","item":"https:\/\/www.em.com.br\/emfoco\/"},{"@type":"ListItem","position":2,"name":"Motoristas sem esse documento podem levar multa de R$ 293 e guincho"}]},{"@type":"WebSite","@id":"https:\/\/www.em.com.br\/emfoco\/#website","url":"https:\/\/www.em.com.br\/emfoco\/","name":"Estado de Minas - Em foco","description":"Acompanhe as \u00faltimas not\u00edcias e fique bem informado sobre tudo o que acontece em Minas Gerais, Brasil e no mundo.","potentialAction":[{"@type":"SearchAction","target":{"@type":"EntryPoint","urlTemplate":"https:\/\/www.em.com.br\/emfoco\/?s={search_term_string}"},"query-input":{"@type":"PropertyValueSpecification","valueRequired":true,"valueName":"search_term_string"}}],"inLanguage":"pt-BR"},{"@type":"Person","@id":"https:\/\/www.em.com.br\/emfoco\/#\/schema\/person\/5379e929a4b966c775d121e23f9bb421","name":"Guilherme Ara\u00fajo","image":{"@type":"ImageObject","inLanguage":"pt-BR","@id":"https:\/\/www.em.com.br\/emfoco\/#\/schema\/person\/image\/","url":"https:\/\/secure.gravatar.com\/avatar\/b8bf1fd0130e170bd8f5d7298dbafa25?s=96&d=mm&r=g","contentUrl":"https:\/\/secure.gravatar.com\/avatar\/b8bf1fd0130e170bd8f5d7298dbafa25?s=96&d=mm&r=g","caption":"Guilherme Ara\u00fajo"},"sameAs":["https:\/\/www.em.com.br\/emfoco"],"url":"https:\/\/www.em.com.br\/emfoco\/author\/guilhermeamyth\/"}]}},"_links":{"self":[{"href":"https:\/\/www.em.com.br\/emfoco\/wp-json\/wp\/v2\/posts\/199038","targetHints":{"allow":["GET"]}}],"collection":[{"href":"https:\/\/www.em.com.br\/emfoco\/wp-json\/wp\/v2\/posts"}],"about":[{"href":"https:\/\/www.em.com.br\/emfoco\/wp-json\/wp\/v2\/types\/post"}],"author":[{"embeddable":true,"href":"https:\/\/www.em.com.br\/emfoco\/wp-json\/wp\/v2\/users\/30"}],"replies":[{"embeddable":true,"href":"https:\/\/www.em.com.br\/emfoco\/wp-json\/wp\/v2\/comments?post=199038"}],"version-history":[{"count":2,"href":"https:\/\/www.em.com.br\/emfoco\/wp-json\/wp\/v2\/posts\/199038\/revisions"}],"predecessor-version":[{"id":199052,"href":"https:\/\/www.em.com.br\/emfoco\/wp-json\/wp\/v2\/posts\/199038\/revisions\/199052"}],"wp:featuredmedia":[{"embeddable":true,"href":"https:\/\/www.em.com.br\/emfoco\/wp-json\/wp\/v2\/media\/199331"}],"wp:attachment":[{"href":"https:\/\/www.em.com.br\/emfoco\/wp-json\/wp\/v2\/media?parent=199038"}],"wp:term":[{"taxonomy":"category","embeddable":true,"href":"https:\/\/www.em.com.br\/emfoco\/wp-json\/wp\/v2\/categories?post=199038"},{"taxonomy":"post_tag","embeddable":true,"href":"https:\/\/www.em.com.br\/emfoco\/wp-json\/wp\/v2\/tags?post=199038"}],"curies":[{"name":"wp","href":"https:\/\/api.w.org\/{rel}","templated":true}]}}