{"id":199022,"date":"2026-04-26T10:15:00","date_gmt":"2026-04-26T13:15:00","guid":{"rendered":"https:\/\/www.em.com.br\/emfoco\/?p=199022"},"modified":"2026-04-25T14:27:54","modified_gmt":"2026-04-25T17:27:54","slug":"governo-libera-ate-r-1-621-para-quem-trabalhou-de-carteira-assinada-em-2024","status":"publish","type":"post","link":"https:\/\/www.em.com.br\/emfoco\/2026\/04\/26\/governo-libera-ate-r-1-621-para-quem-trabalhou-de-carteira-assinada-em-2024\/","title":{"rendered":"Governo libera at\u00e9 R$ 1.621 para quem trabalhou de carteira assinada em 2024"},"content":{"rendered":"\n<p>O <strong>Abono Salarial PIS\/Pasep<\/strong> em <strong>2026<\/strong> beneficia cerca de <strong>26,9 milh\u00f5es<\/strong> de brasileiros com pagamentos que podem chegar a <strong>R$ 1.621<\/strong>. O cronograma oficial foi estabelecido pelo <strong>Codefat<\/strong> e os dep\u00f3sitos come\u00e7aram em <strong>16 de fevereiro<\/strong>, injetando bilh\u00f5es na economia nacional.<\/p>\n\n\n\n<h2 class=\"wp-block-heading\">Quem tem direito ao benef\u00edcio em 2026?<\/h2>\n\n\n\n<p>Para garantir o recebimento, o <a href=\"https:\/\/www.em.com.br\/emfoco\/2025\/12\/24\/banco-do-brasil-e-proibido-de-pressionar-funcionarios-a-ampliar-jornada-justica-impoe-limite-com-multa-de-ate-r-200-mil-por-dia\/\" target=\"_blank\" rel=\"noreferrer noopener\">trabalhador deve cumprir crit\u00e9rios espec\u00edficos<\/a> estabelecidos pelo <a href=\"https:\/\/www.gov.br\/pt-br\" target=\"_blank\" rel=\"noreferrer noopener\">Portal Gov.br<\/a> referentes ao ano-base <strong>2024<\/strong>. O principal requisito \u00e9 estar cadastrado no fundo h\u00e1 pelo menos <strong>5 anos<\/strong> e ter atuado com carteira assinada por no m\u00ednimo <strong>30 dias<\/strong>.<\/p>\n\n\n\n<p>A remunera\u00e7\u00e3o mensal m\u00e9dia do per\u00edodo n\u00e3o pode ultrapassar <strong>R$ 2.765,93<\/strong>, valor corrigido pelo <strong>INPC<\/strong>. Al\u00e9m disso, \u00e9 indispens\u00e1vel que a empresa tenha enviado os dados laborais corretamente via <strong>eSocial<\/strong> ou <strong>RAIS<\/strong> para evitar impedimentos no processamento do pagamento.<\/p>\n\n\n<div class=\"wp-block-image\">\n<figure class=\"aligncenter size-large\"><img loading=\"lazy\" decoding=\"async\" width=\"1024\" height=\"576\" src=\"https:\/\/www.em.com.br\/emfoco\/wp-content\/uploads\/2026\/04\/banco-1-1024x576.jpg\" alt=\"Valor m\u00e1ximo de R$ 1.621 est\u00e1 dispon\u00edvel para brasileiros que trabalharam em 2024\" class=\"wp-image-199033\" srcset=\"https:\/\/www.em.com.br\/emfoco\/wp-content\/uploads\/2026\/04\/banco-1-1024x576.jpg 1024w, https:\/\/www.em.com.br\/emfoco\/wp-content\/uploads\/2026\/04\/banco-1-300x169.jpg 300w, https:\/\/www.em.com.br\/emfoco\/wp-content\/uploads\/2026\/04\/banco-1-768x432.jpg 768w, https:\/\/www.em.com.br\/emfoco\/wp-content\/uploads\/2026\/04\/banco-1-750x422.jpg 750w, https:\/\/www.em.com.br\/emfoco\/wp-content\/uploads\/2026\/04\/banco-1-1140x641.jpg 1140w, https:\/\/www.em.com.br\/emfoco\/wp-content\/uploads\/2026\/04\/banco-1.jpg 1280w\" sizes=\"auto, (max-width: 1024px) 100vw, 1024px\" \/><figcaption class=\"wp-element-caption\">Valor m\u00e1ximo de R$ 1.621 est\u00e1 dispon\u00edvel para brasileiros que trabalharam em 2024<\/figcaption><\/figure><\/div>\n\n\n<h2 class=\"wp-block-heading\">Qual \u00e9 o valor pago para cada trabalhador?<\/h2>\n\n\n\n<p>A quantia liberada \u00e9 calculada proporcionalmente ao tempo de servi\u00e7o registrado em <strong>2024<\/strong>, utilizando o sal\u00e1rio m\u00ednimo de <strong>2026<\/strong> como refer\u00eancia. O teto m\u00e1ximo de <strong>R$ 1.621<\/strong> \u00e9 destinado apenas para quem completou os <strong>12 meses<\/strong> de trabalho formal naquele ano.<\/p>\n\n\n\n<p>Para quem atuou por per\u00edodos menores, o c\u00e1lculo divide o sal\u00e1rio total por <strong>12<\/strong>. Confira como fica a distribui\u00e7\u00e3o dos valores aproximados conforme os meses trabalhados:<\/p>\n\n\n\n<ul class=\"wp-block-list\">\n<li><strong>1 m\u00eas<\/strong> trabalhado: <strong>R$ 135<\/strong>.<\/li>\n\n\n\n<li><strong>6 meses<\/strong> trabalhados: <strong>R$ 810,50<\/strong>.<\/li>\n\n\n\n<li><strong>12 meses<\/strong> trabalhados: <strong>R$ 1.621,00<\/strong>.<\/li>\n<\/ul>\n\n\n\n<h2 class=\"wp-block-heading\">Como funciona o calend\u00e1rio de pagamentos?<\/h2>\n\n\n\n<p>Os repasses s\u00e3o organizados de acordo com o m\u00eas de nascimento do benefici\u00e1rio, seguindo a <strong><a href=\"https:\/\/www.gov.br\/pt-br\/servicos\/receber-o-abono-salarial\" target=\"_blank\" rel=\"noreferrer noopener\">Resolu\u00e7\u00e3o Codefat\/MTE n\u00ba 1.032\/2025<\/a><\/strong>. Os recursos ficam dispon\u00edveis para retirada at\u00e9 o dia <strong>30 de dezembro de 2026<\/strong>, sendo que ap\u00f3s esse prazo o montante retorna ao fundo de amparo.<\/p>\n\n\n\n<p>O pagamento do <strong>PIS<\/strong>, voltado ao setor privado, \u00e9 operacionalizado pela <a href=\"https:\/\/www.caixa.gov.br\/\" target=\"_blank\" rel=\"noreferrer noopener\">Caixa Econ\u00f4mica Federal<\/a>. J\u00e1 o <strong>Pasep<\/strong>, destinado aos servidores p\u00fablicos, \u00e9 gerido pelo <a href=\"https:\/\/pt.wikipedia.org\/wiki\/Banco_do_Brasil\" target=\"_blank\" rel=\"noreferrer noopener\">Banco do Brasi<\/a><a href=\"https:\/\/www.bb.com.br\/\" target=\"_blank\" rel=\"noreferrer noopener\">l<\/a>, que realiza o cr\u00e9dito em conta ou via transfer\u00eancia para outras institui\u00e7\u00f5es banc\u00e1rias.<\/p>\n\n\n<div class=\"wp-block-image\">\n<figure class=\"aligncenter size-large\"><img loading=\"lazy\" decoding=\"async\" width=\"1024\" height=\"576\" src=\"https:\/\/www.em.com.br\/emfoco\/wp-content\/uploads\/2026\/04\/calendario-2-1024x576.jpg\" alt=\"Saque de at\u00e9 R$ 1.621 \u00e9 confirmado para quem cumpriu jornada de trabalho em 2024\" class=\"wp-image-199035\" srcset=\"https:\/\/www.em.com.br\/emfoco\/wp-content\/uploads\/2026\/04\/calendario-2-1024x576.jpg 1024w, https:\/\/www.em.com.br\/emfoco\/wp-content\/uploads\/2026\/04\/calendario-2-300x169.jpg 300w, https:\/\/www.em.com.br\/emfoco\/wp-content\/uploads\/2026\/04\/calendario-2-768x432.jpg 768w, https:\/\/www.em.com.br\/emfoco\/wp-content\/uploads\/2026\/04\/calendario-2-750x422.jpg 750w, https:\/\/www.em.com.br\/emfoco\/wp-content\/uploads\/2026\/04\/calendario-2-1140x641.jpg 1140w, https:\/\/www.em.com.br\/emfoco\/wp-content\/uploads\/2026\/04\/calendario-2.jpg 1280w\" sizes=\"auto, (max-width: 1024px) 100vw, 1024px\" \/><figcaption class=\"wp-element-caption\">Saque de at\u00e9 R$ 1.621 \u00e9 confirmado para quem cumpriu jornada de trabalho em 2024<\/figcaption><\/figure><\/div>\n\n\n<h2 class=\"wp-block-heading\">Onde consultar a habilita\u00e7\u00e3o do abono?<\/h2>\n\n\n\n<p>A consulta pode ser realizada de forma digital atrav\u00e9s do aplicativo <strong>Carteira de Trabalho Digital<\/strong>, onde o trabalhador verifica se est\u00e1 habilitado. Caso existam diverg\u00eancias cadastrais, como erros no <strong>CPF<\/strong>, o <strong>Minist\u00e9rio do Trabalho e Emprego<\/strong> orienta a busca por retifica\u00e7\u00e3o imediata junto ao empregador.<\/p>\n\n\n\n<p>Para facilitar o acesso \u00e0 informa\u00e7\u00e3o, o governo disponibiliza o canal de atendimento <strong>158<\/strong>. \u00c9 recomend\u00e1vel que o cidad\u00e3o mantenha seus dados atualizados nos sistemas federais para garantir que o <strong>Abono Salarial PIS\/Pasep<\/strong> seja depositado automaticamente em contas digitais ou tradicionais sem a necessidade de deslocamento f\u00edsico.<\/p>\n\n\n\n<h2 class=\"wp-block-heading\">Haver\u00e1 mudan\u00e7as no teto de renda futuro?<\/h2>\n\n\n\n<p>Sim, existe uma proje\u00e7\u00e3o de altera\u00e7\u00e3o gradual nos crit\u00e9rios de elegibilidade para as pr\u00f3ximas d\u00e9cadas. Estudos indicam que o limite de renda ser\u00e1 reduzido progressivamente para focar o benef\u00edcio na popula\u00e7\u00e3o com menor poder aquisitivo, conforme planejado em reformas de longo prazo.<\/p>\n\n\n\n<p>At\u00e9 <strong>2035<\/strong>, a expectativa \u00e9 que apenas quem recebe at\u00e9 <strong>1,5 sal\u00e1rio m\u00ednimo<\/strong> mantenha o direito ao saque anual. Essa transi\u00e7\u00e3o visa a sustentabilidade do <strong>Fundo de Amparo ao Trabalhador<\/strong>, garantindo que o aux\u00edlio financeiro continue chegando aos brasileiros que mais necessitam de suporte na renda familiar.<\/p>\n","protected":false},"excerpt":{"rendered":"<p>O Abono Salarial PIS\/Pasep em 2026 beneficia cerca de 26,9 milh\u00f5es de brasileiros com pagamentos que podem chegar a R$ 1.621. O cronograma oficial foi estabelecido pelo Codefat e os dep\u00f3sitos come\u00e7aram em 16 de fevereiro, injetando bilh\u00f5es na economia nacional. Quem tem direito ao benef\u00edcio em 2026? Para garantir o recebimento, o trabalhador deve [&hellip;]<\/p>\n","protected":false},"author":30,"featured_media":199330,"comment_status":"open","ping_status":"open","sticky":false,"template":"","format":"standard","meta":{"jnews-multi-image_gallery":[],"jnews_single_post":{"format":"standard"},"jnews_primary_category":[],"jnews_social_meta":[],"jnews_override_counter":[],"footnotes":""},"categories":[28],"tags":[6163,290,293,641],"class_list":["post-199022","post","type-post","status-publish","format-standard","has-post-thumbnail","hentry","category-economia","tag-abono","tag-pasep","tag-pis","tag-trabalhador"],"yoast_head":"<!-- This site is optimized with the Yoast SEO plugin v23.8 - https:\/\/yoast.com\/wordpress\/plugins\/seo\/ -->\n<title>Governo libera at\u00e9 R$ 1.621 para quem trabalhou de carteira assinada em 2024 - Estado de Minas - Em foco<\/title>\n<meta name=\"description\" content=\"Entenda o benef\u00edcio de at\u00e9 R$ 1.621 liberado pelo governo para quem trabalhou de carteira assinada em 2024.\" \/>\n<meta name=\"robots\" content=\"index, follow, max-snippet:-1, max-image-preview:large, max-video-preview:-1\" \/>\n<link rel=\"canonical\" href=\"https:\/\/www.em.com.br\/emfoco\/2026\/04\/26\/governo-libera-ate-r-1-621-para-quem-trabalhou-de-carteira-assinada-em-2024\/\" \/>\n<meta property=\"og:locale\" content=\"pt_BR\" \/>\n<meta property=\"og:type\" content=\"article\" \/>\n<meta property=\"og:title\" content=\"Governo libera at\u00e9 R$ 1.621 para quem trabalhou de carteira assinada em 2024 - Estado de Minas - Em foco\" \/>\n<meta property=\"og:description\" content=\"Entenda o benef\u00edcio de at\u00e9 R$ 1.621 liberado pelo governo para quem trabalhou de carteira assinada em 2024.\" \/>\n<meta property=\"og:url\" content=\"https:\/\/www.em.com.br\/emfoco\/2026\/04\/26\/governo-libera-ate-r-1-621-para-quem-trabalhou-de-carteira-assinada-em-2024\/\" \/>\n<meta property=\"og:site_name\" content=\"Estado de Minas - Em foco\" \/>\n<meta property=\"article:published_time\" content=\"2026-04-26T13:15:00+00:00\" \/>\n<meta property=\"article:modified_time\" content=\"2026-04-25T17:27:54+00:00\" \/>\n<meta property=\"og:image\" content=\"https:\/\/www.em.com.br\/emfoco\/wp-content\/uploads\/2026\/04\/EmFoco_46-5.jpg\" \/>\n\t<meta property=\"og:image:width\" content=\"1280\" \/>\n\t<meta property=\"og:image:height\" content=\"720\" \/>\n\t<meta property=\"og:image:type\" content=\"image\/jpeg\" \/>\n<meta name=\"author\" content=\"Guilherme Ara\u00fajo\" \/>\n<meta name=\"twitter:card\" content=\"summary_large_image\" \/>\n<meta name=\"twitter:label1\" content=\"Escrito por\" \/>\n\t<meta name=\"twitter:data1\" content=\"Guilherme Ara\u00fajo\" \/>\n\t<meta name=\"twitter:label2\" content=\"Est. tempo de leitura\" \/>\n\t<meta name=\"twitter:data2\" content=\"4 minutos\" \/>\n<!-- \/ Yoast SEO plugin. -->","yoast_head_json":{"title":"Governo libera at\u00e9 R$ 1.621 para quem trabalhou de carteira assinada em 2024 - Estado de Minas - Em foco","description":"Entenda o benef\u00edcio de at\u00e9 R$ 1.621 liberado pelo governo para quem trabalhou de carteira assinada em 2024.","robots":{"index":"index","follow":"follow","max-snippet":"max-snippet:-1","max-image-preview":"max-image-preview:large","max-video-preview":"max-video-preview:-1"},"canonical":"https:\/\/www.em.com.br\/emfoco\/2026\/04\/26\/governo-libera-ate-r-1-621-para-quem-trabalhou-de-carteira-assinada-em-2024\/","og_locale":"pt_BR","og_type":"article","og_title":"Governo libera at\u00e9 R$ 1.621 para quem trabalhou de carteira assinada em 2024 - Estado de Minas - Em foco","og_description":"Entenda o benef\u00edcio de at\u00e9 R$ 1.621 liberado pelo governo para quem trabalhou de carteira assinada em 2024.","og_url":"https:\/\/www.em.com.br\/emfoco\/2026\/04\/26\/governo-libera-ate-r-1-621-para-quem-trabalhou-de-carteira-assinada-em-2024\/","og_site_name":"Estado de Minas - Em foco","article_published_time":"2026-04-26T13:15:00+00:00","article_modified_time":"2026-04-25T17:27:54+00:00","og_image":[{"width":1280,"height":720,"url":"https:\/\/www.em.com.br\/emfoco\/wp-content\/uploads\/2026\/04\/EmFoco_46-5.jpg","type":"image\/jpeg"}],"author":"Guilherme Ara\u00fajo","twitter_card":"summary_large_image","twitter_misc":{"Escrito por":"Guilherme Ara\u00fajo","Est. tempo de leitura":"4 minutos"},"schema":{"@context":"https:\/\/schema.org","@graph":[{"@type":"WebPage","@id":"https:\/\/www.em.com.br\/emfoco\/2026\/04\/26\/governo-libera-ate-r-1-621-para-quem-trabalhou-de-carteira-assinada-em-2024\/","url":"https:\/\/www.em.com.br\/emfoco\/2026\/04\/26\/governo-libera-ate-r-1-621-para-quem-trabalhou-de-carteira-assinada-em-2024\/","name":"Governo libera at\u00e9 R$ 1.621 para quem trabalhou de carteira assinada em 2024 - Estado de Minas - Em foco","isPartOf":{"@id":"https:\/\/www.em.com.br\/emfoco\/#website"},"primaryImageOfPage":{"@id":"https:\/\/www.em.com.br\/emfoco\/2026\/04\/26\/governo-libera-ate-r-1-621-para-quem-trabalhou-de-carteira-assinada-em-2024\/#primaryimage"},"image":{"@id":"https:\/\/www.em.com.br\/emfoco\/2026\/04\/26\/governo-libera-ate-r-1-621-para-quem-trabalhou-de-carteira-assinada-em-2024\/#primaryimage"},"thumbnailUrl":"https:\/\/www.em.com.br\/emfoco\/wp-content\/uploads\/2026\/04\/EmFoco_46-5.jpg","datePublished":"2026-04-26T13:15:00+00:00","dateModified":"2026-04-25T17:27:54+00:00","author":{"@id":"https:\/\/www.em.com.br\/emfoco\/#\/schema\/person\/5379e929a4b966c775d121e23f9bb421"},"description":"Entenda o benef\u00edcio de at\u00e9 R$ 1.621 liberado pelo governo para quem trabalhou de carteira assinada em 2024.","breadcrumb":{"@id":"https:\/\/www.em.com.br\/emfoco\/2026\/04\/26\/governo-libera-ate-r-1-621-para-quem-trabalhou-de-carteira-assinada-em-2024\/#breadcrumb"},"inLanguage":"pt-BR","potentialAction":[{"@type":"ReadAction","target":["https:\/\/www.em.com.br\/emfoco\/2026\/04\/26\/governo-libera-ate-r-1-621-para-quem-trabalhou-de-carteira-assinada-em-2024\/"]}]},{"@type":"ImageObject","inLanguage":"pt-BR","@id":"https:\/\/www.em.com.br\/emfoco\/2026\/04\/26\/governo-libera-ate-r-1-621-para-quem-trabalhou-de-carteira-assinada-em-2024\/#primaryimage","url":"https:\/\/www.em.com.br\/emfoco\/wp-content\/uploads\/2026\/04\/EmFoco_46-5.jpg","contentUrl":"https:\/\/www.em.com.br\/emfoco\/wp-content\/uploads\/2026\/04\/EmFoco_46-5.jpg","width":1280,"height":720,"caption":"Cronograma e crit\u00e9rios para saque do Abono Salarial proporcional ao tempo trabalhado em 2024"},{"@type":"BreadcrumbList","@id":"https:\/\/www.em.com.br\/emfoco\/2026\/04\/26\/governo-libera-ate-r-1-621-para-quem-trabalhou-de-carteira-assinada-em-2024\/#breadcrumb","itemListElement":[{"@type":"ListItem","position":1,"name":"In\u00edcio","item":"https:\/\/www.em.com.br\/emfoco\/"},{"@type":"ListItem","position":2,"name":"Governo libera at\u00e9 R$ 1.621 para quem trabalhou de carteira assinada em 2024"}]},{"@type":"WebSite","@id":"https:\/\/www.em.com.br\/emfoco\/#website","url":"https:\/\/www.em.com.br\/emfoco\/","name":"Estado de Minas - Em foco","description":"Acompanhe as \u00faltimas not\u00edcias e fique bem informado sobre tudo o que acontece em Minas Gerais, Brasil e no mundo.","potentialAction":[{"@type":"SearchAction","target":{"@type":"EntryPoint","urlTemplate":"https:\/\/www.em.com.br\/emfoco\/?s={search_term_string}"},"query-input":{"@type":"PropertyValueSpecification","valueRequired":true,"valueName":"search_term_string"}}],"inLanguage":"pt-BR"},{"@type":"Person","@id":"https:\/\/www.em.com.br\/emfoco\/#\/schema\/person\/5379e929a4b966c775d121e23f9bb421","name":"Guilherme Ara\u00fajo","image":{"@type":"ImageObject","inLanguage":"pt-BR","@id":"https:\/\/www.em.com.br\/emfoco\/#\/schema\/person\/image\/","url":"https:\/\/secure.gravatar.com\/avatar\/b8bf1fd0130e170bd8f5d7298dbafa25?s=96&d=mm&r=g","contentUrl":"https:\/\/secure.gravatar.com\/avatar\/b8bf1fd0130e170bd8f5d7298dbafa25?s=96&d=mm&r=g","caption":"Guilherme Ara\u00fajo"},"sameAs":["https:\/\/www.em.com.br\/emfoco"],"url":"https:\/\/www.em.com.br\/emfoco\/author\/guilhermeamyth\/"}]}},"_links":{"self":[{"href":"https:\/\/www.em.com.br\/emfoco\/wp-json\/wp\/v2\/posts\/199022","targetHints":{"allow":["GET"]}}],"collection":[{"href":"https:\/\/www.em.com.br\/emfoco\/wp-json\/wp\/v2\/posts"}],"about":[{"href":"https:\/\/www.em.com.br\/emfoco\/wp-json\/wp\/v2\/types\/post"}],"author":[{"embeddable":true,"href":"https:\/\/www.em.com.br\/emfoco\/wp-json\/wp\/v2\/users\/30"}],"replies":[{"embeddable":true,"href":"https:\/\/www.em.com.br\/emfoco\/wp-json\/wp\/v2\/comments?post=199022"}],"version-history":[{"count":3,"href":"https:\/\/www.em.com.br\/emfoco\/wp-json\/wp\/v2\/posts\/199022\/revisions"}],"predecessor-version":[{"id":199036,"href":"https:\/\/www.em.com.br\/emfoco\/wp-json\/wp\/v2\/posts\/199022\/revisions\/199036"}],"wp:featuredmedia":[{"embeddable":true,"href":"https:\/\/www.em.com.br\/emfoco\/wp-json\/wp\/v2\/media\/199330"}],"wp:attachment":[{"href":"https:\/\/www.em.com.br\/emfoco\/wp-json\/wp\/v2\/media?parent=199022"}],"wp:term":[{"taxonomy":"category","embeddable":true,"href":"https:\/\/www.em.com.br\/emfoco\/wp-json\/wp\/v2\/categories?post=199022"},{"taxonomy":"post_tag","embeddable":true,"href":"https:\/\/www.em.com.br\/emfoco\/wp-json\/wp\/v2\/tags?post=199022"}],"curies":[{"name":"wp","href":"https:\/\/api.w.org\/{rel}","templated":true}]}}