{"id":199019,"date":"2026-04-26T07:45:00","date_gmt":"2026-04-26T10:45:00","guid":{"rendered":"https:\/\/www.em.com.br\/emfoco\/?p=199019"},"modified":"2026-04-25T14:28:03","modified_gmt":"2026-04-25T17:28:03","slug":"governo-separa-r-200-bilhoes-para-brasileiros-que-ganham-ate-r-13-mil","status":"publish","type":"post","link":"https:\/\/www.em.com.br\/emfoco\/2026\/04\/26\/governo-separa-r-200-bilhoes-para-brasileiros-que-ganham-ate-r-13-mil\/","title":{"rendered":"Governo separa R$ 200 bilh\u00f5es para brasileiros que ganham at\u00e9 R$ 13 mil"},"content":{"rendered":"\n<p>O <strong>Minha Casa Minha Vida<\/strong> ganhou um refor\u00e7o de <strong>R$ 200 bilh\u00f5es<\/strong> em 2026 e agora atende fam\u00edlias com renda de at\u00e9 <strong>R$ 13 mil<\/strong>. A mudan\u00e7a amplia o acesso ao financiamento e abre novas chances para a classe m\u00e9dia conquistar a casa pr\u00f3pria.<\/p>\n\n\n\n<h2 class=\"wp-block-heading\">Como funciona o novo or\u00e7amento do programa?<\/h2>\n\n\n\n<p>O montante total para o setor habitacional atingiu a marca de <strong>R$ 200 bilh\u00f5es<\/strong> ap\u00f3s um investimento adicional de <strong>R$ 20 bilh\u00f5es<\/strong> provenientes do Fundo Social. Esse movimento, consolidado pelo <strong>Pal\u00e1cio do Planalto<\/strong> em abril de <strong>2026<\/strong>, visa acelerar a meta de <strong>3 milh\u00f5es<\/strong> de resid\u00eancias contratadas.<\/p>\n\n\n\n<p>A maior parte desses recursos tem origem no <a href=\"https:\/\/www.em.com.br\/emfoco\/2026\/04\/07\/trabalhadores-com-carteira-assinada-precisam-se-preparar-novas-regras-de-ferias-jornada-reduzida-e-mudancas-no-fgts-entram-em-vigor-em-2026\/\" target=\"_blank\" rel=\"noreferrer noopener\">F<\/a><a href=\"https:\/\/pt.wikipedia.org\/wiki\/Fundo_de_Garantia_do_Tempo_de_Servi%C3%A7o\" target=\"_blank\" rel=\"noreferrer noopener\">undo de Garantia do Tempo de Servi\u00e7o<\/a>, que destinou cifras recordes para o financiamento imobili\u00e1rio. O objetivo central \u00e9 reduzir o d\u00e9ficit habitacional brasileiro, priorizando tanto a constru\u00e7\u00e3o de novas unidades quanto a reforma de im\u00f3veis existentes atrav\u00e9s do bra\u00e7o social do governo.<\/p>\n\n\n<div class=\"wp-block-image\">\n<figure class=\"aligncenter size-large\"><img loading=\"lazy\" decoding=\"async\" width=\"1024\" height=\"576\" src=\"https:\/\/www.em.com.br\/emfoco\/wp-content\/uploads\/2026\/04\/construindo-1-1024x576.jpg\" alt=\"Or\u00e7amento de R$ 200 bilh\u00f5es \u00e9 confirmado para brasileiros com renda de at\u00e9 R$ 13 mil\" class=\"wp-image-199025\" srcset=\"https:\/\/www.em.com.br\/emfoco\/wp-content\/uploads\/2026\/04\/construindo-1-1024x576.jpg 1024w, https:\/\/www.em.com.br\/emfoco\/wp-content\/uploads\/2026\/04\/construindo-1-300x169.jpg 300w, https:\/\/www.em.com.br\/emfoco\/wp-content\/uploads\/2026\/04\/construindo-1-768x432.jpg 768w, https:\/\/www.em.com.br\/emfoco\/wp-content\/uploads\/2026\/04\/construindo-1-750x422.jpg 750w, https:\/\/www.em.com.br\/emfoco\/wp-content\/uploads\/2026\/04\/construindo-1-1140x641.jpg 1140w, https:\/\/www.em.com.br\/emfoco\/wp-content\/uploads\/2026\/04\/construindo-1.jpg 1280w\" sizes=\"auto, (max-width: 1024px) 100vw, 1024px\" \/><figcaption class=\"wp-element-caption\">Or\u00e7amento de R$ 200 bilh\u00f5es \u00e9 confirmado para brasileiros com renda de at\u00e9 R$ 13 mil<\/figcaption><\/figure><\/div>\n\n\n<h2 class=\"wp-block-heading\">Quais s\u00e3o as novas faixas de renda em 2026?<\/h2>\n\n\n\n<p>As regras de enquadramento foram atualizadas em mar\u00e7o de <strong>2026<\/strong> para refletir a nova realidade econ\u00f4mica e absorver uma parcela maior da popula\u00e7\u00e3o urbana. Agora, o programa contempla fam\u00edlias com renda bruta mensal de at\u00e9 <strong>R$ 13.000<\/strong>, distribu\u00eddas em quatro categorias distintas de atendimento.<\/p>\n\n\n\n<p>Para garantir a organiza\u00e7\u00e3o visual dessas mudan\u00e7as, preparamos uma s\u00edntese dos limites atuais. Analise as divis\u00f5es estabelecidas pelo <strong>Governo Federal<\/strong> para os residentes em \u00e1reas urbanas:<\/p>\n\n\n\n<ul class=\"wp-block-list\">\n<li><strong>Faixa 1<\/strong>: Renda mensal de at\u00e9 <strong>R$ 3.200<\/strong>.<\/li>\n\n\n\n<li><strong>Faixa 2<\/strong>: Limite de renda de at\u00e9 <strong>R$ 5.000<\/strong>.<\/li>\n\n\n\n<li><strong>Faixa 3<\/strong>: Rendimentos de at\u00e9 <strong>R$ 9.600<\/strong> mensais.<\/li>\n\n\n\n<li><strong>Faixa 4<\/strong>: Teto estendido para <strong>R$ 13.000<\/strong>.<\/li>\n<\/ul>\n\n\n\n<h2 class=\"wp-block-heading\">Quem pode participar da Faixa 4?<\/h2>\n\n\n\n<p>A <strong>Faixa 4<\/strong> foi desenhada especificamente para atender a classe m\u00e9dia, permitindo a aquisi\u00e7\u00e3o de im\u00f3veis com valor de mercado de at\u00e9 <strong>R$ 500 mil<\/strong>. Embora n\u00e3o conte com subs\u00eddios diretos do governo, essa categoria oferece taxas de juros de aproximadamente <strong>10% ao ano<\/strong>, patamar vantajoso em rela\u00e7\u00e3o ao cr\u00e9dito imobili\u00e1rio convencional.<\/p>\n\n\n\n<p>Conforme dados disponibilizados pela <a href=\"https:\/\/www.gov.br\/secom\/pt-br\" target=\"_blank\" rel=\"noreferrer noopener\">Secretaria de Comunica\u00e7\u00e3o Social<\/a>, o ajuste do teto de <strong>R$ 12 mil<\/strong> para <strong>R$ 13 mil<\/strong> incluiu milhares de novos benefici\u00e1rios no sistema. O processo de contrata\u00e7\u00e3o ocorre diretamente em ag\u00eancias da <strong>Caixa Econ\u00f4mica Federal<\/strong> ou por meio de construtoras parceiras que operam com o <strong>Minha Casa Minha Vida<\/strong>.<\/p>\n\n\n<div class=\"wp-block-image\">\n<figure class=\"aligncenter size-large\"><img loading=\"lazy\" decoding=\"async\" width=\"1024\" height=\"576\" src=\"https:\/\/www.em.com.br\/emfoco\/wp-content\/uploads\/2026\/04\/bancodobrasil-1-1024x576.jpg\" alt=\"Mudan\u00e7a no teto de renda libera cr\u00e9dito bilion\u00e1rio para brasileiros: limite \u00e9 R$ 13 mil\" class=\"wp-image-199027\" srcset=\"https:\/\/www.em.com.br\/emfoco\/wp-content\/uploads\/2026\/04\/bancodobrasil-1-1024x576.jpg 1024w, https:\/\/www.em.com.br\/emfoco\/wp-content\/uploads\/2026\/04\/bancodobrasil-1-300x169.jpg 300w, https:\/\/www.em.com.br\/emfoco\/wp-content\/uploads\/2026\/04\/bancodobrasil-1-768x432.jpg 768w, https:\/\/www.em.com.br\/emfoco\/wp-content\/uploads\/2026\/04\/bancodobrasil-1-750x422.jpg 750w, https:\/\/www.em.com.br\/emfoco\/wp-content\/uploads\/2026\/04\/bancodobrasil-1-1140x641.jpg 1140w, https:\/\/www.em.com.br\/emfoco\/wp-content\/uploads\/2026\/04\/bancodobrasil-1.jpg 1280w\" sizes=\"auto, (max-width: 1024px) 100vw, 1024px\" \/><figcaption class=\"wp-element-caption\">Mudan\u00e7a no teto de renda libera cr\u00e9dito bilion\u00e1rio para brasileiros: limite \u00e9 R$ 13 mil<\/figcaption><\/figure><\/div>\n\n\n<h2 class=\"wp-block-heading\">Qual o impacto das taxas de juros no financiamento?<\/h2>\n\n\n\n<p>O diferencial competitivo do programa \u00e9 manter os juros abaixo da taxa <strong>Selic<\/strong>, que registrou varia\u00e7\u00f5es significativas nos \u00faltimos anos. Enquanto o mercado praticava taxas elevadas, o <strong>Minist\u00e9rio das Cidades<\/strong> assegurou condi\u00e7\u00f5es que facilitam o pagamento de parcelas a longo prazo para todas as faixas.<\/p>\n\n\n\n<p>Nas <strong>Faixas 1 e 2<\/strong>, o subs\u00eddio pode reduzir drasticamente o valor da entrada, enquanto os juros s\u00e3o ainda menores do que na categoria de alta renda. Essa estrutura permite que o <strong><a href=\"https:\/\/www.gov.br\/cidades\/pt-br\/acesso-a-informacao\/acoes-e-programas\/habitacao\/programa-minha-casa-minha-vida\" target=\"_blank\" rel=\"noreferrer noopener\">Minha Casa Minha Vida<\/a><\/strong> funcione como um motor de desenvolvimento econ\u00f4mico, gerando empregos na constru\u00e7\u00e3o civil e realizando o sonho da estabilidade habitacional.<\/p>\n\n\n\n<h2 class=\"wp-block-heading\">Como garantir a aprova\u00e7\u00e3o do cr\u00e9dito imobili\u00e1rio?<\/h2>\n\n\n\n<p>O primeiro passo para o interessado \u00e9 realizar uma simula\u00e7\u00e3o baseada na sua renda bruta familiar e na localidade do im\u00f3vel desejado. \u00c9 fundamental n\u00e3o possuir outro im\u00f3vel registrado no nome e estar dentro dos crit\u00e9rios de moradia urbana estabelecidos pelas portarias recentes do <strong>Minist\u00e9rio da Casa Civil<\/strong>.<\/p>\n\n\n\n<p>Ter a documenta\u00e7\u00e3o atualizada e comprovar a capacidade de pagamento s\u00e3o requisitos b\u00e1sicos exigidos pelas institui\u00e7\u00f5es financeiras envolvidas. Com o or\u00e7amento recorde dispon\u00edvel em <strong>2026<\/strong>, o cen\u00e1rio torna-se altamente favor\u00e1vel para quem busca sair do aluguel utilizando as facilidades e a seguran\u00e7a jur\u00eddica oferecidas por esta pol\u00edtica p\u00fablica.<\/p>\n","protected":false},"excerpt":{"rendered":"<p>O Minha Casa Minha Vida ganhou um refor\u00e7o de R$ 200 bilh\u00f5es em 2026 e agora atende fam\u00edlias com renda de at\u00e9 R$ 13 mil. A mudan\u00e7a amplia o acesso ao financiamento e abre novas chances para a classe m\u00e9dia conquistar a casa pr\u00f3pria. Como funciona o novo or\u00e7amento do programa? O montante total para [&hellip;]<\/p>\n","protected":false},"author":30,"featured_media":199329,"comment_status":"open","ping_status":"open","sticky":false,"template":"","format":"standard","meta":{"jnews-multi-image_gallery":[],"jnews_single_post":{"format":"standard"},"jnews_primary_category":[],"jnews_social_meta":[],"jnews_override_counter":[],"footnotes":""},"categories":[28],"tags":[1252,465,1217,28729],"class_list":["post-199019","post","type-post","status-publish","format-standard","has-post-thumbnail","hentry","category-economia","tag-financiamento","tag-governo","tag-habitacao","tag-subsidio"],"yoast_head":"<!-- This site is optimized with the Yoast SEO plugin v23.8 - https:\/\/yoast.com\/wordpress\/plugins\/seo\/ -->\n<title>Governo separa R$ 200 bilh\u00f5es para brasileiros que ganham at\u00e9 R$ 13 mil - Estado de Minas - Em foco<\/title>\n<meta name=\"description\" content=\"Entenda o programa que separou R$ 200 bilh\u00f5es para brasileiros com renda de at\u00e9 R$ 13 mil. Veja como acessar o Minha Casa Minha Vida agora.\" \/>\n<meta name=\"robots\" content=\"index, follow, max-snippet:-1, max-image-preview:large, max-video-preview:-1\" \/>\n<link rel=\"canonical\" href=\"https:\/\/www.em.com.br\/emfoco\/2026\/04\/26\/governo-separa-r-200-bilhoes-para-brasileiros-que-ganham-ate-r-13-mil\/\" \/>\n<meta property=\"og:locale\" content=\"pt_BR\" \/>\n<meta property=\"og:type\" content=\"article\" \/>\n<meta property=\"og:title\" content=\"Governo separa R$ 200 bilh\u00f5es para brasileiros que ganham at\u00e9 R$ 13 mil - Estado de Minas - Em foco\" \/>\n<meta property=\"og:description\" content=\"Entenda o programa que separou R$ 200 bilh\u00f5es para brasileiros com renda de at\u00e9 R$ 13 mil. Veja como acessar o Minha Casa Minha Vida agora.\" \/>\n<meta property=\"og:url\" content=\"https:\/\/www.em.com.br\/emfoco\/2026\/04\/26\/governo-separa-r-200-bilhoes-para-brasileiros-que-ganham-ate-r-13-mil\/\" \/>\n<meta property=\"og:site_name\" content=\"Estado de Minas - Em foco\" \/>\n<meta property=\"article:published_time\" content=\"2026-04-26T10:45:00+00:00\" \/>\n<meta property=\"article:modified_time\" content=\"2026-04-25T17:28:03+00:00\" \/>\n<meta property=\"og:image\" content=\"https:\/\/www.em.com.br\/emfoco\/wp-content\/uploads\/2026\/04\/EmFoco_47-6.jpg\" \/>\n\t<meta property=\"og:image:width\" content=\"1280\" \/>\n\t<meta property=\"og:image:height\" content=\"720\" \/>\n\t<meta property=\"og:image:type\" content=\"image\/jpeg\" \/>\n<meta name=\"author\" content=\"Guilherme Ara\u00fajo\" \/>\n<meta name=\"twitter:card\" content=\"summary_large_image\" \/>\n<meta name=\"twitter:label1\" content=\"Escrito por\" \/>\n\t<meta name=\"twitter:data1\" content=\"Guilherme Ara\u00fajo\" \/>\n\t<meta name=\"twitter:label2\" content=\"Est. tempo de leitura\" \/>\n\t<meta name=\"twitter:data2\" content=\"4 minutos\" \/>\n<!-- \/ Yoast SEO plugin. -->","yoast_head_json":{"title":"Governo separa R$ 200 bilh\u00f5es para brasileiros que ganham at\u00e9 R$ 13 mil - Estado de Minas - Em foco","description":"Entenda o programa que separou R$ 200 bilh\u00f5es para brasileiros com renda de at\u00e9 R$ 13 mil. Veja como acessar o Minha Casa Minha Vida agora.","robots":{"index":"index","follow":"follow","max-snippet":"max-snippet:-1","max-image-preview":"max-image-preview:large","max-video-preview":"max-video-preview:-1"},"canonical":"https:\/\/www.em.com.br\/emfoco\/2026\/04\/26\/governo-separa-r-200-bilhoes-para-brasileiros-que-ganham-ate-r-13-mil\/","og_locale":"pt_BR","og_type":"article","og_title":"Governo separa R$ 200 bilh\u00f5es para brasileiros que ganham at\u00e9 R$ 13 mil - Estado de Minas - Em foco","og_description":"Entenda o programa que separou R$ 200 bilh\u00f5es para brasileiros com renda de at\u00e9 R$ 13 mil. Veja como acessar o Minha Casa Minha Vida agora.","og_url":"https:\/\/www.em.com.br\/emfoco\/2026\/04\/26\/governo-separa-r-200-bilhoes-para-brasileiros-que-ganham-ate-r-13-mil\/","og_site_name":"Estado de Minas - Em foco","article_published_time":"2026-04-26T10:45:00+00:00","article_modified_time":"2026-04-25T17:28:03+00:00","og_image":[{"width":1280,"height":720,"url":"https:\/\/www.em.com.br\/emfoco\/wp-content\/uploads\/2026\/04\/EmFoco_47-6.jpg","type":"image\/jpeg"}],"author":"Guilherme Ara\u00fajo","twitter_card":"summary_large_image","twitter_misc":{"Escrito por":"Guilherme Ara\u00fajo","Est. tempo de leitura":"4 minutos"},"schema":{"@context":"https:\/\/schema.org","@graph":[{"@type":"WebPage","@id":"https:\/\/www.em.com.br\/emfoco\/2026\/04\/26\/governo-separa-r-200-bilhoes-para-brasileiros-que-ganham-ate-r-13-mil\/","url":"https:\/\/www.em.com.br\/emfoco\/2026\/04\/26\/governo-separa-r-200-bilhoes-para-brasileiros-que-ganham-ate-r-13-mil\/","name":"Governo separa R$ 200 bilh\u00f5es para brasileiros que ganham at\u00e9 R$ 13 mil - Estado de Minas - Em foco","isPartOf":{"@id":"https:\/\/www.em.com.br\/emfoco\/#website"},"primaryImageOfPage":{"@id":"https:\/\/www.em.com.br\/emfoco\/2026\/04\/26\/governo-separa-r-200-bilhoes-para-brasileiros-que-ganham-ate-r-13-mil\/#primaryimage"},"image":{"@id":"https:\/\/www.em.com.br\/emfoco\/2026\/04\/26\/governo-separa-r-200-bilhoes-para-brasileiros-que-ganham-ate-r-13-mil\/#primaryimage"},"thumbnailUrl":"https:\/\/www.em.com.br\/emfoco\/wp-content\/uploads\/2026\/04\/EmFoco_47-6.jpg","datePublished":"2026-04-26T10:45:00+00:00","dateModified":"2026-04-25T17:28:03+00:00","author":{"@id":"https:\/\/www.em.com.br\/emfoco\/#\/schema\/person\/5379e929a4b966c775d121e23f9bb421"},"description":"Entenda o programa que separou R$ 200 bilh\u00f5es para brasileiros com renda de at\u00e9 R$ 13 mil. Veja como acessar o Minha Casa Minha Vida agora.","breadcrumb":{"@id":"https:\/\/www.em.com.br\/emfoco\/2026\/04\/26\/governo-separa-r-200-bilhoes-para-brasileiros-que-ganham-ate-r-13-mil\/#breadcrumb"},"inLanguage":"pt-BR","potentialAction":[{"@type":"ReadAction","target":["https:\/\/www.em.com.br\/emfoco\/2026\/04\/26\/governo-separa-r-200-bilhoes-para-brasileiros-que-ganham-ate-r-13-mil\/"]}]},{"@type":"ImageObject","inLanguage":"pt-BR","@id":"https:\/\/www.em.com.br\/emfoco\/2026\/04\/26\/governo-separa-r-200-bilhoes-para-brasileiros-que-ganham-ate-r-13-mil\/#primaryimage","url":"https:\/\/www.em.com.br\/emfoco\/wp-content\/uploads\/2026\/04\/EmFoco_47-6.jpg","contentUrl":"https:\/\/www.em.com.br\/emfoco\/wp-content\/uploads\/2026\/04\/EmFoco_47-6.jpg","width":1280,"height":720,"caption":"Expans\u00e3o do or\u00e7amento habitacional e novos limites de renda para financiamento de im\u00f3veis populares"},{"@type":"BreadcrumbList","@id":"https:\/\/www.em.com.br\/emfoco\/2026\/04\/26\/governo-separa-r-200-bilhoes-para-brasileiros-que-ganham-ate-r-13-mil\/#breadcrumb","itemListElement":[{"@type":"ListItem","position":1,"name":"In\u00edcio","item":"https:\/\/www.em.com.br\/emfoco\/"},{"@type":"ListItem","position":2,"name":"Governo separa R$ 200 bilh\u00f5es para brasileiros que ganham at\u00e9 R$ 13 mil"}]},{"@type":"WebSite","@id":"https:\/\/www.em.com.br\/emfoco\/#website","url":"https:\/\/www.em.com.br\/emfoco\/","name":"Estado de Minas - Em foco","description":"Acompanhe as \u00faltimas not\u00edcias e fique bem informado sobre tudo o que acontece em Minas Gerais, Brasil e no mundo.","potentialAction":[{"@type":"SearchAction","target":{"@type":"EntryPoint","urlTemplate":"https:\/\/www.em.com.br\/emfoco\/?s={search_term_string}"},"query-input":{"@type":"PropertyValueSpecification","valueRequired":true,"valueName":"search_term_string"}}],"inLanguage":"pt-BR"},{"@type":"Person","@id":"https:\/\/www.em.com.br\/emfoco\/#\/schema\/person\/5379e929a4b966c775d121e23f9bb421","name":"Guilherme Ara\u00fajo","image":{"@type":"ImageObject","inLanguage":"pt-BR","@id":"https:\/\/www.em.com.br\/emfoco\/#\/schema\/person\/image\/","url":"https:\/\/secure.gravatar.com\/avatar\/b8bf1fd0130e170bd8f5d7298dbafa25?s=96&d=mm&r=g","contentUrl":"https:\/\/secure.gravatar.com\/avatar\/b8bf1fd0130e170bd8f5d7298dbafa25?s=96&d=mm&r=g","caption":"Guilherme Ara\u00fajo"},"sameAs":["https:\/\/www.em.com.br\/emfoco"],"url":"https:\/\/www.em.com.br\/emfoco\/author\/guilhermeamyth\/"}]}},"_links":{"self":[{"href":"https:\/\/www.em.com.br\/emfoco\/wp-json\/wp\/v2\/posts\/199019","targetHints":{"allow":["GET"]}}],"collection":[{"href":"https:\/\/www.em.com.br\/emfoco\/wp-json\/wp\/v2\/posts"}],"about":[{"href":"https:\/\/www.em.com.br\/emfoco\/wp-json\/wp\/v2\/types\/post"}],"author":[{"embeddable":true,"href":"https:\/\/www.em.com.br\/emfoco\/wp-json\/wp\/v2\/users\/30"}],"replies":[{"embeddable":true,"href":"https:\/\/www.em.com.br\/emfoco\/wp-json\/wp\/v2\/comments?post=199019"}],"version-history":[{"count":4,"href":"https:\/\/www.em.com.br\/emfoco\/wp-json\/wp\/v2\/posts\/199019\/revisions"}],"predecessor-version":[{"id":199030,"href":"https:\/\/www.em.com.br\/emfoco\/wp-json\/wp\/v2\/posts\/199019\/revisions\/199030"}],"wp:featuredmedia":[{"embeddable":true,"href":"https:\/\/www.em.com.br\/emfoco\/wp-json\/wp\/v2\/media\/199329"}],"wp:attachment":[{"href":"https:\/\/www.em.com.br\/emfoco\/wp-json\/wp\/v2\/media?parent=199019"}],"wp:term":[{"taxonomy":"category","embeddable":true,"href":"https:\/\/www.em.com.br\/emfoco\/wp-json\/wp\/v2\/categories?post=199019"},{"taxonomy":"post_tag","embeddable":true,"href":"https:\/\/www.em.com.br\/emfoco\/wp-json\/wp\/v2\/tags?post=199019"}],"curies":[{"name":"wp","href":"https:\/\/api.w.org\/{rel}","templated":true}]}}