{"id":199012,"date":"2026-04-26T19:45:00","date_gmt":"2026-04-26T22:45:00","guid":{"rendered":"https:\/\/www.em.com.br\/emfoco\/?p=199012"},"modified":"2026-04-25T16:43:11","modified_gmt":"2026-04-25T19:43:11","slug":"o-animal-estranho-com-vela-nas-costas-que-nao-era-dinossauro-e-pode-ter-ligacao-com-a-nossa-propria-evolucao-humana","status":"publish","type":"post","link":"https:\/\/www.em.com.br\/emfoco\/2026\/04\/26\/o-animal-estranho-com-vela-nas-costas-que-nao-era-dinossauro-e-pode-ter-ligacao-com-a-nossa-propria-evolucao-humana\/","title":{"rendered":"O animal estranho com vela nas costas que n\u00e3o era dinossauro e pode ter liga\u00e7\u00e3o com a nossa pr\u00f3pria evolu\u00e7\u00e3o humana"},"content":{"rendered":"\n<p>Voc\u00ea est\u00e1 ajudando seu neto com a li\u00e7\u00e3o de casa sobre pr\u00e9-hist\u00f3ria e acaba trope\u00e7ando na imagem curiosa do <strong>Dimetrodon<\/strong> com sua imensa vela nas costas. J\u00e1 imaginou que esse r\u00e9ptil bizarro pode estar muito mais pr\u00f3ximo da sua pr\u00f3pria \u00e1rvore geneal\u00f3gica do que voc\u00ea jamais suspeitou?<\/p>\n\n\n\n<h2 class=\"wp-block-heading\">Por que o Dimetrodon n\u00e3o \u00e9 considerado um dinossauro<\/h2>\n\n\n\n<p>O <strong>Dimetrodon<\/strong> viveu muito antes do surgimento dos primeiros dinossauros famosos que costumamos ver em grandes filmes de cinema ou livros did\u00e1ticos. Ele pertence ao grupo seleto dos sinaps\u00eddeos, linhagem antiga que deu origem direta aos primeiros <strong>mam\u00edferos terrestres<\/strong> h\u00e1 milh\u00f5es de anos. Essa distin\u00e7\u00e3o cient\u00edfica fundamental muda completamente a forma como enxergamos a <strong>evolu\u00e7\u00e3o biol\u00f3gica<\/strong> dos nossos ancestrais mais remotos e resilientes.<\/p>\n\n\n\n<p>Enquanto os r\u00e9pteis tradicionais seguiram caminhos evolutivos distintos, essa criatura fascinante desenvolveu caracter\u00edsticas f\u00edsicas que facilitaram a <strong>regula\u00e7\u00e3o t\u00e9rmica<\/strong> do corpo. Seus cr\u00e2nios possu\u00edam aberturas espec\u00edficas atr\u00e1s das \u00f3rbitas oculares que os ligam diretamente aos <strong>seres humanos<\/strong> atuais de maneira surpreendente. Entender esse parentesco profundo nos ajuda a valorizar a <strong>complexidade da vida<\/strong> que j\u00e1 habitava a Terra muito antes da nossa exist\u00eancia.<\/p>\n\n\n<div class=\"wp-block-image\">\n<figure class=\"aligncenter size-large\"><img loading=\"lazy\" decoding=\"async\" width=\"1024\" height=\"576\" src=\"https:\/\/www.em.com.br\/emfoco\/wp-content\/uploads\/2026\/04\/Dimetrodon_1777082264937-1024x576.jpg\" alt=\"Dimetrodon\" class=\"wp-image-199013\" srcset=\"https:\/\/www.em.com.br\/emfoco\/wp-content\/uploads\/2026\/04\/Dimetrodon_1777082264937-1024x576.jpg 1024w, https:\/\/www.em.com.br\/emfoco\/wp-content\/uploads\/2026\/04\/Dimetrodon_1777082264937-300x169.jpg 300w, https:\/\/www.em.com.br\/emfoco\/wp-content\/uploads\/2026\/04\/Dimetrodon_1777082264937-768x432.jpg 768w, https:\/\/www.em.com.br\/emfoco\/wp-content\/uploads\/2026\/04\/Dimetrodon_1777082264937-750x422.jpg 750w, https:\/\/www.em.com.br\/emfoco\/wp-content\/uploads\/2026\/04\/Dimetrodon_1777082264937-1140x641.jpg 1140w, https:\/\/www.em.com.br\/emfoco\/wp-content\/uploads\/2026\/04\/Dimetrodon_1777082264937.jpg 1280w\" sizes=\"auto, (max-width: 1024px) 100vw, 1024px\" \/><figcaption class=\"wp-element-caption\">O Dimetrodon viveu muito antes do surgimento dos primeiros dinossauros famosos que costumamos ver em grandes filmes  &#8211; Cr\u00e9ditos: depositphotos.com \/ PHOTOLOGY1971<\/figcaption><\/figure><\/div>\n\n\n<p>Leia tamb\u00e9m: <a href=\"https:\/\/www.em.com.br\/emfoco\/2026\/04\/21\/as-tumbas-mais-misteriosas-ja-encontradas-no-egito-guardam-segredos-fascinantes\/\" target=\"_blank\" rel=\"noreferrer noopener\">As tumbas mais misteriosas j\u00e1 encontradas no Egito guardam segredos fascinantes<\/a><\/p>\n\n\n\n<h2 class=\"wp-block-heading\">Como a estrutura f\u00edsica do Dimetrodon revela nossa ancestralidade<\/h2>\n\n\n\n<p>Ao observar os dentes diferenciados presentes na mand\u00edbula do <strong>Dimetrodon<\/strong>, percebemos uma semelhan\u00e7a not\u00e1vel com a nossa pr\u00f3pria <strong>arcada dent\u00e1ria<\/strong> funcional. Ele foi um dos primeiros animais do planeta a apresentar dentes com <strong>fun\u00e7\u00f5es variadas<\/strong>, como incisivos e caninos para processar alimentos. Essa especializa\u00e7\u00e3o bucal avan\u00e7ada \u00e9 uma <strong>heran\u00e7a gen\u00e9tica<\/strong> clara que os mam\u00edferos modernos aprimoraram com o passar das longas eras geol\u00f3gicas.<\/p>\n\n\n\n<p>A famosa vela em seu dorso servia para captar o calor do sol e manter o <strong>metabolismo ativo<\/strong> durante as manh\u00e3s frias e \u00famidas. Essa necessidade vital de controle interno da temperatura \u00e9 um dos pilares biol\u00f3gicos que permitiram o <strong>sucesso evolutivo<\/strong> da nossa esp\u00e9cie em ambientes diversos. Abaixo listamos alguns tra\u00e7os f\u00edsicos espec\u00edficos que conectam esse animal aos <strong>mam\u00edferos atuais<\/strong> de forma definitiva e cient\u00edfica:<\/p>\n\n\n\n<ul class=\"wp-block-list\">\n<li>Presen\u00e7a de fossas temporais \u00fanicas no cr\u00e2nio para a fixa\u00e7\u00e3o de m\u00fasculos mastigat\u00f3rios potentes.<\/li>\n\n\n\n<li>Diferencia\u00e7\u00e3o evidente entre os tipos de dentes para facilitar a alimenta\u00e7\u00e3o diversificada e nutritiva.<\/li>\n\n\n\n<li>Postura das patas que j\u00e1 indicava uma transi\u00e7\u00e3o para movimentos mais eficientes e velozes na terra.<\/li>\n<\/ul>\n\n\n\n<figure class=\"wp-block-embed is-type-rich is-provider-pinterest wp-block-embed-pinterest\"><div class=\"wp-block-embed__wrapper\">\n<iframe loading=\"lazy\" title=\"Dimetrodon\" src=\"https:\/\/assets.pinterest.com\/ext\/embed.html?id=809451733011528635&#038;src=oembed\" height=\"714\" width=\"450\" frameborder=\"0\" scrolling=\"no\" ><\/iframe>\n<\/div><\/figure>\n\n\n\n<h2 class=\"wp-block-heading\">Onde o Dimetrodon se encaixa na hist\u00f3ria da humanidade<\/h2>\n\n\n\n<p>Localizar o <strong>Dimetrodon<\/strong> na linha do tempo da vida nos faz refletir sobre a <strong>resili\u00eancia biol\u00f3gica<\/strong> necess\u00e1ria para prosperar no planeta. Ele n\u00e3o \u00e9 um primo distante do famoso Tiranossauro Rex, mas sim um <strong>antepassado remoto<\/strong> que compartilha tra\u00e7os fundamentais com todos n\u00f3s. Essa conex\u00e3o profunda desperta um <strong>sentimento de pertencimento<\/strong> ao mundo natural que muitas vezes esquecemos na nossa agitada rotina urbana.<\/p>\n\n\n\n<p>A ci\u00eancia moderna utiliza f\u00f3sseis bem preservados para mapear como pequenas mudan\u00e7as f\u00edsicas garantiram a <strong>sobreviv\u00eancia da linhagem<\/strong> humana primordial. Cada nova descoberta em s\u00edtios arqueol\u00f3gicos distantes refor\u00e7a a <strong>nossa liga\u00e7\u00e3o<\/strong> com seres que caminharam pela Terra h\u00e1 quase trezentos milh\u00f5es de anos. Estudar esse passado remoto \u00e9 uma forma elegante de honrar a <strong>longa jornada<\/strong> que resultou na nossa exist\u00eancia consciente atual.<\/p>\n\n\n\n<p>Para voc\u00ea que quer aprofundar, separamos um v\u00eddeo do canal <a href=\"https:\/\/www.youtube.com\/@BioHistoriologo\" target=\"_blank\" rel=\"noreferrer noopener\">BioHistoriologia<\/a> com mais sobre esse animal:<\/p>\n\n\n\n<figure class=\"wp-block-embed is-type-video is-provider-youtube wp-block-embed-youtube wp-embed-aspect-16-9 wp-has-aspect-ratio\"><div class=\"wp-block-embed__wrapper\">\n<div class=\"jeg_video_container jeg_video_content\"><iframe loading=\"lazy\" title=\"O DIMETRODON n\u00e3o era um DINOSSAURO!!\" width=\"500\" height=\"281\" src=\"https:\/\/www.youtube.com\/embed\/fx3HMGcTDJc?feature=oembed\" frameborder=\"0\" allow=\"accelerometer; autoplay; clipboard-write; encrypted-media; gyroscope; picture-in-picture; web-share\" referrerpolicy=\"strict-origin-when-cross-origin\" allowfullscreen><\/iframe><\/div>\n<\/div><\/figure>\n\n\n\n<h2 class=\"wp-block-heading\">Curiosidades fascinantes sobre o comportamento desse animal<\/h2>\n\n\n\n<p>Essa criatura imponente dominava as plan\u00edcies pantanosas com uma autoridade que demonstra o poder de adapta\u00e7\u00e3o dos nossos <strong>ancestrais sinaps\u00eddeos<\/strong>. Ele n\u00e3o era apenas um ca\u00e7ador habilidoso, mas uma pe\u00e7a chave para a <strong>manuten\u00e7\u00e3o do equil\u00edbrio<\/strong> ecol\u00f3gico de sua pr\u00f3pria \u00e9poca. Sua vela colorida e exuberante provavelmente servia para <strong>atrair parceiros<\/strong> ou intimidar rivais em disputas territoriais por alimento e abrigo seguro.<\/p>\n\n\n\n<p>Diferente dos r\u00e9pteis de sangue frio que conhecemos hoje, essa criatura possu\u00eda um sistema de circula\u00e7\u00e3o que favorecia a <strong>agilidade mental<\/strong>. Esse desenvolvimento neurol\u00f3gico primitivo foi o ponto de partida inicial para a <strong>intelig\u00eancia superior<\/strong> que os mam\u00edferos desenvolveram muito tempo depois. Apreciar esses detalhes anat\u00f4micos nos faz olhar para a natureza com um <strong>respeito profundo<\/strong> e uma curiosidade sempre renovada e vibrante.<\/p>\n\n\n\n<h2 class=\"wp-block-heading\">Valorize sua conex\u00e3o com a hist\u00f3ria da Terra<\/h2>\n\n\n\n<p>Aprender sobre seres t\u00e3o antigos nos ensina a respeitar a <strong>origem da vida<\/strong> e nossa pr\u00f3pria trajet\u00f3ria evolutiva particular. Compartilhe essas descobertas com seus familiares para espalhar o <strong>conhecimento cient\u00edfico<\/strong> de forma leve, curiosa e interessante. Mantenha sempre vivo o <strong>desejo de aprender<\/strong> coisas novas sobre o universo fascinante que nos cerca diariamente.<\/p>\n\n\n\n<p>Olhar para o passado remoto nos ajuda a entender melhor o <strong>presente momento<\/strong> com muito mais sabedoria e clareza. Cultive a admira\u00e7\u00e3o pela <strong>natureza resiliente<\/strong> que permitiu sua exist\u00eancia em um mundo t\u00e3o vasto, complexo e belo. Sinta orgulho de fazer parte desta <strong>jornada magn\u00edfica<\/strong> iniciada pela vida h\u00e1 tantos milh\u00f5es de anos atr\u00e1s.<\/p>\n","protected":false},"excerpt":{"rendered":"<p>Voc\u00ea est\u00e1 ajudando seu neto com a li\u00e7\u00e3o de casa sobre pr\u00e9-hist\u00f3ria e acaba trope\u00e7ando na imagem curiosa do Dimetrodon com sua imensa vela nas costas. J\u00e1 imaginou que esse r\u00e9ptil bizarro pode estar muito mais pr\u00f3ximo da sua pr\u00f3pria \u00e1rvore geneal\u00f3gica do que voc\u00ea jamais suspeitou? Por que o Dimetrodon n\u00e3o \u00e9 considerado um [&hellip;]<\/p>\n","protected":false},"author":9,"featured_media":199341,"comment_status":"open","ping_status":"open","sticky":false,"template":"","format":"standard","meta":{"jnews-multi-image_gallery":[],"jnews_single_post":{"format":"standard"},"jnews_primary_category":[],"jnews_social_meta":[],"jnews_override_counter":[],"footnotes":""},"categories":[8691,29],"tags":[28728,9412,28246],"class_list":["post-199012","post","type-post","status-publish","format-standard","has-post-thumbnail","hentry","category-bem-estar","category-entretenimento","tag-ancestralidade","tag-evolucao-humana","tag-pre-historia"],"yoast_head":"<!-- This site is optimized with the Yoast SEO plugin v23.8 - https:\/\/yoast.com\/wordpress\/plugins\/seo\/ -->\n<title>O animal estranho com vela nas costas que n\u00e3o era dinossauro e pode ter liga\u00e7\u00e3o com a nossa pr\u00f3pria evolu\u00e7\u00e3o humana - Estado de Minas - Em foco<\/title>\n<meta name=\"description\" content=\"O Dimetrodon \u00e9 um ancestral dos mam\u00edferos e guarda segredos sobre a origem humana. Saiba como este r\u00e9ptil antigo se conecta com voc\u00ea.\" \/>\n<meta name=\"robots\" content=\"index, follow, max-snippet:-1, max-image-preview:large, max-video-preview:-1\" \/>\n<link rel=\"canonical\" href=\"https:\/\/www.em.com.br\/emfoco\/2026\/04\/26\/o-animal-estranho-com-vela-nas-costas-que-nao-era-dinossauro-e-pode-ter-ligacao-com-a-nossa-propria-evolucao-humana\/\" \/>\n<meta property=\"og:locale\" content=\"pt_BR\" \/>\n<meta property=\"og:type\" content=\"article\" \/>\n<meta property=\"og:title\" content=\"O animal estranho com vela nas costas que n\u00e3o era dinossauro e pode ter liga\u00e7\u00e3o com a nossa pr\u00f3pria evolu\u00e7\u00e3o humana - Estado de Minas - Em foco\" \/>\n<meta property=\"og:description\" content=\"O Dimetrodon \u00e9 um ancestral dos mam\u00edferos e guarda segredos sobre a origem humana. Saiba como este r\u00e9ptil antigo se conecta com voc\u00ea.\" \/>\n<meta property=\"og:url\" content=\"https:\/\/www.em.com.br\/emfoco\/2026\/04\/26\/o-animal-estranho-com-vela-nas-costas-que-nao-era-dinossauro-e-pode-ter-ligacao-com-a-nossa-propria-evolucao-humana\/\" \/>\n<meta property=\"og:site_name\" content=\"Estado de Minas - Em foco\" \/>\n<meta property=\"article:published_time\" content=\"2026-04-26T22:45:00+00:00\" \/>\n<meta property=\"article:modified_time\" content=\"2026-04-25T19:43:11+00:00\" \/>\n<meta property=\"og:image\" content=\"https:\/\/www.em.com.br\/emfoco\/wp-content\/uploads\/2026\/04\/EmFoco_56-6.jpg\" \/>\n\t<meta property=\"og:image:width\" content=\"1280\" \/>\n\t<meta property=\"og:image:height\" content=\"720\" \/>\n\t<meta property=\"og:image:type\" content=\"image\/jpeg\" \/>\n<meta name=\"author\" content=\"Daniely Cardoso\" \/>\n<meta name=\"twitter:card\" content=\"summary_large_image\" \/>\n<meta name=\"twitter:label1\" content=\"Escrito por\" \/>\n\t<meta name=\"twitter:data1\" content=\"Daniely Cardoso\" \/>\n\t<meta name=\"twitter:label2\" content=\"Est. tempo de leitura\" \/>\n\t<meta name=\"twitter:data2\" content=\"5 minutos\" \/>\n<!-- \/ Yoast SEO plugin. -->","yoast_head_json":{"title":"O animal estranho com vela nas costas que n\u00e3o era dinossauro e pode ter liga\u00e7\u00e3o com a nossa pr\u00f3pria evolu\u00e7\u00e3o humana - Estado de Minas - Em foco","description":"O Dimetrodon \u00e9 um ancestral dos mam\u00edferos e guarda segredos sobre a origem humana. Saiba como este r\u00e9ptil antigo se conecta com voc\u00ea.","robots":{"index":"index","follow":"follow","max-snippet":"max-snippet:-1","max-image-preview":"max-image-preview:large","max-video-preview":"max-video-preview:-1"},"canonical":"https:\/\/www.em.com.br\/emfoco\/2026\/04\/26\/o-animal-estranho-com-vela-nas-costas-que-nao-era-dinossauro-e-pode-ter-ligacao-com-a-nossa-propria-evolucao-humana\/","og_locale":"pt_BR","og_type":"article","og_title":"O animal estranho com vela nas costas que n\u00e3o era dinossauro e pode ter liga\u00e7\u00e3o com a nossa pr\u00f3pria evolu\u00e7\u00e3o humana - Estado de Minas - Em foco","og_description":"O Dimetrodon \u00e9 um ancestral dos mam\u00edferos e guarda segredos sobre a origem humana. Saiba como este r\u00e9ptil antigo se conecta com voc\u00ea.","og_url":"https:\/\/www.em.com.br\/emfoco\/2026\/04\/26\/o-animal-estranho-com-vela-nas-costas-que-nao-era-dinossauro-e-pode-ter-ligacao-com-a-nossa-propria-evolucao-humana\/","og_site_name":"Estado de Minas - Em foco","article_published_time":"2026-04-26T22:45:00+00:00","article_modified_time":"2026-04-25T19:43:11+00:00","og_image":[{"width":1280,"height":720,"url":"https:\/\/www.em.com.br\/emfoco\/wp-content\/uploads\/2026\/04\/EmFoco_56-6.jpg","type":"image\/jpeg"}],"author":"Daniely Cardoso","twitter_card":"summary_large_image","twitter_misc":{"Escrito por":"Daniely Cardoso","Est. tempo de leitura":"5 minutos"},"schema":{"@context":"https:\/\/schema.org","@graph":[{"@type":"WebPage","@id":"https:\/\/www.em.com.br\/emfoco\/2026\/04\/26\/o-animal-estranho-com-vela-nas-costas-que-nao-era-dinossauro-e-pode-ter-ligacao-com-a-nossa-propria-evolucao-humana\/","url":"https:\/\/www.em.com.br\/emfoco\/2026\/04\/26\/o-animal-estranho-com-vela-nas-costas-que-nao-era-dinossauro-e-pode-ter-ligacao-com-a-nossa-propria-evolucao-humana\/","name":"O animal estranho com vela nas costas que n\u00e3o era dinossauro e pode ter liga\u00e7\u00e3o com a nossa pr\u00f3pria evolu\u00e7\u00e3o humana - Estado de Minas - Em foco","isPartOf":{"@id":"https:\/\/www.em.com.br\/emfoco\/#website"},"primaryImageOfPage":{"@id":"https:\/\/www.em.com.br\/emfoco\/2026\/04\/26\/o-animal-estranho-com-vela-nas-costas-que-nao-era-dinossauro-e-pode-ter-ligacao-com-a-nossa-propria-evolucao-humana\/#primaryimage"},"image":{"@id":"https:\/\/www.em.com.br\/emfoco\/2026\/04\/26\/o-animal-estranho-com-vela-nas-costas-que-nao-era-dinossauro-e-pode-ter-ligacao-com-a-nossa-propria-evolucao-humana\/#primaryimage"},"thumbnailUrl":"https:\/\/www.em.com.br\/emfoco\/wp-content\/uploads\/2026\/04\/EmFoco_56-6.jpg","datePublished":"2026-04-26T22:45:00+00:00","dateModified":"2026-04-25T19:43:11+00:00","author":{"@id":"https:\/\/www.em.com.br\/emfoco\/#\/schema\/person\/0a8186d72f2c3a5c6276d90b41f271a0"},"description":"O Dimetrodon \u00e9 um ancestral dos mam\u00edferos e guarda segredos sobre a origem humana. Saiba como este r\u00e9ptil antigo se conecta com voc\u00ea.","breadcrumb":{"@id":"https:\/\/www.em.com.br\/emfoco\/2026\/04\/26\/o-animal-estranho-com-vela-nas-costas-que-nao-era-dinossauro-e-pode-ter-ligacao-com-a-nossa-propria-evolucao-humana\/#breadcrumb"},"inLanguage":"pt-BR","potentialAction":[{"@type":"ReadAction","target":["https:\/\/www.em.com.br\/emfoco\/2026\/04\/26\/o-animal-estranho-com-vela-nas-costas-que-nao-era-dinossauro-e-pode-ter-ligacao-com-a-nossa-propria-evolucao-humana\/"]}]},{"@type":"ImageObject","inLanguage":"pt-BR","@id":"https:\/\/www.em.com.br\/emfoco\/2026\/04\/26\/o-animal-estranho-com-vela-nas-costas-que-nao-era-dinossauro-e-pode-ter-ligacao-com-a-nossa-propria-evolucao-humana\/#primaryimage","url":"https:\/\/www.em.com.br\/emfoco\/wp-content\/uploads\/2026\/04\/EmFoco_56-6.jpg","contentUrl":"https:\/\/www.em.com.br\/emfoco\/wp-content\/uploads\/2026\/04\/EmFoco_56-6.jpg","width":1280,"height":720,"caption":"Parentesco evolutivo entre humanos e o sinaps\u00eddeo Dimetrodon atrav\u00e9s de tra\u00e7os anat\u00f4micos"},{"@type":"BreadcrumbList","@id":"https:\/\/www.em.com.br\/emfoco\/2026\/04\/26\/o-animal-estranho-com-vela-nas-costas-que-nao-era-dinossauro-e-pode-ter-ligacao-com-a-nossa-propria-evolucao-humana\/#breadcrumb","itemListElement":[{"@type":"ListItem","position":1,"name":"In\u00edcio","item":"https:\/\/www.em.com.br\/emfoco\/"},{"@type":"ListItem","position":2,"name":"O animal estranho com vela nas costas que n\u00e3o era dinossauro e pode ter liga\u00e7\u00e3o com a nossa pr\u00f3pria evolu\u00e7\u00e3o humana"}]},{"@type":"WebSite","@id":"https:\/\/www.em.com.br\/emfoco\/#website","url":"https:\/\/www.em.com.br\/emfoco\/","name":"Estado de Minas - Em foco","description":"Acompanhe as \u00faltimas not\u00edcias e fique bem informado sobre tudo o que acontece em Minas Gerais, Brasil e no mundo.","potentialAction":[{"@type":"SearchAction","target":{"@type":"EntryPoint","urlTemplate":"https:\/\/www.em.com.br\/emfoco\/?s={search_term_string}"},"query-input":{"@type":"PropertyValueSpecification","valueRequired":true,"valueName":"search_term_string"}}],"inLanguage":"pt-BR"},{"@type":"Person","@id":"https:\/\/www.em.com.br\/emfoco\/#\/schema\/person\/0a8186d72f2c3a5c6276d90b41f271a0","name":"Daniely Cardoso","image":{"@type":"ImageObject","inLanguage":"pt-BR","@id":"https:\/\/www.em.com.br\/emfoco\/#\/schema\/person\/image\/","url":"https:\/\/secure.gravatar.com\/avatar\/4b80ddbd124d1f071b626d52d62e5dff?s=96&d=mm&r=g","contentUrl":"https:\/\/secure.gravatar.com\/avatar\/4b80ddbd124d1f071b626d52d62e5dff?s=96&d=mm&r=g","caption":"Daniely Cardoso"},"url":"https:\/\/www.em.com.br\/emfoco\/author\/danielymyth\/"}]}},"_links":{"self":[{"href":"https:\/\/www.em.com.br\/emfoco\/wp-json\/wp\/v2\/posts\/199012","targetHints":{"allow":["GET"]}}],"collection":[{"href":"https:\/\/www.em.com.br\/emfoco\/wp-json\/wp\/v2\/posts"}],"about":[{"href":"https:\/\/www.em.com.br\/emfoco\/wp-json\/wp\/v2\/types\/post"}],"author":[{"embeddable":true,"href":"https:\/\/www.em.com.br\/emfoco\/wp-json\/wp\/v2\/users\/9"}],"replies":[{"embeddable":true,"href":"https:\/\/www.em.com.br\/emfoco\/wp-json\/wp\/v2\/comments?post=199012"}],"version-history":[{"count":2,"href":"https:\/\/www.em.com.br\/emfoco\/wp-json\/wp\/v2\/posts\/199012\/revisions"}],"predecessor-version":[{"id":199451,"href":"https:\/\/www.em.com.br\/emfoco\/wp-json\/wp\/v2\/posts\/199012\/revisions\/199451"}],"wp:featuredmedia":[{"embeddable":true,"href":"https:\/\/www.em.com.br\/emfoco\/wp-json\/wp\/v2\/media\/199341"}],"wp:attachment":[{"href":"https:\/\/www.em.com.br\/emfoco\/wp-json\/wp\/v2\/media?parent=199012"}],"wp:term":[{"taxonomy":"category","embeddable":true,"href":"https:\/\/www.em.com.br\/emfoco\/wp-json\/wp\/v2\/categories?post=199012"},{"taxonomy":"post_tag","embeddable":true,"href":"https:\/\/www.em.com.br\/emfoco\/wp-json\/wp\/v2\/tags?post=199012"}],"curies":[{"name":"wp","href":"https:\/\/api.w.org\/{rel}","templated":true}]}}