{"id":199006,"date":"2026-04-26T17:35:00","date_gmt":"2026-04-26T20:35:00","guid":{"rendered":"https:\/\/www.em.com.br\/emfoco\/?p=199006"},"modified":"2026-04-25T14:36:30","modified_gmt":"2026-04-25T17:36:30","slug":"estas-4-plantas-sao-ideais-para-a-horta-sem-terra-e-garantem-temperos-em-poucos-dias","status":"publish","type":"post","link":"https:\/\/www.em.com.br\/emfoco\/2026\/04\/26\/estas-4-plantas-sao-ideais-para-a-horta-sem-terra-e-garantem-temperos-em-poucos-dias\/","title":{"rendered":"Estas 4 plantas s\u00e3o ideais para a horta sem terra e garantem temperos em poucos dias"},"content":{"rendered":"\n<p>Voc\u00ea est\u00e1 na cozinha preparando o jantar e sonha em colher temperos frescos mesmo morando em um apartamento pequeno usando uma <strong>horta sem terra<\/strong>. Ser\u00e1 que \u00e9 poss\u00edvel cultivar vegetais lindos e crocantes apenas com \u00e1gua e nutrientes selecionados de forma simples?<\/p>\n\n\n\n<h2 class=\"wp-block-heading\">Por que a horta sem terra \u00e9 a solu\u00e7\u00e3o para espa\u00e7os pequenos<\/h2>\n\n\n\n<p>Cultivar alimentos em casa traz uma satisfa\u00e7\u00e3o enorme e garante refei\u00e7\u00f5es muito mais saud\u00e1veis para toda a sua fam\u00edlia. A <strong>horta sem terra<\/strong> permite que voc\u00ea tenha plantas vibrantes em qualquer cantinho ensolarado da lavanderia ou varanda. Esse m\u00e9todo moderno economiza muito espa\u00e7o f\u00edsico e evita aquela sujeira t\u00edpica dos vasos com terra comum espalhada pelo ch\u00e3o.<\/p>\n\n\n\n<p>O sistema hidrop\u00f4nico funciona atrav\u00e9s de uma solu\u00e7\u00e3o nutritiva que alimenta as ra\u00edzes diretamente com precis\u00e3o e efici\u00eancia. Voc\u00ea ganha muito mais <strong>praticidade no cotidiano<\/strong> e reduz o tempo gasto com a manuten\u00e7\u00e3o pesada do jardim convencional. Muitas mulheres preferem essa t\u00e9cnica por ser extremamente <strong>limpa e organizada<\/strong> no ambiente dom\u00e9stico e muito charmosa.<\/p>\n\n\n<div class=\"wp-block-image\">\n<figure class=\"aligncenter size-large\"><img loading=\"lazy\" decoding=\"async\" width=\"1024\" height=\"576\" src=\"https:\/\/www.em.com.br\/emfoco\/wp-content\/uploads\/2026\/04\/hidroponica_1777081995548-1024x576.jpg\" alt=\"horta sem terra\" class=\"wp-image-199008\" srcset=\"https:\/\/www.em.com.br\/emfoco\/wp-content\/uploads\/2026\/04\/hidroponica_1777081995548-1024x576.jpg 1024w, https:\/\/www.em.com.br\/emfoco\/wp-content\/uploads\/2026\/04\/hidroponica_1777081995548-300x169.jpg 300w, https:\/\/www.em.com.br\/emfoco\/wp-content\/uploads\/2026\/04\/hidroponica_1777081995548-768x432.jpg 768w, https:\/\/www.em.com.br\/emfoco\/wp-content\/uploads\/2026\/04\/hidroponica_1777081995548-750x422.jpg 750w, https:\/\/www.em.com.br\/emfoco\/wp-content\/uploads\/2026\/04\/hidroponica_1777081995548-1140x641.jpg 1140w, https:\/\/www.em.com.br\/emfoco\/wp-content\/uploads\/2026\/04\/hidroponica_1777081995548.jpg 1280w\" sizes=\"auto, (max-width: 1024px) 100vw, 1024px\" \/><figcaption class=\"wp-element-caption\">O sistema hidrop\u00f4nico funciona atrav\u00e9s de uma solu\u00e7\u00e3o nutritiva que alimenta as ra\u00edzes diretamente com precis\u00e3o e efici\u00eancia &#8211; Cr\u00e9ditos: depositphotos.com \/ koko-tewan<\/figcaption><\/figure><\/div>\n\n\n<p>Leia tamb\u00e9m: <a href=\"https:\/\/www.em.com.br\/emfoco\/2026\/04\/11\/aprenda-a-como-plantar-cravo-da-india-e-cultivar-flores-aromaticas-em-casa\/\" target=\"_blank\" rel=\"noreferrer noopener\">Aprenda a como plantar cravo-da-\u00edndia e cultivar flores arom\u00e1ticas em casa<\/a><\/p>\n\n\n\n<h2 class=\"wp-block-heading\">Como montar sua horta sem terra de maneira pr\u00e1tica<\/h2>\n\n\n\n<p>Para iniciar seu projeto, voc\u00ea precisar\u00e1 de recipientes que suportem \u00e1gua e uma pequena bomba para oxigenar o sistema. A <strong>horta sem terra<\/strong> exige que as ra\u00edzes recebam oxig\u00eanio e minerais de forma equilibrada para crescerem com vigor. Escolha um local que receba <strong>luz natural abundante<\/strong> durante a maior parte do dia produtivo para garantir o sucesso total do plantio.<\/p>\n\n\n\n<p>A montagem pode ser feita com tubos de PVC ou potes de vidro reaproveitados que trazem um ar moderno para a decora\u00e7\u00e3o. Verifique sempre a qualidade da \u00e1gua utilizada e mantenha os n\u00edveis de nutrientes ajustados conforme a necessidade de cada esp\u00e9cie. As op\u00e7\u00f5es a seguir s\u00e3o perfeitas para quem deseja <strong>colher resultados r\u00e1pidos<\/strong> e ter uma experi\u00eancia de sucesso imediata no jardim:<\/p>\n\n\n\n<ul class=\"wp-block-list\">\n<li>Alface por crescer r\u00e1pido e ser muito resistente ao sistema de circula\u00e7\u00e3o de \u00e1gua.<\/li>\n\n\n\n<li>Manjeric\u00e3o para perfumar a casa e temperar molhos com frescor absoluto e saboroso.<\/li>\n\n\n\n<li>R\u00facula que apresenta um sabor picante e folhas muito verdes e saud\u00e1veis para saladas.<\/li>\n\n\n\n<li>Hortel\u00e3 por ser uma erva vers\u00e1til que adora ambientes com bastante umidade constante.<\/li>\n<\/ul>\n\n\n\n<figure class=\"wp-block-embed is-type-rich is-provider-pinterest wp-block-embed-pinterest\"><div class=\"wp-block-embed__wrapper\">\n<iframe loading=\"lazy\" title=\"Plantas cultivadas en hidropon\u00eda\" src=\"https:\/\/assets.pinterest.com\/ext\/embed.html?id=922463936162305058&#038;src=oembed\" height=\"899\" width=\"450\" frameborder=\"0\" scrolling=\"no\" ><\/iframe>\n<\/div><\/figure>\n\n\n\n<h2 class=\"wp-block-heading\">Manuten\u00e7\u00e3o e cuidados para ter sucesso na horta sem terra<\/h2>\n\n\n\n<p>O segredo para colher frutos bonitos est\u00e1 na observa\u00e7\u00e3o constante da cor das folhas e na limpeza dos reservat\u00f3rios. Troque a solu\u00e7\u00e3o nutritiva a cada duas semanas para evitar o ac\u00famulo de res\u00edduos que podem prejudicar o crescimento. Manter o <strong>pH da \u00e1gua<\/strong> equilibrado garante que os vegetais absorvam tudo o que precisam para prosperar com <strong>m\u00e1xima vitalidade<\/strong>.<\/p>\n\n\n\n<p>A ventila\u00e7\u00e3o adequada do ambiente impede o surgimento de pragas oportunistas que gostam de locais muito abafados ou \u00famidos. Utilize telas finas se necess\u00e1rio para proteger suas plantinhas sem interferir na passagem da luz solar necess\u00e1ria ao processo. Esse cuidado preventivo assegura uma <strong>produ\u00e7\u00e3o farta<\/strong> e livre de agrot\u00f3xicos para o seu consumo di\u00e1rio e de seus <strong>convidados queridos<\/strong>.<\/p>\n\n\n\n<p>Para voc\u00ea que gosta de aprofundar, separamos um v\u00eddeo do canal <a href=\"https:\/\/www.youtube.com\/@ViverdeHidroponia\" target=\"_blank\" rel=\"noreferrer noopener\">Viver de Hidroponia <\/a>com dicas para plantar hidrop\u00f4nica:<\/p>\n\n\n\n<figure class=\"wp-block-embed is-type-video is-provider-youtube wp-block-embed-youtube wp-embed-aspect-16-9 wp-has-aspect-ratio\"><div class=\"wp-block-embed__wrapper\">\n<div class=\"jeg_video_container jeg_video_content\"><iframe loading=\"lazy\" title=\"COMO COME\u00c7AR UMA HIDROPONIA (SOZINHO)? - Os materiais necess\u00e1rios e quais eu uso na minha estufa!\" width=\"500\" height=\"281\" src=\"https:\/\/www.youtube.com\/embed\/fRQ6PEAAbDM?feature=oembed\" frameborder=\"0\" allow=\"accelerometer; autoplay; clipboard-write; encrypted-media; gyroscope; picture-in-picture; web-share\" referrerpolicy=\"strict-origin-when-cross-origin\" allowfullscreen><\/iframe><\/div>\n<\/div><\/figure>\n\n\n\n<h2 class=\"wp-block-heading\">Os benef\u00edcios de cultivar alimentos com hidroponia<\/h2>\n\n\n\n<p>Adotar o cultivo hidrop\u00f4nico transforma sua rela\u00e7\u00e3o com a comida e traz uma terapia relaxante para o final do dia cansativo. Voc\u00ea percebe que as plantas crescem muito mais r\u00e1pido do que no cultivo tradicional em canteiros de terra. Essa agilidade permite ter <strong>colheitas frequentes<\/strong> e sempre frescas para preparar saladas maravilhosas e sucos nutritivos para sua <strong>dieta equilibrada<\/strong>.<\/p>\n\n\n\n<p>Al\u00e9m da economia de \u00e1gua significativa, voc\u00ea contribui para um estilo de vida sustent\u00e1vel e consciente dentro de casa. Sentir o aroma das ervas frescas enquanto cozinha eleva o <strong>prazer gastron\u00f4mico<\/strong> e melhora o humor de todos ao redor da mesa. \u00c9 um investimento pequeno que traz <strong>retornos incr\u00edveis<\/strong> para a sa\u00fade f\u00edsica e mental da mulher moderna e decidida.<\/p>\n\n\n\n<h2 class=\"wp-block-heading\">Comece seu cultivo dom\u00e9stico hoje mesmo<\/h2>\n\n\n\n<p>Pequenas atitudes na cozinha geram grandes transforma\u00e7\u00f5es na sua qualidade de vida e na sa\u00fade da sua fam\u00edlia. Invista alguns minutos do seu tempo para organizar sua nova rotina de plantio com muito entusiasmo. Voc\u00ea vai adorar a sensa\u00e7\u00e3o de <strong>autossufici\u00eancia alimentar<\/strong> ao colher seus pr\u00f3prios ingredientes frescos e <strong>livres de veneno<\/strong>.<\/p>\n\n\n\n<p>Experimente diferentes combina\u00e7\u00f5es de ervas e hortali\u00e7as para perceber quais se adaptam melhor ao seu estilo e paladar. Compartilhe seus conhecimentos com as amigas e inspire outras pessoas a viverem de forma mais natural. Aproveite cada etapa desse processo de <strong>conex\u00e3o com a natureza<\/strong> no conforto do seu lar com <strong>muita alegria<\/strong>.<\/p>\n","protected":false},"excerpt":{"rendered":"<p>Voc\u00ea est\u00e1 na cozinha preparando o jantar e sonha em colher temperos frescos mesmo morando em um apartamento pequeno usando uma horta sem terra. Ser\u00e1 que \u00e9 poss\u00edvel cultivar vegetais lindos e crocantes apenas com \u00e1gua e nutrientes selecionados de forma simples? Por que a horta sem terra \u00e9 a solu\u00e7\u00e3o para espa\u00e7os pequenos Cultivar [&hellip;]<\/p>\n","protected":false},"author":9,"featured_media":199342,"comment_status":"open","ping_status":"open","sticky":false,"template":"","format":"standard","meta":{"jnews-multi-image_gallery":[],"jnews_single_post":{"format":"standard"},"jnews_primary_category":[],"jnews_social_meta":[],"jnews_override_counter":[],"footnotes":""},"categories":[8691,29],"tags":[9476,8057,8102],"class_list":["post-199006","post","type-post","status-publish","format-standard","has-post-thumbnail","hentry","category-bem-estar","category-entretenimento","tag-cultivo-sustentavel","tag-hidroponia-caseira","tag-horta-em-apartamento"],"yoast_head":"<!-- This site is optimized with the Yoast SEO plugin v23.8 - https:\/\/yoast.com\/wordpress\/plugins\/seo\/ -->\n<title>Estas 4 plantas s\u00e3o ideais para a horta sem terra e garantem temperos em poucos dias - Estado de Minas - Em foco<\/title>\n<meta name=\"description\" content=\"Aprenda a montar sua horta sem terra em casa com dicas pr\u00e1ticas e conhe\u00e7a as melhores plantas. Cultive alimentos frescos com hidroponia\" \/>\n<meta name=\"robots\" content=\"index, follow, max-snippet:-1, max-image-preview:large, max-video-preview:-1\" \/>\n<link rel=\"canonical\" href=\"https:\/\/www.em.com.br\/emfoco\/2026\/04\/26\/estas-4-plantas-sao-ideais-para-a-horta-sem-terra-e-garantem-temperos-em-poucos-dias\/\" \/>\n<meta property=\"og:locale\" content=\"pt_BR\" \/>\n<meta property=\"og:type\" content=\"article\" \/>\n<meta property=\"og:title\" content=\"Estas 4 plantas s\u00e3o ideais para a horta sem terra e garantem temperos em poucos dias - Estado de Minas - Em foco\" \/>\n<meta property=\"og:description\" content=\"Aprenda a montar sua horta sem terra em casa com dicas pr\u00e1ticas e conhe\u00e7a as melhores plantas. Cultive alimentos frescos com hidroponia\" \/>\n<meta property=\"og:url\" content=\"https:\/\/www.em.com.br\/emfoco\/2026\/04\/26\/estas-4-plantas-sao-ideais-para-a-horta-sem-terra-e-garantem-temperos-em-poucos-dias\/\" \/>\n<meta property=\"og:site_name\" content=\"Estado de Minas - Em foco\" \/>\n<meta property=\"article:published_time\" content=\"2026-04-26T20:35:00+00:00\" \/>\n<meta property=\"article:modified_time\" content=\"2026-04-25T17:36:30+00:00\" \/>\n<meta property=\"og:image\" content=\"https:\/\/www.em.com.br\/emfoco\/wp-content\/uploads\/2026\/04\/EmFoco_55-5.jpg\" \/>\n\t<meta property=\"og:image:width\" content=\"1280\" \/>\n\t<meta property=\"og:image:height\" content=\"720\" \/>\n\t<meta property=\"og:image:type\" content=\"image\/jpeg\" \/>\n<meta name=\"author\" content=\"Daniely Cardoso\" \/>\n<meta name=\"twitter:card\" content=\"summary_large_image\" \/>\n<meta name=\"twitter:label1\" content=\"Escrito por\" \/>\n\t<meta name=\"twitter:data1\" content=\"Daniely Cardoso\" \/>\n\t<meta name=\"twitter:label2\" content=\"Est. tempo de leitura\" \/>\n\t<meta name=\"twitter:data2\" content=\"5 minutos\" \/>\n<!-- \/ Yoast SEO plugin. -->","yoast_head_json":{"title":"Estas 4 plantas s\u00e3o ideais para a horta sem terra e garantem temperos em poucos dias - Estado de Minas - Em foco","description":"Aprenda a montar sua horta sem terra em casa com dicas pr\u00e1ticas e conhe\u00e7a as melhores plantas. Cultive alimentos frescos com hidroponia","robots":{"index":"index","follow":"follow","max-snippet":"max-snippet:-1","max-image-preview":"max-image-preview:large","max-video-preview":"max-video-preview:-1"},"canonical":"https:\/\/www.em.com.br\/emfoco\/2026\/04\/26\/estas-4-plantas-sao-ideais-para-a-horta-sem-terra-e-garantem-temperos-em-poucos-dias\/","og_locale":"pt_BR","og_type":"article","og_title":"Estas 4 plantas s\u00e3o ideais para a horta sem terra e garantem temperos em poucos dias - Estado de Minas - Em foco","og_description":"Aprenda a montar sua horta sem terra em casa com dicas pr\u00e1ticas e conhe\u00e7a as melhores plantas. Cultive alimentos frescos com hidroponia","og_url":"https:\/\/www.em.com.br\/emfoco\/2026\/04\/26\/estas-4-plantas-sao-ideais-para-a-horta-sem-terra-e-garantem-temperos-em-poucos-dias\/","og_site_name":"Estado de Minas - Em foco","article_published_time":"2026-04-26T20:35:00+00:00","article_modified_time":"2026-04-25T17:36:30+00:00","og_image":[{"width":1280,"height":720,"url":"https:\/\/www.em.com.br\/emfoco\/wp-content\/uploads\/2026\/04\/EmFoco_55-5.jpg","type":"image\/jpeg"}],"author":"Daniely Cardoso","twitter_card":"summary_large_image","twitter_misc":{"Escrito por":"Daniely Cardoso","Est. tempo de leitura":"5 minutos"},"schema":{"@context":"https:\/\/schema.org","@graph":[{"@type":"WebPage","@id":"https:\/\/www.em.com.br\/emfoco\/2026\/04\/26\/estas-4-plantas-sao-ideais-para-a-horta-sem-terra-e-garantem-temperos-em-poucos-dias\/","url":"https:\/\/www.em.com.br\/emfoco\/2026\/04\/26\/estas-4-plantas-sao-ideais-para-a-horta-sem-terra-e-garantem-temperos-em-poucos-dias\/","name":"Estas 4 plantas s\u00e3o ideais para a horta sem terra e garantem temperos em poucos dias - Estado de Minas - Em foco","isPartOf":{"@id":"https:\/\/www.em.com.br\/emfoco\/#website"},"primaryImageOfPage":{"@id":"https:\/\/www.em.com.br\/emfoco\/2026\/04\/26\/estas-4-plantas-sao-ideais-para-a-horta-sem-terra-e-garantem-temperos-em-poucos-dias\/#primaryimage"},"image":{"@id":"https:\/\/www.em.com.br\/emfoco\/2026\/04\/26\/estas-4-plantas-sao-ideais-para-a-horta-sem-terra-e-garantem-temperos-em-poucos-dias\/#primaryimage"},"thumbnailUrl":"https:\/\/www.em.com.br\/emfoco\/wp-content\/uploads\/2026\/04\/EmFoco_55-5.jpg","datePublished":"2026-04-26T20:35:00+00:00","dateModified":"2026-04-25T17:36:30+00:00","author":{"@id":"https:\/\/www.em.com.br\/emfoco\/#\/schema\/person\/0a8186d72f2c3a5c6276d90b41f271a0"},"description":"Aprenda a montar sua horta sem terra em casa com dicas pr\u00e1ticas e conhe\u00e7a as melhores plantas. Cultive alimentos frescos com hidroponia","breadcrumb":{"@id":"https:\/\/www.em.com.br\/emfoco\/2026\/04\/26\/estas-4-plantas-sao-ideais-para-a-horta-sem-terra-e-garantem-temperos-em-poucos-dias\/#breadcrumb"},"inLanguage":"pt-BR","potentialAction":[{"@type":"ReadAction","target":["https:\/\/www.em.com.br\/emfoco\/2026\/04\/26\/estas-4-plantas-sao-ideais-para-a-horta-sem-terra-e-garantem-temperos-em-poucos-dias\/"]}]},{"@type":"ImageObject","inLanguage":"pt-BR","@id":"https:\/\/www.em.com.br\/emfoco\/2026\/04\/26\/estas-4-plantas-sao-ideais-para-a-horta-sem-terra-e-garantem-temperos-em-poucos-dias\/#primaryimage","url":"https:\/\/www.em.com.br\/emfoco\/wp-content\/uploads\/2026\/04\/EmFoco_55-5.jpg","contentUrl":"https:\/\/www.em.com.br\/emfoco\/wp-content\/uploads\/2026\/04\/EmFoco_55-5.jpg","width":1280,"height":720,"caption":"Sistema hidrop\u00f4nico dom\u00e9stico para cultivar vegetais frescos em espa\u00e7os reduzidos sem terra"},{"@type":"BreadcrumbList","@id":"https:\/\/www.em.com.br\/emfoco\/2026\/04\/26\/estas-4-plantas-sao-ideais-para-a-horta-sem-terra-e-garantem-temperos-em-poucos-dias\/#breadcrumb","itemListElement":[{"@type":"ListItem","position":1,"name":"In\u00edcio","item":"https:\/\/www.em.com.br\/emfoco\/"},{"@type":"ListItem","position":2,"name":"Estas 4 plantas s\u00e3o ideais para a horta sem terra e garantem temperos em poucos dias"}]},{"@type":"WebSite","@id":"https:\/\/www.em.com.br\/emfoco\/#website","url":"https:\/\/www.em.com.br\/emfoco\/","name":"Estado de Minas - Em foco","description":"Acompanhe as \u00faltimas not\u00edcias e fique bem informado sobre tudo o que acontece em Minas Gerais, Brasil e no mundo.","potentialAction":[{"@type":"SearchAction","target":{"@type":"EntryPoint","urlTemplate":"https:\/\/www.em.com.br\/emfoco\/?s={search_term_string}"},"query-input":{"@type":"PropertyValueSpecification","valueRequired":true,"valueName":"search_term_string"}}],"inLanguage":"pt-BR"},{"@type":"Person","@id":"https:\/\/www.em.com.br\/emfoco\/#\/schema\/person\/0a8186d72f2c3a5c6276d90b41f271a0","name":"Daniely Cardoso","image":{"@type":"ImageObject","inLanguage":"pt-BR","@id":"https:\/\/www.em.com.br\/emfoco\/#\/schema\/person\/image\/","url":"https:\/\/secure.gravatar.com\/avatar\/4b80ddbd124d1f071b626d52d62e5dff?s=96&d=mm&r=g","contentUrl":"https:\/\/secure.gravatar.com\/avatar\/4b80ddbd124d1f071b626d52d62e5dff?s=96&d=mm&r=g","caption":"Daniely Cardoso"},"url":"https:\/\/www.em.com.br\/emfoco\/author\/danielymyth\/"}]}},"_links":{"self":[{"href":"https:\/\/www.em.com.br\/emfoco\/wp-json\/wp\/v2\/posts\/199006","targetHints":{"allow":["GET"]}}],"collection":[{"href":"https:\/\/www.em.com.br\/emfoco\/wp-json\/wp\/v2\/posts"}],"about":[{"href":"https:\/\/www.em.com.br\/emfoco\/wp-json\/wp\/v2\/types\/post"}],"author":[{"embeddable":true,"href":"https:\/\/www.em.com.br\/emfoco\/wp-json\/wp\/v2\/users\/9"}],"replies":[{"embeddable":true,"href":"https:\/\/www.em.com.br\/emfoco\/wp-json\/wp\/v2\/comments?post=199006"}],"version-history":[{"count":1,"href":"https:\/\/www.em.com.br\/emfoco\/wp-json\/wp\/v2\/posts\/199006\/revisions"}],"predecessor-version":[{"id":199009,"href":"https:\/\/www.em.com.br\/emfoco\/wp-json\/wp\/v2\/posts\/199006\/revisions\/199009"}],"wp:featuredmedia":[{"embeddable":true,"href":"https:\/\/www.em.com.br\/emfoco\/wp-json\/wp\/v2\/media\/199342"}],"wp:attachment":[{"href":"https:\/\/www.em.com.br\/emfoco\/wp-json\/wp\/v2\/media?parent=199006"}],"wp:term":[{"taxonomy":"category","embeddable":true,"href":"https:\/\/www.em.com.br\/emfoco\/wp-json\/wp\/v2\/categories?post=199006"},{"taxonomy":"post_tag","embeddable":true,"href":"https:\/\/www.em.com.br\/emfoco\/wp-json\/wp\/v2\/tags?post=199006"}],"curies":[{"name":"wp","href":"https:\/\/api.w.org\/{rel}","templated":true}]}}