{"id":198990,"date":"2026-04-26T13:25:00","date_gmt":"2026-04-26T16:25:00","guid":{"rendered":"https:\/\/www.em.com.br\/emfoco\/?p=198990"},"modified":"2026-04-25T16:40:54","modified_gmt":"2026-04-25T19:40:54","slug":"o-segredo-para-fazer-a-chuva-de-prata-crescer-saudavel-e-cheia-de-vida-no-seu-jardim-durante-o-ano-todo","status":"publish","type":"post","link":"https:\/\/www.em.com.br\/emfoco\/2026\/04\/26\/o-segredo-para-fazer-a-chuva-de-prata-crescer-saudavel-e-cheia-de-vida-no-seu-jardim-durante-o-ano-todo\/","title":{"rendered":"O segredo para fazer a chuva de prata crescer saud\u00e1vel e cheia de vida no seu jardim durante o ano todo"},"content":{"rendered":"\n<p>Voc\u00ea caminha pelo jardim e se encanta com a folhagem aveludada da <strong>Chuva de Prata<\/strong> brilhando sob a luz quente da tarde. Ser\u00e1 que existe um truque de jardinagem para fazer esse arbusto florescer com um roxo intenso v\u00e1rias vezes ao ano?<\/p>\n\n\n\n<h2 class=\"wp-block-heading\">Qual o segredo para manter a Chuva de Prata sempre bonita<\/h2>\n\n\n\n<p>O solo precisa ser bem drenado e muito leve para evitar o apodrecimento das ra\u00edzes sens\u00edveis durante os meses de chuva intensa. Esse arbusto de origem des\u00e9rtica adora o <strong>sol pleno<\/strong> para manter suas folhas acinzentadas sempre vi\u00e7osas e bastante saud\u00e1veis. Voc\u00ea deve garantir um local com <strong>luminosidade constante<\/strong> para que ela cres\u00e7a com for\u00e7a e muito vigor.<\/p>\n\n\n\n<p>A rega deve ser moderada e feita apenas quando a terra estiver completamente seca ao toque firme dos seus dedos. Molhar a planta em excesso causa o <strong>amarelamento das folhas<\/strong> e prejudica o desenvolvimento natural dos brotos novos e fr\u00e1geis. Mantenha o equil\u00edbrio h\u00eddrico para ver sua planta apresentar uma <strong>apar\u00eancia impec\u00e1vel<\/strong> no jardim de casa.<\/p>\n\n\n<div class=\"wp-block-image\">\n<figure class=\"aligncenter size-large\"><img loading=\"lazy\" decoding=\"async\" width=\"1024\" height=\"576\" src=\"https:\/\/www.em.com.br\/emfoco\/wp-content\/uploads\/2026\/04\/chuva-de-prata-planta_1777081091078-1024x576.jpg\" alt=\"Chuva de Prata\" class=\"wp-image-198992\" srcset=\"https:\/\/www.em.com.br\/emfoco\/wp-content\/uploads\/2026\/04\/chuva-de-prata-planta_1777081091078-1024x576.jpg 1024w, https:\/\/www.em.com.br\/emfoco\/wp-content\/uploads\/2026\/04\/chuva-de-prata-planta_1777081091078-300x169.jpg 300w, https:\/\/www.em.com.br\/emfoco\/wp-content\/uploads\/2026\/04\/chuva-de-prata-planta_1777081091078-768x432.jpg 768w, https:\/\/www.em.com.br\/emfoco\/wp-content\/uploads\/2026\/04\/chuva-de-prata-planta_1777081091078-750x422.jpg 750w, https:\/\/www.em.com.br\/emfoco\/wp-content\/uploads\/2026\/04\/chuva-de-prata-planta_1777081091078-1140x641.jpg 1140w, https:\/\/www.em.com.br\/emfoco\/wp-content\/uploads\/2026\/04\/chuva-de-prata-planta_1777081091078.jpg 1280w\" sizes=\"auto, (max-width: 1024px) 100vw, 1024px\" \/><figcaption class=\"wp-element-caption\">A rega deve ser moderada e feita apenas quando a terra estiver completamente seca ao toque firme dos seus dedos &#8211; Cr\u00e9ditos: depositphotos.com \/ decioaer<\/figcaption><\/figure><\/div>\n\n\n<p>Leia tamb\u00e9m: <a href=\"https:\/\/www.em.com.br\/emfoco\/2026\/04\/11\/aprenda-a-como-plantar-cravo-da-india-e-cultivar-flores-aromaticas-em-casa\/\" target=\"_blank\" rel=\"noreferrer noopener\">Aprenda a como plantar cravo-da-\u00edndia e cultivar flores arom\u00e1ticas em casa<\/a><\/p>\n\n\n\n<h2 class=\"wp-block-heading\">Como estimular a flora\u00e7\u00e3o exuberante da sua planta<\/h2>\n\n\n\n<p>As flores arroxeadas surgem com maior intensidade logo ap\u00f3s mudan\u00e7as bruscas na umidade do ar ou calor elevado. Adubar com <strong>f\u00f3sforo e pot\u00e1ssio<\/strong> ajuda a fortalecer os bot\u00f5es florais que encantam qualquer visitante no seu quintal charmoso. Essa t\u00e9cnica simples garante que sua vegeta\u00e7\u00e3o tenha uma <strong>cor vibrante<\/strong> e duradoura nas esta\u00e7\u00f5es mais quentes do ano.<\/p>\n\n\n\n<p>Realizar podas de limpeza regulares remove os galhos secos e permite que a luz atinja as partes internas do arbusto denso. Observe como a planta reage bem aos <strong>cuidados manuais<\/strong> frequentes e espec\u00edficos de cada per\u00edodo clim\u00e1tico da sua regi\u00e3o. Os seguintes passos ajudam a organizar a sua <strong>rotina de jardinagem<\/strong> para obter flores maravilhosas rapidamente:<\/p>\n\n\n\n<ul class=\"wp-block-list\">\n<li>Remova galhos quebrados ou doentes para evitar pragas indesejadas e fungos.<\/li>\n\n\n\n<li>Aplique adubo org\u00e2nico de libera\u00e7\u00e3o lenta no in\u00edcio de cada primavera.<\/li>\n\n\n\n<li>Mantenha a base livre de ervas daninhas competidoras por nutrientes do solo.<\/li>\n<\/ul>\n\n\n\n<figure class=\"wp-block-embed is-type-rich is-provider-pinterest wp-block-embed-pinterest\"><div class=\"wp-block-embed__wrapper\">\n<iframe loading=\"lazy\" title=\"Chuva de prata\" src=\"https:\/\/assets.pinterest.com\/ext\/embed.html?id=976436762970951731&#038;src=oembed\" height=\"699\" width=\"450\" frameborder=\"0\" scrolling=\"no\" ><\/iframe>\n<\/div><\/figure>\n\n\n\n<h2 class=\"wp-block-heading\">Onde cultivar a Chuva de Prata para destacar a fachada<\/h2>\n\n\n\n<p>Esse arbusto funciona muito bem como uma cerca viva baixa ou como um ponto de destaque isolado no gramado verde. Suas folhas prateadas criam um <strong>contraste elegante<\/strong> com plantas de cores verdes escuras ou flores vermelhas bem intensas e abertas. Escolher o lugar certo valoriza a <strong>arquitetura da casa<\/strong> e traz um ar de sofistica\u00e7\u00e3o imediata ao ambiente.<\/p>\n\n\n\n<p>Lembre-se de deixar um espa\u00e7o adequado entre as mudas para que o ar circule livremente entre as ramagens cinzentas e abundantes. A boa ventila\u00e7\u00e3o previne o surgimento de cochonilhas e mant\u00e9m o <strong>aspecto aveludado<\/strong> que tanto amamos na jardinagem ornamental moderna. O planejamento correto do espa\u00e7o garante um <strong>jardim harmonioso<\/strong> e muito f\u00e1cil de cuidar semanalmente com dedica\u00e7\u00e3o.<\/p>\n\n\n\n<p>Para voc\u00ea que gosta de plantar, separamos um v\u00eddeo do canal do <a href=\"https:\/\/www.youtube.com\/@HenriqueButtler\" target=\"_blank\" rel=\"noreferrer noopener\">Henrique Buttler<\/a> com dicas para cuidar da sua chuva de prata:<\/p>\n\n\n\n<figure class=\"wp-block-embed is-type-video is-provider-youtube wp-block-embed-youtube wp-embed-aspect-16-9 wp-has-aspect-ratio\"><div class=\"wp-block-embed__wrapper\">\n<div class=\"jeg_video_container jeg_video_content\"><iframe loading=\"lazy\" title=\"Voc\u00ea conhece a CHUVA DE PRATA?\" width=\"500\" height=\"281\" src=\"https:\/\/www.youtube.com\/embed\/HXGDqup84AY?start=71&#038;feature=oembed\" frameborder=\"0\" allow=\"accelerometer; autoplay; clipboard-write; encrypted-media; gyroscope; picture-in-picture; web-share\" referrerpolicy=\"strict-origin-when-cross-origin\" allowfullscreen><\/iframe><\/div>\n<\/div><\/figure>\n\n\n\n<h2 class=\"wp-block-heading\">Dicas pr\u00e1ticas de solo para a sua Chuva de Prata<\/h2>\n\n\n\n<p>Cultivar a <strong>Chuva de Prata<\/strong> em recipientes exige o uso de furos de drenagem eficientes no fundo de cada pe\u00e7a cer\u00e2mica. Utilize uma mistura de terra comum com <strong>areia de constru\u00e7\u00e3o<\/strong> para simular o ambiente natural e \u00e1rido da esp\u00e9cie original. Essa estrat\u00e9gia evita o ac\u00famulo de \u00e1gua e mant\u00e9m a <strong>sa\u00fade radicular<\/strong> em perfeitas condi\u00e7\u00f5es por muito tempo.<\/p>\n\n\n\n<p>Coloque o vaso em varandas ou terra\u00e7os que recebam bastante luz solar direta durante a maior parte do dia produtivo. A falta de sol deixa a planta estiolada e com <strong>poucas flores<\/strong>, perdendo sua beleza caracter\u00edstica e ornamental t\u00e3o desejada. Verifique sempre se o recipiente oferece <strong>espa\u00e7o suficiente<\/strong> para o crescimento das ra\u00edzes de forma confort\u00e1vel e livre.<\/p>\n\n\n\n<h2 class=\"wp-block-heading\">Aproveite a beleza natural no seu cotidiano<\/h2>\n\n\n\n<p>Ter plantas em casa traz paz mental e renova as energias do ambiente familiar com muita suavidade. Observe o crescimento da sua muda e sinta <strong>orgulho do cultivo<\/strong> bem-sucedido e bastante zeloso. Pequenos gestos de cuidado geram <strong>resultados gratificantes<\/strong> e duradouros na sua vida di\u00e1ria.<\/p>\n\n\n\n<p>Compartilhe o prazer da jardinagem com as pessoas que voc\u00ea ama e admira verdadeiramente no dia a dia. O contato com a terra promove um <strong>bem-estar profundo<\/strong> e acalma o cora\u00e7\u00e3o em dias mais agitados. Desfrute da <strong>folhagem prateada<\/strong> e celebre a vida em seu pr\u00f3prio jardim particular.<\/p>\n","protected":false},"excerpt":{"rendered":"<p>Voc\u00ea caminha pelo jardim e se encanta com a folhagem aveludada da Chuva de Prata brilhando sob a luz quente da tarde. Ser\u00e1 que existe um truque de jardinagem para fazer esse arbusto florescer com um roxo intenso v\u00e1rias vezes ao ano? Qual o segredo para manter a Chuva de Prata sempre bonita O solo [&hellip;]<\/p>\n","protected":false},"author":9,"featured_media":199345,"comment_status":"open","ping_status":"open","sticky":false,"template":"","format":"standard","meta":{"jnews-multi-image_gallery":[],"jnews_single_post":{"format":"standard"},"jnews_primary_category":[],"jnews_social_meta":[],"jnews_override_counter":[],"footnotes":""},"categories":[8691,29],"tags":[28723,3358,7638],"class_list":["post-198990","post","type-post","status-publish","format-standard","has-post-thumbnail","hentry","category-bem-estar","category-entretenimento","tag-flores-roxas","tag-jardinagem","tag-plantas-ornamentais"],"yoast_head":"<!-- This site is optimized with the Yoast SEO plugin v23.8 - https:\/\/yoast.com\/wordpress\/plugins\/seo\/ -->\n<title>O segredo para fazer a chuva de prata crescer saud\u00e1vel e cheia de vida no seu jardim durante o ano todo - Estado de Minas - Em foco<\/title>\n<meta name=\"description\" content=\"Aprenda a cuidar da Chuva de Prata para ter flores lindas e folhagem prateada. Veja dicas de sol e rega para cultivar o arbusto com sucesso.\" \/>\n<meta name=\"robots\" content=\"index, follow, max-snippet:-1, max-image-preview:large, max-video-preview:-1\" \/>\n<link rel=\"canonical\" href=\"https:\/\/www.em.com.br\/emfoco\/2026\/04\/26\/o-segredo-para-fazer-a-chuva-de-prata-crescer-saudavel-e-cheia-de-vida-no-seu-jardim-durante-o-ano-todo\/\" \/>\n<meta property=\"og:locale\" content=\"pt_BR\" \/>\n<meta property=\"og:type\" content=\"article\" \/>\n<meta property=\"og:title\" content=\"O segredo para fazer a chuva de prata crescer saud\u00e1vel e cheia de vida no seu jardim durante o ano todo - Estado de Minas - Em foco\" \/>\n<meta property=\"og:description\" content=\"Aprenda a cuidar da Chuva de Prata para ter flores lindas e folhagem prateada. Veja dicas de sol e rega para cultivar o arbusto com sucesso.\" \/>\n<meta property=\"og:url\" content=\"https:\/\/www.em.com.br\/emfoco\/2026\/04\/26\/o-segredo-para-fazer-a-chuva-de-prata-crescer-saudavel-e-cheia-de-vida-no-seu-jardim-durante-o-ano-todo\/\" \/>\n<meta property=\"og:site_name\" content=\"Estado de Minas - Em foco\" \/>\n<meta property=\"article:published_time\" content=\"2026-04-26T16:25:00+00:00\" \/>\n<meta property=\"article:modified_time\" content=\"2026-04-25T19:40:54+00:00\" \/>\n<meta property=\"og:image\" content=\"https:\/\/www.em.com.br\/emfoco\/wp-content\/uploads\/2026\/04\/EmFoco_52-5.jpg\" \/>\n\t<meta property=\"og:image:width\" content=\"1280\" \/>\n\t<meta property=\"og:image:height\" content=\"720\" \/>\n\t<meta property=\"og:image:type\" content=\"image\/jpeg\" \/>\n<meta name=\"author\" content=\"Daniely Cardoso\" \/>\n<meta name=\"twitter:card\" content=\"summary_large_image\" \/>\n<meta name=\"twitter:label1\" content=\"Escrito por\" \/>\n\t<meta name=\"twitter:data1\" content=\"Daniely Cardoso\" \/>\n\t<meta name=\"twitter:label2\" content=\"Est. tempo de leitura\" \/>\n\t<meta name=\"twitter:data2\" content=\"5 minutos\" \/>\n<!-- \/ Yoast SEO plugin. -->","yoast_head_json":{"title":"O segredo para fazer a chuva de prata crescer saud\u00e1vel e cheia de vida no seu jardim durante o ano todo - Estado de Minas - Em foco","description":"Aprenda a cuidar da Chuva de Prata para ter flores lindas e folhagem prateada. Veja dicas de sol e rega para cultivar o arbusto com sucesso.","robots":{"index":"index","follow":"follow","max-snippet":"max-snippet:-1","max-image-preview":"max-image-preview:large","max-video-preview":"max-video-preview:-1"},"canonical":"https:\/\/www.em.com.br\/emfoco\/2026\/04\/26\/o-segredo-para-fazer-a-chuva-de-prata-crescer-saudavel-e-cheia-de-vida-no-seu-jardim-durante-o-ano-todo\/","og_locale":"pt_BR","og_type":"article","og_title":"O segredo para fazer a chuva de prata crescer saud\u00e1vel e cheia de vida no seu jardim durante o ano todo - Estado de Minas - Em foco","og_description":"Aprenda a cuidar da Chuva de Prata para ter flores lindas e folhagem prateada. Veja dicas de sol e rega para cultivar o arbusto com sucesso.","og_url":"https:\/\/www.em.com.br\/emfoco\/2026\/04\/26\/o-segredo-para-fazer-a-chuva-de-prata-crescer-saudavel-e-cheia-de-vida-no-seu-jardim-durante-o-ano-todo\/","og_site_name":"Estado de Minas - Em foco","article_published_time":"2026-04-26T16:25:00+00:00","article_modified_time":"2026-04-25T19:40:54+00:00","og_image":[{"width":1280,"height":720,"url":"https:\/\/www.em.com.br\/emfoco\/wp-content\/uploads\/2026\/04\/EmFoco_52-5.jpg","type":"image\/jpeg"}],"author":"Daniely Cardoso","twitter_card":"summary_large_image","twitter_misc":{"Escrito por":"Daniely Cardoso","Est. tempo de leitura":"5 minutos"},"schema":{"@context":"https:\/\/schema.org","@graph":[{"@type":"WebPage","@id":"https:\/\/www.em.com.br\/emfoco\/2026\/04\/26\/o-segredo-para-fazer-a-chuva-de-prata-crescer-saudavel-e-cheia-de-vida-no-seu-jardim-durante-o-ano-todo\/","url":"https:\/\/www.em.com.br\/emfoco\/2026\/04\/26\/o-segredo-para-fazer-a-chuva-de-prata-crescer-saudavel-e-cheia-de-vida-no-seu-jardim-durante-o-ano-todo\/","name":"O segredo para fazer a chuva de prata crescer saud\u00e1vel e cheia de vida no seu jardim durante o ano todo - Estado de Minas - Em foco","isPartOf":{"@id":"https:\/\/www.em.com.br\/emfoco\/#website"},"primaryImageOfPage":{"@id":"https:\/\/www.em.com.br\/emfoco\/2026\/04\/26\/o-segredo-para-fazer-a-chuva-de-prata-crescer-saudavel-e-cheia-de-vida-no-seu-jardim-durante-o-ano-todo\/#primaryimage"},"image":{"@id":"https:\/\/www.em.com.br\/emfoco\/2026\/04\/26\/o-segredo-para-fazer-a-chuva-de-prata-crescer-saudavel-e-cheia-de-vida-no-seu-jardim-durante-o-ano-todo\/#primaryimage"},"thumbnailUrl":"https:\/\/www.em.com.br\/emfoco\/wp-content\/uploads\/2026\/04\/EmFoco_52-5.jpg","datePublished":"2026-04-26T16:25:00+00:00","dateModified":"2026-04-25T19:40:54+00:00","author":{"@id":"https:\/\/www.em.com.br\/emfoco\/#\/schema\/person\/0a8186d72f2c3a5c6276d90b41f271a0"},"description":"Aprenda a cuidar da Chuva de Prata para ter flores lindas e folhagem prateada. Veja dicas de sol e rega para cultivar o arbusto com sucesso.","breadcrumb":{"@id":"https:\/\/www.em.com.br\/emfoco\/2026\/04\/26\/o-segredo-para-fazer-a-chuva-de-prata-crescer-saudavel-e-cheia-de-vida-no-seu-jardim-durante-o-ano-todo\/#breadcrumb"},"inLanguage":"pt-BR","potentialAction":[{"@type":"ReadAction","target":["https:\/\/www.em.com.br\/emfoco\/2026\/04\/26\/o-segredo-para-fazer-a-chuva-de-prata-crescer-saudavel-e-cheia-de-vida-no-seu-jardim-durante-o-ano-todo\/"]}]},{"@type":"ImageObject","inLanguage":"pt-BR","@id":"https:\/\/www.em.com.br\/emfoco\/2026\/04\/26\/o-segredo-para-fazer-a-chuva-de-prata-crescer-saudavel-e-cheia-de-vida-no-seu-jardim-durante-o-ano-todo\/#primaryimage","url":"https:\/\/www.em.com.br\/emfoco\/wp-content\/uploads\/2026\/04\/EmFoco_52-5.jpg","contentUrl":"https:\/\/www.em.com.br\/emfoco\/wp-content\/uploads\/2026\/04\/EmFoco_52-5.jpg","width":1280,"height":720,"caption":"Cuidados de solo e luminosidade para garantir a flora\u00e7\u00e3o vibrante da Chuva de Prata"},{"@type":"BreadcrumbList","@id":"https:\/\/www.em.com.br\/emfoco\/2026\/04\/26\/o-segredo-para-fazer-a-chuva-de-prata-crescer-saudavel-e-cheia-de-vida-no-seu-jardim-durante-o-ano-todo\/#breadcrumb","itemListElement":[{"@type":"ListItem","position":1,"name":"In\u00edcio","item":"https:\/\/www.em.com.br\/emfoco\/"},{"@type":"ListItem","position":2,"name":"O segredo para fazer a chuva de prata crescer saud\u00e1vel e cheia de vida no seu jardim durante o ano todo"}]},{"@type":"WebSite","@id":"https:\/\/www.em.com.br\/emfoco\/#website","url":"https:\/\/www.em.com.br\/emfoco\/","name":"Estado de Minas - Em foco","description":"Acompanhe as \u00faltimas not\u00edcias e fique bem informado sobre tudo o que acontece em Minas Gerais, Brasil e no mundo.","potentialAction":[{"@type":"SearchAction","target":{"@type":"EntryPoint","urlTemplate":"https:\/\/www.em.com.br\/emfoco\/?s={search_term_string}"},"query-input":{"@type":"PropertyValueSpecification","valueRequired":true,"valueName":"search_term_string"}}],"inLanguage":"pt-BR"},{"@type":"Person","@id":"https:\/\/www.em.com.br\/emfoco\/#\/schema\/person\/0a8186d72f2c3a5c6276d90b41f271a0","name":"Daniely Cardoso","image":{"@type":"ImageObject","inLanguage":"pt-BR","@id":"https:\/\/www.em.com.br\/emfoco\/#\/schema\/person\/image\/","url":"https:\/\/secure.gravatar.com\/avatar\/4b80ddbd124d1f071b626d52d62e5dff?s=96&d=mm&r=g","contentUrl":"https:\/\/secure.gravatar.com\/avatar\/4b80ddbd124d1f071b626d52d62e5dff?s=96&d=mm&r=g","caption":"Daniely Cardoso"},"url":"https:\/\/www.em.com.br\/emfoco\/author\/danielymyth\/"}]}},"_links":{"self":[{"href":"https:\/\/www.em.com.br\/emfoco\/wp-json\/wp\/v2\/posts\/198990","targetHints":{"allow":["GET"]}}],"collection":[{"href":"https:\/\/www.em.com.br\/emfoco\/wp-json\/wp\/v2\/posts"}],"about":[{"href":"https:\/\/www.em.com.br\/emfoco\/wp-json\/wp\/v2\/types\/post"}],"author":[{"embeddable":true,"href":"https:\/\/www.em.com.br\/emfoco\/wp-json\/wp\/v2\/users\/9"}],"replies":[{"embeddable":true,"href":"https:\/\/www.em.com.br\/emfoco\/wp-json\/wp\/v2\/comments?post=198990"}],"version-history":[{"count":2,"href":"https:\/\/www.em.com.br\/emfoco\/wp-json\/wp\/v2\/posts\/198990\/revisions"}],"predecessor-version":[{"id":199443,"href":"https:\/\/www.em.com.br\/emfoco\/wp-json\/wp\/v2\/posts\/198990\/revisions\/199443"}],"wp:featuredmedia":[{"embeddable":true,"href":"https:\/\/www.em.com.br\/emfoco\/wp-json\/wp\/v2\/media\/199345"}],"wp:attachment":[{"href":"https:\/\/www.em.com.br\/emfoco\/wp-json\/wp\/v2\/media?parent=198990"}],"wp:term":[{"taxonomy":"category","embeddable":true,"href":"https:\/\/www.em.com.br\/emfoco\/wp-json\/wp\/v2\/categories?post=198990"},{"taxonomy":"post_tag","embeddable":true,"href":"https:\/\/www.em.com.br\/emfoco\/wp-json\/wp\/v2\/tags?post=198990"}],"curies":[{"name":"wp","href":"https:\/\/api.w.org\/{rel}","templated":true}]}}