{"id":198972,"date":"2026-04-26T10:45:00","date_gmt":"2026-04-26T13:45:00","guid":{"rendered":"https:\/\/www.em.com.br\/emfoco\/?p=198972"},"modified":"2026-04-25T14:35:59","modified_gmt":"2026-04-25T17:35:59","slug":"adeus-pernas-pesadas-a-tecnica-que-ativa-a-circulacao-e-acaba-com-as-varizes","status":"publish","type":"post","link":"https:\/\/www.em.com.br\/emfoco\/2026\/04\/26\/adeus-pernas-pesadas-a-tecnica-que-ativa-a-circulacao-e-acaba-com-as-varizes\/","title":{"rendered":"Adeus pernas pesadas, a t\u00e9cnica que ativa a circula\u00e7\u00e3o e acaba com as varizes"},"content":{"rendered":"\n<p>Voc\u00ea termina o dia sentindo as pernas <strong>pesadas<\/strong> e nota o surgimento de pequenas <strong>varizes<\/strong> ap\u00f3s horas de trabalho em p\u00e9. Ser\u00e1 que existe um m\u00e9todo eficaz para recuperar a <strong>leveza<\/strong> e a beleza das suas pernas sem procedimentos invasivos?<\/p>\n\n\n\n<h2 class=\"wp-block-heading\">Entenda finalmente o que s\u00e3o as varizes e seus sintomas<\/h2>\n\n\n\n<p>As <strong>varizes<\/strong> s\u00e3o veias dilatadas e tortuosas que perdem a capacidade de bombear o sangue corretamente de volta ao cora\u00e7\u00e3o. Esse problema ocorre frequentemente quando as <strong>v\u00e1lvulas venosas<\/strong> enfraquecem e permitem o ac\u00famulo de l\u00edquido nos membros inferiores. Muitas mulheres percebem o desconforto atrav\u00e9s de <strong>incha\u00e7os persistentes<\/strong> e uma sensa\u00e7\u00e3o inc\u00f4moda de queima\u00e7\u00e3o constante.<\/p>\n\n\n\n<p>A <strong>gen\u00e9tica<\/strong> e as mudan\u00e7as hormonais naturais da maturidade influenciam diretamente no aparecimento dessas marcas azuladas na pele. O <strong>diagn\u00f3stico precoce<\/strong> ajuda a evitar complica\u00e7\u00f5es maiores como as temidas feridas ou quadros de trombose venosa profunda. Buscar o <strong>equil\u00edbrio circulat\u00f3rio<\/strong> deve ser uma prioridade absoluta para garantir uma vida ativa e sem dores limitantes.<\/p>\n\n\n<div class=\"wp-block-image\">\n<figure class=\"aligncenter size-large\"><img loading=\"lazy\" decoding=\"async\" width=\"1024\" height=\"576\" src=\"https:\/\/www.em.com.br\/emfoco\/wp-content\/uploads\/2026\/04\/varizes_1777080577094-1024x576.jpg\" alt=\"varizes\" class=\"wp-image-198981\" srcset=\"https:\/\/www.em.com.br\/emfoco\/wp-content\/uploads\/2026\/04\/varizes_1777080577094-1024x576.jpg 1024w, https:\/\/www.em.com.br\/emfoco\/wp-content\/uploads\/2026\/04\/varizes_1777080577094-300x169.jpg 300w, https:\/\/www.em.com.br\/emfoco\/wp-content\/uploads\/2026\/04\/varizes_1777080577094-768x432.jpg 768w, https:\/\/www.em.com.br\/emfoco\/wp-content\/uploads\/2026\/04\/varizes_1777080577094-750x422.jpg 750w, https:\/\/www.em.com.br\/emfoco\/wp-content\/uploads\/2026\/04\/varizes_1777080577094-1140x641.jpg 1140w, https:\/\/www.em.com.br\/emfoco\/wp-content\/uploads\/2026\/04\/varizes_1777080577094.jpg 1280w\" sizes=\"auto, (max-width: 1024px) 100vw, 1024px\" \/><figcaption class=\"wp-element-caption\">As varizes s\u00e3o veias dilatadas e tortuosas que perdem a capacidade de bombear o sangue corretamente de volta ao cora\u00e7\u00e3o. &#8211; Cr\u00e9ditos: depositphotos.com \/ Himchenko<\/figcaption><\/figure><\/div>\n\n\n<p>Leia tamb\u00e9m: <a href=\"https:\/\/www.em.com.br\/emfoco\/2026\/04\/04\/o-ritual-de-autocuidado-para-pele-sensivel-que-toda-mulher-de-40-anos-precisa-adotar\/\" target=\"_blank\" rel=\"noreferrer noopener\">O ritual de autocuidado para pele sens\u00edvel que toda mulher de 40 anos precisa adotar<\/a><\/p>\n\n\n\n<h2 class=\"wp-block-heading\">Saiba como eliminar varizes com mudan\u00e7as nos h\u00e1bitos di\u00e1rios<\/h2>\n\n\n\n<p>Uma das formas mais eficientes de tratar as <strong>varizes<\/strong> envolve a pr\u00e1tica regular de <strong>atividades f\u00edsicas<\/strong> de baixo impacto. Caminhadas leves e nata\u00e7\u00e3o estimulam o <strong>retorno venoso<\/strong> e fortalecem os m\u00fasculos da panturrilha de maneira muito segura. Manter o peso corporal sob controle tamb\u00e9m reduz a carga excessiva sobre o sistema vascular das suas pernas.<\/p>\n\n\n\n<p>A <strong>alimenta\u00e7\u00e3o<\/strong> desempenha um papel fundamental na manuten\u00e7\u00e3o da elasticidade das paredes das veias ao longo dos anos. Reduzir o consumo de sal ajuda a <strong>diminuir o incha\u00e7o<\/strong> e melhora a apar\u00eancia est\u00e9tica geral dos membros inferiores rapidamente. Considere as seguintes <strong>pr\u00e1ticas<\/strong> para potencializar os resultados positivos que voc\u00ea deseja alcan\u00e7ar no seu dia a dia:<\/p>\n\n\n\n<ul class=\"wp-block-list\">\n<li>Usar meias de compress\u00e3o prescritas por um m\u00e9dico especialista em circula\u00e7\u00e3o.<\/li>\n\n\n\n<li>Evitar longos per\u00edodos na mesma posi\u00e7\u00e3o durante o hor\u00e1rio de trabalho intenso.<\/li>\n\n\n\n<li>Elevar as pernas acima do n\u00edvel do cora\u00e7\u00e3o durante o descanso noturno.<\/li>\n<\/ul>\n\n\n\n<figure class=\"wp-block-embed is-type-rich is-provider-pinterest wp-block-embed-pinterest\"><div class=\"wp-block-embed__wrapper\">\n<iframe loading=\"lazy\" title=\"varizbel\" src=\"https:\/\/assets.pinterest.com\/ext\/embed.html?id=1134484962402353349&#038;src=oembed\" height=\"899\" width=\"450\" frameborder=\"0\" scrolling=\"no\" ><\/iframe>\n<\/div><\/figure>\n\n\n\n<h2 class=\"wp-block-heading\">Os tratamentos modernos para varizes que devolvem sua autoestima<\/h2>\n\n\n\n<p>A medicina avan\u00e7ou muito e hoje oferece solu\u00e7\u00f5es tecnol\u00f3gicas para quem deseja <strong>eliminar marcas<\/strong> indesejadas com rapidez. A <strong>escleroterapia<\/strong> e o laser transd\u00e9rmico s\u00e3o op\u00e7\u00f5es excelentes que tratam os vasinhos sem a necessidade de cortes ou repouso prolongado. Esses procedimentos promovem a <strong>recupera\u00e7\u00e3o est\u00e9tica<\/strong> imediata e permitem que voc\u00ea volte \u00e0 rotina normal quase que instantaneamente.<\/p>\n\n\n\n<p>Consultar um <strong>angiologista<\/strong> qualificado garante que voc\u00ea receba a indica\u00e7\u00e3o correta para o seu tipo espec\u00edfico de veia dilatada. O tratamento personalizado foca em <strong>melhorar a sa\u00fade<\/strong> vascular e prevenir que novos vasos problem\u00e1ticos surjam no futuro pr\u00f3ximo. Sentir-se bem ao usar vestidos ou roupas curtas \u00e9 um benef\u00edcio emocional que impacta positivamente na sua <strong>autoconfian\u00e7a<\/strong>.<\/p>\n\n\n\n<p>Para voc\u00ea que quer aprofundar, separamos um v\u00eddeo do canal <a href=\"https:\/\/www.youtube.com\/@DOUTORAJUDA\" target=\"_blank\" rel=\"noreferrer noopener\">DOUTOR AJUDA<\/a> com dicas para acabar com as varizes:<\/p>\n\n\n\n<figure class=\"wp-block-embed is-type-video is-provider-youtube wp-block-embed-youtube wp-embed-aspect-16-9 wp-has-aspect-ratio\"><div class=\"wp-block-embed__wrapper\">\n<div class=\"jeg_video_container jeg_video_content\"><iframe loading=\"lazy\" title=\"COMO SURGEM AS VARIZES?\" width=\"500\" height=\"281\" src=\"https:\/\/www.youtube.com\/embed\/BWJfUD8LQ-4?feature=oembed\" frameborder=\"0\" allow=\"accelerometer; autoplay; clipboard-write; encrypted-media; gyroscope; picture-in-picture; web-share\" referrerpolicy=\"strict-origin-when-cross-origin\" allowfullscreen><\/iframe><\/div>\n<\/div><\/figure>\n\n\n\n<h2 class=\"wp-block-heading\">Dicas pr\u00e1ticas para prevenir o agravamento das veias dilatadas<\/h2>\n\n\n\n<p>Pequenos cuidados durante o banho podem oferecer um <strong>conforto imediato<\/strong> e aliviar a press\u00e3o interna das veias. Finalizar a ducha com jatos de \u00e1gua fria nas pernas provoca uma <strong>vasoconstri\u00e7\u00e3o ben\u00e9fica<\/strong> que reduz as dores latejantes. Esse h\u00e1bito simples ativa a <strong>circula\u00e7\u00e3o perif\u00e9rica<\/strong> e deixa a pele com um aspecto muito mais saud\u00e1vel e firme.<\/p>\n\n\n\n<p>O uso de <strong>cal\u00e7ados confort\u00e1veis<\/strong> e com saltos baixos evita que a musculatura sofra tens\u00f5es desnecess\u00e1rias durante os deslocamentos urbanos. Massagens suaves com cremes espec\u00edficos para circula\u00e7\u00e3o ajudam a <strong>drenar l\u00edquidos<\/strong> e trazem um relaxamento profundo ap\u00f3s um dia exaustivo. Cuidar da sa\u00fade das pernas \u00e9 um <strong>investimento valioso<\/strong> que garante mobilidade e beleza em todas as fases da vida.<\/p>\n\n\n\n<h2 class=\"wp-block-heading\">Valorize o cuidado com seu corpo todos os dias<\/h2>\n\n\n\n<p>Escutar os sinais de cansa\u00e7o que seu organismo envia \u00e9 o primeiro passo para uma <strong>vida plena<\/strong>. Dedique alguns minutos do seu tempo para <strong>relaxar os membros<\/strong> e promover o descanso necess\u00e1rio. Voc\u00ea merece caminhar com <strong>leveza e orgulho<\/strong> por todos os caminhos que escolher trilhar.<\/p>\n\n\n\n<p>A beleza das suas pernas reflete o carinho e a aten\u00e7\u00e3o que voc\u00ea dedica aos seus pr\u00f3prios <strong>h\u00e1bitos saud\u00e1veis<\/strong>. Mantenha o foco na preven\u00e7\u00e3o e colha os frutos de uma circula\u00e7\u00e3o forte e eficiente por muitos anos. Sinta a alegria de ter pernas <strong>livres de dores<\/strong> e prontas para viver <strong>grandes momentos<\/strong>.<\/p>\n","protected":false},"excerpt":{"rendered":"<p>Voc\u00ea termina o dia sentindo as pernas pesadas e nota o surgimento de pequenas varizes ap\u00f3s horas de trabalho em p\u00e9. Ser\u00e1 que existe um m\u00e9todo eficaz para recuperar a leveza e a beleza das suas pernas sem procedimentos invasivos? Entenda finalmente o que s\u00e3o as varizes e seus sintomas As varizes s\u00e3o veias dilatadas [&hellip;]<\/p>\n","protected":false},"author":9,"featured_media":199346,"comment_status":"open","ping_status":"open","sticky":false,"template":"","format":"standard","meta":{"jnews-multi-image_gallery":[],"jnews_single_post":{"format":"standard"},"jnews_primary_category":[],"jnews_social_meta":[],"jnews_override_counter":[],"footnotes":""},"categories":[8691,29],"tags":[8597,21945,13000],"class_list":["post-198972","post","type-post","status-publish","format-standard","has-post-thumbnail","hentry","category-bem-estar","category-entretenimento","tag-circulacao-sanguinea","tag-pernas-pesadas","tag-saude-vascular"],"yoast_head":"<!-- This site is optimized with the Yoast SEO plugin v23.8 - https:\/\/yoast.com\/wordpress\/plugins\/seo\/ -->\n<title>Adeus pernas pesadas, a t\u00e9cnica que ativa a circula\u00e7\u00e3o e acaba com as varizes - Estado de Minas - Em foco<\/title>\n<meta name=\"description\" content=\"Entenda o que causa as varizes e veja formas pr\u00e1ticas de tratar o problema com sa\u00fade. Melhore sua circula\u00e7\u00e3o e recupere o bem-estar.\" \/>\n<meta name=\"robots\" content=\"index, follow, max-snippet:-1, max-image-preview:large, max-video-preview:-1\" \/>\n<link rel=\"canonical\" href=\"https:\/\/www.em.com.br\/emfoco\/2026\/04\/26\/adeus-pernas-pesadas-a-tecnica-que-ativa-a-circulacao-e-acaba-com-as-varizes\/\" \/>\n<meta property=\"og:locale\" content=\"pt_BR\" \/>\n<meta property=\"og:type\" content=\"article\" \/>\n<meta property=\"og:title\" content=\"Adeus pernas pesadas, a t\u00e9cnica que ativa a circula\u00e7\u00e3o e acaba com as varizes - Estado de Minas - Em foco\" \/>\n<meta property=\"og:description\" content=\"Entenda o que causa as varizes e veja formas pr\u00e1ticas de tratar o problema com sa\u00fade. Melhore sua circula\u00e7\u00e3o e recupere o bem-estar.\" \/>\n<meta property=\"og:url\" content=\"https:\/\/www.em.com.br\/emfoco\/2026\/04\/26\/adeus-pernas-pesadas-a-tecnica-que-ativa-a-circulacao-e-acaba-com-as-varizes\/\" \/>\n<meta property=\"og:site_name\" content=\"Estado de Minas - Em foco\" \/>\n<meta property=\"article:published_time\" content=\"2026-04-26T13:45:00+00:00\" \/>\n<meta property=\"article:modified_time\" content=\"2026-04-25T17:35:59+00:00\" \/>\n<meta property=\"og:image\" content=\"https:\/\/www.em.com.br\/emfoco\/wp-content\/uploads\/2026\/04\/EmFoco_51-5.jpg\" \/>\n\t<meta property=\"og:image:width\" content=\"1280\" \/>\n\t<meta property=\"og:image:height\" content=\"720\" \/>\n\t<meta property=\"og:image:type\" content=\"image\/jpeg\" \/>\n<meta name=\"author\" content=\"Daniely Cardoso\" \/>\n<meta name=\"twitter:card\" content=\"summary_large_image\" \/>\n<meta name=\"twitter:label1\" content=\"Escrito por\" \/>\n\t<meta name=\"twitter:data1\" content=\"Daniely Cardoso\" \/>\n\t<meta name=\"twitter:label2\" content=\"Est. tempo de leitura\" \/>\n\t<meta name=\"twitter:data2\" content=\"5 minutos\" \/>\n<!-- \/ Yoast SEO plugin. -->","yoast_head_json":{"title":"Adeus pernas pesadas, a t\u00e9cnica que ativa a circula\u00e7\u00e3o e acaba com as varizes - Estado de Minas - Em foco","description":"Entenda o que causa as varizes e veja formas pr\u00e1ticas de tratar o problema com sa\u00fade. Melhore sua circula\u00e7\u00e3o e recupere o bem-estar.","robots":{"index":"index","follow":"follow","max-snippet":"max-snippet:-1","max-image-preview":"max-image-preview:large","max-video-preview":"max-video-preview:-1"},"canonical":"https:\/\/www.em.com.br\/emfoco\/2026\/04\/26\/adeus-pernas-pesadas-a-tecnica-que-ativa-a-circulacao-e-acaba-com-as-varizes\/","og_locale":"pt_BR","og_type":"article","og_title":"Adeus pernas pesadas, a t\u00e9cnica que ativa a circula\u00e7\u00e3o e acaba com as varizes - Estado de Minas - Em foco","og_description":"Entenda o que causa as varizes e veja formas pr\u00e1ticas de tratar o problema com sa\u00fade. Melhore sua circula\u00e7\u00e3o e recupere o bem-estar.","og_url":"https:\/\/www.em.com.br\/emfoco\/2026\/04\/26\/adeus-pernas-pesadas-a-tecnica-que-ativa-a-circulacao-e-acaba-com-as-varizes\/","og_site_name":"Estado de Minas - Em foco","article_published_time":"2026-04-26T13:45:00+00:00","article_modified_time":"2026-04-25T17:35:59+00:00","og_image":[{"width":1280,"height":720,"url":"https:\/\/www.em.com.br\/emfoco\/wp-content\/uploads\/2026\/04\/EmFoco_51-5.jpg","type":"image\/jpeg"}],"author":"Daniely Cardoso","twitter_card":"summary_large_image","twitter_misc":{"Escrito por":"Daniely Cardoso","Est. tempo de leitura":"5 minutos"},"schema":{"@context":"https:\/\/schema.org","@graph":[{"@type":"WebPage","@id":"https:\/\/www.em.com.br\/emfoco\/2026\/04\/26\/adeus-pernas-pesadas-a-tecnica-que-ativa-a-circulacao-e-acaba-com-as-varizes\/","url":"https:\/\/www.em.com.br\/emfoco\/2026\/04\/26\/adeus-pernas-pesadas-a-tecnica-que-ativa-a-circulacao-e-acaba-com-as-varizes\/","name":"Adeus pernas pesadas, a t\u00e9cnica que ativa a circula\u00e7\u00e3o e acaba com as varizes - Estado de Minas - Em foco","isPartOf":{"@id":"https:\/\/www.em.com.br\/emfoco\/#website"},"primaryImageOfPage":{"@id":"https:\/\/www.em.com.br\/emfoco\/2026\/04\/26\/adeus-pernas-pesadas-a-tecnica-que-ativa-a-circulacao-e-acaba-com-as-varizes\/#primaryimage"},"image":{"@id":"https:\/\/www.em.com.br\/emfoco\/2026\/04\/26\/adeus-pernas-pesadas-a-tecnica-que-ativa-a-circulacao-e-acaba-com-as-varizes\/#primaryimage"},"thumbnailUrl":"https:\/\/www.em.com.br\/emfoco\/wp-content\/uploads\/2026\/04\/EmFoco_51-5.jpg","datePublished":"2026-04-26T13:45:00+00:00","dateModified":"2026-04-25T17:35:59+00:00","author":{"@id":"https:\/\/www.em.com.br\/emfoco\/#\/schema\/person\/0a8186d72f2c3a5c6276d90b41f271a0"},"description":"Entenda o que causa as varizes e veja formas pr\u00e1ticas de tratar o problema com sa\u00fade. Melhore sua circula\u00e7\u00e3o e recupere o bem-estar.","breadcrumb":{"@id":"https:\/\/www.em.com.br\/emfoco\/2026\/04\/26\/adeus-pernas-pesadas-a-tecnica-que-ativa-a-circulacao-e-acaba-com-as-varizes\/#breadcrumb"},"inLanguage":"pt-BR","potentialAction":[{"@type":"ReadAction","target":["https:\/\/www.em.com.br\/emfoco\/2026\/04\/26\/adeus-pernas-pesadas-a-tecnica-que-ativa-a-circulacao-e-acaba-com-as-varizes\/"]}]},{"@type":"ImageObject","inLanguage":"pt-BR","@id":"https:\/\/www.em.com.br\/emfoco\/2026\/04\/26\/adeus-pernas-pesadas-a-tecnica-que-ativa-a-circulacao-e-acaba-com-as-varizes\/#primaryimage","url":"https:\/\/www.em.com.br\/emfoco\/wp-content\/uploads\/2026\/04\/EmFoco_51-5.jpg","contentUrl":"https:\/\/www.em.com.br\/emfoco\/wp-content\/uploads\/2026\/04\/EmFoco_51-5.jpg","width":1280,"height":720,"caption":"H\u00e1bitos saud\u00e1veis e tratamentos modernos para melhorar a circula\u00e7\u00e3o e eliminar varizes"},{"@type":"BreadcrumbList","@id":"https:\/\/www.em.com.br\/emfoco\/2026\/04\/26\/adeus-pernas-pesadas-a-tecnica-que-ativa-a-circulacao-e-acaba-com-as-varizes\/#breadcrumb","itemListElement":[{"@type":"ListItem","position":1,"name":"In\u00edcio","item":"https:\/\/www.em.com.br\/emfoco\/"},{"@type":"ListItem","position":2,"name":"Adeus pernas pesadas, a t\u00e9cnica que ativa a circula\u00e7\u00e3o e acaba com as varizes"}]},{"@type":"WebSite","@id":"https:\/\/www.em.com.br\/emfoco\/#website","url":"https:\/\/www.em.com.br\/emfoco\/","name":"Estado de Minas - Em foco","description":"Acompanhe as \u00faltimas not\u00edcias e fique bem informado sobre tudo o que acontece em Minas Gerais, Brasil e no mundo.","potentialAction":[{"@type":"SearchAction","target":{"@type":"EntryPoint","urlTemplate":"https:\/\/www.em.com.br\/emfoco\/?s={search_term_string}"},"query-input":{"@type":"PropertyValueSpecification","valueRequired":true,"valueName":"search_term_string"}}],"inLanguage":"pt-BR"},{"@type":"Person","@id":"https:\/\/www.em.com.br\/emfoco\/#\/schema\/person\/0a8186d72f2c3a5c6276d90b41f271a0","name":"Daniely Cardoso","image":{"@type":"ImageObject","inLanguage":"pt-BR","@id":"https:\/\/www.em.com.br\/emfoco\/#\/schema\/person\/image\/","url":"https:\/\/secure.gravatar.com\/avatar\/4b80ddbd124d1f071b626d52d62e5dff?s=96&d=mm&r=g","contentUrl":"https:\/\/secure.gravatar.com\/avatar\/4b80ddbd124d1f071b626d52d62e5dff?s=96&d=mm&r=g","caption":"Daniely Cardoso"},"url":"https:\/\/www.em.com.br\/emfoco\/author\/danielymyth\/"}]}},"_links":{"self":[{"href":"https:\/\/www.em.com.br\/emfoco\/wp-json\/wp\/v2\/posts\/198972","targetHints":{"allow":["GET"]}}],"collection":[{"href":"https:\/\/www.em.com.br\/emfoco\/wp-json\/wp\/v2\/posts"}],"about":[{"href":"https:\/\/www.em.com.br\/emfoco\/wp-json\/wp\/v2\/types\/post"}],"author":[{"embeddable":true,"href":"https:\/\/www.em.com.br\/emfoco\/wp-json\/wp\/v2\/users\/9"}],"replies":[{"embeddable":true,"href":"https:\/\/www.em.com.br\/emfoco\/wp-json\/wp\/v2\/comments?post=198972"}],"version-history":[{"count":1,"href":"https:\/\/www.em.com.br\/emfoco\/wp-json\/wp\/v2\/posts\/198972\/revisions"}],"predecessor-version":[{"id":198987,"href":"https:\/\/www.em.com.br\/emfoco\/wp-json\/wp\/v2\/posts\/198972\/revisions\/198987"}],"wp:featuredmedia":[{"embeddable":true,"href":"https:\/\/www.em.com.br\/emfoco\/wp-json\/wp\/v2\/media\/199346"}],"wp:attachment":[{"href":"https:\/\/www.em.com.br\/emfoco\/wp-json\/wp\/v2\/media?parent=198972"}],"wp:term":[{"taxonomy":"category","embeddable":true,"href":"https:\/\/www.em.com.br\/emfoco\/wp-json\/wp\/v2\/categories?post=198972"},{"taxonomy":"post_tag","embeddable":true,"href":"https:\/\/www.em.com.br\/emfoco\/wp-json\/wp\/v2\/tags?post=198972"}],"curies":[{"name":"wp","href":"https:\/\/api.w.org\/{rel}","templated":true}]}}