{"id":198968,"date":"2026-04-26T18:25:00","date_gmt":"2026-04-26T21:25:00","guid":{"rendered":"https:\/\/www.em.com.br\/emfoco\/?p=198968"},"modified":"2026-04-25T14:19:05","modified_gmt":"2026-04-25T17:19:05","slug":"como-fazer-empanadas-de-carne-caseiras-a-receita-tradicional-que-e-de-lamber-os-dedos","status":"publish","type":"post","link":"https:\/\/www.em.com.br\/emfoco\/2026\/04\/26\/como-fazer-empanadas-de-carne-caseiras-a-receita-tradicional-que-e-de-lamber-os-dedos\/","title":{"rendered":"Como fazer empanadas de carne caseiras: a receita tradicional que \u00e9 de lamber os dedos"},"content":{"rendered":"\n<p>Empanadas de carne fazem parte da rotina de muitas fam\u00edlias na Am\u00e9rica do Sul e seguem firmes em festas, encontros informais e jantares r\u00e1pidos. Com massa simples e recheio bem temperado, elas permitem varia\u00e7\u00f5es conforme a regi\u00e3o e o h\u00e1bito de cada casa, mas a vers\u00e3o tradicional segue como uma das favoritas, f\u00e1cil de fazer em casa e cheia de possibilidades.<\/p>\n\n\n\n<h2 class=\"wp-block-heading\">Quais s\u00e3o os ingredientes b\u00e1sicos da empanada de carne?<\/h2>\n\n\n\n<p>Para cerca de 24 unidades de tamanho m\u00e9dio, os ingredientes se dividem em recheio e massa, priorizando carne com pouca gordura e bastante cebola para garantir sucul\u00eancia.<\/p>\n\n\n\n<p>Para a massa, voc\u00ea pode usar discos prontos de <a href=\"https:\/\/www.em.com.br\/emfoco\/2026\/04\/24\/o-supermercado-mais-popular-fecha-16-lojas-com-varias-cidades-afetadas-e-as-demissoes-previstas\/\" target=\"_blank\" rel=\"noreferrer noopener\">supermercado <\/a>ou preparar tudo em casa. A vers\u00e3o caseira leva farinha de trigo, \u00e1gua morna com sal e gordura derretida, amassados at\u00e9 formar uma bola lisa, que descansa coberta alguns minutos antes de ser aberta em discos finos, suficientes para envolver o recheio de carne.<\/p>\n\n\n\n<figure class=\"wp-block-image size-large\"><img loading=\"lazy\" decoding=\"async\" width=\"1024\" height=\"576\" src=\"https:\/\/www.em.com.br\/emfoco\/wp-content\/uploads\/2026\/04\/ChatGPT-Image-24-de-abr.-de-2026-22_31_26-1-1024x576.png\" alt=\"Quem prova essa empanada de carne pede mais\" class=\"wp-image-198982\" srcset=\"https:\/\/www.em.com.br\/emfoco\/wp-content\/uploads\/2026\/04\/ChatGPT-Image-24-de-abr.-de-2026-22_31_26-1-1024x576.png 1024w, https:\/\/www.em.com.br\/emfoco\/wp-content\/uploads\/2026\/04\/ChatGPT-Image-24-de-abr.-de-2026-22_31_26-1-300x169.png 300w, https:\/\/www.em.com.br\/emfoco\/wp-content\/uploads\/2026\/04\/ChatGPT-Image-24-de-abr.-de-2026-22_31_26-1-768x432.png 768w, https:\/\/www.em.com.br\/emfoco\/wp-content\/uploads\/2026\/04\/ChatGPT-Image-24-de-abr.-de-2026-22_31_26-1-750x422.png 750w, https:\/\/www.em.com.br\/emfoco\/wp-content\/uploads\/2026\/04\/ChatGPT-Image-24-de-abr.-de-2026-22_31_26-1-1140x642.png 1140w, https:\/\/www.em.com.br\/emfoco\/wp-content\/uploads\/2026\/04\/ChatGPT-Image-24-de-abr.-de-2026-22_31_26-1.png 1279w\" sizes=\"auto, (max-width: 1024px) 100vw, 1024px\" \/><figcaption class=\"wp-element-caption\">Quem prova essa empanada de carne pede mais<\/figcaption><\/figure>\n\n\n\n<ul class=\"wp-block-list\">\n<li><strong>Carne:<\/strong>\u00a0cerca de 1 kg de carne bovina, mo\u00edda ou em cubinhos (cox\u00e3o mole, patinho ou ac\u00e9m limpo).<\/li>\n\n\n\n<li><strong>Cebola:<\/strong>\u00a0entre 1,5 kg e 2 kg de cebola bem picada, que garante umidade e aroma.<\/li>\n\n\n\n<li><strong>Gordura:<\/strong>\u00a0cerca de 200 g de gordura bovina, banha ou manteiga, intensificando o sabor.<\/li>\n\n\n\n<li><strong>Temperos:<\/strong>\u00a0sal, pimenta-do-reino, piment\u00e3o em p\u00f3 ou p\u00e1prica, cominho e pimenta em flocos.<\/li>\n\n\n\n<li><strong>Complementos:<\/strong>\u00a0ovos cozidos picados e azeitonas verdes sem caro\u00e7o em peda\u00e7os.<\/li>\n\n\n\n<li><strong>Massa caseira:<\/strong>\u00a04 a 5 x\u00edcaras de farinha de trigo, 1 a 1\u00bd x\u00edcara de \u00e1gua morna, 1 colher de sopa rasa de sal e 100 g a 150 g de gordura derretida.<\/li>\n<\/ul>\n\n\n\n<h2 class=\"wp-block-heading\">Como preparar o recheio de empanada de carne passo a passo?<\/h2>\n\n\n\n<p>O recheio \u00e9 o cora\u00e7\u00e3o da&nbsp;<strong>receita de empanada de carne<\/strong>&nbsp;e merece aten\u00e7\u00e3o ao ponto de cozimento. A t\u00e9cnica cl\u00e1ssica come\u00e7a refogando bem a cebola na gordura, em fogo m\u00e9dio, at\u00e9 ficar macia e transl\u00facida, formando um fundo levemente adocicado que equilibra os temperos mais marcantes.<\/p>\n\n\n\n<p>Depois, entra a carne bovina, que deve ser mexida para desfazer pelotas e mudar de cor por igual, sem cozinhar demais. Fora do fogo, voc\u00ea adiciona sal, pimentas, p\u00e1prica, cominho e demais condimentos, deixando o recheio esfriar em temperatura ambiente ou na geladeira antes de misturar ovos cozidos e azeitonas, garantindo textura firme e sabores bem integrados.<\/p>\n\n\n\n<h2 class=\"wp-block-heading\">Como fazer a massa caseira de empanada de carne?<\/h2>\n\n\n\n<p>A massa caseira \u00e9 simples e faz diferen\u00e7a na textura final, tanto para forno quanto para fritura. Em uma tigela grande, misture a farinha com o sal, incorpore a gordura derretida at\u00e9 formar uma farofa \u00famida e, em seguida, acrescente \u00e1gua morna aos poucos, sovando at\u00e9 obter uma massa lisa, macia e que n\u00e3o grude nas m\u00e3os.<\/p>\n\n\n\n<p>Depois de cobrir e deixar descansar por cerca de 20 a 30 minutos, divida a massa em por\u00e7\u00f5es e abra com rolo em superf\u00edcie enfarinhada. Corte discos de 10 a 12 cm para empanadas m\u00e9dias e mantenha-os cobertos enquanto trabalha, evitando que ressequem e prejudiquem o fechamento na hora da montagem.<\/p>\n\n\n\n<figure class=\"wp-block-image size-large\"><img loading=\"lazy\" decoding=\"async\" width=\"1024\" height=\"576\" src=\"https:\/\/www.em.com.br\/emfoco\/wp-content\/uploads\/2026\/04\/ChatGPT-Image-24-de-abr.-de-2026-22_32_21-1-1024x576.png\" alt=\"Quem prova essa empanada de carne pede mais\" class=\"wp-image-198983\" srcset=\"https:\/\/www.em.com.br\/emfoco\/wp-content\/uploads\/2026\/04\/ChatGPT-Image-24-de-abr.-de-2026-22_32_21-1-1024x576.png 1024w, https:\/\/www.em.com.br\/emfoco\/wp-content\/uploads\/2026\/04\/ChatGPT-Image-24-de-abr.-de-2026-22_32_21-1-300x169.png 300w, https:\/\/www.em.com.br\/emfoco\/wp-content\/uploads\/2026\/04\/ChatGPT-Image-24-de-abr.-de-2026-22_32_21-1-768x432.png 768w, https:\/\/www.em.com.br\/emfoco\/wp-content\/uploads\/2026\/04\/ChatGPT-Image-24-de-abr.-de-2026-22_32_21-1-750x422.png 750w, https:\/\/www.em.com.br\/emfoco\/wp-content\/uploads\/2026\/04\/ChatGPT-Image-24-de-abr.-de-2026-22_32_21-1-1140x642.png 1140w, https:\/\/www.em.com.br\/emfoco\/wp-content\/uploads\/2026\/04\/ChatGPT-Image-24-de-abr.-de-2026-22_32_21-1.png 1279w\" sizes=\"auto, (max-width: 1024px) 100vw, 1024px\" \/><figcaption class=\"wp-element-caption\">Quem prova essa empanada de carne pede mais<\/figcaption><\/figure>\n\n\n\n<h2 class=\"wp-block-heading\">Como montar e assar empanadas de carne em casa?<\/h2>\n\n\n\n<p>Com a massa aberta e o recheio frio, \u00e9 hora de montar cada\u00a0<strong><a href=\"https:\/\/www.youtube.com\/watch?v=pXl2ANillT0\" target=\"_blank\" rel=\"noreferrer noopener\">empanada de carne<\/a><\/strong>. Coloque os discos sobre uma superf\u00edcie levemente enfarinhada, recheie o centro deixando espa\u00e7o nas bordas, dobre em meia-lua, retire o ar interno e feche bem, fazendo o repulgue tradicional com as m\u00e3os ou apertando com um garfo para selar.<\/p>\n\n\n\n<p>Antes de assar, voc\u00ea pode pincelar ovo batido para real\u00e7ar a cor e o brilho. Leve ao forno preaquecido entre 220 \u00b0C e 250 \u00b0C, em assadeira untada ou forrada com papel manteiga, por 12 a 20 minutos, at\u00e9 ficarem bem douradas por fora e \u00famidas por dentro; espere alguns minutos antes de servir para o recheio assentar.<\/p>\n\n\n\n<h2 class=\"wp-block-heading\">Quais varia\u00e7\u00f5es e dicas finais deixam a empanada de carne ainda melhor?<\/h2>\n\n\n\n<p>A partir dessa base, a empanada de carne pode ganhar toques regionais e pessoais, sem perder o equil\u00edbrio entre massa crocante e recheio suculento. D\u00e1 para incluir batata em cubos, passas de uva, p\u00e1prica defumada ou pimentas mais intensas, al\u00e9m de alternar entre assar e fritar conforme a ocasi\u00e3o e o sabor desejado.<\/p>\n\n\n\n<p>Agora \u00e9 o momento de colocar a m\u00e3o na massa: escolha os ingredientes, ajuste os temperos ao seu gosto e prepare uma leva de empanadas ainda hoje para compartilhar com quem voc\u00ea gosta. N\u00e3o adie essa experi\u00eancia; cada fornada \u00e9 uma chance de criar mem\u00f3rias afetivas em volta da mesa e transformar um preparo simples em tradi\u00e7\u00e3o viva na sua casa.<\/p>\n","protected":false},"excerpt":{"rendered":"<p>Empanadas de carne fazem parte da rotina de muitas fam\u00edlias na Am\u00e9rica do Sul e seguem firmes em festas, encontros informais e jantares r\u00e1pidos. Com massa simples e recheio bem temperado, elas permitem varia\u00e7\u00f5es conforme a regi\u00e3o e o h\u00e1bito de cada casa, mas a vers\u00e3o tradicional segue como uma das favoritas, f\u00e1cil de fazer [&hellip;]<\/p>\n","protected":false},"author":11,"featured_media":199321,"comment_status":"open","ping_status":"open","sticky":false,"template":"","format":"standard","meta":{"jnews-multi-image_gallery":[],"jnews_single_post":{"format":"standard"},"jnews_primary_category":[],"jnews_social_meta":[],"jnews_override_counter":[],"footnotes":""},"categories":[8819,1],"tags":[13132,28722,365,3440],"class_list":["post-198968","post","type-post","status-publish","format-standard","has-post-thumbnail","hentry","category-curiosidades","category-noticias","tag-carne","tag-empanada","tag-festas","tag-receita"],"yoast_head":"<!-- This site is optimized with the Yoast SEO plugin v23.8 - https:\/\/yoast.com\/wordpress\/plugins\/seo\/ -->\n<title>Como fazer empanadas de carne caseiras: a receita tradicional que \u00e9 de lamber os dedos - Estado de Minas - Em foco<\/title>\n<meta name=\"description\" content=\"Quer empanada de carne perfeita? Veja massa simples, recheio bem temperado e dicas para assar sem erro em casa.\" \/>\n<meta name=\"robots\" content=\"index, follow, max-snippet:-1, max-image-preview:large, max-video-preview:-1\" \/>\n<link rel=\"canonical\" href=\"https:\/\/www.em.com.br\/emfoco\/2026\/04\/26\/como-fazer-empanadas-de-carne-caseiras-a-receita-tradicional-que-e-de-lamber-os-dedos\/\" \/>\n<meta property=\"og:locale\" content=\"pt_BR\" \/>\n<meta property=\"og:type\" content=\"article\" \/>\n<meta property=\"og:title\" content=\"Como fazer empanadas de carne caseiras: a receita tradicional que \u00e9 de lamber os dedos - Estado de Minas - Em foco\" \/>\n<meta property=\"og:description\" content=\"Quer empanada de carne perfeita? Veja massa simples, recheio bem temperado e dicas para assar sem erro em casa.\" \/>\n<meta property=\"og:url\" content=\"https:\/\/www.em.com.br\/emfoco\/2026\/04\/26\/como-fazer-empanadas-de-carne-caseiras-a-receita-tradicional-que-e-de-lamber-os-dedos\/\" \/>\n<meta property=\"og:site_name\" content=\"Estado de Minas - Em foco\" \/>\n<meta property=\"article:published_time\" content=\"2026-04-26T21:25:00+00:00\" \/>\n<meta property=\"article:modified_time\" content=\"2026-04-25T17:19:05+00:00\" \/>\n<meta property=\"og:image\" content=\"https:\/\/www.em.com.br\/emfoco\/wp-content\/uploads\/2026\/04\/EmFoco_33-5.jpg\" \/>\n\t<meta property=\"og:image:width\" content=\"1280\" \/>\n\t<meta property=\"og:image:height\" content=\"720\" \/>\n\t<meta property=\"og:image:type\" content=\"image\/jpeg\" \/>\n<meta name=\"author\" content=\"Andre\u0301 Rangel\u00a0\" \/>\n<meta name=\"twitter:card\" content=\"summary_large_image\" \/>\n<meta name=\"twitter:label1\" content=\"Escrito por\" \/>\n\t<meta name=\"twitter:data1\" content=\"Andre\u0301 Rangel\u00a0\" \/>\n\t<meta name=\"twitter:label2\" content=\"Est. tempo de leitura\" \/>\n\t<meta name=\"twitter:data2\" content=\"5 minutos\" \/>\n<!-- \/ Yoast SEO plugin. -->","yoast_head_json":{"title":"Como fazer empanadas de carne caseiras: a receita tradicional que \u00e9 de lamber os dedos - Estado de Minas - Em foco","description":"Quer empanada de carne perfeita? Veja massa simples, recheio bem temperado e dicas para assar sem erro em casa.","robots":{"index":"index","follow":"follow","max-snippet":"max-snippet:-1","max-image-preview":"max-image-preview:large","max-video-preview":"max-video-preview:-1"},"canonical":"https:\/\/www.em.com.br\/emfoco\/2026\/04\/26\/como-fazer-empanadas-de-carne-caseiras-a-receita-tradicional-que-e-de-lamber-os-dedos\/","og_locale":"pt_BR","og_type":"article","og_title":"Como fazer empanadas de carne caseiras: a receita tradicional que \u00e9 de lamber os dedos - Estado de Minas - Em foco","og_description":"Quer empanada de carne perfeita? Veja massa simples, recheio bem temperado e dicas para assar sem erro em casa.","og_url":"https:\/\/www.em.com.br\/emfoco\/2026\/04\/26\/como-fazer-empanadas-de-carne-caseiras-a-receita-tradicional-que-e-de-lamber-os-dedos\/","og_site_name":"Estado de Minas - Em foco","article_published_time":"2026-04-26T21:25:00+00:00","article_modified_time":"2026-04-25T17:19:05+00:00","og_image":[{"width":1280,"height":720,"url":"https:\/\/www.em.com.br\/emfoco\/wp-content\/uploads\/2026\/04\/EmFoco_33-5.jpg","type":"image\/jpeg"}],"author":"Andre\u0301 Rangel\u00a0","twitter_card":"summary_large_image","twitter_misc":{"Escrito por":"Andre\u0301 Rangel\u00a0","Est. tempo de leitura":"5 minutos"},"schema":{"@context":"https:\/\/schema.org","@graph":[{"@type":"WebPage","@id":"https:\/\/www.em.com.br\/emfoco\/2026\/04\/26\/como-fazer-empanadas-de-carne-caseiras-a-receita-tradicional-que-e-de-lamber-os-dedos\/","url":"https:\/\/www.em.com.br\/emfoco\/2026\/04\/26\/como-fazer-empanadas-de-carne-caseiras-a-receita-tradicional-que-e-de-lamber-os-dedos\/","name":"Como fazer empanadas de carne caseiras: a receita tradicional que \u00e9 de lamber os dedos - Estado de Minas - Em foco","isPartOf":{"@id":"https:\/\/www.em.com.br\/emfoco\/#website"},"primaryImageOfPage":{"@id":"https:\/\/www.em.com.br\/emfoco\/2026\/04\/26\/como-fazer-empanadas-de-carne-caseiras-a-receita-tradicional-que-e-de-lamber-os-dedos\/#primaryimage"},"image":{"@id":"https:\/\/www.em.com.br\/emfoco\/2026\/04\/26\/como-fazer-empanadas-de-carne-caseiras-a-receita-tradicional-que-e-de-lamber-os-dedos\/#primaryimage"},"thumbnailUrl":"https:\/\/www.em.com.br\/emfoco\/wp-content\/uploads\/2026\/04\/EmFoco_33-5.jpg","datePublished":"2026-04-26T21:25:00+00:00","dateModified":"2026-04-25T17:19:05+00:00","author":{"@id":"https:\/\/www.em.com.br\/emfoco\/#\/schema\/person\/60eda09c1fedf0d6891f4cef4b60b8b8"},"description":"Quer empanada de carne perfeita? Veja massa simples, recheio bem temperado e dicas para assar sem erro em casa.","breadcrumb":{"@id":"https:\/\/www.em.com.br\/emfoco\/2026\/04\/26\/como-fazer-empanadas-de-carne-caseiras-a-receita-tradicional-que-e-de-lamber-os-dedos\/#breadcrumb"},"inLanguage":"pt-BR","potentialAction":[{"@type":"ReadAction","target":["https:\/\/www.em.com.br\/emfoco\/2026\/04\/26\/como-fazer-empanadas-de-carne-caseiras-a-receita-tradicional-que-e-de-lamber-os-dedos\/"]}]},{"@type":"ImageObject","inLanguage":"pt-BR","@id":"https:\/\/www.em.com.br\/emfoco\/2026\/04\/26\/como-fazer-empanadas-de-carne-caseiras-a-receita-tradicional-que-e-de-lamber-os-dedos\/#primaryimage","url":"https:\/\/www.em.com.br\/emfoco\/wp-content\/uploads\/2026\/04\/EmFoco_33-5.jpg","contentUrl":"https:\/\/www.em.com.br\/emfoco\/wp-content\/uploads\/2026\/04\/EmFoco_33-5.jpg","width":1280,"height":720,"caption":"Receita tradicional de empanadas com recheio suculento de carne e massa caseira"},{"@type":"BreadcrumbList","@id":"https:\/\/www.em.com.br\/emfoco\/2026\/04\/26\/como-fazer-empanadas-de-carne-caseiras-a-receita-tradicional-que-e-de-lamber-os-dedos\/#breadcrumb","itemListElement":[{"@type":"ListItem","position":1,"name":"In\u00edcio","item":"https:\/\/www.em.com.br\/emfoco\/"},{"@type":"ListItem","position":2,"name":"Como fazer empanadas de carne caseiras: a receita tradicional que \u00e9 de lamber os dedos"}]},{"@type":"WebSite","@id":"https:\/\/www.em.com.br\/emfoco\/#website","url":"https:\/\/www.em.com.br\/emfoco\/","name":"Estado de Minas - Em foco","description":"Acompanhe as \u00faltimas not\u00edcias e fique bem informado sobre tudo o que acontece em Minas Gerais, Brasil e no mundo.","potentialAction":[{"@type":"SearchAction","target":{"@type":"EntryPoint","urlTemplate":"https:\/\/www.em.com.br\/emfoco\/?s={search_term_string}"},"query-input":{"@type":"PropertyValueSpecification","valueRequired":true,"valueName":"search_term_string"}}],"inLanguage":"pt-BR"},{"@type":"Person","@id":"https:\/\/www.em.com.br\/emfoco\/#\/schema\/person\/60eda09c1fedf0d6891f4cef4b60b8b8","name":"Andre\u0301 Rangel\u00a0","image":{"@type":"ImageObject","inLanguage":"pt-BR","@id":"https:\/\/www.em.com.br\/emfoco\/#\/schema\/person\/image\/","url":"https:\/\/secure.gravatar.com\/avatar\/6234dc814c77c8ef6d8bba622c787efc?s=96&d=mm&r=g","contentUrl":"https:\/\/secure.gravatar.com\/avatar\/6234dc814c77c8ef6d8bba622c787efc?s=96&d=mm&r=g","caption":"Andre\u0301 Rangel\u00a0"},"url":"https:\/\/www.em.com.br\/emfoco\/author\/luizmyth\/"}]}},"_links":{"self":[{"href":"https:\/\/www.em.com.br\/emfoco\/wp-json\/wp\/v2\/posts\/198968","targetHints":{"allow":["GET"]}}],"collection":[{"href":"https:\/\/www.em.com.br\/emfoco\/wp-json\/wp\/v2\/posts"}],"about":[{"href":"https:\/\/www.em.com.br\/emfoco\/wp-json\/wp\/v2\/types\/post"}],"author":[{"embeddable":true,"href":"https:\/\/www.em.com.br\/emfoco\/wp-json\/wp\/v2\/users\/11"}],"replies":[{"embeddable":true,"href":"https:\/\/www.em.com.br\/emfoco\/wp-json\/wp\/v2\/comments?post=198968"}],"version-history":[{"count":2,"href":"https:\/\/www.em.com.br\/emfoco\/wp-json\/wp\/v2\/posts\/198968\/revisions"}],"predecessor-version":[{"id":198986,"href":"https:\/\/www.em.com.br\/emfoco\/wp-json\/wp\/v2\/posts\/198968\/revisions\/198986"}],"wp:featuredmedia":[{"embeddable":true,"href":"https:\/\/www.em.com.br\/emfoco\/wp-json\/wp\/v2\/media\/199321"}],"wp:attachment":[{"href":"https:\/\/www.em.com.br\/emfoco\/wp-json\/wp\/v2\/media?parent=198968"}],"wp:term":[{"taxonomy":"category","embeddable":true,"href":"https:\/\/www.em.com.br\/emfoco\/wp-json\/wp\/v2\/categories?post=198968"},{"taxonomy":"post_tag","embeddable":true,"href":"https:\/\/www.em.com.br\/emfoco\/wp-json\/wp\/v2\/tags?post=198968"}],"curies":[{"name":"wp","href":"https:\/\/api.w.org\/{rel}","templated":true}]}}