{"id":198955,"date":"2026-04-26T07:35:00","date_gmt":"2026-04-26T10:35:00","guid":{"rendered":"https:\/\/www.em.com.br\/emfoco\/?p=198955"},"modified":"2026-04-25T14:10:29","modified_gmt":"2026-04-25T17:10:29","slug":"surpreendentemente-deliciosas-panquecas-sem-farinha-muito-faceis-de-preparar","status":"publish","type":"post","link":"https:\/\/www.em.com.br\/emfoco\/2026\/04\/26\/surpreendentemente-deliciosas-panquecas-sem-farinha-muito-faceis-de-preparar\/","title":{"rendered":"Surpreendentemente deliciosas: panquecas sem farinha muito f\u00e1ceis de preparar"},"content":{"rendered":"\n<p>Entre as alternativas para quem quer reduzir o consumo de trigo no dia a dia, as&nbsp;<strong>panquecas sem farinha<\/strong>&nbsp;ganharam espa\u00e7o em cozinhas caseiras e nas redes sociais, com combina\u00e7\u00f5es criativas que rendem massas leves, firmes ou mais \u00famidas, perfeitas tanto para vers\u00f5es salgadas quanto para caf\u00e9s da manh\u00e3 e lanches doces.<\/p>\n\n\n\n<h2 class=\"wp-block-heading\">O que s\u00e3o panquecas sem farinha e por que elas fazem sucesso<\/h2>\n\n\n\n<p>Panquecas sem farinha s\u00e3o preparadas sem farinha de trigo ou outros cereais refinados como base principal, usando farinhas de leguminosas, amidos puros, frutas amassadas, sementes hidratadas e latic\u00ednios fermentados. Elas atendem bem a dietas&nbsp;<strong>sem gl\u00faten<\/strong>, op\u00e7\u00f5es ricas em prote\u00edna vegetal e vers\u00f5es com menos a\u00e7\u00facar adicionado, sem depender de misturas industrializadas.<\/p>\n\n\n\n<p>Do ponto de vista nutricional, podem ter mais fibras, gorduras de melhor perfil e boas fontes de prote\u00edna, como gr\u00e3o-de-bico, ovos, chia ou quinoa. Muitas receitas pedem apenas uma tigela, um batedor e uma frigideira antiaderente, favorecendo o consumo no dia a dia sem complica\u00e7\u00f5es.<\/p>\n\n\n\n<figure class=\"wp-block-image\"><img decoding=\"async\" src=\"https:\/\/www.em.com.br\/emfoco\/wp-content\/uploads\/2025\/11\/panquecas-_1762189288142-1024x576.jpg\" alt=\"\"\/><figcaption class=\"wp-element-caption\">A receita pr\u00e1tica que virou febre entre quem busca leveza e sabor &#8211; Cr\u00e9ditos: depositphotos.com \/ Alexey_Arz<\/figcaption><\/figure>\n\n\n\n<h2 class=\"wp-block-heading\">Como funciona a vers\u00e3o com farinha de gr\u00e3o-de-bico<\/h2>\n\n\n\n<p>Uma das vers\u00f5es mais populares de\u00a0<strong><a href=\"https:\/\/www.em.com.br\/emfoco\/2026\/04\/19\/como-fazer-panquecas-de-aveia-e-banana-uma-receita-saudavel-e-leve\/\" target=\"_blank\" rel=\"noreferrer noopener\">panquecas <\/a>sem farinha<\/strong>\u00a0usa\u00a0<strong>farinha de gr\u00e3o-de-bico<\/strong>, naturalmente sem gl\u00faten, com cerca de 20% de prote\u00edna vegetal e sabor levemente amendoado. Combinada a \u00e1gua, \u00f3leo e temperos, ela forma uma massa fluida que, ao aquecer, ganha consist\u00eancia firme e flex\u00edvel, ideal para enrolar ou dobrar com recheios variados.<\/p>\n\n\n\n<p>Para facilitar o preparo no dia a dia, \u00e9 poss\u00edvel seguir um passo a passo simples, ajustando apenas a quantidade de \u00e1gua para deixar a massa mais fina ou mais espessa conforme o uso desejado:<\/p>\n\n\n\n<ul class=\"wp-block-list\">\n<li>Misturar farinha de gr\u00e3o-de-bico, \u00e1gua e um pouco de \u00f3leo at\u00e9 obter massa lisa.<\/li>\n\n\n\n<li>Temperar com sal e, se quiser, incluir especiarias como c\u00farcuma, cominho ou p\u00e1prica.<\/li>\n\n\n\n<li>Deixar a massa descansar por alguns minutos para hidratar bem a farinha.<\/li>\n\n\n\n<li>Levar por\u00e7\u00f5es \u00e0 frigideira, dourando dos dois lados em fogo m\u00e9dio.<\/li>\n<\/ul>\n\n\n\n<h2 class=\"wp-block-heading\">Quais outras bases podem substituir a farinha tradicional<\/h2>\n\n\n\n<p>Al\u00e9m do gr\u00e3o-de-bico, outras varia\u00e7\u00f5es de&nbsp;<strong>panquecas sem farinha<\/strong>&nbsp;usam diferentes fontes de amido e prote\u00edna para chegar \u00e0 textura desejada. Algumas lembram a panqueca cl\u00e1ssica, enquanto outras se aproximam de pequenos bolos de frigideira, \u00f3timos para o caf\u00e9 da manh\u00e3.<\/p>\n\n\n\n<p>Uma linha comum une&nbsp;<strong>ovos, leite, um latic\u00ednio cremoso e amido<\/strong>&nbsp;(como f\u00e9cula de batata ou amido de milho), em que o latic\u00ednio oferece umidade e leve acidez, e o amido substitui a fun\u00e7\u00e3o estruturante da farinha de trigo. Outra fam\u00edlia de receitas aposta em&nbsp;<strong>banana madura, ovos e sementes<\/strong>, com a fruta garantindo do\u00e7ura natural e as sementes hidratadas (chia ou linha\u00e7a) ajudando na uni\u00e3o dos ingredientes.<\/p>\n\n\n\n<figure class=\"wp-block-image\"><img decoding=\"async\" src=\"https:\/\/www.em.com.br\/emfoco\/wp-content\/uploads\/2026\/01\/panquecas-_1769538399177-1024x576.jpg\" alt=\"\"\/><figcaption class=\"wp-element-caption\">Essa panqueca leve est\u00e1 mudando o caf\u00e9 da manh\u00e3 &#8211; Cr\u00e9ditos: depositphotos.com \/ Kris.Rad<\/figcaption><\/figure>\n\n\n\n<h2 class=\"wp-block-heading\">Como adaptar recheios e coberturas \u00e0s panquecas sem farinha<\/h2>\n\n\n\n<p>O recheio e a cobertura determinam muito da experi\u00eancia final com as panquecas sem farinha, real\u00e7ando notas de coco, o sabor tostado do <a href=\"https:\/\/www.instagram.com\/reel\/DQ-IJWLDmEj\/\" target=\"_blank\" rel=\"noreferrer noopener\">gr\u00e3o-de-bico<\/a> ou a suavidade das massas com latic\u00ednios. \u00c9 importante equilibrar prote\u00ednas, gorduras e fibras para transformar a panqueca em refei\u00e7\u00e3o completa, seja doce ou salgada.<\/p>\n\n\n\n<p>Entre as op\u00e7\u00f5es mais pr\u00e1ticas e vers\u00e1teis, algumas combina\u00e7\u00f5es se destacam e podem ser alternadas ao longo da semana para variar o card\u00e1pio sem esfor\u00e7o:<\/p>\n\n\n\n<ol class=\"wp-block-list\">\n<li>Vers\u00f5es doces: frutas frescas, iogurte natural ou vegetal, cacau em p\u00f3, pastas de oleaginosas e compotas simples de ma\u00e7\u00e3 ou pera.<\/li>\n\n\n\n<li>Vers\u00f5es salgadas: queijos frescos com ervas, cogumelos refogados, pastas de gr\u00e3o-de-bico ou lentilha, ovos mexidos, abacate e folhas verdes.<\/li>\n<\/ol>\n\n\n\n<h2 class=\"wp-block-heading\">Panquecas sem farinha cabem na rotina e por onde come\u00e7ar<\/h2>\n\n\n\n<p>Essas receitas se encaixam bem tanto no planejamento semanal quanto nos improvisos com o que h\u00e1 na geladeira, ajudando a controlar o uso de sal, gorduras e a\u00e7\u00facares. Ao ajustar a espessura da massa, o tipo de base e os acompanhamentos, voc\u00ea constr\u00f3i refei\u00e7\u00f5es r\u00e1pidas e variadas, sem depender sempre da farinha de trigo.<\/p>\n\n\n\n<p>Se voc\u00ea quer mudar sua alimenta\u00e7\u00e3o agora, escolha uma base (gr\u00e3o-de-bico, banana ou latic\u00ednio com amido), teste uma receita ainda hoje e anote o que funcionou melhor. N\u00e3o espere a \u201csegunda-feira perfeita\u201d: comece na pr\u00f3xima refei\u00e7\u00e3o, experimente um recheio diferente e transforme as panquecas sem farinha em um h\u00e1bito real na sua rotina.<\/p>\n","protected":false},"excerpt":{"rendered":"<p>Entre as alternativas para quem quer reduzir o consumo de trigo no dia a dia, as&nbsp;panquecas sem farinha&nbsp;ganharam espa\u00e7o em cozinhas caseiras e nas redes sociais, com combina\u00e7\u00f5es criativas que rendem massas leves, firmes ou mais \u00famidas, perfeitas tanto para vers\u00f5es salgadas quanto para caf\u00e9s da manh\u00e3 e lanches doces. O que s\u00e3o panquecas sem [&hellip;]<\/p>\n","protected":false},"author":11,"featured_media":199316,"comment_status":"open","ping_status":"open","sticky":false,"template":"","format":"standard","meta":{"jnews-multi-image_gallery":[],"jnews_single_post":{"format":"standard"},"jnews_primary_category":[],"jnews_social_meta":[],"jnews_override_counter":[],"footnotes":""},"categories":[8819,1],"tags":[18343,3440,23744],"class_list":["post-198955","post","type-post","status-publish","format-standard","has-post-thumbnail","hentry","category-curiosidades","category-noticias","tag-panquecas","tag-receita","tag-sem-farinha"],"yoast_head":"<!-- This site is optimized with the Yoast SEO plugin v23.8 - https:\/\/yoast.com\/wordpress\/plugins\/seo\/ -->\n<title>Surpreendentemente deliciosas: panquecas sem farinha muito f\u00e1ceis de preparar - Estado de Minas - Em foco<\/title>\n<meta name=\"description\" content=\"Panquecas sem farinha conquistam quem quer reduzir trigo. Veja bases simples e receitas r\u00e1pidas para caf\u00e9, lanche ou jantar.\" \/>\n<meta name=\"robots\" content=\"index, follow, max-snippet:-1, max-image-preview:large, max-video-preview:-1\" \/>\n<link rel=\"canonical\" href=\"https:\/\/www.em.com.br\/emfoco\/2026\/04\/26\/surpreendentemente-deliciosas-panquecas-sem-farinha-muito-faceis-de-preparar\/\" \/>\n<meta property=\"og:locale\" content=\"pt_BR\" \/>\n<meta property=\"og:type\" content=\"article\" \/>\n<meta property=\"og:title\" content=\"Surpreendentemente deliciosas: panquecas sem farinha muito f\u00e1ceis de preparar - Estado de Minas - Em foco\" \/>\n<meta property=\"og:description\" content=\"Panquecas sem farinha conquistam quem quer reduzir trigo. Veja bases simples e receitas r\u00e1pidas para caf\u00e9, lanche ou jantar.\" \/>\n<meta property=\"og:url\" content=\"https:\/\/www.em.com.br\/emfoco\/2026\/04\/26\/surpreendentemente-deliciosas-panquecas-sem-farinha-muito-faceis-de-preparar\/\" \/>\n<meta property=\"og:site_name\" content=\"Estado de Minas - Em foco\" \/>\n<meta property=\"article:published_time\" content=\"2026-04-26T10:35:00+00:00\" \/>\n<meta property=\"article:modified_time\" content=\"2026-04-25T17:10:29+00:00\" \/>\n<meta property=\"og:image\" content=\"https:\/\/www.em.com.br\/emfoco\/wp-content\/uploads\/2026\/04\/EmFoco_20-5.jpg\" \/>\n\t<meta property=\"og:image:width\" content=\"1280\" \/>\n\t<meta property=\"og:image:height\" content=\"720\" \/>\n\t<meta property=\"og:image:type\" content=\"image\/jpeg\" \/>\n<meta name=\"author\" content=\"Andre\u0301 Rangel\u00a0\" \/>\n<meta name=\"twitter:card\" content=\"summary_large_image\" \/>\n<meta name=\"twitter:label1\" content=\"Escrito por\" \/>\n\t<meta name=\"twitter:data1\" content=\"Andre\u0301 Rangel\u00a0\" \/>\n\t<meta name=\"twitter:label2\" content=\"Est. tempo de leitura\" \/>\n\t<meta name=\"twitter:data2\" content=\"5 minutos\" \/>\n<!-- \/ Yoast SEO plugin. -->","yoast_head_json":{"title":"Surpreendentemente deliciosas: panquecas sem farinha muito f\u00e1ceis de preparar - Estado de Minas - Em foco","description":"Panquecas sem farinha conquistam quem quer reduzir trigo. Veja bases simples e receitas r\u00e1pidas para caf\u00e9, lanche ou jantar.","robots":{"index":"index","follow":"follow","max-snippet":"max-snippet:-1","max-image-preview":"max-image-preview:large","max-video-preview":"max-video-preview:-1"},"canonical":"https:\/\/www.em.com.br\/emfoco\/2026\/04\/26\/surpreendentemente-deliciosas-panquecas-sem-farinha-muito-faceis-de-preparar\/","og_locale":"pt_BR","og_type":"article","og_title":"Surpreendentemente deliciosas: panquecas sem farinha muito f\u00e1ceis de preparar - Estado de Minas - Em foco","og_description":"Panquecas sem farinha conquistam quem quer reduzir trigo. Veja bases simples e receitas r\u00e1pidas para caf\u00e9, lanche ou jantar.","og_url":"https:\/\/www.em.com.br\/emfoco\/2026\/04\/26\/surpreendentemente-deliciosas-panquecas-sem-farinha-muito-faceis-de-preparar\/","og_site_name":"Estado de Minas - Em foco","article_published_time":"2026-04-26T10:35:00+00:00","article_modified_time":"2026-04-25T17:10:29+00:00","og_image":[{"width":1280,"height":720,"url":"https:\/\/www.em.com.br\/emfoco\/wp-content\/uploads\/2026\/04\/EmFoco_20-5.jpg","type":"image\/jpeg"}],"author":"Andre\u0301 Rangel\u00a0","twitter_card":"summary_large_image","twitter_misc":{"Escrito por":"Andre\u0301 Rangel\u00a0","Est. tempo de leitura":"5 minutos"},"schema":{"@context":"https:\/\/schema.org","@graph":[{"@type":"WebPage","@id":"https:\/\/www.em.com.br\/emfoco\/2026\/04\/26\/surpreendentemente-deliciosas-panquecas-sem-farinha-muito-faceis-de-preparar\/","url":"https:\/\/www.em.com.br\/emfoco\/2026\/04\/26\/surpreendentemente-deliciosas-panquecas-sem-farinha-muito-faceis-de-preparar\/","name":"Surpreendentemente deliciosas: panquecas sem farinha muito f\u00e1ceis de preparar - Estado de Minas - Em foco","isPartOf":{"@id":"https:\/\/www.em.com.br\/emfoco\/#website"},"primaryImageOfPage":{"@id":"https:\/\/www.em.com.br\/emfoco\/2026\/04\/26\/surpreendentemente-deliciosas-panquecas-sem-farinha-muito-faceis-de-preparar\/#primaryimage"},"image":{"@id":"https:\/\/www.em.com.br\/emfoco\/2026\/04\/26\/surpreendentemente-deliciosas-panquecas-sem-farinha-muito-faceis-de-preparar\/#primaryimage"},"thumbnailUrl":"https:\/\/www.em.com.br\/emfoco\/wp-content\/uploads\/2026\/04\/EmFoco_20-5.jpg","datePublished":"2026-04-26T10:35:00+00:00","dateModified":"2026-04-25T17:10:29+00:00","author":{"@id":"https:\/\/www.em.com.br\/emfoco\/#\/schema\/person\/60eda09c1fedf0d6891f4cef4b60b8b8"},"description":"Panquecas sem farinha conquistam quem quer reduzir trigo. Veja bases simples e receitas r\u00e1pidas para caf\u00e9, lanche ou jantar.","breadcrumb":{"@id":"https:\/\/www.em.com.br\/emfoco\/2026\/04\/26\/surpreendentemente-deliciosas-panquecas-sem-farinha-muito-faceis-de-preparar\/#breadcrumb"},"inLanguage":"pt-BR","potentialAction":[{"@type":"ReadAction","target":["https:\/\/www.em.com.br\/emfoco\/2026\/04\/26\/surpreendentemente-deliciosas-panquecas-sem-farinha-muito-faceis-de-preparar\/"]}]},{"@type":"ImageObject","inLanguage":"pt-BR","@id":"https:\/\/www.em.com.br\/emfoco\/2026\/04\/26\/surpreendentemente-deliciosas-panquecas-sem-farinha-muito-faceis-de-preparar\/#primaryimage","url":"https:\/\/www.em.com.br\/emfoco\/wp-content\/uploads\/2026\/04\/EmFoco_20-5.jpg","contentUrl":"https:\/\/www.em.com.br\/emfoco\/wp-content\/uploads\/2026\/04\/EmFoco_20-5.jpg","width":1280,"height":720,"caption":"Substitutos nutricionais ao trigo que oferecem versatilidade em preparos de panquecas caseiras"},{"@type":"BreadcrumbList","@id":"https:\/\/www.em.com.br\/emfoco\/2026\/04\/26\/surpreendentemente-deliciosas-panquecas-sem-farinha-muito-faceis-de-preparar\/#breadcrumb","itemListElement":[{"@type":"ListItem","position":1,"name":"In\u00edcio","item":"https:\/\/www.em.com.br\/emfoco\/"},{"@type":"ListItem","position":2,"name":"Surpreendentemente deliciosas: panquecas sem farinha muito f\u00e1ceis de preparar"}]},{"@type":"WebSite","@id":"https:\/\/www.em.com.br\/emfoco\/#website","url":"https:\/\/www.em.com.br\/emfoco\/","name":"Estado de Minas - Em foco","description":"Acompanhe as \u00faltimas not\u00edcias e fique bem informado sobre tudo o que acontece em Minas Gerais, Brasil e no mundo.","potentialAction":[{"@type":"SearchAction","target":{"@type":"EntryPoint","urlTemplate":"https:\/\/www.em.com.br\/emfoco\/?s={search_term_string}"},"query-input":{"@type":"PropertyValueSpecification","valueRequired":true,"valueName":"search_term_string"}}],"inLanguage":"pt-BR"},{"@type":"Person","@id":"https:\/\/www.em.com.br\/emfoco\/#\/schema\/person\/60eda09c1fedf0d6891f4cef4b60b8b8","name":"Andre\u0301 Rangel\u00a0","image":{"@type":"ImageObject","inLanguage":"pt-BR","@id":"https:\/\/www.em.com.br\/emfoco\/#\/schema\/person\/image\/","url":"https:\/\/secure.gravatar.com\/avatar\/6234dc814c77c8ef6d8bba622c787efc?s=96&d=mm&r=g","contentUrl":"https:\/\/secure.gravatar.com\/avatar\/6234dc814c77c8ef6d8bba622c787efc?s=96&d=mm&r=g","caption":"Andre\u0301 Rangel\u00a0"},"url":"https:\/\/www.em.com.br\/emfoco\/author\/luizmyth\/"}]}},"_links":{"self":[{"href":"https:\/\/www.em.com.br\/emfoco\/wp-json\/wp\/v2\/posts\/198955","targetHints":{"allow":["GET"]}}],"collection":[{"href":"https:\/\/www.em.com.br\/emfoco\/wp-json\/wp\/v2\/posts"}],"about":[{"href":"https:\/\/www.em.com.br\/emfoco\/wp-json\/wp\/v2\/types\/post"}],"author":[{"embeddable":true,"href":"https:\/\/www.em.com.br\/emfoco\/wp-json\/wp\/v2\/users\/11"}],"replies":[{"embeddable":true,"href":"https:\/\/www.em.com.br\/emfoco\/wp-json\/wp\/v2\/comments?post=198955"}],"version-history":[{"count":2,"href":"https:\/\/www.em.com.br\/emfoco\/wp-json\/wp\/v2\/posts\/198955\/revisions"}],"predecessor-version":[{"id":198984,"href":"https:\/\/www.em.com.br\/emfoco\/wp-json\/wp\/v2\/posts\/198955\/revisions\/198984"}],"wp:featuredmedia":[{"embeddable":true,"href":"https:\/\/www.em.com.br\/emfoco\/wp-json\/wp\/v2\/media\/199316"}],"wp:attachment":[{"href":"https:\/\/www.em.com.br\/emfoco\/wp-json\/wp\/v2\/media?parent=198955"}],"wp:term":[{"taxonomy":"category","embeddable":true,"href":"https:\/\/www.em.com.br\/emfoco\/wp-json\/wp\/v2\/categories?post=198955"},{"taxonomy":"post_tag","embeddable":true,"href":"https:\/\/www.em.com.br\/emfoco\/wp-json\/wp\/v2\/tags?post=198955"}],"curies":[{"name":"wp","href":"https:\/\/api.w.org\/{rel}","templated":true}]}}