{"id":198953,"date":"2026-04-26T09:55:00","date_gmt":"2026-04-26T12:55:00","guid":{"rendered":"https:\/\/www.em.com.br\/emfoco\/?p=198953"},"modified":"2026-04-25T14:35:50","modified_gmt":"2026-04-25T17:35:50","slug":"o-fenomeno-da-polinizacao-caseira-que-transforma-muros-simples-em-um-pomar-produtivo-e-perfumado","status":"publish","type":"post","link":"https:\/\/www.em.com.br\/emfoco\/2026\/04\/26\/o-fenomeno-da-polinizacao-caseira-que-transforma-muros-simples-em-um-pomar-produtivo-e-perfumado\/","title":{"rendered":"O fen\u00f4meno da poliniza\u00e7\u00e3o caseira que transforma muros simples em um pomar produtivo e perfumado"},"content":{"rendered":"\n<p>Voc\u00ea caminha pelo seu quintal e imagina o perfume das flores roxas enquanto decide <strong>plantar maracuj\u00e1 em casa<\/strong> para colher seus pr\u00f3prios frutos. Ser\u00e1 que existe um segredo simples para fazer essa trepadeira florescer e produzir polpa doce sem precisar de grandes espa\u00e7os?<\/p>\n\n\n\n<h2 class=\"wp-block-heading\">Qual o melhor local para plantar maracuj\u00e1 em casa com sucesso<\/h2>\n\n\n\n<p>O maracujazeiro precisa de pelo menos seis horas di\u00e1rias de sol pleno para desenvolver suas flores exuberantes e saud\u00e1veis. Escolha um muro ou uma cerca resistente que sirva de suporte para o crescimento r\u00e1pido das gavinhas da planta. Esse <strong>direcionamento solar<\/strong> garante que a folhagem permane\u00e7a verde e livre de fungos indesejados durante todo o ano.<\/p>\n\n\n\n<p>O solo deve ser leve, bem drenado e rico em mat\u00e9ria org\u00e2nica para facilitar a absor\u00e7\u00e3o de nutrientes vitais. Evite locais com vento excessivo que podem danificar as p\u00e9talas sens\u00edveis e impedir a fixa\u00e7\u00e3o dos frutos jovens. Prepare a terra com <strong>composto org\u00e2nico<\/strong> de qualidade para oferecer o suporte necess\u00e1rio ao sistema radicular vigoroso.<\/p>\n\n\n\n<figure class=\"wp-block-image size-large\"><img loading=\"lazy\" decoding=\"async\" width=\"1024\" height=\"576\" src=\"https:\/\/www.em.com.br\/emfoco\/wp-content\/uploads\/2026\/04\/maracuja_1777079878717-1024x576.jpg\" alt=\"plantar maracuj\u00e1 em casa\" class=\"wp-image-198966\" srcset=\"https:\/\/www.em.com.br\/emfoco\/wp-content\/uploads\/2026\/04\/maracuja_1777079878717-1024x576.jpg 1024w, https:\/\/www.em.com.br\/emfoco\/wp-content\/uploads\/2026\/04\/maracuja_1777079878717-300x169.jpg 300w, https:\/\/www.em.com.br\/emfoco\/wp-content\/uploads\/2026\/04\/maracuja_1777079878717-768x432.jpg 768w, https:\/\/www.em.com.br\/emfoco\/wp-content\/uploads\/2026\/04\/maracuja_1777079878717-750x422.jpg 750w, https:\/\/www.em.com.br\/emfoco\/wp-content\/uploads\/2026\/04\/maracuja_1777079878717-1140x641.jpg 1140w, https:\/\/www.em.com.br\/emfoco\/wp-content\/uploads\/2026\/04\/maracuja_1777079878717.jpg 1280w\" sizes=\"auto, (max-width: 1024px) 100vw, 1024px\" \/><figcaption class=\"wp-element-caption\">O solo deve ser leve, bem drenado e rico em mat\u00e9ria org\u00e2nica para facilitar a absor\u00e7\u00e3o de nutrientes vitais. &#8211; Cr\u00e9ditos: depositphotos.com \/ Kinderkz<\/figcaption><\/figure>\n\n\n\n<p>Leia tamb\u00e9m: <a href=\"https:\/\/www.em.com.br\/emfoco\/2026\/04\/11\/aprenda-a-como-plantar-cravo-da-india-e-cultivar-flores-aromaticas-em-casa\/\" target=\"_blank\" rel=\"noreferrer noopener\">Aprenda a como plantar cravo-da-\u00edndia e cultivar flores arom\u00e1ticas em casa<\/a><\/p>\n\n\n\n<h2 class=\"wp-block-heading\">Como cuidar da rega ao plantar maracuj\u00e1 em casa<\/h2>\n\n\n\n<p>A manuten\u00e7\u00e3o da umidade correta \u00e9 fundamental para evitar o abortamento das flores antes da poliniza\u00e7\u00e3o natural ocorrer. Regue a base da planta sempre que notar a camada superficial da terra levemente seca ao toque dos dedos. O <strong>equil\u00edbrio h\u00eddrico<\/strong> evita o estresse vegetal e promove um desenvolvimento constante da estrutura principal da trepadeira.<\/p>\n\n\n\n<p>Durante os meses mais quentes do ver\u00e3o, a demanda por \u00e1gua aumenta significativamente para sustentar o peso dos frutos em crescimento. Use coberturas mortas como palha ou folhas secas para manter a <strong>frescura das ra\u00edzes<\/strong> e economizar tempo no jardim. Observe os itens abaixo para garantir que sua planta receba o tratamento h\u00eddrico ideal para produzir bastante polpa:<\/p>\n\n\n\n<ul class=\"wp-block-list\">\n<li>Regue preferencialmente no in\u00edcio da manh\u00e3 ou no final da tarde.<\/li>\n\n\n\n<li>Evite molhar as folhas diretamente para prevenir doen\u00e7as causadas por umidade.<\/li>\n\n\n\n<li>Aumente a frequ\u00eancia das regas quando os primeiros bot\u00f5es florais surgirem.<\/li>\n<\/ul>\n\n\n\n<figure class=\"wp-block-embed is-type-rich is-provider-pinterest wp-block-embed-pinterest\"><div class=\"wp-block-embed__wrapper\">\n<iframe loading=\"lazy\" title=\" \" src=\"https:\/\/assets.pinterest.com\/ext\/embed.html?id=588564245078702349&#038;src=oembed\" height=\"899\" width=\"450\" frameborder=\"0\" scrolling=\"no\" ><\/iframe>\n<\/div><\/figure>\n\n\n\n<h2 class=\"wp-block-heading\">A import\u00e2ncia da poliniza\u00e7\u00e3o manual para garantir a colheita<\/h2>\n\n\n\n<p>Muitas vezes as flores abrem mas n\u00e3o viram frutos por falta de insetos polinizadores como a mamangava no jardim. Voc\u00ea pode realizar esse processo manualmente utilizando um pequeno pincel macio para transferir o p\u00f3len entre as flores abertas. Esse <strong>toque delicado<\/strong> aumenta drasticamente as chances de sucesso na produ\u00e7\u00e3o de maracuj\u00e1s grandes e pesados.<\/p>\n\n\n\n<p>Escolha o per\u00edodo da tarde para fazer essa interven\u00e7\u00e3o humana, pois \u00e9 quando as flores est\u00e3o mais receptivas ao p\u00f3len. Transfira o material amarelado de uma flor para outra com movimentos circulares e <strong>paci\u00eancia redobrada<\/strong> em cada ramo. Essa t\u00e9cnica artesanal garante que voc\u00ea tenha uma <strong>colheita farta<\/strong> mesmo morando em \u00e1reas urbanas com poucos insetos.<\/p>\n\n\n\n<p>Para voc\u00ea que gosta de se cuidar, separamos um v\u00eddeo do canal <a href=\"https:\/\/www.youtube.com\/@off-grid-Plinio\" target=\"_blank\" rel=\"noreferrer noopener\">Planta\u00e7\u00e3o e Sobreviv\u00eancia<\/a> com dicas para plantar maracuj\u00e1:<\/p>\n\n\n\n<figure class=\"wp-block-embed is-type-video is-provider-youtube wp-block-embed-youtube wp-embed-aspect-16-9 wp-has-aspect-ratio\"><div class=\"wp-block-embed__wrapper\">\n<div class=\"jeg_video_container jeg_video_content\"><iframe loading=\"lazy\" title=\"Como plantar maracuj\u00e1 - come\u00e7o, meio e fim\" width=\"500\" height=\"281\" src=\"https:\/\/www.youtube.com\/embed\/LT9eIRuv-RU?start=1&#038;feature=oembed\" frameborder=\"0\" allow=\"accelerometer; autoplay; clipboard-write; encrypted-media; gyroscope; picture-in-picture; web-share\" referrerpolicy=\"strict-origin-when-cross-origin\" allowfullscreen><\/iframe><\/div>\n<\/div><\/figure>\n\n\n\n<h2 class=\"wp-block-heading\">O que fazer para plantar maracuj\u00e1 em casa e evitar pragas<\/h2>\n\n\n\n<p>Lagartas de borboletas costumam visitar o maracujazeiro e podem devorar as folhas jovens em poucos dias de descuido. Fa\u00e7a inspe\u00e7\u00f5es visuais frequentes e retire manualmente qualquer invasor que ameace a <strong>integridade da folhagem<\/strong> ou dos brotos novos. Manter a planta limpa e bem nutrida fortalece as <strong>defesas naturais<\/strong> contra doen\u00e7as comuns da horta dom\u00e9stica.<\/p>\n\n\n\n<p>O uso de repelentes naturais como o \u00f3leo de neem ajuda a afastar insetos nocivos sem prejudicar a qualidade do fruto final. Aplique a solu\u00e7\u00e3o nas horas de sol fraco para n\u00e3o queimar as folhas sens\u00edveis da sua <strong>planta\u00e7\u00e3o caseira<\/strong> dedicada. O uso frequente de <strong>adubos naturais<\/strong> garante uma estrutura mais resistente e frutos muito mais saborosos para sua fam\u00edlia.<\/p>\n\n\n\n<h2 class=\"wp-block-heading\">Colha os frutos do seu esfor\u00e7o no jardim<\/h2>\n\n\n\n<p>O momento da colheita chega quando a casca do maracuj\u00e1 ganha um tom amarelo vibrante e cai naturalmente. Respeite o tempo da natureza e aproveite o <strong>aroma incr\u00edvel<\/strong> que se espalha pelo ambiente da sua casa. Saboreie cada colherada dessa fruta fresca cultivada com suas pr\u00f3prias m\u00e3os e muito <strong>carinho di\u00e1rio<\/strong>.<\/p>\n\n\n\n<p>Transformar seu espa\u00e7o em um pomar produtivo traz uma sensa\u00e7\u00e3o indescrit\u00edvel de paz e realiza\u00e7\u00e3o pessoal constante. Compartilhe essa experi\u00eancia gratificante com suas amigas e incentive o <strong>cultivo dom\u00e9stico<\/strong> de alimentos saud\u00e1veis e puros. Sinta o prazer de ter a natureza sempre por perto atrav\u00e9s dessa <strong>atividade terap\u00eautica<\/strong> maravilhosa.<\/p>\n","protected":false},"excerpt":{"rendered":"<p>Voc\u00ea caminha pelo seu quintal e imagina o perfume das flores roxas enquanto decide plantar maracuj\u00e1 em casa para colher seus pr\u00f3prios frutos. Ser\u00e1 que existe um segredo simples para fazer essa trepadeira florescer e produzir polpa doce sem precisar de grandes espa\u00e7os? Qual o melhor local para plantar maracuj\u00e1 em casa com sucesso O [&hellip;]<\/p>\n","protected":false},"author":9,"featured_media":199347,"comment_status":"open","ping_status":"open","sticky":false,"template":"","format":"standard","meta":{"jnews-multi-image_gallery":[],"jnews_single_post":{"format":"standard"},"jnews_primary_category":[],"jnews_social_meta":[],"jnews_override_counter":[],"footnotes":""},"categories":[8691,29],"tags":[5465,3815,28720],"class_list":["post-198953","post","type-post","status-publish","format-standard","has-post-thumbnail","hentry","category-bem-estar","category-entretenimento","tag-cultivo-organico","tag-horta-em-casa","tag-maracujazeiro"],"yoast_head":"<!-- This site is optimized with the Yoast SEO plugin v23.8 - https:\/\/yoast.com\/wordpress\/plugins\/seo\/ -->\n<title>O fen\u00f4meno da poliniza\u00e7\u00e3o caseira que transforma muros simples em um pomar produtivo e perfumado - Estado de Minas - Em foco<\/title>\n<meta name=\"description\" content=\"Aprenda o passo a passo para plantar maracuj\u00e1 em casa e ter frutos deliciosos no quintal. Veja dicas de sol e rega para sua horta caseira.\" \/>\n<meta name=\"robots\" content=\"index, follow, max-snippet:-1, max-image-preview:large, max-video-preview:-1\" \/>\n<link rel=\"canonical\" href=\"https:\/\/www.em.com.br\/emfoco\/2026\/04\/26\/o-fenomeno-da-polinizacao-caseira-que-transforma-muros-simples-em-um-pomar-produtivo-e-perfumado\/\" \/>\n<meta property=\"og:locale\" content=\"pt_BR\" \/>\n<meta property=\"og:type\" content=\"article\" \/>\n<meta property=\"og:title\" content=\"O fen\u00f4meno da poliniza\u00e7\u00e3o caseira que transforma muros simples em um pomar produtivo e perfumado - Estado de Minas - Em foco\" \/>\n<meta property=\"og:description\" content=\"Aprenda o passo a passo para plantar maracuj\u00e1 em casa e ter frutos deliciosos no quintal. Veja dicas de sol e rega para sua horta caseira.\" \/>\n<meta property=\"og:url\" content=\"https:\/\/www.em.com.br\/emfoco\/2026\/04\/26\/o-fenomeno-da-polinizacao-caseira-que-transforma-muros-simples-em-um-pomar-produtivo-e-perfumado\/\" \/>\n<meta property=\"og:site_name\" content=\"Estado de Minas - Em foco\" \/>\n<meta property=\"article:published_time\" content=\"2026-04-26T12:55:00+00:00\" \/>\n<meta property=\"article:modified_time\" content=\"2026-04-25T17:35:50+00:00\" \/>\n<meta property=\"og:image\" content=\"https:\/\/www.em.com.br\/emfoco\/wp-content\/uploads\/2026\/04\/EmFoco_50-6.jpg\" \/>\n\t<meta property=\"og:image:width\" content=\"1280\" \/>\n\t<meta property=\"og:image:height\" content=\"720\" \/>\n\t<meta property=\"og:image:type\" content=\"image\/jpeg\" \/>\n<meta name=\"author\" content=\"Daniely Cardoso\" \/>\n<meta name=\"twitter:card\" content=\"summary_large_image\" \/>\n<meta name=\"twitter:label1\" content=\"Escrito por\" \/>\n\t<meta name=\"twitter:data1\" content=\"Daniely Cardoso\" \/>\n\t<meta name=\"twitter:label2\" content=\"Est. tempo de leitura\" \/>\n\t<meta name=\"twitter:data2\" content=\"5 minutos\" \/>\n<!-- \/ Yoast SEO plugin. -->","yoast_head_json":{"title":"O fen\u00f4meno da poliniza\u00e7\u00e3o caseira que transforma muros simples em um pomar produtivo e perfumado - Estado de Minas - Em foco","description":"Aprenda o passo a passo para plantar maracuj\u00e1 em casa e ter frutos deliciosos no quintal. Veja dicas de sol e rega para sua horta caseira.","robots":{"index":"index","follow":"follow","max-snippet":"max-snippet:-1","max-image-preview":"max-image-preview:large","max-video-preview":"max-video-preview:-1"},"canonical":"https:\/\/www.em.com.br\/emfoco\/2026\/04\/26\/o-fenomeno-da-polinizacao-caseira-que-transforma-muros-simples-em-um-pomar-produtivo-e-perfumado\/","og_locale":"pt_BR","og_type":"article","og_title":"O fen\u00f4meno da poliniza\u00e7\u00e3o caseira que transforma muros simples em um pomar produtivo e perfumado - Estado de Minas - Em foco","og_description":"Aprenda o passo a passo para plantar maracuj\u00e1 em casa e ter frutos deliciosos no quintal. Veja dicas de sol e rega para sua horta caseira.","og_url":"https:\/\/www.em.com.br\/emfoco\/2026\/04\/26\/o-fenomeno-da-polinizacao-caseira-que-transforma-muros-simples-em-um-pomar-produtivo-e-perfumado\/","og_site_name":"Estado de Minas - Em foco","article_published_time":"2026-04-26T12:55:00+00:00","article_modified_time":"2026-04-25T17:35:50+00:00","og_image":[{"width":1280,"height":720,"url":"https:\/\/www.em.com.br\/emfoco\/wp-content\/uploads\/2026\/04\/EmFoco_50-6.jpg","type":"image\/jpeg"}],"author":"Daniely Cardoso","twitter_card":"summary_large_image","twitter_misc":{"Escrito por":"Daniely Cardoso","Est. tempo de leitura":"5 minutos"},"schema":{"@context":"https:\/\/schema.org","@graph":[{"@type":"WebPage","@id":"https:\/\/www.em.com.br\/emfoco\/2026\/04\/26\/o-fenomeno-da-polinizacao-caseira-que-transforma-muros-simples-em-um-pomar-produtivo-e-perfumado\/","url":"https:\/\/www.em.com.br\/emfoco\/2026\/04\/26\/o-fenomeno-da-polinizacao-caseira-que-transforma-muros-simples-em-um-pomar-produtivo-e-perfumado\/","name":"O fen\u00f4meno da poliniza\u00e7\u00e3o caseira que transforma muros simples em um pomar produtivo e perfumado - Estado de Minas - Em foco","isPartOf":{"@id":"https:\/\/www.em.com.br\/emfoco\/#website"},"primaryImageOfPage":{"@id":"https:\/\/www.em.com.br\/emfoco\/2026\/04\/26\/o-fenomeno-da-polinizacao-caseira-que-transforma-muros-simples-em-um-pomar-produtivo-e-perfumado\/#primaryimage"},"image":{"@id":"https:\/\/www.em.com.br\/emfoco\/2026\/04\/26\/o-fenomeno-da-polinizacao-caseira-que-transforma-muros-simples-em-um-pomar-produtivo-e-perfumado\/#primaryimage"},"thumbnailUrl":"https:\/\/www.em.com.br\/emfoco\/wp-content\/uploads\/2026\/04\/EmFoco_50-6.jpg","datePublished":"2026-04-26T12:55:00+00:00","dateModified":"2026-04-25T17:35:50+00:00","author":{"@id":"https:\/\/www.em.com.br\/emfoco\/#\/schema\/person\/0a8186d72f2c3a5c6276d90b41f271a0"},"description":"Aprenda o passo a passo para plantar maracuj\u00e1 em casa e ter frutos deliciosos no quintal. Veja dicas de sol e rega para sua horta caseira.","breadcrumb":{"@id":"https:\/\/www.em.com.br\/emfoco\/2026\/04\/26\/o-fenomeno-da-polinizacao-caseira-que-transforma-muros-simples-em-um-pomar-produtivo-e-perfumado\/#breadcrumb"},"inLanguage":"pt-BR","potentialAction":[{"@type":"ReadAction","target":["https:\/\/www.em.com.br\/emfoco\/2026\/04\/26\/o-fenomeno-da-polinizacao-caseira-que-transforma-muros-simples-em-um-pomar-produtivo-e-perfumado\/"]}]},{"@type":"ImageObject","inLanguage":"pt-BR","@id":"https:\/\/www.em.com.br\/emfoco\/2026\/04\/26\/o-fenomeno-da-polinizacao-caseira-que-transforma-muros-simples-em-um-pomar-produtivo-e-perfumado\/#primaryimage","url":"https:\/\/www.em.com.br\/emfoco\/wp-content\/uploads\/2026\/04\/EmFoco_50-6.jpg","contentUrl":"https:\/\/www.em.com.br\/emfoco\/wp-content\/uploads\/2026\/04\/EmFoco_50-6.jpg","width":1280,"height":720,"caption":"T\u00e9cnicas de cultivo e poliniza\u00e7\u00e3o manual para produzir maracuj\u00e1s suculentos em casa"},{"@type":"BreadcrumbList","@id":"https:\/\/www.em.com.br\/emfoco\/2026\/04\/26\/o-fenomeno-da-polinizacao-caseira-que-transforma-muros-simples-em-um-pomar-produtivo-e-perfumado\/#breadcrumb","itemListElement":[{"@type":"ListItem","position":1,"name":"In\u00edcio","item":"https:\/\/www.em.com.br\/emfoco\/"},{"@type":"ListItem","position":2,"name":"O fen\u00f4meno da poliniza\u00e7\u00e3o caseira que transforma muros simples em um pomar produtivo e perfumado"}]},{"@type":"WebSite","@id":"https:\/\/www.em.com.br\/emfoco\/#website","url":"https:\/\/www.em.com.br\/emfoco\/","name":"Estado de Minas - Em foco","description":"Acompanhe as \u00faltimas not\u00edcias e fique bem informado sobre tudo o que acontece em Minas Gerais, Brasil e no mundo.","potentialAction":[{"@type":"SearchAction","target":{"@type":"EntryPoint","urlTemplate":"https:\/\/www.em.com.br\/emfoco\/?s={search_term_string}"},"query-input":{"@type":"PropertyValueSpecification","valueRequired":true,"valueName":"search_term_string"}}],"inLanguage":"pt-BR"},{"@type":"Person","@id":"https:\/\/www.em.com.br\/emfoco\/#\/schema\/person\/0a8186d72f2c3a5c6276d90b41f271a0","name":"Daniely Cardoso","image":{"@type":"ImageObject","inLanguage":"pt-BR","@id":"https:\/\/www.em.com.br\/emfoco\/#\/schema\/person\/image\/","url":"https:\/\/secure.gravatar.com\/avatar\/4b80ddbd124d1f071b626d52d62e5dff?s=96&d=mm&r=g","contentUrl":"https:\/\/secure.gravatar.com\/avatar\/4b80ddbd124d1f071b626d52d62e5dff?s=96&d=mm&r=g","caption":"Daniely Cardoso"},"url":"https:\/\/www.em.com.br\/emfoco\/author\/danielymyth\/"}]}},"_links":{"self":[{"href":"https:\/\/www.em.com.br\/emfoco\/wp-json\/wp\/v2\/posts\/198953","targetHints":{"allow":["GET"]}}],"collection":[{"href":"https:\/\/www.em.com.br\/emfoco\/wp-json\/wp\/v2\/posts"}],"about":[{"href":"https:\/\/www.em.com.br\/emfoco\/wp-json\/wp\/v2\/types\/post"}],"author":[{"embeddable":true,"href":"https:\/\/www.em.com.br\/emfoco\/wp-json\/wp\/v2\/users\/9"}],"replies":[{"embeddable":true,"href":"https:\/\/www.em.com.br\/emfoco\/wp-json\/wp\/v2\/comments?post=198953"}],"version-history":[{"count":1,"href":"https:\/\/www.em.com.br\/emfoco\/wp-json\/wp\/v2\/posts\/198953\/revisions"}],"predecessor-version":[{"id":198969,"href":"https:\/\/www.em.com.br\/emfoco\/wp-json\/wp\/v2\/posts\/198953\/revisions\/198969"}],"wp:featuredmedia":[{"embeddable":true,"href":"https:\/\/www.em.com.br\/emfoco\/wp-json\/wp\/v2\/media\/199347"}],"wp:attachment":[{"href":"https:\/\/www.em.com.br\/emfoco\/wp-json\/wp\/v2\/media?parent=198953"}],"wp:term":[{"taxonomy":"category","embeddable":true,"href":"https:\/\/www.em.com.br\/emfoco\/wp-json\/wp\/v2\/categories?post=198953"},{"taxonomy":"post_tag","embeddable":true,"href":"https:\/\/www.em.com.br\/emfoco\/wp-json\/wp\/v2\/tags?post=198953"}],"curies":[{"name":"wp","href":"https:\/\/api.w.org\/{rel}","templated":true}]}}