{"id":198917,"date":"2026-04-26T13:45:00","date_gmt":"2026-04-26T16:45:00","guid":{"rendered":"https:\/\/www.em.com.br\/emfoco\/?p=198917"},"modified":"2026-04-25T14:11:35","modified_gmt":"2026-04-25T17:11:35","slug":"adeus-a-uma-loja-iconica-com-35-anos-de-trabalho-em-shoppings-fecha-92-unidades","status":"publish","type":"post","link":"https:\/\/www.em.com.br\/emfoco\/2026\/04\/26\/adeus-a-uma-loja-iconica-com-35-anos-de-trabalho-em-shoppings-fecha-92-unidades\/","title":{"rendered":"Adeus a uma loja ic\u00f4nica: com 35 anos de trabalho em shoppings, fecha 92 unidades"},"content":{"rendered":"\n<p>Ao longo de mais de tr\u00eas d\u00e9cadas, a <strong>Bath &amp; Body Works <\/strong>se consolidou como uma das redes de varejo mais conhecidas em fragr\u00e2ncias e cuidados pessoais, mas vem redesenhando rapidamente seu modelo f\u00edsico e digital. A partir de 2025, a marca passou a reduzir a depend\u00eancia de shoppings, acelerar pontos de venda off-mall e rever custos, buscando um varejo mais \u00e1gil, conectado ao omnichannel e \u00e0 press\u00e3o por maior efici\u00eancia operacional em um mercado competitivo de beleza e bem-estar.<\/p>\n\n\n\n<h2 class=\"wp-block-heading\">Como est\u00e1 mudando a presen\u00e7a f\u00edsica da Bath &amp; Body Works<\/h2>\n\n\n\n<p>A <strong>Bath &amp; Body Works <\/strong>iniciou uma mudan\u00e7a estrutural, reduzindo lojas em shoppings e priorizando endere\u00e7os off-mall mais produtivos. Em 2025, encerrou 92 pontos de venda no mundo, sendo 62 nos Estados Unidos e 30 administrados por parceiros internacionais, em sua maioria localizados em centros comerciais tradicionais.<\/p>\n\n\n\n<p>No mesmo per\u00edodo, abriu 21 novas lojas na Am\u00e9rica do Norte, todas fora de shoppings, em ruas comerciais e power centers. Com isso, cerca de 60% das lojas na regi\u00e3o j\u00e1 operam em locais off-mall, somando 1.927 lojas pr\u00f3prias na Am\u00e9rica do Norte e 573 pontos internacionais, em um claro redesenho de portf\u00f3lio f\u00edsico.<\/p>\n\n\n\n<figure class=\"wp-block-image\"><img decoding=\"async\" src=\"https:\/\/www.em.com.br\/emfoco\/wp-content\/uploads\/2026\/04\/Gemini_Generated_Image_qdheixqdheixqdhe-1-1024x576.png\" alt=\"\"\/><figcaption class=\"wp-element-caption\">Fechamento marca nova fase<\/figcaption><\/figure>\n\n\n\n<h2 class=\"wp-block-heading\">O que \u00e9 a estrat\u00e9gia Consumer First Formula da Bath &amp; Body Works<\/h2>\n\n\n\n<p>A reconfigura\u00e7\u00e3o da rede f\u00edsica est\u00e1 integrada \u00e0 estrat\u00e9gia \u201c<strong>Consumer First Formula<\/strong>\u201d, focada em inova\u00e7\u00e3o, relev\u00e2ncia de marca, competitividade e efici\u00eancia operacional. A empresa busca lan\u00e7ar produtos mais diferenciados em cuidado corporal e fragr\u00e2ncias para o lar, enquanto simplifica processos internos e reduz custos ao longo da cadeia.<\/p>\n\n\n\n<p>Essa abordagem tamb\u00e9m envolve revisar contratos de aluguel, layout de lojas, dimensionamento de equipes e log\u00edstica, alinhando a experi\u00eancia de compra a um consumidor mais digital. O objetivo \u00e9 sustentar o reconhecimento constru\u00eddo nos shoppings, mas em formatos mais flex\u00edveis e em m\u00faltiplos canais, pr\u00f3prios e de parceiros.<\/p>\n\n\n\n<h2 class=\"wp-block-heading\">Como a expans\u00e3o digital e a Amazon refor\u00e7am a presen\u00e7a da marca<\/h2>\n\n\n\n<p>Outra pe\u00e7a fundamental dessa nova fase \u00e9 a entrada em grandes marketplaces, ampliando o alcance da marca al\u00e9m do e-commerce pr\u00f3prio. Em fevereiro de 2026, a Bath &amp; Body Works inaugurou sua primeira loja oficial na Amazon para o p\u00fablico dos Estados Unidos, com foco em itens centrais do portf\u00f3lio.<\/p>\n\n\n\n<p>Essa presen\u00e7a digital complementa, e n\u00e3o substitui, as lojas f\u00edsicas, permitindo testar combina\u00e7\u00f5es de pre\u00e7os, kits e lan\u00e7amentos com base em dados de comportamento. Como parte de uma estrat\u00e9gia omnichannel mais robusta, a empresa ganha velocidade para ajustar sortimento e estoque, algo mais complexo em ambientes f\u00edsicos tradicionais.<\/p>\n\n\n\n<figure class=\"wp-block-image\"><img decoding=\"async\" src=\"https:\/\/www.em.com.br\/emfoco\/wp-content\/uploads\/2025\/11\/Shopping-fechado_1762351457109-1024x576.jpg\" alt=\"\"\/><figcaption class=\"wp-element-caption\">Fechamento marca nova fase &#8211; Cr\u00e9ditos: depositphotos.com \/ KhunTa<\/figcaption><\/figure>\n\n\n\n<h2 class=\"wp-block-heading\">Quais s\u00e3o as metas financeiras e de efici\u00eancia da Bath &amp; Body Works<\/h2>\n\n\n\n<p>Para sustentar essa virada estrat\u00e9gica, a companhia lan\u00e7ou o programa \u201cFuel for Growth\u201d, com meta de economizar 250 milh\u00f5es de d\u00f3lares em dois anos. Desse total, cerca de 175 milh\u00f5es j\u00e1 foram incorporados \u00e0s proje\u00e7\u00f5es financeiras de 2026, por meio de automatiza\u00e7\u00e3o, simplifica\u00e7\u00e3o de estruturas e revis\u00e3o de contratos.<\/p>\n\n\n\n<p>Esse contexto financeiro e operacional ajuda a entender como a empresa tenta equilibrar transforma\u00e7\u00e3o estrutural, rentabilidade e retorno ao investidor. Alguns pontos v\u00eam sendo monitorados de perto por analistas, parceiros e consumidores:<\/p>\n\n\n\n<ul class=\"wp-block-list\">\n<li><strong>Localiza\u00e7\u00e3o das lojas<\/strong>\u00a0\u2013 avan\u00e7o de unidades off-mall e fechamento de pontos menos rent\u00e1veis.<\/li>\n\n\n\n<li><strong>For\u00e7a da marca<\/strong>\u00a0\u2013 migra\u00e7\u00e3o do reconhecimento dos shoppings para novos formatos f\u00edsicos e digitais.<\/li>\n\n\n\n<li><strong>Mix de canais<\/strong>\u00a0\u2013 integra\u00e7\u00e3o entre lojas f\u00edsicas, e-commerce pr\u00f3prio e marketplaces como a Amazon.<\/li>\n\n\n\n<li><strong>Gest\u00e3o financeira<\/strong>\u00a0\u2013 fluxo de caixa robusto, redu\u00e7\u00e3o de custos e continuidade no retorno a acionistas.<\/li>\n<\/ul>\n\n\n\n<h2 class=\"wp-block-heading\">O que a mudan\u00e7a da Bath &amp; Body Works sinaliza para o futuro do varejo<\/h2>\n\n\n\n<p>O reposicionamento da Bath &amp; Body Works ilustra a tend\u00eancia de grandes redes em reduzir a depend\u00eancia de shoppings, acelerar a digitaliza\u00e7\u00e3o e operar com portf\u00f3lios de lojas mais enxutos e produtivos. Ao ajustar n\u00e3o s\u00f3 o \u201conde\u201d, mas o \u201ccomo\u201d vender, a marca se torna um term\u00f4metro para outras empresas que cresceram dentro de malls e agora precisam rever seu papel no novo mapa do varejo.<\/p>\n\n\n\n<p>Em um cen\u00e1rio de consumo mais fragmentado entre lojas f\u00edsicas, canais digitais e marketplaces, quem n\u00e3o se mover com rapidez tende a perder relev\u00e2ncia. Este \u00e9 o momento de observar, aprender e agir: se a sua marca ainda est\u00e1 presa ao modelo antigo de shopping, use o exemplo da Bath &amp; Body Works como um alerta urgente para repensar formatos, canais e efici\u00eancia antes que a pr\u00f3xima onda de mudan\u00e7a chegue.<\/p>\n","protected":false},"excerpt":{"rendered":"<p>Ao longo de mais de tr\u00eas d\u00e9cadas, a Bath &amp; Body Works se consolidou como uma das redes de varejo mais conhecidas em fragr\u00e2ncias e cuidados pessoais, mas vem redesenhando rapidamente seu modelo f\u00edsico e digital. A partir de 2025, a marca passou a reduzir a depend\u00eancia de shoppings, acelerar pontos de venda off-mall e [&hellip;]<\/p>\n","protected":false},"author":11,"featured_media":199308,"comment_status":"open","ping_status":"open","sticky":false,"template":"","format":"standard","meta":{"jnews-multi-image_gallery":[],"jnews_single_post":{"format":"standard"},"jnews_primary_category":[],"jnews_social_meta":[],"jnews_override_counter":[],"footnotes":""},"categories":[28,1],"tags":[4697,10179,23446,10009],"class_list":["post-198917","post","type-post","status-publish","format-standard","has-post-thumbnail","hentry","category-economia","category-noticias","tag-encerrar","tag-fechamento","tag-loja-fechada","tag-lojas"],"yoast_head":"<!-- This site is optimized with the Yoast SEO plugin v23.8 - https:\/\/yoast.com\/wordpress\/plugins\/seo\/ -->\n<title>Adeus a uma loja ic\u00f4nica: com 35 anos de trabalho em shoppings, fecha 92 unidades - Estado de Minas - Em foco<\/title>\n<meta name=\"description\" content=\"Com lojas menores e foco online, Bath &amp; Body Works acelera mudan\u00e7as. Veja o que isso revela sobre o futuro do varejo.\" \/>\n<meta name=\"robots\" content=\"index, follow, max-snippet:-1, max-image-preview:large, max-video-preview:-1\" \/>\n<link rel=\"canonical\" href=\"https:\/\/www.em.com.br\/emfoco\/2026\/04\/26\/adeus-a-uma-loja-iconica-com-35-anos-de-trabalho-em-shoppings-fecha-92-unidades\/\" \/>\n<meta property=\"og:locale\" content=\"pt_BR\" \/>\n<meta property=\"og:type\" content=\"article\" \/>\n<meta property=\"og:title\" content=\"Adeus a uma loja ic\u00f4nica: com 35 anos de trabalho em shoppings, fecha 92 unidades - Estado de Minas - Em foco\" \/>\n<meta property=\"og:description\" content=\"Com lojas menores e foco online, Bath &amp; Body Works acelera mudan\u00e7as. Veja o que isso revela sobre o futuro do varejo.\" \/>\n<meta property=\"og:url\" content=\"https:\/\/www.em.com.br\/emfoco\/2026\/04\/26\/adeus-a-uma-loja-iconica-com-35-anos-de-trabalho-em-shoppings-fecha-92-unidades\/\" \/>\n<meta property=\"og:site_name\" content=\"Estado de Minas - Em foco\" \/>\n<meta property=\"article:published_time\" content=\"2026-04-26T16:45:00+00:00\" \/>\n<meta property=\"article:modified_time\" content=\"2026-04-25T17:11:35+00:00\" \/>\n<meta property=\"og:image\" content=\"https:\/\/www.em.com.br\/emfoco\/wp-content\/uploads\/2026\/04\/EmFoco_28-6.jpg\" \/>\n\t<meta property=\"og:image:width\" content=\"1280\" \/>\n\t<meta property=\"og:image:height\" content=\"720\" \/>\n\t<meta property=\"og:image:type\" content=\"image\/jpeg\" \/>\n<meta name=\"author\" content=\"Andre\u0301 Rangel\u00a0\" \/>\n<meta name=\"twitter:card\" content=\"summary_large_image\" \/>\n<meta name=\"twitter:label1\" content=\"Escrito por\" \/>\n\t<meta name=\"twitter:data1\" content=\"Andre\u0301 Rangel\u00a0\" \/>\n\t<meta name=\"twitter:label2\" content=\"Est. tempo de leitura\" \/>\n\t<meta name=\"twitter:data2\" content=\"5 minutos\" \/>\n<!-- \/ Yoast SEO plugin. -->","yoast_head_json":{"title":"Adeus a uma loja ic\u00f4nica: com 35 anos de trabalho em shoppings, fecha 92 unidades - Estado de Minas - Em foco","description":"Com lojas menores e foco online, Bath & Body Works acelera mudan\u00e7as. Veja o que isso revela sobre o futuro do varejo.","robots":{"index":"index","follow":"follow","max-snippet":"max-snippet:-1","max-image-preview":"max-image-preview:large","max-video-preview":"max-video-preview:-1"},"canonical":"https:\/\/www.em.com.br\/emfoco\/2026\/04\/26\/adeus-a-uma-loja-iconica-com-35-anos-de-trabalho-em-shoppings-fecha-92-unidades\/","og_locale":"pt_BR","og_type":"article","og_title":"Adeus a uma loja ic\u00f4nica: com 35 anos de trabalho em shoppings, fecha 92 unidades - Estado de Minas - Em foco","og_description":"Com lojas menores e foco online, Bath & Body Works acelera mudan\u00e7as. Veja o que isso revela sobre o futuro do varejo.","og_url":"https:\/\/www.em.com.br\/emfoco\/2026\/04\/26\/adeus-a-uma-loja-iconica-com-35-anos-de-trabalho-em-shoppings-fecha-92-unidades\/","og_site_name":"Estado de Minas - Em foco","article_published_time":"2026-04-26T16:45:00+00:00","article_modified_time":"2026-04-25T17:11:35+00:00","og_image":[{"width":1280,"height":720,"url":"https:\/\/www.em.com.br\/emfoco\/wp-content\/uploads\/2026\/04\/EmFoco_28-6.jpg","type":"image\/jpeg"}],"author":"Andre\u0301 Rangel\u00a0","twitter_card":"summary_large_image","twitter_misc":{"Escrito por":"Andre\u0301 Rangel\u00a0","Est. tempo de leitura":"5 minutos"},"schema":{"@context":"https:\/\/schema.org","@graph":[{"@type":"WebPage","@id":"https:\/\/www.em.com.br\/emfoco\/2026\/04\/26\/adeus-a-uma-loja-iconica-com-35-anos-de-trabalho-em-shoppings-fecha-92-unidades\/","url":"https:\/\/www.em.com.br\/emfoco\/2026\/04\/26\/adeus-a-uma-loja-iconica-com-35-anos-de-trabalho-em-shoppings-fecha-92-unidades\/","name":"Adeus a uma loja ic\u00f4nica: com 35 anos de trabalho em shoppings, fecha 92 unidades - Estado de Minas - Em foco","isPartOf":{"@id":"https:\/\/www.em.com.br\/emfoco\/#website"},"primaryImageOfPage":{"@id":"https:\/\/www.em.com.br\/emfoco\/2026\/04\/26\/adeus-a-uma-loja-iconica-com-35-anos-de-trabalho-em-shoppings-fecha-92-unidades\/#primaryimage"},"image":{"@id":"https:\/\/www.em.com.br\/emfoco\/2026\/04\/26\/adeus-a-uma-loja-iconica-com-35-anos-de-trabalho-em-shoppings-fecha-92-unidades\/#primaryimage"},"thumbnailUrl":"https:\/\/www.em.com.br\/emfoco\/wp-content\/uploads\/2026\/04\/EmFoco_28-6.jpg","datePublished":"2026-04-26T16:45:00+00:00","dateModified":"2026-04-25T17:11:35+00:00","author":{"@id":"https:\/\/www.em.com.br\/emfoco\/#\/schema\/person\/60eda09c1fedf0d6891f4cef4b60b8b8"},"description":"Com lojas menores e foco online, Bath & Body Works acelera mudan\u00e7as. Veja o que isso revela sobre o futuro do varejo.","breadcrumb":{"@id":"https:\/\/www.em.com.br\/emfoco\/2026\/04\/26\/adeus-a-uma-loja-iconica-com-35-anos-de-trabalho-em-shoppings-fecha-92-unidades\/#breadcrumb"},"inLanguage":"pt-BR","potentialAction":[{"@type":"ReadAction","target":["https:\/\/www.em.com.br\/emfoco\/2026\/04\/26\/adeus-a-uma-loja-iconica-com-35-anos-de-trabalho-em-shoppings-fecha-92-unidades\/"]}]},{"@type":"ImageObject","inLanguage":"pt-BR","@id":"https:\/\/www.em.com.br\/emfoco\/2026\/04\/26\/adeus-a-uma-loja-iconica-com-35-anos-de-trabalho-em-shoppings-fecha-92-unidades\/#primaryimage","url":"https:\/\/www.em.com.br\/emfoco\/wp-content\/uploads\/2026\/04\/EmFoco_28-6.jpg","contentUrl":"https:\/\/www.em.com.br\/emfoco\/wp-content\/uploads\/2026\/04\/EmFoco_28-6.jpg","width":1280,"height":720,"caption":"Reestrutura\u00e7\u00e3o do varejo f\u00edsico e expans\u00e3o digital para aumentar a efici\u00eancia operacional global"},{"@type":"BreadcrumbList","@id":"https:\/\/www.em.com.br\/emfoco\/2026\/04\/26\/adeus-a-uma-loja-iconica-com-35-anos-de-trabalho-em-shoppings-fecha-92-unidades\/#breadcrumb","itemListElement":[{"@type":"ListItem","position":1,"name":"In\u00edcio","item":"https:\/\/www.em.com.br\/emfoco\/"},{"@type":"ListItem","position":2,"name":"Adeus a uma loja ic\u00f4nica: com 35 anos de trabalho em shoppings, fecha 92 unidades"}]},{"@type":"WebSite","@id":"https:\/\/www.em.com.br\/emfoco\/#website","url":"https:\/\/www.em.com.br\/emfoco\/","name":"Estado de Minas - Em foco","description":"Acompanhe as \u00faltimas not\u00edcias e fique bem informado sobre tudo o que acontece em Minas Gerais, Brasil e no mundo.","potentialAction":[{"@type":"SearchAction","target":{"@type":"EntryPoint","urlTemplate":"https:\/\/www.em.com.br\/emfoco\/?s={search_term_string}"},"query-input":{"@type":"PropertyValueSpecification","valueRequired":true,"valueName":"search_term_string"}}],"inLanguage":"pt-BR"},{"@type":"Person","@id":"https:\/\/www.em.com.br\/emfoco\/#\/schema\/person\/60eda09c1fedf0d6891f4cef4b60b8b8","name":"Andre\u0301 Rangel\u00a0","image":{"@type":"ImageObject","inLanguage":"pt-BR","@id":"https:\/\/www.em.com.br\/emfoco\/#\/schema\/person\/image\/","url":"https:\/\/secure.gravatar.com\/avatar\/6234dc814c77c8ef6d8bba622c787efc?s=96&d=mm&r=g","contentUrl":"https:\/\/secure.gravatar.com\/avatar\/6234dc814c77c8ef6d8bba622c787efc?s=96&d=mm&r=g","caption":"Andre\u0301 Rangel\u00a0"},"url":"https:\/\/www.em.com.br\/emfoco\/author\/luizmyth\/"}]}},"_links":{"self":[{"href":"https:\/\/www.em.com.br\/emfoco\/wp-json\/wp\/v2\/posts\/198917","targetHints":{"allow":["GET"]}}],"collection":[{"href":"https:\/\/www.em.com.br\/emfoco\/wp-json\/wp\/v2\/posts"}],"about":[{"href":"https:\/\/www.em.com.br\/emfoco\/wp-json\/wp\/v2\/types\/post"}],"author":[{"embeddable":true,"href":"https:\/\/www.em.com.br\/emfoco\/wp-json\/wp\/v2\/users\/11"}],"replies":[{"embeddable":true,"href":"https:\/\/www.em.com.br\/emfoco\/wp-json\/wp\/v2\/comments?post=198917"}],"version-history":[{"count":1,"href":"https:\/\/www.em.com.br\/emfoco\/wp-json\/wp\/v2\/posts\/198917\/revisions"}],"predecessor-version":[{"id":198936,"href":"https:\/\/www.em.com.br\/emfoco\/wp-json\/wp\/v2\/posts\/198917\/revisions\/198936"}],"wp:featuredmedia":[{"embeddable":true,"href":"https:\/\/www.em.com.br\/emfoco\/wp-json\/wp\/v2\/media\/199308"}],"wp:attachment":[{"href":"https:\/\/www.em.com.br\/emfoco\/wp-json\/wp\/v2\/media?parent=198917"}],"wp:term":[{"taxonomy":"category","embeddable":true,"href":"https:\/\/www.em.com.br\/emfoco\/wp-json\/wp\/v2\/categories?post=198917"},{"taxonomy":"post_tag","embeddable":true,"href":"https:\/\/www.em.com.br\/emfoco\/wp-json\/wp\/v2\/tags?post=198917"}],"curies":[{"name":"wp","href":"https:\/\/api.w.org\/{rel}","templated":true}]}}