{"id":198916,"date":"2026-04-26T06:25:00","date_gmt":"2026-04-26T09:25:00","guid":{"rendered":"https:\/\/www.em.com.br\/emfoco\/?p=198916"},"modified":"2026-04-25T14:35:37","modified_gmt":"2026-04-25T17:35:37","slug":"adeus-palpitacao-e-ansiedade-os-3-chas-que-despertam-os-sentidos-de-forma-equilibrada","status":"publish","type":"post","link":"https:\/\/www.em.com.br\/emfoco\/2026\/04\/26\/adeus-palpitacao-e-ansiedade-os-3-chas-que-despertam-os-sentidos-de-forma-equilibrada\/","title":{"rendered":"Adeus palpita\u00e7\u00e3o e ansiedade, os 3 ch\u00e1s que despertam os sentidos de forma equilibrada"},"content":{"rendered":"\n<p>Voc\u00ea acorda cedo e sente aquele cansa\u00e7o pesando nos ombros enquanto prepara o primeiro <strong>ch\u00e1 para substituir o caf\u00e9 de manh\u00e3<\/strong> do seu dia. Ser\u00e1 que existe uma bebida capaz de despertar seus sentidos sem causar aquela <strong>palpita\u00e7\u00e3o<\/strong> ou <strong>ansiedade<\/strong> desconfort\u00e1vel ap\u00f3s o consumo?<\/p>\n\n\n\n<h2 class=\"wp-block-heading\">Qual o motivo para mudar o h\u00e1bito do despertar<\/h2>\n\n\n\n<p>Para muitas mulheres, o consumo excessivo de cafe\u00edna logo cedo provoca picos de estresse e prejudica o sono da noite seguinte. Adotar uma rotina mais suave permite que o corpo desperte de maneira equilibrada e respeite o <strong>ritmo natural<\/strong> do metabolismo feminino. Essa mudan\u00e7a traz uma <strong>sensa\u00e7\u00e3o de leveza<\/strong> que reflete positivamente na produtividade e no <strong>bem-estar emocional<\/strong> durante todo o expediente.<\/p>\n\n\n\n<p>A busca por alternativas naturais surge como uma solu\u00e7\u00e3o inteligente para quem sofre com azia ou desconfortos g\u00e1stricos frequentes. Ao escolher infus\u00f5es ricas em antioxidantes, voc\u00ea protege suas c\u00e9lulas e garante uma <strong>dose extra<\/strong> de sa\u00fade para as pr\u00f3ximas d\u00e9cadas. Essa transi\u00e7\u00e3o consciente ajuda a manter a <strong>pele radiante<\/strong> e a mente focada nas <strong>tarefas priorit\u00e1rias<\/strong> da manh\u00e3.<\/p>\n\n\n<div class=\"wp-block-image\">\n<figure class=\"aligncenter size-large\"><img loading=\"lazy\" decoding=\"async\" width=\"1024\" height=\"576\" src=\"https:\/\/www.em.com.br\/emfoco\/wp-content\/uploads\/2026\/04\/cha_1777079290699-1024x576.jpg\" alt=\"h\u00e1 para substituir o caf\u00e9 de manh\u00e3\" class=\"wp-image-198930\" srcset=\"https:\/\/www.em.com.br\/emfoco\/wp-content\/uploads\/2026\/04\/cha_1777079290699-1024x576.jpg 1024w, https:\/\/www.em.com.br\/emfoco\/wp-content\/uploads\/2026\/04\/cha_1777079290699-300x169.jpg 300w, https:\/\/www.em.com.br\/emfoco\/wp-content\/uploads\/2026\/04\/cha_1777079290699-768x432.jpg 768w, https:\/\/www.em.com.br\/emfoco\/wp-content\/uploads\/2026\/04\/cha_1777079290699-750x422.jpg 750w, https:\/\/www.em.com.br\/emfoco\/wp-content\/uploads\/2026\/04\/cha_1777079290699-1140x641.jpg 1140w, https:\/\/www.em.com.br\/emfoco\/wp-content\/uploads\/2026\/04\/cha_1777079290699.jpg 1280w\" sizes=\"auto, (max-width: 1024px) 100vw, 1024px\" \/><figcaption class=\"wp-element-caption\">A busca por alternativas naturais surge como uma solu\u00e7\u00e3o inteligente para quem sofre com azia ou desconfortos g\u00e1stricos frequentes &#8211; Cr\u00e9ditos: depositphotos.com \/ TarasMalyarevich<\/figcaption><\/figure><\/div>\n\n\n<p>Leia tamb\u00e9m: <a href=\"https:\/\/www.em.com.br\/emfoco\/2026\/04\/04\/a-folha-dessa-fruta-pode-aliviar-ondas-de-calor-e-ajudar-mulheres-na-menopausa-2\/\" target=\"_blank\" rel=\"noreferrer noopener\">Adeus calor! Os benef\u00edcios da folha de amora na menopausa para um auto cuidado simples<\/a><\/p>\n\n\n\n<h2 class=\"wp-block-heading\">Como o ch\u00e1 verde funciona como ch\u00e1 para substituir o caf\u00e9 de manh\u00e3<\/h2>\n\n\n\n<p>O ch\u00e1 verde \u00e9 amplamente reconhecido por sua capacidade de acelerar o foco mental sem os efeitos colaterais da agita\u00e7\u00e3o motora extrema. Ele cont\u00e9m uma combina\u00e7\u00e3o poderosa de subst\u00e2ncias que promovem o <strong>estado de alerta<\/strong> prolongado e <strong>sustent\u00e1vel<\/strong> por v\u00e1rias horas seguidas. Por ser um excelente <strong>ch\u00e1 para substituir o caf\u00e9 de manh\u00e3<\/strong>, ele se tornou o queridinho das dietas focadas em longevidade.<\/p>\n\n\n\n<p>Al\u00e9m dos benef\u00edcios cognitivos, essa bebida milenar auxilia na queima de gordura e melhora significativamente a sa\u00fade cardiovascular em mulheres maduras. O sabor levemente herbal combina perfeitamente com frutas frescas ou um pouco de mel para um <strong>desjejum revigorante<\/strong> e nutritivo. Algumas varia\u00e7\u00f5es interessantes desta erva ajudam a tornar o momento de <strong>autocuidado mais prazeroso<\/strong>:<\/p>\n\n\n\n<ul class=\"wp-block-list\">\n<li>Match\u00e1 concentrado para foco total e disposi\u00e7\u00e3o imediata.<\/li>\n\n\n\n<li>Infus\u00e3o de folhas soltas com lim\u00e3o para aumentar a imunidade.<\/li>\n\n\n\n<li>Bebida gelada com hortel\u00e3 para os dias de calor intenso.<\/li>\n<\/ul>\n\n\n\n<figure class=\"wp-block-embed is-type-rich is-provider-pinterest wp-block-embed-pinterest\"><div class=\"wp-block-embed__wrapper\">\n<iframe loading=\"lazy\" title=\"5 CH\u00c1S f\u00e1ceis de achar e cheios de benef\u00edcios\" src=\"https:\/\/assets.pinterest.com\/ext\/embed.html?id=11188699074737063&#038;src=oembed\" height=\"899\" width=\"450\" frameborder=\"0\" scrolling=\"no\" ><\/iframe>\n<\/div><\/figure>\n\n\n\n<h2 class=\"wp-block-heading\">O poder do gengibre no seu ch\u00e1 para substituir o caf\u00e9 de manh\u00e3<\/h2>\n\n\n\n<p>Se voc\u00ea busca vitalidade imediata, o gengibre \u00e9 o ingrediente certo para compor o seu novo <strong>ch\u00e1 para substituir o caf\u00e9 de manh\u00e3<\/strong> preferido. Sua a\u00e7\u00e3o termog\u00eanica natural aquece o corpo e ativa a <strong>circula\u00e7\u00e3o sangu\u00ednea<\/strong> de maneira vigorosa logo nos primeiros goles da x\u00edcara. Essa raiz vers\u00e1til combate a fadiga f\u00edsica e oferece um <strong>toque picante<\/strong> que desperta o paladar de forma surpreendente.<\/p>\n\n\n\n<p>Muitas mulheres relatam que a infus\u00e3o de gengibre ajuda a reduzir o incha\u00e7o matinal e melhora os processos digestivos mais lentos. Adicionar uma rodela de canela potencializa o efeito energizante e traz um <strong>aroma acolhedor<\/strong> para a sua cozinha logo cedo. Esta escolha estrat\u00e9gica demonstra como \u00e9 poss\u00edvel ter <strong>muita disposi\u00e7\u00e3o<\/strong> f\u00edsica utilizando apenas elementos simples e acess\u00edveis da sua pr\u00f3pria despensa.<\/p>\n\n\n\n<p>Para voc\u00ea que gosta de se cuidar, separamos um v\u00eddeo do canal da <a href=\"https:\/\/www.youtube.com\/@NutricionistaPatriciaLeite\" target=\"_blank\" rel=\"noreferrer noopener\">Nutricionista Patricia Leite<\/a> com dicas de ch\u00e1 para te dar energia:<\/p>\n\n\n\n<figure class=\"wp-block-embed is-type-video is-provider-youtube wp-block-embed-youtube wp-embed-aspect-16-9 wp-has-aspect-ratio\"><div class=\"wp-block-embed__wrapper\">\n<div class=\"jeg_video_container jeg_video_content\"><iframe loading=\"lazy\" title=\"Quais CH\u00c1S D\u00c3O MAIS ENERGIA para SUBSTITUIR O CAF\u00c9 - Alternativas Naturais Gostosas!\" width=\"500\" height=\"281\" src=\"https:\/\/www.youtube.com\/embed\/R0Jmc95yDM4?feature=oembed\" frameborder=\"0\" allow=\"accelerometer; autoplay; clipboard-write; encrypted-media; gyroscope; picture-in-picture; web-share\" referrerpolicy=\"strict-origin-when-cross-origin\" allowfullscreen><\/iframe><\/div>\n<\/div><\/figure>\n\n\n\n<h2 class=\"wp-block-heading\">O ch\u00e1 preto \u00e9 um \u00f3timo ch\u00e1 para substituir o caf\u00e9 de manh\u00e3<\/h2>\n\n\n\n<p>Para quem n\u00e3o abre m\u00e3o de um sabor intenso e encorpado, o ch\u00e1 preto surge como o melhor <strong>ch\u00e1 para substituir o caf\u00e9 de manh\u00e3<\/strong> tradicional. Ele possui uma quantidade equilibrada de te\u00edna, proporcionando aquele <strong>impulso de energia<\/strong> necess\u00e1rio para enfrentar uma agenda lotada de compromissos. Sua cor vibrante e textura densa lembram a experi\u00eancia sensorial da bebida anterior, facilitando muito o <strong>processo de adapta\u00e7\u00e3o<\/strong> inicial.<\/p>\n\n\n\n<p>Beber uma x\u00edcara quente de Earl Grey ou English Breakfast eleva o humor e protege a sa\u00fade dos dentes e das gengivas. Essa bebida vers\u00e1til aceita muito bem a adi\u00e7\u00e3o de leites vegetais, criando uma <strong>bebida cremosa<\/strong> e reconfortante para os dias mais frios. Aproveite esse ritual para organizar seus pensamentos antes de iniciar as <strong>atividades profissionais<\/strong> ou dom\u00e9sticas da semana com <strong>foco total<\/strong>.<\/p>\n\n\n\n<h2 class=\"wp-block-heading\">Transforme sua rotina matinal com leveza e prazer<\/h2>\n\n\n\n<p>Escolher novos sabores \u00e9 um gesto de carinho com seu pr\u00f3prio corpo e mente. Respeite o seu tempo de adapta\u00e7\u00e3o e sinta as <strong>mudan\u00e7as positivas<\/strong> no seu dia. Aproveite cada gole para se conectar com sua <strong>energia interior<\/strong> renovada.<\/p>\n\n\n\n<p>A mudan\u00e7a de h\u00e1bito traz liberdade e abre portas para um estilo de vida saud\u00e1vel. Experimente as infus\u00f5es sugeridas e veja qual delas <strong>combina mais<\/strong> com voc\u00ea. Priorize sua sa\u00fade para colher <strong>benef\u00edcios incr\u00edveis<\/strong> em sua jornada pessoal.<\/p>\n","protected":false},"excerpt":{"rendered":"<p>Voc\u00ea acorda cedo e sente aquele cansa\u00e7o pesando nos ombros enquanto prepara o primeiro ch\u00e1 para substituir o caf\u00e9 de manh\u00e3 do seu dia. Ser\u00e1 que existe uma bebida capaz de despertar seus sentidos sem causar aquela palpita\u00e7\u00e3o ou ansiedade desconfort\u00e1vel ap\u00f3s o consumo? Qual o motivo para mudar o h\u00e1bito do despertar Para muitas [&hellip;]<\/p>\n","protected":false},"author":9,"featured_media":199349,"comment_status":"open","ping_status":"open","sticky":false,"template":"","format":"standard","meta":{"jnews-multi-image_gallery":[],"jnews_single_post":{"format":"standard"},"jnews_primary_category":[],"jnews_social_meta":[],"jnews_override_counter":[],"footnotes":""},"categories":[8691,29],"tags":[28719,6098,28718],"class_list":["post-198916","post","type-post","status-publish","format-standard","has-post-thumbnail","hentry","category-bem-estar","category-entretenimento","tag-cha-energizante","tag-saude-da-mulher","tag-substituto-do-cafe"],"yoast_head":"<!-- This site is optimized with the Yoast SEO plugin v23.8 - https:\/\/yoast.com\/wordpress\/plugins\/seo\/ -->\n<title>Adeus palpita\u00e7\u00e3o e ansiedade, os 3 ch\u00e1s que despertam os sentidos de forma equilibrada - Estado de Minas - Em foco<\/title>\n<meta name=\"description\" content=\"Substitua o caf\u00e9 por ch\u00e1 para substituir o caf\u00e9 de manh\u00e3 e sinta mais disposi\u00e7\u00e3o. Veja 3 op\u00e7\u00f5es naturais que trazem foco e leveza ao dia.\" \/>\n<meta name=\"robots\" content=\"index, follow, max-snippet:-1, max-image-preview:large, max-video-preview:-1\" \/>\n<link rel=\"canonical\" href=\"https:\/\/www.em.com.br\/emfoco\/2026\/04\/26\/adeus-palpitacao-e-ansiedade-os-3-chas-que-despertam-os-sentidos-de-forma-equilibrada\/\" \/>\n<meta property=\"og:locale\" content=\"pt_BR\" \/>\n<meta property=\"og:type\" content=\"article\" \/>\n<meta property=\"og:title\" content=\"Adeus palpita\u00e7\u00e3o e ansiedade, os 3 ch\u00e1s que despertam os sentidos de forma equilibrada - Estado de Minas - Em foco\" \/>\n<meta property=\"og:description\" content=\"Substitua o caf\u00e9 por ch\u00e1 para substituir o caf\u00e9 de manh\u00e3 e sinta mais disposi\u00e7\u00e3o. Veja 3 op\u00e7\u00f5es naturais que trazem foco e leveza ao dia.\" \/>\n<meta property=\"og:url\" content=\"https:\/\/www.em.com.br\/emfoco\/2026\/04\/26\/adeus-palpitacao-e-ansiedade-os-3-chas-que-despertam-os-sentidos-de-forma-equilibrada\/\" \/>\n<meta property=\"og:site_name\" content=\"Estado de Minas - Em foco\" \/>\n<meta property=\"article:published_time\" content=\"2026-04-26T09:25:00+00:00\" \/>\n<meta property=\"article:modified_time\" content=\"2026-04-25T17:35:37+00:00\" \/>\n<meta property=\"og:image\" content=\"https:\/\/www.em.com.br\/emfoco\/wp-content\/uploads\/2026\/04\/EmFoco_48-6.jpg\" \/>\n\t<meta property=\"og:image:width\" content=\"1280\" \/>\n\t<meta property=\"og:image:height\" content=\"720\" \/>\n\t<meta property=\"og:image:type\" content=\"image\/jpeg\" \/>\n<meta name=\"author\" content=\"Daniely Cardoso\" \/>\n<meta name=\"twitter:card\" content=\"summary_large_image\" \/>\n<meta name=\"twitter:label1\" content=\"Escrito por\" \/>\n\t<meta name=\"twitter:data1\" content=\"Daniely Cardoso\" \/>\n\t<meta name=\"twitter:label2\" content=\"Est. tempo de leitura\" \/>\n\t<meta name=\"twitter:data2\" content=\"5 minutos\" \/>\n<!-- \/ Yoast SEO plugin. -->","yoast_head_json":{"title":"Adeus palpita\u00e7\u00e3o e ansiedade, os 3 ch\u00e1s que despertam os sentidos de forma equilibrada - Estado de Minas - Em foco","description":"Substitua o caf\u00e9 por ch\u00e1 para substituir o caf\u00e9 de manh\u00e3 e sinta mais disposi\u00e7\u00e3o. Veja 3 op\u00e7\u00f5es naturais que trazem foco e leveza ao dia.","robots":{"index":"index","follow":"follow","max-snippet":"max-snippet:-1","max-image-preview":"max-image-preview:large","max-video-preview":"max-video-preview:-1"},"canonical":"https:\/\/www.em.com.br\/emfoco\/2026\/04\/26\/adeus-palpitacao-e-ansiedade-os-3-chas-que-despertam-os-sentidos-de-forma-equilibrada\/","og_locale":"pt_BR","og_type":"article","og_title":"Adeus palpita\u00e7\u00e3o e ansiedade, os 3 ch\u00e1s que despertam os sentidos de forma equilibrada - Estado de Minas - Em foco","og_description":"Substitua o caf\u00e9 por ch\u00e1 para substituir o caf\u00e9 de manh\u00e3 e sinta mais disposi\u00e7\u00e3o. Veja 3 op\u00e7\u00f5es naturais que trazem foco e leveza ao dia.","og_url":"https:\/\/www.em.com.br\/emfoco\/2026\/04\/26\/adeus-palpitacao-e-ansiedade-os-3-chas-que-despertam-os-sentidos-de-forma-equilibrada\/","og_site_name":"Estado de Minas - Em foco","article_published_time":"2026-04-26T09:25:00+00:00","article_modified_time":"2026-04-25T17:35:37+00:00","og_image":[{"width":1280,"height":720,"url":"https:\/\/www.em.com.br\/emfoco\/wp-content\/uploads\/2026\/04\/EmFoco_48-6.jpg","type":"image\/jpeg"}],"author":"Daniely Cardoso","twitter_card":"summary_large_image","twitter_misc":{"Escrito por":"Daniely Cardoso","Est. tempo de leitura":"5 minutos"},"schema":{"@context":"https:\/\/schema.org","@graph":[{"@type":"WebPage","@id":"https:\/\/www.em.com.br\/emfoco\/2026\/04\/26\/adeus-palpitacao-e-ansiedade-os-3-chas-que-despertam-os-sentidos-de-forma-equilibrada\/","url":"https:\/\/www.em.com.br\/emfoco\/2026\/04\/26\/adeus-palpitacao-e-ansiedade-os-3-chas-que-despertam-os-sentidos-de-forma-equilibrada\/","name":"Adeus palpita\u00e7\u00e3o e ansiedade, os 3 ch\u00e1s que despertam os sentidos de forma equilibrada - Estado de Minas - Em foco","isPartOf":{"@id":"https:\/\/www.em.com.br\/emfoco\/#website"},"primaryImageOfPage":{"@id":"https:\/\/www.em.com.br\/emfoco\/2026\/04\/26\/adeus-palpitacao-e-ansiedade-os-3-chas-que-despertam-os-sentidos-de-forma-equilibrada\/#primaryimage"},"image":{"@id":"https:\/\/www.em.com.br\/emfoco\/2026\/04\/26\/adeus-palpitacao-e-ansiedade-os-3-chas-que-despertam-os-sentidos-de-forma-equilibrada\/#primaryimage"},"thumbnailUrl":"https:\/\/www.em.com.br\/emfoco\/wp-content\/uploads\/2026\/04\/EmFoco_48-6.jpg","datePublished":"2026-04-26T09:25:00+00:00","dateModified":"2026-04-25T17:35:37+00:00","author":{"@id":"https:\/\/www.em.com.br\/emfoco\/#\/schema\/person\/0a8186d72f2c3a5c6276d90b41f271a0"},"description":"Substitua o caf\u00e9 por ch\u00e1 para substituir o caf\u00e9 de manh\u00e3 e sinta mais disposi\u00e7\u00e3o. Veja 3 op\u00e7\u00f5es naturais que trazem foco e leveza ao dia.","breadcrumb":{"@id":"https:\/\/www.em.com.br\/emfoco\/2026\/04\/26\/adeus-palpitacao-e-ansiedade-os-3-chas-que-despertam-os-sentidos-de-forma-equilibrada\/#breadcrumb"},"inLanguage":"pt-BR","potentialAction":[{"@type":"ReadAction","target":["https:\/\/www.em.com.br\/emfoco\/2026\/04\/26\/adeus-palpitacao-e-ansiedade-os-3-chas-que-despertam-os-sentidos-de-forma-equilibrada\/"]}]},{"@type":"ImageObject","inLanguage":"pt-BR","@id":"https:\/\/www.em.com.br\/emfoco\/2026\/04\/26\/adeus-palpitacao-e-ansiedade-os-3-chas-que-despertam-os-sentidos-de-forma-equilibrada\/#primaryimage","url":"https:\/\/www.em.com.br\/emfoco\/wp-content\/uploads\/2026\/04\/EmFoco_48-6.jpg","contentUrl":"https:\/\/www.em.com.br\/emfoco\/wp-content\/uploads\/2026\/04\/EmFoco_48-6.jpg","width":1280,"height":720,"caption":"Ch\u00e1s antioxidantes e termog\u00eanicos como alternativas saud\u00e1veis para substituir a cafe\u00edna matinal"},{"@type":"BreadcrumbList","@id":"https:\/\/www.em.com.br\/emfoco\/2026\/04\/26\/adeus-palpitacao-e-ansiedade-os-3-chas-que-despertam-os-sentidos-de-forma-equilibrada\/#breadcrumb","itemListElement":[{"@type":"ListItem","position":1,"name":"In\u00edcio","item":"https:\/\/www.em.com.br\/emfoco\/"},{"@type":"ListItem","position":2,"name":"Adeus palpita\u00e7\u00e3o e ansiedade, os 3 ch\u00e1s que despertam os sentidos de forma equilibrada"}]},{"@type":"WebSite","@id":"https:\/\/www.em.com.br\/emfoco\/#website","url":"https:\/\/www.em.com.br\/emfoco\/","name":"Estado de Minas - Em foco","description":"Acompanhe as \u00faltimas not\u00edcias e fique bem informado sobre tudo o que acontece em Minas Gerais, Brasil e no mundo.","potentialAction":[{"@type":"SearchAction","target":{"@type":"EntryPoint","urlTemplate":"https:\/\/www.em.com.br\/emfoco\/?s={search_term_string}"},"query-input":{"@type":"PropertyValueSpecification","valueRequired":true,"valueName":"search_term_string"}}],"inLanguage":"pt-BR"},{"@type":"Person","@id":"https:\/\/www.em.com.br\/emfoco\/#\/schema\/person\/0a8186d72f2c3a5c6276d90b41f271a0","name":"Daniely Cardoso","image":{"@type":"ImageObject","inLanguage":"pt-BR","@id":"https:\/\/www.em.com.br\/emfoco\/#\/schema\/person\/image\/","url":"https:\/\/secure.gravatar.com\/avatar\/4b80ddbd124d1f071b626d52d62e5dff?s=96&d=mm&r=g","contentUrl":"https:\/\/secure.gravatar.com\/avatar\/4b80ddbd124d1f071b626d52d62e5dff?s=96&d=mm&r=g","caption":"Daniely Cardoso"},"url":"https:\/\/www.em.com.br\/emfoco\/author\/danielymyth\/"}]}},"_links":{"self":[{"href":"https:\/\/www.em.com.br\/emfoco\/wp-json\/wp\/v2\/posts\/198916","targetHints":{"allow":["GET"]}}],"collection":[{"href":"https:\/\/www.em.com.br\/emfoco\/wp-json\/wp\/v2\/posts"}],"about":[{"href":"https:\/\/www.em.com.br\/emfoco\/wp-json\/wp\/v2\/types\/post"}],"author":[{"embeddable":true,"href":"https:\/\/www.em.com.br\/emfoco\/wp-json\/wp\/v2\/users\/9"}],"replies":[{"embeddable":true,"href":"https:\/\/www.em.com.br\/emfoco\/wp-json\/wp\/v2\/comments?post=198916"}],"version-history":[{"count":1,"href":"https:\/\/www.em.com.br\/emfoco\/wp-json\/wp\/v2\/posts\/198916\/revisions"}],"predecessor-version":[{"id":198932,"href":"https:\/\/www.em.com.br\/emfoco\/wp-json\/wp\/v2\/posts\/198916\/revisions\/198932"}],"wp:featuredmedia":[{"embeddable":true,"href":"https:\/\/www.em.com.br\/emfoco\/wp-json\/wp\/v2\/media\/199349"}],"wp:attachment":[{"href":"https:\/\/www.em.com.br\/emfoco\/wp-json\/wp\/v2\/media?parent=198916"}],"wp:term":[{"taxonomy":"category","embeddable":true,"href":"https:\/\/www.em.com.br\/emfoco\/wp-json\/wp\/v2\/categories?post=198916"},{"taxonomy":"post_tag","embeddable":true,"href":"https:\/\/www.em.com.br\/emfoco\/wp-json\/wp\/v2\/tags?post=198916"}],"curies":[{"name":"wp","href":"https:\/\/api.w.org\/{rel}","templated":true}]}}