{"id":198912,"date":"2026-04-26T10:05:00","date_gmt":"2026-04-26T13:05:00","guid":{"rendered":"https:\/\/www.em.com.br\/emfoco\/?p=198912"},"modified":"2026-04-25T14:10:54","modified_gmt":"2026-04-25T17:10:54","slug":"rede-de-padaria-fecha-lojas-temporariamente-em-2026-para-reformas-e-modernizacao-sem-reduzir-expansao-da-marca","status":"publish","type":"post","link":"https:\/\/www.em.com.br\/emfoco\/2026\/04\/26\/rede-de-padaria-fecha-lojas-temporariamente-em-2026-para-reformas-e-modernizacao-sem-reduzir-expansao-da-marca\/","title":{"rendered":"Rede de padaria fecha lojas temporariamente em 2026 para reformas e moderniza\u00e7\u00e3o sem reduzir expans\u00e3o da marca"},"content":{"rendered":"\n<p><strong>Bakers Delight <\/strong>passa por uma fase decisiva em 2026, com o fechamento tempor\u00e1rio de algumas lojas para reforma e moderniza\u00e7\u00e3o, iniciando por <strong>Malvern Central<\/strong>, em <strong>Victoria<\/strong>, que suspendeu as atividades em abril para dar lugar a um espa\u00e7o renovado, mais eficiente e alinhado \u00e0 experi\u00eancia de compra atual, sem reduzir a presen\u00e7a da marca e mantendo opera\u00e7\u00f5es em outros endere\u00e7os enquanto prepara um novo conceito de loja.<\/p>\n\n\n\n<h2 class=\"wp-block-heading\">Fechamento tempor\u00e1rio da Bakers Delight em 2026<\/h2>\n\n\n\n<p>O foco das mudan\u00e7as \u00e9 a rede<a href=\"https:\/\/www.instagram.com\/bakersdelight\/\" target=\"_blank\" rel=\"noreferrer noopener\">\u00a0<strong>Bakers Delight<\/strong><\/a>, que realiza fechamentos tempor\u00e1rios em diferentes estados entre abril e maio de 2026. A unidade de Malvern Central reabre ainda em abril, em tempo de atender \u00e0 forte demanda do <strong>Dia das M\u00e3es<\/strong>, uma das datas mais movimentadas da rede.<\/p>\n\n\n\n<p>Em South Australia, a loja de Unley interrompe o atendimento por alguns dias, enquanto em<strong> New South Wales<\/strong>, unidades como Springfield e Thornton tamb\u00e9m entram em reforma. Em <strong>Victoria<\/strong>, al\u00e9m de<strong> Malvern Central,<\/strong> a loja de <strong>Chirnside Park<\/strong> integra o cronograma, com obras que variam de pouco mais de uma semana at\u00e9 quase tr\u00eas semanas.<\/p>\n\n\n\n<blockquote class=\"instagram-media\" data-instgrm-captioned data-instgrm-permalink=\"https:\/\/www.instagram.com\/p\/DTuPbP6jR20\/?utm_source=ig_embed&amp;utm_campaign=loading\" data-instgrm-version=\"14\" style=\" background:#FFF; border:0; border-radius:3px; box-shadow:0 0 1px 0 rgba(0,0,0,0.5),0 1px 10px 0 rgba(0,0,0,0.15); margin: 1px; max-width:540px; min-width:326px; padding:0; width:99.375%; width:-webkit-calc(100% - 2px); width:calc(100% - 2px);\"><div style=\"padding:16px;\"> <a href=\"https:\/\/www.instagram.com\/p\/DTuPbP6jR20\/?utm_source=ig_embed&amp;utm_campaign=loading\" style=\" background:#FFFFFF; line-height:0; padding:0 0; text-align:center; text-decoration:none; width:100%;\" target=\"_blank\"> <div style=\" display: flex; flex-direction: row; align-items: center;\"> <div style=\"background-color: #F4F4F4; border-radius: 50%; flex-grow: 0; height: 40px; margin-right: 14px; width: 40px;\"><\/div> <div style=\"display: flex; flex-direction: column; flex-grow: 1; justify-content: center;\"> <div style=\" background-color: #F4F4F4; border-radius: 4px; flex-grow: 0; height: 14px; margin-bottom: 6px; width: 100px;\"><\/div> <div style=\" background-color: #F4F4F4; border-radius: 4px; flex-grow: 0; height: 14px; width: 60px;\"><\/div><\/div><\/div><div style=\"padding: 19% 0;\"><\/div> <div style=\"display:block; height:50px; margin:0 auto 12px; width:50px;\"><svg width=\"50px\" height=\"50px\" viewBox=\"0 0 60 60\" version=\"1.1\" xmlns=\"https:\/\/www.w3.org\/2000\/svg\" xmlns:xlink=\"https:\/\/www.w3.org\/1999\/xlink\"><g stroke=\"none\" stroke-width=\"1\" fill=\"none\" fill-rule=\"evenodd\"><g transform=\"translate(-511.000000, -20.000000)\" fill=\"#000000\"><g><path d=\"M556.869,30.41 C554.814,30.41 553.148,32.076 553.148,34.131 C553.148,36.186 554.814,37.852 556.869,37.852 C558.924,37.852 560.59,36.186 560.59,34.131 C560.59,32.076 558.924,30.41 556.869,30.41 M541,60.657 C535.114,60.657 530.342,55.887 530.342,50 C530.342,44.114 535.114,39.342 541,39.342 C546.887,39.342 551.658,44.114 551.658,50 C551.658,55.887 546.887,60.657 541,60.657 M541,33.886 C532.1,33.886 524.886,41.1 524.886,50 C524.886,58.899 532.1,66.113 541,66.113 C549.9,66.113 557.115,58.899 557.115,50 C557.115,41.1 549.9,33.886 541,33.886 M565.378,62.101 C565.244,65.022 564.756,66.606 564.346,67.663 C563.803,69.06 563.154,70.057 562.106,71.106 C561.058,72.155 560.06,72.803 558.662,73.347 C557.607,73.757 556.021,74.244 553.102,74.378 C549.944,74.521 548.997,74.552 541,74.552 C533.003,74.552 532.056,74.521 528.898,74.378 C525.979,74.244 524.393,73.757 523.338,73.347 C521.94,72.803 520.942,72.155 519.894,71.106 C518.846,70.057 518.197,69.06 517.654,67.663 C517.244,66.606 516.755,65.022 516.623,62.101 C516.479,58.943 516.448,57.996 516.448,50 C516.448,42.003 516.479,41.056 516.623,37.899 C516.755,34.978 517.244,33.391 517.654,32.338 C518.197,30.938 518.846,29.942 519.894,28.894 C520.942,27.846 521.94,27.196 523.338,26.654 C524.393,26.244 525.979,25.756 528.898,25.623 C532.057,25.479 533.004,25.448 541,25.448 C548.997,25.448 549.943,25.479 553.102,25.623 C556.021,25.756 557.607,26.244 558.662,26.654 C560.06,27.196 561.058,27.846 562.106,28.894 C563.154,29.942 563.803,30.938 564.346,32.338 C564.756,33.391 565.244,34.978 565.378,37.899 C565.522,41.056 565.552,42.003 565.552,50 C565.552,57.996 565.522,58.943 565.378,62.101 M570.82,37.631 C570.674,34.438 570.167,32.258 569.425,30.349 C568.659,28.377 567.633,26.702 565.965,25.035 C564.297,23.368 562.623,22.342 560.652,21.575 C558.743,20.834 556.562,20.326 553.369,20.18 C550.169,20.033 549.148,20 541,20 C532.853,20 531.831,20.033 528.631,20.18 C525.438,20.326 523.257,20.834 521.349,21.575 C519.376,22.342 517.703,23.368 516.035,25.035 C514.368,26.702 513.342,28.377 512.574,30.349 C511.834,32.258 511.326,34.438 511.181,37.631 C511.035,40.831 511,41.851 511,50 C511,58.147 511.035,59.17 511.181,62.369 C511.326,65.562 511.834,67.743 512.574,69.651 C513.342,71.625 514.368,73.296 516.035,74.965 C517.703,76.634 519.376,77.658 521.349,78.425 C523.257,79.167 525.438,79.673 528.631,79.82 C531.831,79.965 532.853,80.001 541,80.001 C549.148,80.001 550.169,79.965 553.369,79.82 C556.562,79.673 558.743,79.167 560.652,78.425 C562.623,77.658 564.297,76.634 565.965,74.965 C567.633,73.296 568.659,71.625 569.425,69.651 C570.167,67.743 570.674,65.562 570.82,62.369 C570.966,59.17 571,58.147 571,50 C571,41.851 570.966,40.831 570.82,37.631\"><\/path><\/g><\/g><\/g><\/svg><\/div><div style=\"padding-top: 8px;\"> <div style=\" color:#3897f0; font-family:Arial,sans-serif; font-size:14px; font-style:normal; font-weight:550; line-height:18px;\">Ver essa foto no Instagram<\/div><\/div><div style=\"padding: 12.5% 0;\"><\/div> <div style=\"display: flex; flex-direction: row; margin-bottom: 14px; align-items: center;\"><div> <div style=\"background-color: #F4F4F4; border-radius: 50%; height: 12.5px; width: 12.5px; transform: translateX(0px) translateY(7px);\"><\/div> <div style=\"background-color: #F4F4F4; height: 12.5px; transform: rotate(-45deg) translateX(3px) translateY(1px); width: 12.5px; flex-grow: 0; margin-right: 14px; margin-left: 2px;\"><\/div> <div style=\"background-color: #F4F4F4; border-radius: 50%; height: 12.5px; width: 12.5px; transform: translateX(9px) translateY(-18px);\"><\/div><\/div><div style=\"margin-left: 8px;\"> <div style=\" background-color: #F4F4F4; border-radius: 50%; flex-grow: 0; height: 20px; width: 20px;\"><\/div> <div style=\" width: 0; height: 0; border-top: 2px solid transparent; border-left: 6px solid #f4f4f4; border-bottom: 2px solid transparent; transform: translateX(16px) translateY(-4px) rotate(30deg)\"><\/div><\/div><div style=\"margin-left: auto;\"> <div style=\" width: 0px; border-top: 8px solid #F4F4F4; border-right: 8px solid transparent; transform: translateY(16px);\"><\/div> <div style=\" background-color: #F4F4F4; flex-grow: 0; height: 12px; width: 16px; transform: translateY(-4px);\"><\/div> <div style=\" width: 0; height: 0; border-top: 8px solid #F4F4F4; border-left: 8px solid transparent; transform: translateY(-4px) translateX(8px);\"><\/div><\/div><\/div> <div style=\"display: flex; flex-direction: column; flex-grow: 1; justify-content: center; margin-bottom: 24px;\"> <div style=\" background-color: #F4F4F4; border-radius: 4px; flex-grow: 0; height: 14px; margin-bottom: 6px; width: 224px;\"><\/div> <div style=\" background-color: #F4F4F4; border-radius: 4px; flex-grow: 0; height: 14px; width: 144px;\"><\/div><\/div><\/a><p style=\" color:#c9c8cd; font-family:Arial,sans-serif; font-size:14px; line-height:17px; margin-bottom:0; margin-top:8px; overflow:hidden; padding:8px 0 7px; text-align:center; text-overflow:ellipsis; white-space:nowrap;\"><a href=\"https:\/\/www.instagram.com\/p\/DTuPbP6jR20\/?utm_source=ig_embed&amp;utm_campaign=loading\" style=\" color:#c9c8cd; font-family:Arial,sans-serif; font-size:14px; font-style:normal; font-weight:normal; line-height:17px; text-decoration:none;\" target=\"_blank\">Um post compartilhado por Bakers Delight (@bakersdelight)<\/a><\/p><\/div><\/blockquote>\n<script async src=\"\/\/www.instagram.com\/embed.js\"><\/script>\n\n\n\n<h2 class=\"wp-block-heading\">Inova\u00e7\u00f5es implementadas nas lojas da Bakers Delight<\/h2>\n\n\n\n<p>As reformas da&nbsp;<strong>Bakers Delight<\/strong>&nbsp;incluem muito mais do que ajustes est\u00e9ticos, adotando recursos voltados a novas rotinas de consumo e servi\u00e7os digitais. A rede busca integrar atendimento presencial, pedidos on-line e retirada r\u00e1pida em um mesmo fluxo organizado.<\/p>\n\n\n\n<ul class=\"wp-block-list\">\n<li>Instala\u00e7\u00e3o de vitrines aquecidas para produtos servidos quentes<\/li>\n\n\n\n<li>Testes com oferta de caf\u00e9 em lojas selecionadas<\/li>\n\n\n\n<li>\u00c1reas espec\u00edficas para retirada de pedidos via aplicativos de entrega<\/li>\n\n\n\n<li>Atualiza\u00e7\u00e3o da comunica\u00e7\u00e3o visual interna com foco em \u201cbreaducation\u201d<\/li>\n<\/ul>\n\n\n\n<h2 class=\"wp-block-heading\">Impacto das reformas em datas especiais e produtos sazonais<\/h2>\n\n\n\n<p>O calend\u00e1rio de obras considera datas de grande movimento, como o Dia das M\u00e3es e campanhas de arrecada\u00e7\u00e3o. Malvern Central retoma as atividades antes de maio para atender clientes que buscam presentes comest\u00edveis e p\u00e3es especiais na primeira quinzena do m\u00eas.<\/p>\n\n\n\n<p>Durante esse per\u00edodo, a marca refor\u00e7a produtos de edi\u00e7\u00e3o limitada ligados a causas sociais, como itens cor-de-rosa que destinam parte das vendas a entidades de apoio a pacientes com c\u00e2ncer de mama, incluindo um&nbsp;<strong>combo especial de cruffins<\/strong>&nbsp;dispon\u00edvel por tempo determinado.<\/p>\n\n\n\n<figure class=\"wp-block-image\"><img decoding=\"async\" src=\"https:\/\/www.em.com.br\/emfoco\/wp-content\/uploads\/2025\/10\/padaria_1759508052663-1024x576.jpg\" alt=\"\"\/><figcaption class=\"wp-element-caption\">Padaria \u00e9 reconhecida pela excel\u00eancia -Cr\u00e9ditos: depositphotos.com \/ IgorVetushko<\/figcaption><\/figure>\n\n\n\n<h2 class=\"wp-block-heading\">Tradi\u00e7\u00e3o da Bakers Delight e evolu\u00e7\u00e3o do card\u00e1pio<\/h2>\n\n\n\n<p>Mesmo com as mudan\u00e7as f\u00edsicas nas lojas, o portf\u00f3lio da&nbsp;<strong>Bakers Delight<\/strong>&nbsp;continua guiado por p\u00e3es frescos, doces cl\u00e1ssicos e inova\u00e7\u00f5es recentes. O&nbsp;<strong>cruffin<\/strong>, mistura de croissant com formato de muffin, ganhou espa\u00e7o com recheios de creme de confeitaria e coberturas densas, como ganaches.<\/p>\n\n\n\n<p>H\u00e1 ainda p\u00e3es de forma, integrais, roscas e enrolados recheados, al\u00e9m de op\u00e7\u00f5es fatiadas, sem adi\u00e7\u00e3o de a\u00e7\u00facar em determinadas linhas e tamanhos voltados a fam\u00edlias. Os cruffins permanecem como itens de indulg\u00eancia, ideais para lanches da tarde e encontros informais.<\/p>\n\n\n\n<h2 class=\"wp-block-heading\">Hist\u00f3ria, expans\u00e3o e o que muda para os clientes<\/h2>\n\n\n\n<p>Fundada em 1980 em Hawthorn, Melbourne, a&nbsp;<strong>Bakers Delight<\/strong>&nbsp;cresceu de padaria de bairro a rede internacional, com mais de 650 lojas na Austr\u00e1lia, Nova Zel\u00e2ndia, Canad\u00e1 e Estados Unidos. Em paralelo \u00e0s reformas, a marca segue abrindo novas unidades, como a anunciada para Calderwood, em New South Wales, refor\u00e7ando a combina\u00e7\u00e3o entre expans\u00e3o e moderniza\u00e7\u00e3o.<\/p>\n\n\n\n<p>Para quem frequenta lojas em reforma, o impacto imediato \u00e9 o deslocamento para unidades pr\u00f3ximas, mas o benef\u00edcio futuro \u00e9 encontrar ambientes mais organizados, filas definidas, retirada r\u00e1pida de pedidos digitais e produtos melhor expostos. Se voc\u00ea depende da Bakers Delight no dia a dia, acompanhe as datas de reabertura e aproveite as novas lojas o quanto antes, pois as melhorias e produtos sazonais t\u00eam tempo limitado e podem transformar sua rotina de compra de p\u00e3es j\u00e1 nos pr\u00f3ximos meses.<\/p>\n","protected":false},"excerpt":{"rendered":"<p>Bakers Delight passa por uma fase decisiva em 2026, com o fechamento tempor\u00e1rio de algumas lojas para reforma e moderniza\u00e7\u00e3o, iniciando por Malvern Central, em Victoria, que suspendeu as atividades em abril para dar lugar a um espa\u00e7o renovado, mais eficiente e alinhado \u00e0 experi\u00eancia de compra atual, sem reduzir a presen\u00e7a da marca e [&hellip;]<\/p>\n","protected":false},"author":11,"featured_media":199313,"comment_status":"open","ping_status":"open","sticky":false,"template":"","format":"standard","meta":{"jnews-multi-image_gallery":[],"jnews_single_post":{"format":"standard"},"jnews_primary_category":[],"jnews_social_meta":[],"jnews_override_counter":[],"footnotes":""},"categories":[28,1],"tags":[25680,17692,21909],"class_list":["post-198912","post","type-post","status-publish","format-standard","has-post-thumbnail","hentry","category-economia","category-noticias","tag-fechou-lojas","tag-nova-fase","tag-padaria"],"yoast_head":"<!-- This site is optimized with the Yoast SEO plugin v23.8 - https:\/\/yoast.com\/wordpress\/plugins\/seo\/ -->\n<title>Rede de padaria fecha lojas temporariamente em 2026 para reformas e moderniza\u00e7\u00e3o sem reduzir expans\u00e3o da marca - Estado de Minas - Em foco<\/title>\n<meta name=\"description\" content=\"A Bakers Delight fechou lojas temporariamente para reformas em 2026. Saiba o que muda nas unidades e quando elas reabrem.\" \/>\n<meta name=\"robots\" content=\"index, follow, max-snippet:-1, max-image-preview:large, max-video-preview:-1\" \/>\n<link rel=\"canonical\" href=\"https:\/\/www.em.com.br\/emfoco\/2026\/04\/26\/rede-de-padaria-fecha-lojas-temporariamente-em-2026-para-reformas-e-modernizacao-sem-reduzir-expansao-da-marca\/\" \/>\n<meta property=\"og:locale\" content=\"pt_BR\" \/>\n<meta property=\"og:type\" content=\"article\" \/>\n<meta property=\"og:title\" content=\"Rede de padaria fecha lojas temporariamente em 2026 para reformas e moderniza\u00e7\u00e3o sem reduzir expans\u00e3o da marca - Estado de Minas - Em foco\" \/>\n<meta property=\"og:description\" content=\"A Bakers Delight fechou lojas temporariamente para reformas em 2026. Saiba o que muda nas unidades e quando elas reabrem.\" \/>\n<meta property=\"og:url\" content=\"https:\/\/www.em.com.br\/emfoco\/2026\/04\/26\/rede-de-padaria-fecha-lojas-temporariamente-em-2026-para-reformas-e-modernizacao-sem-reduzir-expansao-da-marca\/\" \/>\n<meta property=\"og:site_name\" content=\"Estado de Minas - Em foco\" \/>\n<meta property=\"article:published_time\" content=\"2026-04-26T13:05:00+00:00\" \/>\n<meta property=\"article:modified_time\" content=\"2026-04-25T17:10:54+00:00\" \/>\n<meta property=\"og:image\" content=\"https:\/\/www.em.com.br\/emfoco\/wp-content\/uploads\/2026\/04\/EmFoco_23-6.jpg\" \/>\n\t<meta property=\"og:image:width\" content=\"1280\" \/>\n\t<meta property=\"og:image:height\" content=\"720\" \/>\n\t<meta property=\"og:image:type\" content=\"image\/jpeg\" \/>\n<meta name=\"author\" content=\"Andre\u0301 Rangel\u00a0\" \/>\n<meta name=\"twitter:card\" content=\"summary_large_image\" \/>\n<meta name=\"twitter:label1\" content=\"Escrito por\" \/>\n\t<meta name=\"twitter:data1\" content=\"Andre\u0301 Rangel\u00a0\" \/>\n\t<meta name=\"twitter:label2\" content=\"Est. tempo de leitura\" \/>\n\t<meta name=\"twitter:data2\" content=\"4 minutos\" \/>\n<!-- \/ Yoast SEO plugin. -->","yoast_head_json":{"title":"Rede de padaria fecha lojas temporariamente em 2026 para reformas e moderniza\u00e7\u00e3o sem reduzir expans\u00e3o da marca - Estado de Minas - Em foco","description":"A Bakers Delight fechou lojas temporariamente para reformas em 2026. Saiba o que muda nas unidades e quando elas reabrem.","robots":{"index":"index","follow":"follow","max-snippet":"max-snippet:-1","max-image-preview":"max-image-preview:large","max-video-preview":"max-video-preview:-1"},"canonical":"https:\/\/www.em.com.br\/emfoco\/2026\/04\/26\/rede-de-padaria-fecha-lojas-temporariamente-em-2026-para-reformas-e-modernizacao-sem-reduzir-expansao-da-marca\/","og_locale":"pt_BR","og_type":"article","og_title":"Rede de padaria fecha lojas temporariamente em 2026 para reformas e moderniza\u00e7\u00e3o sem reduzir expans\u00e3o da marca - Estado de Minas - Em foco","og_description":"A Bakers Delight fechou lojas temporariamente para reformas em 2026. Saiba o que muda nas unidades e quando elas reabrem.","og_url":"https:\/\/www.em.com.br\/emfoco\/2026\/04\/26\/rede-de-padaria-fecha-lojas-temporariamente-em-2026-para-reformas-e-modernizacao-sem-reduzir-expansao-da-marca\/","og_site_name":"Estado de Minas - Em foco","article_published_time":"2026-04-26T13:05:00+00:00","article_modified_time":"2026-04-25T17:10:54+00:00","og_image":[{"width":1280,"height":720,"url":"https:\/\/www.em.com.br\/emfoco\/wp-content\/uploads\/2026\/04\/EmFoco_23-6.jpg","type":"image\/jpeg"}],"author":"Andre\u0301 Rangel\u00a0","twitter_card":"summary_large_image","twitter_misc":{"Escrito por":"Andre\u0301 Rangel\u00a0","Est. tempo de leitura":"4 minutos"},"schema":{"@context":"https:\/\/schema.org","@graph":[{"@type":"WebPage","@id":"https:\/\/www.em.com.br\/emfoco\/2026\/04\/26\/rede-de-padaria-fecha-lojas-temporariamente-em-2026-para-reformas-e-modernizacao-sem-reduzir-expansao-da-marca\/","url":"https:\/\/www.em.com.br\/emfoco\/2026\/04\/26\/rede-de-padaria-fecha-lojas-temporariamente-em-2026-para-reformas-e-modernizacao-sem-reduzir-expansao-da-marca\/","name":"Rede de padaria fecha lojas temporariamente em 2026 para reformas e moderniza\u00e7\u00e3o sem reduzir expans\u00e3o da marca - Estado de Minas - Em foco","isPartOf":{"@id":"https:\/\/www.em.com.br\/emfoco\/#website"},"primaryImageOfPage":{"@id":"https:\/\/www.em.com.br\/emfoco\/2026\/04\/26\/rede-de-padaria-fecha-lojas-temporariamente-em-2026-para-reformas-e-modernizacao-sem-reduzir-expansao-da-marca\/#primaryimage"},"image":{"@id":"https:\/\/www.em.com.br\/emfoco\/2026\/04\/26\/rede-de-padaria-fecha-lojas-temporariamente-em-2026-para-reformas-e-modernizacao-sem-reduzir-expansao-da-marca\/#primaryimage"},"thumbnailUrl":"https:\/\/www.em.com.br\/emfoco\/wp-content\/uploads\/2026\/04\/EmFoco_23-6.jpg","datePublished":"2026-04-26T13:05:00+00:00","dateModified":"2026-04-25T17:10:54+00:00","author":{"@id":"https:\/\/www.em.com.br\/emfoco\/#\/schema\/person\/60eda09c1fedf0d6891f4cef4b60b8b8"},"description":"A Bakers Delight fechou lojas temporariamente para reformas em 2026. Saiba o que muda nas unidades e quando elas reabrem.","breadcrumb":{"@id":"https:\/\/www.em.com.br\/emfoco\/2026\/04\/26\/rede-de-padaria-fecha-lojas-temporariamente-em-2026-para-reformas-e-modernizacao-sem-reduzir-expansao-da-marca\/#breadcrumb"},"inLanguage":"pt-BR","potentialAction":[{"@type":"ReadAction","target":["https:\/\/www.em.com.br\/emfoco\/2026\/04\/26\/rede-de-padaria-fecha-lojas-temporariamente-em-2026-para-reformas-e-modernizacao-sem-reduzir-expansao-da-marca\/"]}]},{"@type":"ImageObject","inLanguage":"pt-BR","@id":"https:\/\/www.em.com.br\/emfoco\/2026\/04\/26\/rede-de-padaria-fecha-lojas-temporariamente-em-2026-para-reformas-e-modernizacao-sem-reduzir-expansao-da-marca\/#primaryimage","url":"https:\/\/www.em.com.br\/emfoco\/wp-content\/uploads\/2026\/04\/EmFoco_23-6.jpg","contentUrl":"https:\/\/www.em.com.br\/emfoco\/wp-content\/uploads\/2026\/04\/EmFoco_23-6.jpg","width":1280,"height":720,"caption":"Cronograma de moderniza\u00e7\u00e3o e reformas estruturais em unidades da rede internacional de padarias"},{"@type":"BreadcrumbList","@id":"https:\/\/www.em.com.br\/emfoco\/2026\/04\/26\/rede-de-padaria-fecha-lojas-temporariamente-em-2026-para-reformas-e-modernizacao-sem-reduzir-expansao-da-marca\/#breadcrumb","itemListElement":[{"@type":"ListItem","position":1,"name":"In\u00edcio","item":"https:\/\/www.em.com.br\/emfoco\/"},{"@type":"ListItem","position":2,"name":"Rede de padaria fecha lojas temporariamente em 2026 para reformas e moderniza\u00e7\u00e3o sem reduzir expans\u00e3o da marca"}]},{"@type":"WebSite","@id":"https:\/\/www.em.com.br\/emfoco\/#website","url":"https:\/\/www.em.com.br\/emfoco\/","name":"Estado de Minas - Em foco","description":"Acompanhe as \u00faltimas not\u00edcias e fique bem informado sobre tudo o que acontece em Minas Gerais, Brasil e no mundo.","potentialAction":[{"@type":"SearchAction","target":{"@type":"EntryPoint","urlTemplate":"https:\/\/www.em.com.br\/emfoco\/?s={search_term_string}"},"query-input":{"@type":"PropertyValueSpecification","valueRequired":true,"valueName":"search_term_string"}}],"inLanguage":"pt-BR"},{"@type":"Person","@id":"https:\/\/www.em.com.br\/emfoco\/#\/schema\/person\/60eda09c1fedf0d6891f4cef4b60b8b8","name":"Andre\u0301 Rangel\u00a0","image":{"@type":"ImageObject","inLanguage":"pt-BR","@id":"https:\/\/www.em.com.br\/emfoco\/#\/schema\/person\/image\/","url":"https:\/\/secure.gravatar.com\/avatar\/6234dc814c77c8ef6d8bba622c787efc?s=96&d=mm&r=g","contentUrl":"https:\/\/secure.gravatar.com\/avatar\/6234dc814c77c8ef6d8bba622c787efc?s=96&d=mm&r=g","caption":"Andre\u0301 Rangel\u00a0"},"url":"https:\/\/www.em.com.br\/emfoco\/author\/luizmyth\/"}]}},"_links":{"self":[{"href":"https:\/\/www.em.com.br\/emfoco\/wp-json\/wp\/v2\/posts\/198912","targetHints":{"allow":["GET"]}}],"collection":[{"href":"https:\/\/www.em.com.br\/emfoco\/wp-json\/wp\/v2\/posts"}],"about":[{"href":"https:\/\/www.em.com.br\/emfoco\/wp-json\/wp\/v2\/types\/post"}],"author":[{"embeddable":true,"href":"https:\/\/www.em.com.br\/emfoco\/wp-json\/wp\/v2\/users\/11"}],"replies":[{"embeddable":true,"href":"https:\/\/www.em.com.br\/emfoco\/wp-json\/wp\/v2\/comments?post=198912"}],"version-history":[{"count":2,"href":"https:\/\/www.em.com.br\/emfoco\/wp-json\/wp\/v2\/posts\/198912\/revisions"}],"predecessor-version":[{"id":198931,"href":"https:\/\/www.em.com.br\/emfoco\/wp-json\/wp\/v2\/posts\/198912\/revisions\/198931"}],"wp:featuredmedia":[{"embeddable":true,"href":"https:\/\/www.em.com.br\/emfoco\/wp-json\/wp\/v2\/media\/199313"}],"wp:attachment":[{"href":"https:\/\/www.em.com.br\/emfoco\/wp-json\/wp\/v2\/media?parent=198912"}],"wp:term":[{"taxonomy":"category","embeddable":true,"href":"https:\/\/www.em.com.br\/emfoco\/wp-json\/wp\/v2\/categories?post=198912"},{"taxonomy":"post_tag","embeddable":true,"href":"https:\/\/www.em.com.br\/emfoco\/wp-json\/wp\/v2\/tags?post=198912"}],"curies":[{"name":"wp","href":"https:\/\/api.w.org\/{rel}","templated":true}]}}