{"id":198889,"date":"2026-04-26T21:35:00","date_gmt":"2026-04-27T00:35:00","guid":{"rendered":"https:\/\/www.em.com.br\/emfoco\/?p=198889"},"modified":"2026-04-25T14:19:31","modified_gmt":"2026-04-25T17:19:31","slug":"adeus-as-mechas-balayage-a-nova-tecnica-favorita-das-mulheres-e-mais-natural-e-facil-de-manter","status":"publish","type":"post","link":"https:\/\/www.em.com.br\/emfoco\/2026\/04\/26\/adeus-as-mechas-balayage-a-nova-tecnica-favorita-das-mulheres-e-mais-natural-e-facil-de-manter\/","title":{"rendered":"Adeus \u00e0s mechas balayage: a nova t\u00e9cnica favorita das mulheres \u00e9 mais natural e f\u00e1cil de manter"},"content":{"rendered":"\n<p>A forma como voc\u00ea cuida do cabelo impacta diretamente sua imagem e seu bem-estar di\u00e1rio. Em 2026, as&nbsp;<strong>mechas loiras<\/strong>&nbsp;continuam em alta, mas ganham um visual mais delicado, discreto e integrado ao tom natural, com foco em iluminar o rosto, dar movimento aos fios e criar brilho cont\u00ednuo, sem marcas evidentes de cor.<\/p>\n\n\n\n<h2 class=\"wp-block-heading\">O que caracteriza as mechas loiras modernas em 2026<\/h2>\n\n\n\n<p>As&nbsp;<strong>mechas loiras modernas<\/strong>&nbsp;priorizam naturalidade, profundidade e suavidade. O loiro chapado d\u00e1 lugar a uma mistura de tons pr\u00f3ximos, criando um jogo de luz e sombra que valoriza o corte e se adapta a diferentes comprimentos.<\/p>\n\n\n\n<p>Mechas ultrafinas, fus\u00e3o de cores e contorno de rosto permitem transi\u00e7\u00f5es suaves entre raiz, comprimento e pontas, prolongando o tempo entre retoques. Tons de&nbsp;<strong>mel<\/strong>,&nbsp;<strong>bege<\/strong>,&nbsp;<strong>baunilha<\/strong>&nbsp;e&nbsp;<strong>champanhe<\/strong>&nbsp;iluminam o rosto sem contrastes artificiais, combinando bem com variados tons de pele.<\/p>\n\n\n\n<figure class=\"wp-block-image size-large\"><img loading=\"lazy\" decoding=\"async\" width=\"1024\" height=\"576\" src=\"https:\/\/www.em.com.br\/emfoco\/wp-content\/uploads\/2026\/04\/ChatGPT-Image-24-de-abr.-de-2026-20_34_47-1-1024x576.png\" alt=\"Quase todo sal\u00e3o aposta nessas mechas loiras agora\" class=\"wp-image-198893\" srcset=\"https:\/\/www.em.com.br\/emfoco\/wp-content\/uploads\/2026\/04\/ChatGPT-Image-24-de-abr.-de-2026-20_34_47-1-1024x576.png 1024w, https:\/\/www.em.com.br\/emfoco\/wp-content\/uploads\/2026\/04\/ChatGPT-Image-24-de-abr.-de-2026-20_34_47-1-300x169.png 300w, https:\/\/www.em.com.br\/emfoco\/wp-content\/uploads\/2026\/04\/ChatGPT-Image-24-de-abr.-de-2026-20_34_47-1-768x432.png 768w, https:\/\/www.em.com.br\/emfoco\/wp-content\/uploads\/2026\/04\/ChatGPT-Image-24-de-abr.-de-2026-20_34_47-1-750x422.png 750w, https:\/\/www.em.com.br\/emfoco\/wp-content\/uploads\/2026\/04\/ChatGPT-Image-24-de-abr.-de-2026-20_34_47-1-1140x642.png 1140w, https:\/\/www.em.com.br\/emfoco\/wp-content\/uploads\/2026\/04\/ChatGPT-Image-24-de-abr.-de-2026-20_34_47-1.png 1279w\" sizes=\"auto, (max-width: 1024px) 100vw, 1024px\" \/><figcaption class=\"wp-element-caption\">Quase todo sal\u00e3o aposta nessas mechas loiras agora<\/figcaption><\/figure>\n\n\n\n<h2 class=\"wp-block-heading\">Quais s\u00e3o as principais t\u00e9cnicas alternativas \u00e0 balayage<\/h2>\n\n\n\n<p>A t\u00e9cnica de\u00a0<strong>pinceladas \u00e0 m\u00e3o livre (<a href=\"https:\/\/www.em.com.br\/emfoco\/2026\/03\/13\/adeus-balayage-com-essa-nova-tecnica-que-disfarca-os-cabelos-brancos-sem-marcar-a-raiz\/\" target=\"_blank\" rel=\"noreferrer noopener\">balayage<\/a>)<\/strong>\u00a0segue atual, mas deixou de ser a \u00fanica refer\u00eancia de cabelo loiro. T\u00e9cnicas mais personalizadas entregam efeito degrad\u00ea, desde ra\u00edzes discretas at\u00e9 visuais mais marcados, sempre buscando um resultado moderno e f\u00e1cil de manter.<\/p>\n\n\n\n<p>Essas alternativas permitem ajustar intensidade, contraste e manuten\u00e7\u00e3o, atendendo desde quem quer um clareamento sutil at\u00e9 quem busca um loiro mais ousado e evidente no dia a dia. Confira algumas op\u00e7\u00f5es muito usadas nos sal\u00f5es:<\/p>\n\n\n\n<ul class=\"wp-block-list\">\n<li><strong>Mechas cl\u00e1ssicas:<\/strong>\u00a0mechas definidas desde a raiz, com contraste controlado e apar\u00eancia ainda natural.<\/li>\n\n\n\n<li><strong>Mechas ultrafinas (babylights):<\/strong>\u00a0fios ultrafinos e numerosos, com efeito delicado que lembra o loiro infantil.<\/li>\n\n\n\n<li><strong>Fus\u00e3o de cores (<a href=\"https:\/\/www.pinterest.com\/ideas\/color-melt\/923045142168\/\" target=\"_blank\" rel=\"noreferrer noopener\">color melt<\/a> ou melting):<\/strong>\u00a0fus\u00e3o de tons sem linhas marcadas, da raiz mais escura ao comprimento mais claro.<\/li>\n\n\n\n<li><strong>Mechas platinadas:<\/strong>\u00a0loiros muito claros, gelo ou p\u00e9rola, ideais para visuais marcantes em cortes m\u00e9dios e curtos.<\/li>\n\n\n\n<li><strong>Mechas que contornam o rosto (money piece ou face framing):<\/strong>\u00a0mechas claras ao redor do rosto, posicionadas para real\u00e7ar o olhar e a express\u00e3o.<\/li>\n<\/ul>\n\n\n\n<h2 class=\"wp-block-heading\">Como combinar mechas loiras com penteados no dia a dia<\/h2>\n\n\n\n<p>Depois de escolher as&nbsp;<strong>mechas loiras<\/strong>, o penteado certo potencializa a cor. Textura, volume e dire\u00e7\u00e3o dos fios influenciam como a luz reflete, destacando nuances diferentes sem alterar a colora\u00e7\u00e3o.<\/p>\n\n\n\n<p>Ondas suaves, liso polido ou penteados presos ajudam a evidenciar pontos de luz estrat\u00e9gicos. Coques baixos, semipresos e tran\u00e7as valorizam o degrad\u00ea e deixam o loiro com efeito ainda mais tridimensional.<\/p>\n\n\n\n<figure class=\"wp-block-image size-large\"><img loading=\"lazy\" decoding=\"async\" width=\"1024\" height=\"576\" src=\"https:\/\/www.em.com.br\/emfoco\/wp-content\/uploads\/2026\/04\/Gemini_Generated_Image_8jyohh8jyohh8jyo-1-1024x576.png\" alt=\"Quase todo sal\u00e3o aposta nessas mechas loiras agora\" class=\"wp-image-198895\" srcset=\"https:\/\/www.em.com.br\/emfoco\/wp-content\/uploads\/2026\/04\/Gemini_Generated_Image_8jyohh8jyohh8jyo-1-1024x576.png 1024w, https:\/\/www.em.com.br\/emfoco\/wp-content\/uploads\/2026\/04\/Gemini_Generated_Image_8jyohh8jyohh8jyo-1-300x169.png 300w, https:\/\/www.em.com.br\/emfoco\/wp-content\/uploads\/2026\/04\/Gemini_Generated_Image_8jyohh8jyohh8jyo-1-768x432.png 768w, https:\/\/www.em.com.br\/emfoco\/wp-content\/uploads\/2026\/04\/Gemini_Generated_Image_8jyohh8jyohh8jyo-1-750x422.png 750w, https:\/\/www.em.com.br\/emfoco\/wp-content\/uploads\/2026\/04\/Gemini_Generated_Image_8jyohh8jyohh8jyo-1-1140x641.png 1140w, https:\/\/www.em.com.br\/emfoco\/wp-content\/uploads\/2026\/04\/Gemini_Generated_Image_8jyohh8jyohh8jyo-1.png 1280w\" sizes=\"auto, (max-width: 1024px) 100vw, 1024px\" \/><figcaption class=\"wp-element-caption\">Quase todo sal\u00e3o aposta nessas mechas loiras agora<\/figcaption><\/figure>\n\n\n\n<h2 class=\"wp-block-heading\">Como conquistar mechas loiras elegantes com passo a passo seguro<\/h2>\n\n\n\n<p>O processo para alcan\u00e7ar&nbsp;<strong>mechas loiras sofisticadas<\/strong>&nbsp;depende da cor de base, do hist\u00f3rico de qu\u00edmica e do objetivo final. A avalia\u00e7\u00e3o profissional \u00e9 decisiva para definir o n\u00edvel de clareamento, a t\u00e9cnica ideal e o cuidado com a sa\u00fade dos fios.<\/p>\n\n\n\n<p>De forma geral, o procedimento inclui defini\u00e7\u00e3o do tom, seccionamento do cabelo, aplica\u00e7\u00e3o de descolorante ou tinta, controle de tempo, lavagem, matiza\u00e7\u00e3o, tratamento nutritivo e finaliza\u00e7\u00e3o estilizada, como ondas leves ou escova modelada.<\/p>\n\n\n\n<h2 class=\"wp-block-heading\">Quais cuidados mant\u00eam as mechas loiras bonitas por mais tempo<\/h2>\n\n\n\n<p>Manter&nbsp;<strong>mechas loiras saud\u00e1veis<\/strong>&nbsp;exige rotina de cuidados espec\u00edficos. Cabelos descoloridos perdem parte da prote\u00e7\u00e3o natural, tendem ao ressecamento e podem amarelar, por isso produtos certos e bons h\u00e1bitos s\u00e3o essenciais.<\/p>\n\n\n\n<p>Inclua na rotina hidrata\u00e7\u00f5es semanais, shampoo para cabelo colorido, protetor t\u00e9rmico, lavagens moderadas, uso estrat\u00e9gico de matizadores e acompanhamento profissional frequente. Se voc\u00ea quer mudar j\u00e1 o visual, converse com seu cabeleireiro de confian\u00e7a hoje mesmo, agende um hor\u00e1rio e n\u00e3o adie a chance de iluminar seu look com mechas loiras modernas e poderosas.<\/p>\n\n\n\n<p><\/p>\n","protected":false},"excerpt":{"rendered":"<p>A forma como voc\u00ea cuida do cabelo impacta diretamente sua imagem e seu bem-estar di\u00e1rio. Em 2026, as&nbsp;mechas loiras&nbsp;continuam em alta, mas ganham um visual mais delicado, discreto e integrado ao tom natural, com foco em iluminar o rosto, dar movimento aos fios e criar brilho cont\u00ednuo, sem marcas evidentes de cor. O que caracteriza [&hellip;]<\/p>\n","protected":false},"author":11,"featured_media":199318,"comment_status":"open","ping_status":"open","sticky":false,"template":"","format":"standard","meta":{"jnews-multi-image_gallery":[],"jnews_single_post":{"format":"standard"},"jnews_primary_category":[],"jnews_social_meta":[],"jnews_override_counter":[],"footnotes":""},"categories":[8819,1],"tags":[4905,28715,28714,3096],"class_list":["post-198889","post","type-post","status-publish","format-standard","has-post-thumbnail","hentry","category-curiosidades","category-noticias","tag-cabelo","tag-loiras","tag-mechas-loiras","tag-tendencias"],"yoast_head":"<!-- This site is optimized with the Yoast SEO plugin v23.8 - https:\/\/yoast.com\/wordpress\/plugins\/seo\/ -->\n<title>Adeus \u00e0s mechas balayage: a nova t\u00e9cnica favorita das mulheres \u00e9 mais natural e f\u00e1cil de manter - Estado de Minas - Em foco<\/title>\n<meta name=\"description\" content=\"Quer renovar o cabelo? As mechas loiras de 2026 trazem naturalidade, brilho e efeito elegante que valoriza qualquer corte.\" \/>\n<meta name=\"robots\" content=\"index, follow, max-snippet:-1, max-image-preview:large, max-video-preview:-1\" \/>\n<link rel=\"canonical\" href=\"https:\/\/www.em.com.br\/emfoco\/2026\/04\/26\/adeus-as-mechas-balayage-a-nova-tecnica-favorita-das-mulheres-e-mais-natural-e-facil-de-manter\/\" \/>\n<meta property=\"og:locale\" content=\"pt_BR\" \/>\n<meta property=\"og:type\" content=\"article\" \/>\n<meta property=\"og:title\" content=\"Adeus \u00e0s mechas balayage: a nova t\u00e9cnica favorita das mulheres \u00e9 mais natural e f\u00e1cil de manter - Estado de Minas - Em foco\" \/>\n<meta property=\"og:description\" content=\"Quer renovar o cabelo? As mechas loiras de 2026 trazem naturalidade, brilho e efeito elegante que valoriza qualquer corte.\" \/>\n<meta property=\"og:url\" content=\"https:\/\/www.em.com.br\/emfoco\/2026\/04\/26\/adeus-as-mechas-balayage-a-nova-tecnica-favorita-das-mulheres-e-mais-natural-e-facil-de-manter\/\" \/>\n<meta property=\"og:site_name\" content=\"Estado de Minas - Em foco\" \/>\n<meta property=\"article:published_time\" content=\"2026-04-27T00:35:00+00:00\" \/>\n<meta property=\"article:modified_time\" content=\"2026-04-25T17:19:31+00:00\" \/>\n<meta property=\"og:image\" content=\"https:\/\/www.em.com.br\/emfoco\/wp-content\/uploads\/2026\/04\/EmFoco_36-6.jpg\" \/>\n\t<meta property=\"og:image:width\" content=\"1280\" \/>\n\t<meta property=\"og:image:height\" content=\"720\" \/>\n\t<meta property=\"og:image:type\" content=\"image\/jpeg\" \/>\n<meta name=\"author\" content=\"Andre\u0301 Rangel\u00a0\" \/>\n<meta name=\"twitter:card\" content=\"summary_large_image\" \/>\n<meta name=\"twitter:label1\" content=\"Escrito por\" \/>\n\t<meta name=\"twitter:data1\" content=\"Andre\u0301 Rangel\u00a0\" \/>\n\t<meta name=\"twitter:label2\" content=\"Est. tempo de leitura\" \/>\n\t<meta name=\"twitter:data2\" content=\"4 minutos\" \/>\n<!-- \/ Yoast SEO plugin. -->","yoast_head_json":{"title":"Adeus \u00e0s mechas balayage: a nova t\u00e9cnica favorita das mulheres \u00e9 mais natural e f\u00e1cil de manter - Estado de Minas - Em foco","description":"Quer renovar o cabelo? As mechas loiras de 2026 trazem naturalidade, brilho e efeito elegante que valoriza qualquer corte.","robots":{"index":"index","follow":"follow","max-snippet":"max-snippet:-1","max-image-preview":"max-image-preview:large","max-video-preview":"max-video-preview:-1"},"canonical":"https:\/\/www.em.com.br\/emfoco\/2026\/04\/26\/adeus-as-mechas-balayage-a-nova-tecnica-favorita-das-mulheres-e-mais-natural-e-facil-de-manter\/","og_locale":"pt_BR","og_type":"article","og_title":"Adeus \u00e0s mechas balayage: a nova t\u00e9cnica favorita das mulheres \u00e9 mais natural e f\u00e1cil de manter - Estado de Minas - Em foco","og_description":"Quer renovar o cabelo? As mechas loiras de 2026 trazem naturalidade, brilho e efeito elegante que valoriza qualquer corte.","og_url":"https:\/\/www.em.com.br\/emfoco\/2026\/04\/26\/adeus-as-mechas-balayage-a-nova-tecnica-favorita-das-mulheres-e-mais-natural-e-facil-de-manter\/","og_site_name":"Estado de Minas - Em foco","article_published_time":"2026-04-27T00:35:00+00:00","article_modified_time":"2026-04-25T17:19:31+00:00","og_image":[{"width":1280,"height":720,"url":"https:\/\/www.em.com.br\/emfoco\/wp-content\/uploads\/2026\/04\/EmFoco_36-6.jpg","type":"image\/jpeg"}],"author":"Andre\u0301 Rangel\u00a0","twitter_card":"summary_large_image","twitter_misc":{"Escrito por":"Andre\u0301 Rangel\u00a0","Est. tempo de leitura":"4 minutos"},"schema":{"@context":"https:\/\/schema.org","@graph":[{"@type":"WebPage","@id":"https:\/\/www.em.com.br\/emfoco\/2026\/04\/26\/adeus-as-mechas-balayage-a-nova-tecnica-favorita-das-mulheres-e-mais-natural-e-facil-de-manter\/","url":"https:\/\/www.em.com.br\/emfoco\/2026\/04\/26\/adeus-as-mechas-balayage-a-nova-tecnica-favorita-das-mulheres-e-mais-natural-e-facil-de-manter\/","name":"Adeus \u00e0s mechas balayage: a nova t\u00e9cnica favorita das mulheres \u00e9 mais natural e f\u00e1cil de manter - Estado de Minas - Em foco","isPartOf":{"@id":"https:\/\/www.em.com.br\/emfoco\/#website"},"primaryImageOfPage":{"@id":"https:\/\/www.em.com.br\/emfoco\/2026\/04\/26\/adeus-as-mechas-balayage-a-nova-tecnica-favorita-das-mulheres-e-mais-natural-e-facil-de-manter\/#primaryimage"},"image":{"@id":"https:\/\/www.em.com.br\/emfoco\/2026\/04\/26\/adeus-as-mechas-balayage-a-nova-tecnica-favorita-das-mulheres-e-mais-natural-e-facil-de-manter\/#primaryimage"},"thumbnailUrl":"https:\/\/www.em.com.br\/emfoco\/wp-content\/uploads\/2026\/04\/EmFoco_36-6.jpg","datePublished":"2026-04-27T00:35:00+00:00","dateModified":"2026-04-25T17:19:31+00:00","author":{"@id":"https:\/\/www.em.com.br\/emfoco\/#\/schema\/person\/60eda09c1fedf0d6891f4cef4b60b8b8"},"description":"Quer renovar o cabelo? As mechas loiras de 2026 trazem naturalidade, brilho e efeito elegante que valoriza qualquer corte.","breadcrumb":{"@id":"https:\/\/www.em.com.br\/emfoco\/2026\/04\/26\/adeus-as-mechas-balayage-a-nova-tecnica-favorita-das-mulheres-e-mais-natural-e-facil-de-manter\/#breadcrumb"},"inLanguage":"pt-BR","potentialAction":[{"@type":"ReadAction","target":["https:\/\/www.em.com.br\/emfoco\/2026\/04\/26\/adeus-as-mechas-balayage-a-nova-tecnica-favorita-das-mulheres-e-mais-natural-e-facil-de-manter\/"]}]},{"@type":"ImageObject","inLanguage":"pt-BR","@id":"https:\/\/www.em.com.br\/emfoco\/2026\/04\/26\/adeus-as-mechas-balayage-a-nova-tecnica-favorita-das-mulheres-e-mais-natural-e-facil-de-manter\/#primaryimage","url":"https:\/\/www.em.com.br\/emfoco\/wp-content\/uploads\/2026\/04\/EmFoco_36-6.jpg","contentUrl":"https:\/\/www.em.com.br\/emfoco\/wp-content\/uploads\/2026\/04\/EmFoco_36-6.jpg","width":1280,"height":720,"caption":"T\u00e9cnicas modernas de clareamento capilar focadas em naturalidade e ilumina\u00e7\u00e3o do rosto"},{"@type":"BreadcrumbList","@id":"https:\/\/www.em.com.br\/emfoco\/2026\/04\/26\/adeus-as-mechas-balayage-a-nova-tecnica-favorita-das-mulheres-e-mais-natural-e-facil-de-manter\/#breadcrumb","itemListElement":[{"@type":"ListItem","position":1,"name":"In\u00edcio","item":"https:\/\/www.em.com.br\/emfoco\/"},{"@type":"ListItem","position":2,"name":"Adeus \u00e0s mechas balayage: a nova t\u00e9cnica favorita das mulheres \u00e9 mais natural e f\u00e1cil de manter"}]},{"@type":"WebSite","@id":"https:\/\/www.em.com.br\/emfoco\/#website","url":"https:\/\/www.em.com.br\/emfoco\/","name":"Estado de Minas - Em foco","description":"Acompanhe as \u00faltimas not\u00edcias e fique bem informado sobre tudo o que acontece em Minas Gerais, Brasil e no mundo.","potentialAction":[{"@type":"SearchAction","target":{"@type":"EntryPoint","urlTemplate":"https:\/\/www.em.com.br\/emfoco\/?s={search_term_string}"},"query-input":{"@type":"PropertyValueSpecification","valueRequired":true,"valueName":"search_term_string"}}],"inLanguage":"pt-BR"},{"@type":"Person","@id":"https:\/\/www.em.com.br\/emfoco\/#\/schema\/person\/60eda09c1fedf0d6891f4cef4b60b8b8","name":"Andre\u0301 Rangel\u00a0","image":{"@type":"ImageObject","inLanguage":"pt-BR","@id":"https:\/\/www.em.com.br\/emfoco\/#\/schema\/person\/image\/","url":"https:\/\/secure.gravatar.com\/avatar\/6234dc814c77c8ef6d8bba622c787efc?s=96&d=mm&r=g","contentUrl":"https:\/\/secure.gravatar.com\/avatar\/6234dc814c77c8ef6d8bba622c787efc?s=96&d=mm&r=g","caption":"Andre\u0301 Rangel\u00a0"},"url":"https:\/\/www.em.com.br\/emfoco\/author\/luizmyth\/"}]}},"_links":{"self":[{"href":"https:\/\/www.em.com.br\/emfoco\/wp-json\/wp\/v2\/posts\/198889","targetHints":{"allow":["GET"]}}],"collection":[{"href":"https:\/\/www.em.com.br\/emfoco\/wp-json\/wp\/v2\/posts"}],"about":[{"href":"https:\/\/www.em.com.br\/emfoco\/wp-json\/wp\/v2\/types\/post"}],"author":[{"embeddable":true,"href":"https:\/\/www.em.com.br\/emfoco\/wp-json\/wp\/v2\/users\/11"}],"replies":[{"embeddable":true,"href":"https:\/\/www.em.com.br\/emfoco\/wp-json\/wp\/v2\/comments?post=198889"}],"version-history":[{"count":1,"href":"https:\/\/www.em.com.br\/emfoco\/wp-json\/wp\/v2\/posts\/198889\/revisions"}],"predecessor-version":[{"id":198897,"href":"https:\/\/www.em.com.br\/emfoco\/wp-json\/wp\/v2\/posts\/198889\/revisions\/198897"}],"wp:featuredmedia":[{"embeddable":true,"href":"https:\/\/www.em.com.br\/emfoco\/wp-json\/wp\/v2\/media\/199318"}],"wp:attachment":[{"href":"https:\/\/www.em.com.br\/emfoco\/wp-json\/wp\/v2\/media?parent=198889"}],"wp:term":[{"taxonomy":"category","embeddable":true,"href":"https:\/\/www.em.com.br\/emfoco\/wp-json\/wp\/v2\/categories?post=198889"},{"taxonomy":"post_tag","embeddable":true,"href":"https:\/\/www.em.com.br\/emfoco\/wp-json\/wp\/v2\/tags?post=198889"}],"curies":[{"name":"wp","href":"https:\/\/api.w.org\/{rel}","templated":true}]}}