{"id":198866,"date":"2026-04-26T17:45:00","date_gmt":"2026-04-26T20:45:00","guid":{"rendered":"https:\/\/www.em.com.br\/emfoco\/?p=198866"},"modified":"2026-04-25T14:20:25","modified_gmt":"2026-04-25T17:20:25","slug":"a-superplanta-purifica-o-ar-interno-30-vezes-mais-eficazmente-do-que-outras-plantas","status":"publish","type":"post","link":"https:\/\/www.em.com.br\/emfoco\/2026\/04\/26\/a-superplanta-purifica-o-ar-interno-30-vezes-mais-eficazmente-do-que-outras-plantas\/","title":{"rendered":"A &#8220;superplanta&#8221; purifica o ar interno 30 vezes mais eficazmente do que outras plantas"},"content":{"rendered":"\n<p>A busca por alternativas para melhorar a qualidade do ar em ambientes internos tem ganhado for\u00e7a nos \u00faltimos anos, especialmente em grandes centros urbanos. Nesse contexto, a planta biotecnol\u00f3gica&nbsp;<strong>Neo P1<\/strong>&nbsp;vem chamando aten\u00e7\u00e3o por sua capacidade anunciada de purificar o ar de forma muito mais eficiente do que as plantas de interior tradicionais, unindo engenharia gen\u00e9tica, microbiologia e design pensado para o dia a dia.<\/p>\n\n\n\n<h2 class=\"wp-block-heading\">O que \u00e9 a planta Neo P1 e como ela atua na purifica\u00e7\u00e3o do ar<\/h2>\n\n\n\n<p>A <strong><a href=\"https:\/\/neoplants.com\/neo-p1\" target=\"_blank\" rel=\"noreferrer noopener\">Neo P1<\/a><\/strong>, nome dado a uma planta de interior modificada a partir da esp\u00e9cie j\u00e1 conhecida <strong>Pothos<\/strong>. A ideia \u00e9 manter as caracter\u00edsticas de f\u00e1cil cultivo da planta original, adicionando uma capacidade aumentada de remo\u00e7\u00e3o de poluentes do ar, com foco em ambientes dom\u00e9sticos e corporativos.<\/p>\n\n\n\n<p>Segundo informa\u00e7\u00f5es divulgadas pela desenvolvedora, a Neo P1 seria capaz de remover uma quantidade de determinados poluentes equivalente ao trabalho de diversas plantas convencionais. Funcionando como um \u201cfiltro vivo\u201d, ela atua continuamente desde que receba \u00e1gua, luz adequada e a manuten\u00e7\u00e3o recomendada, oferecendo uma filtragem gradual integrada \u00e0 decora\u00e7\u00e3o.<\/p>\n\n\n\n<figure class=\"wp-block-image size-large\"><img loading=\"lazy\" decoding=\"async\" width=\"1024\" height=\"576\" src=\"https:\/\/www.em.com.br\/emfoco\/wp-content\/uploads\/2026\/04\/ChatGPT-Image-24-de-abr.-de-2026-20_01_25-1-1024x576.png\" alt=\"Nova superplanta promete limpar o ar como nenhuma outra\" class=\"wp-image-198883\" srcset=\"https:\/\/www.em.com.br\/emfoco\/wp-content\/uploads\/2026\/04\/ChatGPT-Image-24-de-abr.-de-2026-20_01_25-1-1024x576.png 1024w, https:\/\/www.em.com.br\/emfoco\/wp-content\/uploads\/2026\/04\/ChatGPT-Image-24-de-abr.-de-2026-20_01_25-1-300x169.png 300w, https:\/\/www.em.com.br\/emfoco\/wp-content\/uploads\/2026\/04\/ChatGPT-Image-24-de-abr.-de-2026-20_01_25-1-768x432.png 768w, https:\/\/www.em.com.br\/emfoco\/wp-content\/uploads\/2026\/04\/ChatGPT-Image-24-de-abr.-de-2026-20_01_25-1-750x422.png 750w, https:\/\/www.em.com.br\/emfoco\/wp-content\/uploads\/2026\/04\/ChatGPT-Image-24-de-abr.-de-2026-20_01_25-1-1140x642.png 1140w, https:\/\/www.em.com.br\/emfoco\/wp-content\/uploads\/2026\/04\/ChatGPT-Image-24-de-abr.-de-2026-20_01_25-1.png 1279w\" sizes=\"auto, (max-width: 1024px) 100vw, 1024px\" \/><figcaption class=\"wp-element-caption\">Nova superplanta promete limpar o ar como nenhuma outra<\/figcaption><\/figure>\n\n\n\n<h2 class=\"wp-block-heading\">Por que a Neo P1 \u00e9 chamada de superplanta para purificar o ar<\/h2>\n\n\n\n<p>A Neo P1 costuma ser descrita como uma\u00a0<strong>superplanta de purifica\u00e7\u00e3o de ar<\/strong>\u00a0porque foi planejada para lidar com um grupo de subst\u00e2ncias chamadas\u00a0<em><strong>compostos org\u00e2nicos vol\u00e1teis<\/strong><\/em>\u00a0(VOC). Esses compostos s\u00e3o liberados por m\u00f3veis, tintas, pisos, adesivos, produtos de limpeza e at\u00e9 alguns tecidos, podendo se acumular em espa\u00e7os pouco ventilados.<\/p>\n\n\n\n<p>Entre os VOC mais citados est\u00e3o&nbsp;<strong>formalde\u00eddo, tolueno, xileno e benzeno<\/strong>, associados em estudos a riscos de doen\u00e7as respirat\u00f3rias, cardiovasculares e at\u00e9 c\u00e2ncer. Por meio de rotas metab\u00f3licas ajustadas e microbiomas espec\u00edficos, a Neo P1 captura esses compostos e os converte em subst\u00e2ncias menos problem\u00e1ticas, indo al\u00e9m do papel ornamental das plantas convencionais.<\/p>\n\n\n\n<h2 class=\"wp-block-heading\">Como cuidar da Neo P1 no dia a dia<\/h2>\n\n\n\n<p>Apesar da base tecnol\u00f3gica, a Neo P1 foi pensada para ser mantida como uma planta de apartamento comum, com alguns cuidados extras. Ela costuma vir com um vaso espec\u00edfico com&nbsp;<strong>reservat\u00f3rio de \u00e1gua integrado<\/strong>, o que facilita o controle da rega e reduz o risco de exageros, embora a frequ\u00eancia de irriga\u00e7\u00e3o ainda varie conforme o clima e a esta\u00e7\u00e3o.<\/p>\n\n\n\n<p>Al\u00e9m da \u00e1gua e da luminosidade indireta semelhante \u00e0 exigida por outras Pothos, o manejo inclui o uso de solu\u00e7\u00f5es com&nbsp;<strong>micro-organismos otimizados<\/strong>, dilu\u00eddas em \u00e1gua e aplicadas periodicamente. Em alguns casos, recomenda-se tamb\u00e9m borrifar o substrato com prepara\u00e7\u00f5es bacterianas espec\u00edficas, mantendo ativo o microbioma respons\u00e1vel por parte da filtragem dos poluentes.<\/p>\n\n\n\n<h2 class=\"wp-block-heading\">Quais s\u00e3o as principais diferen\u00e7as entre a Neo P1 e outras plantas purificadoras<\/h2>\n\n\n\n<p>Quando se fala em plantas purificadoras de ar, \u00e9 comum lembrar de esp\u00e9cies como Pothos, <strong>Espada-de-S\u00e3o-Jorge <\/strong>ou <strong><a href=\"https:\/\/www.em.com.br\/emfoco\/2026\/04\/19\/o-cuidado-essencial-que-mantem-o-lirio-da-paz-sempre-florido-e-bonito-o-ano-todo\/\" target=\"_blank\" rel=\"noreferrer noopener\">L\u00edrio-da-paz<\/a><\/strong>. Todas ajudam na melhoria do ambiente, sobretudo pela produ\u00e7\u00e3o de oxig\u00eanio e absor\u00e7\u00e3o de certos compostos, mas a\u00a0<strong>Neo P1<\/strong>\u00a0integra uma categoria mais recente de\u00a0<strong>plantas bioengenheiradas<\/strong>, com foco aprimorado na qualidade do ar interno.<\/p>\n\n\n\n<figure class=\"wp-block-image size-large\"><img loading=\"lazy\" decoding=\"async\" width=\"1024\" height=\"576\" src=\"https:\/\/www.em.com.br\/emfoco\/wp-content\/uploads\/2026\/04\/Gemini_Generated_Image_klexfeklexfeklex-1-1024x576.png\" alt=\"Nova superplanta promete limpar o ar como nenhuma outra\" class=\"wp-image-198884\" srcset=\"https:\/\/www.em.com.br\/emfoco\/wp-content\/uploads\/2026\/04\/Gemini_Generated_Image_klexfeklexfeklex-1-1024x576.png 1024w, https:\/\/www.em.com.br\/emfoco\/wp-content\/uploads\/2026\/04\/Gemini_Generated_Image_klexfeklexfeklex-1-300x169.png 300w, https:\/\/www.em.com.br\/emfoco\/wp-content\/uploads\/2026\/04\/Gemini_Generated_Image_klexfeklexfeklex-1-768x432.png 768w, https:\/\/www.em.com.br\/emfoco\/wp-content\/uploads\/2026\/04\/Gemini_Generated_Image_klexfeklexfeklex-1-750x422.png 750w, https:\/\/www.em.com.br\/emfoco\/wp-content\/uploads\/2026\/04\/Gemini_Generated_Image_klexfeklexfeklex-1-1140x641.png 1140w, https:\/\/www.em.com.br\/emfoco\/wp-content\/uploads\/2026\/04\/Gemini_Generated_Image_klexfeklexfeklex-1.png 1280w\" sizes=\"auto, (max-width: 1024px) 100vw, 1024px\" \/><figcaption class=\"wp-element-caption\">Nova superplanta promete limpar o ar como nenhuma outra<\/figcaption><\/figure>\n\n\n\n<p>Para entender melhor o que diferencia a Neo P1 dessas op\u00e7\u00f5es tradicionais, vale observar alguns pontos-chave do seu conceito e funcionamento:<\/p>\n\n\n\n<ul class=\"wp-block-list\">\n<li><strong>Origem biotecnol\u00f3gica<\/strong>\u00a0\u2013 derivada de uma esp\u00e9cie comum, passa por processos de engenharia biol\u00f3gica e sele\u00e7\u00e3o dirigida.<\/li>\n\n\n\n<li><strong>Foco em VOC espec\u00edficos<\/strong>\u00a0\u2013 projetada para lidar com poluentes org\u00e2nicos vol\u00e1teis t\u00edpicos de lares e escrit\u00f3rios.<\/li>\n\n\n\n<li><strong>Integra\u00e7\u00e3o com microbioma<\/strong>\u00a0\u2013 acompanha micro-organismos formulados para atuar em parceria com a planta.<\/li>\n\n\n\n<li><strong>Desempenho estimado superior<\/strong>\u00a0\u2013 comunica\u00e7\u00e3o destaca potencial de remo\u00e7\u00e3o de poluentes acima de um grupo grande de plantas tradicionais.<\/li>\n<\/ul>\n\n\n\n<h2 class=\"wp-block-heading\">Qual \u00e9 o impacto da Neo P1 no futuro da qualidade do ar em casa<\/h2>\n\n\n\n<p>A Neo P1 simboliza uma tend\u00eancia em que&nbsp;<strong>plantas com prop\u00f3sito<\/strong>&nbsp;ganham espa\u00e7o como parte do conjunto de ferramentas contra a polui\u00e7\u00e3o do ar em ambientes internos. Ao lado de purificadores eletr\u00f4nicos, materiais de constru\u00e7\u00e3o menos t\u00f3xicos e boas pr\u00e1ticas de ventila\u00e7\u00e3o, essa planta biotecnol\u00f3gica tende a atuar de forma complementar, especialmente em cidades densamente povoadas.<\/p>\n\n\n\n<p>\u00c0 medida que avan\u00e7am as pesquisas em bioengenharia, novas esp\u00e9cies otimizadas devem surgir para remover poluentes espec\u00edficos ou integrar sensores e dispositivos inteligentes. Se voc\u00ea se preocupa com a sa\u00fade ambiental da sua casa ou escrit\u00f3rio, avaliar a ado\u00e7\u00e3o de solu\u00e7\u00f5es como a Neo P1 agora pode fazer diferen\u00e7a real no seu bem-estar di\u00e1rio e na prote\u00e7\u00e3o da sua fam\u00edlia.<\/p>\n","protected":false},"excerpt":{"rendered":"<p>A busca por alternativas para melhorar a qualidade do ar em ambientes internos tem ganhado for\u00e7a nos \u00faltimos anos, especialmente em grandes centros urbanos. Nesse contexto, a planta biotecnol\u00f3gica&nbsp;Neo P1&nbsp;vem chamando aten\u00e7\u00e3o por sua capacidade anunciada de purificar o ar de forma muito mais eficiente do que as plantas de interior tradicionais, unindo engenharia gen\u00e9tica, [&hellip;]<\/p>\n","protected":false},"author":11,"featured_media":199322,"comment_status":"open","ping_status":"open","sticky":false,"template":"","format":"standard","meta":{"jnews-multi-image_gallery":[],"jnews_single_post":{"format":"standard"},"jnews_primary_category":[],"jnews_social_meta":[],"jnews_override_counter":[],"footnotes":""},"categories":[8819,1],"tags":[2911,28712,3779],"class_list":["post-198866","post","type-post","status-publish","format-standard","has-post-thumbnail","hentry","category-curiosidades","category-noticias","tag-casa","tag-limpar-o-ar-interno","tag-planta"],"yoast_head":"<!-- This site is optimized with the Yoast SEO plugin v23.8 - https:\/\/yoast.com\/wordpress\/plugins\/seo\/ -->\n<title>A &quot;superplanta&quot; purifica o ar interno 30 vezes mais eficazmente do que outras plantas - Estado de Minas - Em foco<\/title>\n<meta name=\"description\" content=\"A Neo P1 chama aten\u00e7\u00e3o por limpar o ar interno melhor que plantas comuns. Veja como funciona e se vale ter uma em casa.\" \/>\n<meta name=\"robots\" content=\"index, follow, max-snippet:-1, max-image-preview:large, max-video-preview:-1\" \/>\n<link rel=\"canonical\" href=\"https:\/\/www.em.com.br\/emfoco\/2026\/04\/26\/a-superplanta-purifica-o-ar-interno-30-vezes-mais-eficazmente-do-que-outras-plantas\/\" \/>\n<meta property=\"og:locale\" content=\"pt_BR\" \/>\n<meta property=\"og:type\" content=\"article\" \/>\n<meta property=\"og:title\" content=\"A &quot;superplanta&quot; purifica o ar interno 30 vezes mais eficazmente do que outras plantas - Estado de Minas - Em foco\" \/>\n<meta property=\"og:description\" content=\"A Neo P1 chama aten\u00e7\u00e3o por limpar o ar interno melhor que plantas comuns. Veja como funciona e se vale ter uma em casa.\" \/>\n<meta property=\"og:url\" content=\"https:\/\/www.em.com.br\/emfoco\/2026\/04\/26\/a-superplanta-purifica-o-ar-interno-30-vezes-mais-eficazmente-do-que-outras-plantas\/\" \/>\n<meta property=\"og:site_name\" content=\"Estado de Minas - Em foco\" \/>\n<meta property=\"article:published_time\" content=\"2026-04-26T20:45:00+00:00\" \/>\n<meta property=\"article:modified_time\" content=\"2026-04-25T17:20:25+00:00\" \/>\n<meta property=\"og:image\" content=\"https:\/\/www.em.com.br\/emfoco\/wp-content\/uploads\/2026\/04\/EmFoco_32-6.jpg\" \/>\n\t<meta property=\"og:image:width\" content=\"1280\" \/>\n\t<meta property=\"og:image:height\" content=\"720\" \/>\n\t<meta property=\"og:image:type\" content=\"image\/jpeg\" \/>\n<meta name=\"author\" content=\"Andre\u0301 Rangel\u00a0\" \/>\n<meta name=\"twitter:card\" content=\"summary_large_image\" \/>\n<meta name=\"twitter:label1\" content=\"Escrito por\" \/>\n\t<meta name=\"twitter:data1\" content=\"Andre\u0301 Rangel\u00a0\" \/>\n\t<meta name=\"twitter:label2\" content=\"Est. tempo de leitura\" \/>\n\t<meta name=\"twitter:data2\" content=\"5 minutos\" \/>\n<!-- \/ Yoast SEO plugin. -->","yoast_head_json":{"title":"A \"superplanta\" purifica o ar interno 30 vezes mais eficazmente do que outras plantas - Estado de Minas - Em foco","description":"A Neo P1 chama aten\u00e7\u00e3o por limpar o ar interno melhor que plantas comuns. Veja como funciona e se vale ter uma em casa.","robots":{"index":"index","follow":"follow","max-snippet":"max-snippet:-1","max-image-preview":"max-image-preview:large","max-video-preview":"max-video-preview:-1"},"canonical":"https:\/\/www.em.com.br\/emfoco\/2026\/04\/26\/a-superplanta-purifica-o-ar-interno-30-vezes-mais-eficazmente-do-que-outras-plantas\/","og_locale":"pt_BR","og_type":"article","og_title":"A \"superplanta\" purifica o ar interno 30 vezes mais eficazmente do que outras plantas - Estado de Minas - Em foco","og_description":"A Neo P1 chama aten\u00e7\u00e3o por limpar o ar interno melhor que plantas comuns. Veja como funciona e se vale ter uma em casa.","og_url":"https:\/\/www.em.com.br\/emfoco\/2026\/04\/26\/a-superplanta-purifica-o-ar-interno-30-vezes-mais-eficazmente-do-que-outras-plantas\/","og_site_name":"Estado de Minas - Em foco","article_published_time":"2026-04-26T20:45:00+00:00","article_modified_time":"2026-04-25T17:20:25+00:00","og_image":[{"width":1280,"height":720,"url":"https:\/\/www.em.com.br\/emfoco\/wp-content\/uploads\/2026\/04\/EmFoco_32-6.jpg","type":"image\/jpeg"}],"author":"Andre\u0301 Rangel\u00a0","twitter_card":"summary_large_image","twitter_misc":{"Escrito por":"Andre\u0301 Rangel\u00a0","Est. tempo de leitura":"5 minutos"},"schema":{"@context":"https:\/\/schema.org","@graph":[{"@type":"WebPage","@id":"https:\/\/www.em.com.br\/emfoco\/2026\/04\/26\/a-superplanta-purifica-o-ar-interno-30-vezes-mais-eficazmente-do-que-outras-plantas\/","url":"https:\/\/www.em.com.br\/emfoco\/2026\/04\/26\/a-superplanta-purifica-o-ar-interno-30-vezes-mais-eficazmente-do-que-outras-plantas\/","name":"A \"superplanta\" purifica o ar interno 30 vezes mais eficazmente do que outras plantas - Estado de Minas - Em foco","isPartOf":{"@id":"https:\/\/www.em.com.br\/emfoco\/#website"},"primaryImageOfPage":{"@id":"https:\/\/www.em.com.br\/emfoco\/2026\/04\/26\/a-superplanta-purifica-o-ar-interno-30-vezes-mais-eficazmente-do-que-outras-plantas\/#primaryimage"},"image":{"@id":"https:\/\/www.em.com.br\/emfoco\/2026\/04\/26\/a-superplanta-purifica-o-ar-interno-30-vezes-mais-eficazmente-do-que-outras-plantas\/#primaryimage"},"thumbnailUrl":"https:\/\/www.em.com.br\/emfoco\/wp-content\/uploads\/2026\/04\/EmFoco_32-6.jpg","datePublished":"2026-04-26T20:45:00+00:00","dateModified":"2026-04-25T17:20:25+00:00","author":{"@id":"https:\/\/www.em.com.br\/emfoco\/#\/schema\/person\/60eda09c1fedf0d6891f4cef4b60b8b8"},"description":"A Neo P1 chama aten\u00e7\u00e3o por limpar o ar interno melhor que plantas comuns. Veja como funciona e se vale ter uma em casa.","breadcrumb":{"@id":"https:\/\/www.em.com.br\/emfoco\/2026\/04\/26\/a-superplanta-purifica-o-ar-interno-30-vezes-mais-eficazmente-do-que-outras-plantas\/#breadcrumb"},"inLanguage":"pt-BR","potentialAction":[{"@type":"ReadAction","target":["https:\/\/www.em.com.br\/emfoco\/2026\/04\/26\/a-superplanta-purifica-o-ar-interno-30-vezes-mais-eficazmente-do-que-outras-plantas\/"]}]},{"@type":"ImageObject","inLanguage":"pt-BR","@id":"https:\/\/www.em.com.br\/emfoco\/2026\/04\/26\/a-superplanta-purifica-o-ar-interno-30-vezes-mais-eficazmente-do-que-outras-plantas\/#primaryimage","url":"https:\/\/www.em.com.br\/emfoco\/wp-content\/uploads\/2026\/04\/EmFoco_32-6.jpg","contentUrl":"https:\/\/www.em.com.br\/emfoco\/wp-content\/uploads\/2026\/04\/EmFoco_32-6.jpg","width":1280,"height":720,"caption":"Planta biotecnol\u00f3gica otimizada para remover poluentes org\u00e2nicos vol\u00e1teis de ambientes internos"},{"@type":"BreadcrumbList","@id":"https:\/\/www.em.com.br\/emfoco\/2026\/04\/26\/a-superplanta-purifica-o-ar-interno-30-vezes-mais-eficazmente-do-que-outras-plantas\/#breadcrumb","itemListElement":[{"@type":"ListItem","position":1,"name":"In\u00edcio","item":"https:\/\/www.em.com.br\/emfoco\/"},{"@type":"ListItem","position":2,"name":"A &#8220;superplanta&#8221; purifica o ar interno 30 vezes mais eficazmente do que outras plantas"}]},{"@type":"WebSite","@id":"https:\/\/www.em.com.br\/emfoco\/#website","url":"https:\/\/www.em.com.br\/emfoco\/","name":"Estado de Minas - Em foco","description":"Acompanhe as \u00faltimas not\u00edcias e fique bem informado sobre tudo o que acontece em Minas Gerais, Brasil e no mundo.","potentialAction":[{"@type":"SearchAction","target":{"@type":"EntryPoint","urlTemplate":"https:\/\/www.em.com.br\/emfoco\/?s={search_term_string}"},"query-input":{"@type":"PropertyValueSpecification","valueRequired":true,"valueName":"search_term_string"}}],"inLanguage":"pt-BR"},{"@type":"Person","@id":"https:\/\/www.em.com.br\/emfoco\/#\/schema\/person\/60eda09c1fedf0d6891f4cef4b60b8b8","name":"Andre\u0301 Rangel\u00a0","image":{"@type":"ImageObject","inLanguage":"pt-BR","@id":"https:\/\/www.em.com.br\/emfoco\/#\/schema\/person\/image\/","url":"https:\/\/secure.gravatar.com\/avatar\/6234dc814c77c8ef6d8bba622c787efc?s=96&d=mm&r=g","contentUrl":"https:\/\/secure.gravatar.com\/avatar\/6234dc814c77c8ef6d8bba622c787efc?s=96&d=mm&r=g","caption":"Andre\u0301 Rangel\u00a0"},"url":"https:\/\/www.em.com.br\/emfoco\/author\/luizmyth\/"}]}},"_links":{"self":[{"href":"https:\/\/www.em.com.br\/emfoco\/wp-json\/wp\/v2\/posts\/198866","targetHints":{"allow":["GET"]}}],"collection":[{"href":"https:\/\/www.em.com.br\/emfoco\/wp-json\/wp\/v2\/posts"}],"about":[{"href":"https:\/\/www.em.com.br\/emfoco\/wp-json\/wp\/v2\/types\/post"}],"author":[{"embeddable":true,"href":"https:\/\/www.em.com.br\/emfoco\/wp-json\/wp\/v2\/users\/11"}],"replies":[{"embeddable":true,"href":"https:\/\/www.em.com.br\/emfoco\/wp-json\/wp\/v2\/comments?post=198866"}],"version-history":[{"count":4,"href":"https:\/\/www.em.com.br\/emfoco\/wp-json\/wp\/v2\/posts\/198866\/revisions"}],"predecessor-version":[{"id":198885,"href":"https:\/\/www.em.com.br\/emfoco\/wp-json\/wp\/v2\/posts\/198866\/revisions\/198885"}],"wp:featuredmedia":[{"embeddable":true,"href":"https:\/\/www.em.com.br\/emfoco\/wp-json\/wp\/v2\/media\/199322"}],"wp:attachment":[{"href":"https:\/\/www.em.com.br\/emfoco\/wp-json\/wp\/v2\/media?parent=198866"}],"wp:term":[{"taxonomy":"category","embeddable":true,"href":"https:\/\/www.em.com.br\/emfoco\/wp-json\/wp\/v2\/categories?post=198866"},{"taxonomy":"post_tag","embeddable":true,"href":"https:\/\/www.em.com.br\/emfoco\/wp-json\/wp\/v2\/tags?post=198866"}],"curies":[{"name":"wp","href":"https:\/\/api.w.org\/{rel}","templated":true}]}}