{"id":198837,"date":"2026-04-26T10:25:00","date_gmt":"2026-04-26T13:25:00","guid":{"rendered":"https:\/\/www.em.com.br\/emfoco\/?p=198837"},"modified":"2026-04-25T14:11:02","modified_gmt":"2026-04-25T17:11:02","slug":"para-os-lencois-durarem-mais-evite-este-habito-comum-na-lavagem-e-adote-o-cuidado-simples-que-preserva-o-tecido","status":"publish","type":"post","link":"https:\/\/www.em.com.br\/emfoco\/2026\/04\/26\/para-os-lencois-durarem-mais-evite-este-habito-comum-na-lavagem-e-adote-o-cuidado-simples-que-preserva-o-tecido\/","title":{"rendered":"Para os len\u00e7\u00f3is durarem mais, evite este h\u00e1bito comum na lavagem e adote o cuidado simples que preserva o tecido"},"content":{"rendered":"\n<p>Cuidar bem dos len\u00e7\u00f3is costuma ficar em segundo plano na rotina, mas faz toda a diferen\u00e7a na durabilidade do tecido, no conforto ao dormir e at\u00e9 na sa\u00fade, j\u00e1 que o jeito de lavar, secar e guardar pode acelerar o desgaste ou manter a roupa de cama bonita e macia por muito mais tempo.<\/p>\n\n\n\n<h2 class=\"wp-block-heading\">Como o jeito de lavar os len\u00e7\u00f3is afeta a durabilidade?<\/h2>\n\n\n\n<p>O\u00a0<strong>modo de <\/strong><a href=\"https:\/\/www.em.com.br\/emfoco\/2025\/10\/02\/como-lavar-lencois-corretamente-e-aumentar-a-durabilidade\/\" target=\"_blank\" rel=\"noreferrer noopener\"><strong>lavar len\u00e7ol<\/strong>\u00a0<\/a>interfere diretamente no desgaste mec\u00e2nico das fibras. Ciclos muito intensos, carga excessiva e mistura com pe\u00e7as pesadas aumentam a fric\u00e7\u00e3o, favorecem bolinhas, rasgos e o aspecto de roupa velha, mesmo em pe\u00e7as relativamente novas.<\/p>\n\n\n\n<p>Len\u00e7\u00f3is s\u00e3o pe\u00e7as amplas e leves, que se comportam diferente de toalhas, jeans ou mantas grossas dentro do tambor. Em contato com artigos mais pesados, tendem a se torcer e enroscar, sofrendo pux\u00f5es repetidos que comprometem a estrutura do tecido ao longo das lavagens.<\/p>\n\n\n\n<figure class=\"wp-block-image size-large\"><img loading=\"lazy\" decoding=\"async\" width=\"1024\" height=\"576\" src=\"https:\/\/www.em.com.br\/emfoco\/wp-content\/uploads\/2026\/04\/ChatGPT-Image-24-de-abr.-de-2026-19_20_10-1-1024x576.png\" alt=\"A forma mais inteligente de lavar len\u00e7ol hoje\" class=\"wp-image-198856\" srcset=\"https:\/\/www.em.com.br\/emfoco\/wp-content\/uploads\/2026\/04\/ChatGPT-Image-24-de-abr.-de-2026-19_20_10-1-1024x576.png 1024w, https:\/\/www.em.com.br\/emfoco\/wp-content\/uploads\/2026\/04\/ChatGPT-Image-24-de-abr.-de-2026-19_20_10-1-300x169.png 300w, https:\/\/www.em.com.br\/emfoco\/wp-content\/uploads\/2026\/04\/ChatGPT-Image-24-de-abr.-de-2026-19_20_10-1-768x432.png 768w, https:\/\/www.em.com.br\/emfoco\/wp-content\/uploads\/2026\/04\/ChatGPT-Image-24-de-abr.-de-2026-19_20_10-1-750x422.png 750w, https:\/\/www.em.com.br\/emfoco\/wp-content\/uploads\/2026\/04\/ChatGPT-Image-24-de-abr.-de-2026-19_20_10-1-1140x642.png 1140w, https:\/\/www.em.com.br\/emfoco\/wp-content\/uploads\/2026\/04\/ChatGPT-Image-24-de-abr.-de-2026-19_20_10-1.png 1279w\" sizes=\"auto, (max-width: 1024px) 100vw, 1024px\" \/><figcaption class=\"wp-element-caption\">A forma mais inteligente de lavar len\u00e7ol hoje<\/figcaption><\/figure>\n\n\n\n<h2 class=\"wp-block-heading\">Por que o uso de produtos e a temperatura da \u00e1gua s\u00e3o t\u00e3o importantes?<\/h2>\n\n\n\n<p>O uso incorreto de sab\u00e3o, amaciante e <a href=\"https:\/\/drlavatudo.com\/blog\/alvejante\" target=\"_blank\" rel=\"noreferrer noopener\">alvejante <\/a>\u00e9 outro fator que reduz a vida \u00fatil da roupa de cama. Excesso de produto, combinado a enx\u00e1gue insuficiente, deixa res\u00edduos entre as fibras, causando rigidez, perda de brilho e sensa\u00e7\u00e3o de aspereza ao toque.<\/p>\n\n\n\n<p>A temperatura da \u00e1gua tamb\u00e9m pesa: em geral, \u00e1gua fria ou morna \u00e9 suficiente para higienizar bem a maioria dos tecidos. J\u00e1 temperaturas muito altas tendem a encolher, enfraquecer a fibra e desbotar cores, especialmente em algod\u00e3o e mistos com elastano.<\/p>\n\n\n\n<h2 class=\"wp-block-heading\">Como montar a lavagem ideal para preservar os len\u00e7\u00f3is?<\/h2>\n\n\n\n<p>Ao pensar em&nbsp;<strong>como lavar len\u00e7ol<\/strong>, a principal orienta\u00e7\u00e3o \u00e9 reduzir o atrito desnecess\u00e1rio. Em vez de misturar len\u00e7\u00f3is com toalhas felpudas, casacos ou cal\u00e7as pesadas, o ideal \u00e9 lav\u00e1-los sozinhos ou com pe\u00e7as leves e de textura semelhante, como fronhas e capas de edredom finas.<\/p>\n\n\n\n<p>Na pr\u00e1tica, alguns cuidados b\u00e1sicos ajudam a preservar o tecido, mantendo maciez e apar\u00eancia de novo por mais tempo:<\/p>\n\n\n\n<ul class=\"wp-block-list\">\n<li><strong>Evitar excesso de carga:<\/strong>\u00a0deixe espa\u00e7o no tambor para a \u00e1gua circular e o len\u00e7ol se mover sem ficar comprimido.<\/li>\n\n\n\n<li><strong>Selecionar ciclo suave:<\/strong>\u00a0prefira programas para pe\u00e7as delicadas ou cama e banho, com giros menos agressivos.<\/li>\n\n\n\n<li><strong>Usar \u00e1gua na temperatura adequada:<\/strong>\u00a0priorize \u00e1gua fria ou morna, evitando calor excessivo que pode encolher as fibras.<\/li>\n\n\n\n<li><strong>Dosar corretamente o sab\u00e3o:<\/strong>\u00a0siga o r\u00f3tulo e considere o volume de pe\u00e7as para n\u00e3o formar espuma em excesso.<\/li>\n\n\n\n<li><strong>Limitar o uso de amaciante:<\/strong>\u00a0use quantidades moderadas para n\u00e3o criar pel\u00edcula sobre o tecido.<\/li>\n<\/ul>\n\n\n\n<figure class=\"wp-block-image size-large\"><img loading=\"lazy\" decoding=\"async\" width=\"1024\" height=\"576\" src=\"https:\/\/www.em.com.br\/emfoco\/wp-content\/uploads\/2026\/04\/ChatGPT-Image-24-de-abr.-de-2026-19_22_03-1-1024x576.png\" alt=\"A forma mais inteligente de lavar len\u00e7ol hoje\" class=\"wp-image-198857\" srcset=\"https:\/\/www.em.com.br\/emfoco\/wp-content\/uploads\/2026\/04\/ChatGPT-Image-24-de-abr.-de-2026-19_22_03-1-1024x576.png 1024w, https:\/\/www.em.com.br\/emfoco\/wp-content\/uploads\/2026\/04\/ChatGPT-Image-24-de-abr.-de-2026-19_22_03-1-300x169.png 300w, https:\/\/www.em.com.br\/emfoco\/wp-content\/uploads\/2026\/04\/ChatGPT-Image-24-de-abr.-de-2026-19_22_03-1-768x432.png 768w, https:\/\/www.em.com.br\/emfoco\/wp-content\/uploads\/2026\/04\/ChatGPT-Image-24-de-abr.-de-2026-19_22_03-1-750x422.png 750w, https:\/\/www.em.com.br\/emfoco\/wp-content\/uploads\/2026\/04\/ChatGPT-Image-24-de-abr.-de-2026-19_22_03-1-1140x642.png 1140w, https:\/\/www.em.com.br\/emfoco\/wp-content\/uploads\/2026\/04\/ChatGPT-Image-24-de-abr.-de-2026-19_22_03-1.png 1279w\" sizes=\"auto, (max-width: 1024px) 100vw, 1024px\" \/><figcaption class=\"wp-element-caption\">A forma mais inteligente de lavar len\u00e7ol hoje<\/figcaption><\/figure>\n\n\n\n<h2 class=\"wp-block-heading\">Quais h\u00e1bitos simples mant\u00eam os len\u00e7\u00f3is conservados por mais tempo?<\/h2>\n\n\n\n<p>Para aumentar a durabilidade, o&nbsp;<strong>cuidado com len\u00e7\u00f3is<\/strong>&nbsp;passa por h\u00e1bitos regulares. Lavar entre uma e duas semanas, dependendo do clima e do uso, evita o ac\u00famulo de suor, oleosidade e poeira, que penetram nas fibras e exigem lavagens mais pesadas depois.<\/p>\n\n\n\n<p>Algumas atitudes di\u00e1rias e na hora de guardar fazem muita diferen\u00e7a:<\/p>\n\n\n\n<ol class=\"wp-block-list\">\n<li><strong>Ventilar a cama diariamente:<\/strong>\u00a0deixe colch\u00e3o e len\u00e7ol respirarem antes de arrumar, reduzindo umidade retida.<\/li>\n\n\n\n<li><strong>Evitar comer na cama:<\/strong>\u00a0restos de alimentos atraem \u00e1caros e for\u00e7am lavagens mais intensas.<\/li>\n\n\n\n<li><strong>Alternar jogos de len\u00e7ol:<\/strong>\u00a0intercale dois ou tr\u00eas conjuntos para diminuir o desgaste de cada pe\u00e7a.<\/li>\n\n\n\n<li><strong>Armazenar em local seco:<\/strong>\u00a0guarde len\u00e7\u00f3is bem secos, dobrados e protegidos da luz direta para preservar a cor.<\/li>\n\n\n\n<li><strong>Atentar \u00e0 etiqueta:<\/strong>\u00a0siga as instru\u00e7\u00f5es do fabricante sobre temperatura, tipo de ciclo e uso de secadora.<\/li>\n<\/ol>\n\n\n\n<h2 class=\"wp-block-heading\">Como garantir conforto, higiene e economia com os len\u00e7\u00f3is?<\/h2>\n\n\n\n<p>Ao combinar o modo correto de lavar len\u00e7ol, a dosagem adequada de produtos e pequenos cuidados di\u00e1rios, voc\u00ea reduz o desgaste precoce e evita trocar a roupa de cama antes da hora, mantendo conforto e higiene por muito mais tempo. Quem tem pele sens\u00edvel ou alergias pode priorizar detergentes neutros e enx\u00e1gue refor\u00e7ado para diminuir res\u00edduos qu\u00edmicos.<\/p>\n\n\n\n<p>N\u00e3o espere seus len\u00e7\u00f3is ficarem \u00e1speros, manchados ou rasgando para mudar de h\u00e1bito: revise hoje mesmo sua rotina de lavagem, separe uma carga s\u00f3 de roupa de cama, ajuste o ciclo da m\u00e1quina e comece j\u00e1 a cuidar melhor das pe\u00e7as que te acompanham todas as noites.<\/p>\n","protected":false},"excerpt":{"rendered":"<p>Cuidar bem dos len\u00e7\u00f3is costuma ficar em segundo plano na rotina, mas faz toda a diferen\u00e7a na durabilidade do tecido, no conforto ao dormir e at\u00e9 na sa\u00fade, j\u00e1 que o jeito de lavar, secar e guardar pode acelerar o desgaste ou manter a roupa de cama bonita e macia por muito mais tempo. Como [&hellip;]<\/p>\n","protected":false},"author":11,"featured_media":199312,"comment_status":"open","ping_status":"open","sticky":false,"template":"","format":"standard","meta":{"jnews-multi-image_gallery":[],"jnews_single_post":{"format":"standard"},"jnews_primary_category":[],"jnews_social_meta":[],"jnews_override_counter":[],"footnotes":""},"categories":[8819,1],"tags":[28709,3337,9446,17277],"class_list":["post-198837","post","type-post","status-publish","format-standard","has-post-thumbnail","hentry","category-curiosidades","category-noticias","tag-lavar-lencol","tag-limpeza","tag-roupa","tag-tecido"],"yoast_head":"<!-- This site is optimized with the Yoast SEO plugin v23.8 - https:\/\/yoast.com\/wordpress\/plugins\/seo\/ -->\n<title>Para os len\u00e7\u00f3is durarem mais, evite este h\u00e1bito comum na lavagem e adote o cuidado simples que preserva o tecido - Estado de Minas - Em foco<\/title>\n<meta name=\"description\" content=\"Aprenda como lavar len\u00e7ol do jeito certo e evite desgaste precoce. Pequenos ajustes deixam o tecido macio, limpo e bonito por mais tempo.\" \/>\n<meta name=\"robots\" content=\"index, follow, max-snippet:-1, max-image-preview:large, max-video-preview:-1\" \/>\n<link rel=\"canonical\" href=\"https:\/\/www.em.com.br\/emfoco\/2026\/04\/26\/para-os-lencois-durarem-mais-evite-este-habito-comum-na-lavagem-e-adote-o-cuidado-simples-que-preserva-o-tecido\/\" \/>\n<meta property=\"og:locale\" content=\"pt_BR\" \/>\n<meta property=\"og:type\" content=\"article\" \/>\n<meta property=\"og:title\" content=\"Para os len\u00e7\u00f3is durarem mais, evite este h\u00e1bito comum na lavagem e adote o cuidado simples que preserva o tecido - Estado de Minas - Em foco\" \/>\n<meta property=\"og:description\" content=\"Aprenda como lavar len\u00e7ol do jeito certo e evite desgaste precoce. Pequenos ajustes deixam o tecido macio, limpo e bonito por mais tempo.\" \/>\n<meta property=\"og:url\" content=\"https:\/\/www.em.com.br\/emfoco\/2026\/04\/26\/para-os-lencois-durarem-mais-evite-este-habito-comum-na-lavagem-e-adote-o-cuidado-simples-que-preserva-o-tecido\/\" \/>\n<meta property=\"og:site_name\" content=\"Estado de Minas - Em foco\" \/>\n<meta property=\"article:published_time\" content=\"2026-04-26T13:25:00+00:00\" \/>\n<meta property=\"article:modified_time\" content=\"2026-04-25T17:11:02+00:00\" \/>\n<meta property=\"og:image\" content=\"https:\/\/www.em.com.br\/emfoco\/wp-content\/uploads\/2026\/04\/EmFoco_24-6.jpg\" \/>\n\t<meta property=\"og:image:width\" content=\"1280\" \/>\n\t<meta property=\"og:image:height\" content=\"720\" \/>\n\t<meta property=\"og:image:type\" content=\"image\/jpeg\" \/>\n<meta name=\"author\" content=\"Andre\u0301 Rangel\u00a0\" \/>\n<meta name=\"twitter:card\" content=\"summary_large_image\" \/>\n<meta name=\"twitter:label1\" content=\"Escrito por\" \/>\n\t<meta name=\"twitter:data1\" content=\"Andre\u0301 Rangel\u00a0\" \/>\n\t<meta name=\"twitter:label2\" content=\"Est. tempo de leitura\" \/>\n\t<meta name=\"twitter:data2\" content=\"5 minutos\" \/>\n<!-- \/ Yoast SEO plugin. -->","yoast_head_json":{"title":"Para os len\u00e7\u00f3is durarem mais, evite este h\u00e1bito comum na lavagem e adote o cuidado simples que preserva o tecido - Estado de Minas - Em foco","description":"Aprenda como lavar len\u00e7ol do jeito certo e evite desgaste precoce. Pequenos ajustes deixam o tecido macio, limpo e bonito por mais tempo.","robots":{"index":"index","follow":"follow","max-snippet":"max-snippet:-1","max-image-preview":"max-image-preview:large","max-video-preview":"max-video-preview:-1"},"canonical":"https:\/\/www.em.com.br\/emfoco\/2026\/04\/26\/para-os-lencois-durarem-mais-evite-este-habito-comum-na-lavagem-e-adote-o-cuidado-simples-que-preserva-o-tecido\/","og_locale":"pt_BR","og_type":"article","og_title":"Para os len\u00e7\u00f3is durarem mais, evite este h\u00e1bito comum na lavagem e adote o cuidado simples que preserva o tecido - Estado de Minas - Em foco","og_description":"Aprenda como lavar len\u00e7ol do jeito certo e evite desgaste precoce. Pequenos ajustes deixam o tecido macio, limpo e bonito por mais tempo.","og_url":"https:\/\/www.em.com.br\/emfoco\/2026\/04\/26\/para-os-lencois-durarem-mais-evite-este-habito-comum-na-lavagem-e-adote-o-cuidado-simples-que-preserva-o-tecido\/","og_site_name":"Estado de Minas - Em foco","article_published_time":"2026-04-26T13:25:00+00:00","article_modified_time":"2026-04-25T17:11:02+00:00","og_image":[{"width":1280,"height":720,"url":"https:\/\/www.em.com.br\/emfoco\/wp-content\/uploads\/2026\/04\/EmFoco_24-6.jpg","type":"image\/jpeg"}],"author":"Andre\u0301 Rangel\u00a0","twitter_card":"summary_large_image","twitter_misc":{"Escrito por":"Andre\u0301 Rangel\u00a0","Est. tempo de leitura":"5 minutos"},"schema":{"@context":"https:\/\/schema.org","@graph":[{"@type":"WebPage","@id":"https:\/\/www.em.com.br\/emfoco\/2026\/04\/26\/para-os-lencois-durarem-mais-evite-este-habito-comum-na-lavagem-e-adote-o-cuidado-simples-que-preserva-o-tecido\/","url":"https:\/\/www.em.com.br\/emfoco\/2026\/04\/26\/para-os-lencois-durarem-mais-evite-este-habito-comum-na-lavagem-e-adote-o-cuidado-simples-que-preserva-o-tecido\/","name":"Para os len\u00e7\u00f3is durarem mais, evite este h\u00e1bito comum na lavagem e adote o cuidado simples que preserva o tecido - Estado de Minas - Em foco","isPartOf":{"@id":"https:\/\/www.em.com.br\/emfoco\/#website"},"primaryImageOfPage":{"@id":"https:\/\/www.em.com.br\/emfoco\/2026\/04\/26\/para-os-lencois-durarem-mais-evite-este-habito-comum-na-lavagem-e-adote-o-cuidado-simples-que-preserva-o-tecido\/#primaryimage"},"image":{"@id":"https:\/\/www.em.com.br\/emfoco\/2026\/04\/26\/para-os-lencois-durarem-mais-evite-este-habito-comum-na-lavagem-e-adote-o-cuidado-simples-que-preserva-o-tecido\/#primaryimage"},"thumbnailUrl":"https:\/\/www.em.com.br\/emfoco\/wp-content\/uploads\/2026\/04\/EmFoco_24-6.jpg","datePublished":"2026-04-26T13:25:00+00:00","dateModified":"2026-04-25T17:11:02+00:00","author":{"@id":"https:\/\/www.em.com.br\/emfoco\/#\/schema\/person\/60eda09c1fedf0d6891f4cef4b60b8b8"},"description":"Aprenda como lavar len\u00e7ol do jeito certo e evite desgaste precoce. Pequenos ajustes deixam o tecido macio, limpo e bonito por mais tempo.","breadcrumb":{"@id":"https:\/\/www.em.com.br\/emfoco\/2026\/04\/26\/para-os-lencois-durarem-mais-evite-este-habito-comum-na-lavagem-e-adote-o-cuidado-simples-que-preserva-o-tecido\/#breadcrumb"},"inLanguage":"pt-BR","potentialAction":[{"@type":"ReadAction","target":["https:\/\/www.em.com.br\/emfoco\/2026\/04\/26\/para-os-lencois-durarem-mais-evite-este-habito-comum-na-lavagem-e-adote-o-cuidado-simples-que-preserva-o-tecido\/"]}]},{"@type":"ImageObject","inLanguage":"pt-BR","@id":"https:\/\/www.em.com.br\/emfoco\/2026\/04\/26\/para-os-lencois-durarem-mais-evite-este-habito-comum-na-lavagem-e-adote-o-cuidado-simples-que-preserva-o-tecido\/#primaryimage","url":"https:\/\/www.em.com.br\/emfoco\/wp-content\/uploads\/2026\/04\/EmFoco_24-6.jpg","contentUrl":"https:\/\/www.em.com.br\/emfoco\/wp-content\/uploads\/2026\/04\/EmFoco_24-6.jpg","width":1280,"height":720,"caption":"T\u00e9cnicas de lavagem e conserva\u00e7\u00e3o para prolongar a vida \u00fatil da roupa de cama"},{"@type":"BreadcrumbList","@id":"https:\/\/www.em.com.br\/emfoco\/2026\/04\/26\/para-os-lencois-durarem-mais-evite-este-habito-comum-na-lavagem-e-adote-o-cuidado-simples-que-preserva-o-tecido\/#breadcrumb","itemListElement":[{"@type":"ListItem","position":1,"name":"In\u00edcio","item":"https:\/\/www.em.com.br\/emfoco\/"},{"@type":"ListItem","position":2,"name":"Para os len\u00e7\u00f3is durarem mais, evite este h\u00e1bito comum na lavagem e adote o cuidado simples que preserva o tecido"}]},{"@type":"WebSite","@id":"https:\/\/www.em.com.br\/emfoco\/#website","url":"https:\/\/www.em.com.br\/emfoco\/","name":"Estado de Minas - Em foco","description":"Acompanhe as \u00faltimas not\u00edcias e fique bem informado sobre tudo o que acontece em Minas Gerais, Brasil e no mundo.","potentialAction":[{"@type":"SearchAction","target":{"@type":"EntryPoint","urlTemplate":"https:\/\/www.em.com.br\/emfoco\/?s={search_term_string}"},"query-input":{"@type":"PropertyValueSpecification","valueRequired":true,"valueName":"search_term_string"}}],"inLanguage":"pt-BR"},{"@type":"Person","@id":"https:\/\/www.em.com.br\/emfoco\/#\/schema\/person\/60eda09c1fedf0d6891f4cef4b60b8b8","name":"Andre\u0301 Rangel\u00a0","image":{"@type":"ImageObject","inLanguage":"pt-BR","@id":"https:\/\/www.em.com.br\/emfoco\/#\/schema\/person\/image\/","url":"https:\/\/secure.gravatar.com\/avatar\/6234dc814c77c8ef6d8bba622c787efc?s=96&d=mm&r=g","contentUrl":"https:\/\/secure.gravatar.com\/avatar\/6234dc814c77c8ef6d8bba622c787efc?s=96&d=mm&r=g","caption":"Andre\u0301 Rangel\u00a0"},"url":"https:\/\/www.em.com.br\/emfoco\/author\/luizmyth\/"}]}},"_links":{"self":[{"href":"https:\/\/www.em.com.br\/emfoco\/wp-json\/wp\/v2\/posts\/198837","targetHints":{"allow":["GET"]}}],"collection":[{"href":"https:\/\/www.em.com.br\/emfoco\/wp-json\/wp\/v2\/posts"}],"about":[{"href":"https:\/\/www.em.com.br\/emfoco\/wp-json\/wp\/v2\/types\/post"}],"author":[{"embeddable":true,"href":"https:\/\/www.em.com.br\/emfoco\/wp-json\/wp\/v2\/users\/11"}],"replies":[{"embeddable":true,"href":"https:\/\/www.em.com.br\/emfoco\/wp-json\/wp\/v2\/comments?post=198837"}],"version-history":[{"count":3,"href":"https:\/\/www.em.com.br\/emfoco\/wp-json\/wp\/v2\/posts\/198837\/revisions"}],"predecessor-version":[{"id":198858,"href":"https:\/\/www.em.com.br\/emfoco\/wp-json\/wp\/v2\/posts\/198837\/revisions\/198858"}],"wp:featuredmedia":[{"embeddable":true,"href":"https:\/\/www.em.com.br\/emfoco\/wp-json\/wp\/v2\/media\/199312"}],"wp:attachment":[{"href":"https:\/\/www.em.com.br\/emfoco\/wp-json\/wp\/v2\/media?parent=198837"}],"wp:term":[{"taxonomy":"category","embeddable":true,"href":"https:\/\/www.em.com.br\/emfoco\/wp-json\/wp\/v2\/categories?post=198837"},{"taxonomy":"post_tag","embeddable":true,"href":"https:\/\/www.em.com.br\/emfoco\/wp-json\/wp\/v2\/tags?post=198837"}],"curies":[{"name":"wp","href":"https:\/\/api.w.org\/{rel}","templated":true}]}}