{"id":198836,"date":"2026-04-26T07:55:00","date_gmt":"2026-04-26T10:55:00","guid":{"rendered":"https:\/\/www.em.com.br\/emfoco\/?p=198836"},"modified":"2026-04-25T14:10:38","modified_gmt":"2026-04-25T17:10:38","slug":"esses-sapatos-estao-de-volta-e-estao-sendo-combinados-com-jeans-e-saias-midi","status":"publish","type":"post","link":"https:\/\/www.em.com.br\/emfoco\/2026\/04\/26\/esses-sapatos-estao-de-volta-e-estao-sendo-combinados-com-jeans-e-saias-midi\/","title":{"rendered":"Esses sapatos est\u00e3o de volta e est\u00e3o sendo combinados com jeans e saias midi"},"content":{"rendered":"\n<p>Entre as tend\u00eancias de cal\u00e7ados que voltaram ao radar em 2026, os&nbsp;<strong>sapatos peep toe<\/strong>&nbsp;ganham for\u00e7a em vers\u00f5es mais discretas, funcionais e prontas para o dia a dia, bem longe da imagem exclusiva de festa. Com linhas limpas, saltos confort\u00e1veis e aberturas menores, eles aparecem em looks com jeans, saias midi e pe\u00e7as cl\u00e1ssicas, acompanhando a releitura atualizada dos anos 2000 sem cair em produ\u00e7\u00f5es caricatas.<\/p>\n\n\n\n<h2 class=\"wp-block-heading\">O que s\u00e3o sapatos peep toe e por que voltaram em 2026<\/h2>\n\n\n\n<p>Os\u00a0<strong><a href=\"https:\/\/br.pinterest.com\/izha\/sapatos-peep-toe\/\" target=\"_blank\" rel=\"noreferrer noopener\">sapatos peep toe<\/a><\/strong>\u00a0t\u00eam a parte frontal parcialmente aberta, deixando apenas alguns dedos \u00e0 mostra, o que os diferencia das sand\u00e1lias tradicionais. Por cobrirem boa parte do p\u00e9, funcionam bem em temperaturas amenas e em esta\u00e7\u00f5es de transi\u00e7\u00e3o, como outono e primavera, quando o clima oscila ao longo do dia.<\/p>\n\n\n\n<p>Esse retorno tamb\u00e9m conversa com a busca por um meio-termo entre <a href=\"https:\/\/www.em.com.br\/emfoco\/2026\/04\/23\/nem-scarpin-nem-tenis-basico-as-duas-sandalias-pretas-que-transformam-qualquer-jeans-em-look-de-revista\/\" target=\"_blank\" rel=\"noreferrer noopener\">t\u00eanis <\/a>e botas, equilibrando leveza e eleg\u00e2ncia. O\u00a0<strong>sapato peep toe feminino<\/strong>\u00a0adiciona um toque arrumado sem pesar o visual, tornando-se uma op\u00e7\u00e3o pr\u00e1tica para ambientes urbanos e rotinas vers\u00e1teis.<\/p>\n\n\n\n<figure class=\"wp-block-image size-large\"><img loading=\"lazy\" decoding=\"async\" width=\"1024\" height=\"576\" src=\"https:\/\/www.em.com.br\/emfoco\/wp-content\/uploads\/2026\/04\/ChatGPT-Image-24-de-abr.-de-2026-19_13_39-1-1024x576.png\" alt=\"Um \u00fanico sapato pode renovar seu visual b\u00e1sico\" class=\"wp-image-198854\" srcset=\"https:\/\/www.em.com.br\/emfoco\/wp-content\/uploads\/2026\/04\/ChatGPT-Image-24-de-abr.-de-2026-19_13_39-1-1024x576.png 1024w, https:\/\/www.em.com.br\/emfoco\/wp-content\/uploads\/2026\/04\/ChatGPT-Image-24-de-abr.-de-2026-19_13_39-1-300x169.png 300w, https:\/\/www.em.com.br\/emfoco\/wp-content\/uploads\/2026\/04\/ChatGPT-Image-24-de-abr.-de-2026-19_13_39-1-768x432.png 768w, https:\/\/www.em.com.br\/emfoco\/wp-content\/uploads\/2026\/04\/ChatGPT-Image-24-de-abr.-de-2026-19_13_39-1-750x422.png 750w, https:\/\/www.em.com.br\/emfoco\/wp-content\/uploads\/2026\/04\/ChatGPT-Image-24-de-abr.-de-2026-19_13_39-1-1140x641.png 1140w, https:\/\/www.em.com.br\/emfoco\/wp-content\/uploads\/2026\/04\/ChatGPT-Image-24-de-abr.-de-2026-19_13_39-1.png 1280w\" sizes=\"auto, (max-width: 1024px) 100vw, 1024px\" \/><figcaption class=\"wp-element-caption\">Um \u00fanico sapato pode renovar seu visual b\u00e1sico<\/figcaption><\/figure>\n\n\n\n<h2 class=\"wp-block-heading\">Como usar o sapato peep toe com jeans sem pesar o visual<\/h2>\n\n\n\n<p>Nas combina\u00e7\u00f5es com denim, o&nbsp;<strong>peep toe com jeans<\/strong>&nbsp;funciona como um truque r\u00e1pido para tirar o look do \u00f3bvio, principalmente em cal\u00e7as retas ou levemente amplas. O recorte frontal quebra a rigidez de sapatos totalmente fechados, deixando o conjunto mais leve sem perder a apar\u00eancia polida.<\/p>\n\n\n\n<p>Alguns cuidados simples ajudam a manter o equil\u00edbrio entre casual e arrumado, favorecendo tanto ambientes de trabalho com dress code flex\u00edvel quanto compromissos informais:<\/p>\n\n\n\n<ul class=\"wp-block-list\">\n<li>Priorizar saltos m\u00e9dios ou baixos para acompanhar a rotina di\u00e1ria.<\/li>\n\n\n\n<li>Escolher cores neutras, como preto, nude, marinho ou caramelo.<\/li>\n\n\n\n<li>Ajustar a barra da cal\u00e7a para deixar o sapato levemente \u00e0 mostra.<\/li>\n<\/ul>\n\n\n\n<h2 class=\"wp-block-heading\">Como o peep toe influencia a silhueta com saia midi<\/h2>\n\n\n\n<p>Com saias midi, o&nbsp;<strong>sapato peep toe<\/strong>&nbsp;ajuda a trazer leveza a pe\u00e7as que cobrem boa parte das pernas, como modelos l\u00e1pis, retos ou fluidos. O recorte frontal cria um ponto de respiro visual, evitando que o look pare\u00e7a pesado demais quando combinado apenas com sapatos fechados.<\/p>\n\n\n\n<p>Em ambientes profissionais mais modernos, eventos diurnos ou produ\u00e7\u00f5es de meia-esta\u00e7\u00e3o com blazer, camisa ou su\u00e9ter leve, o&nbsp;<strong>peep toe com saia midi<\/strong>&nbsp;equilibra sobriedade e frescor. A saia segue como protagonista, enquanto o cal\u00e7ado atua como um detalhe elegante, sem competir com estampas marcantes ou muitos acess\u00f3rios.<\/p>\n\n\n\n<figure class=\"wp-block-image size-large\"><img loading=\"lazy\" decoding=\"async\" width=\"1024\" height=\"576\" src=\"https:\/\/www.em.com.br\/emfoco\/wp-content\/uploads\/2026\/04\/ChatGPT-Image-24-de-abr.-de-2026-19_11_46-1-1024x576.png\" alt=\"Um \u00fanico sapato pode renovar seu visual b\u00e1sico\" class=\"wp-image-198853\" srcset=\"https:\/\/www.em.com.br\/emfoco\/wp-content\/uploads\/2026\/04\/ChatGPT-Image-24-de-abr.-de-2026-19_11_46-1-1024x576.png 1024w, https:\/\/www.em.com.br\/emfoco\/wp-content\/uploads\/2026\/04\/ChatGPT-Image-24-de-abr.-de-2026-19_11_46-1-300x169.png 300w, https:\/\/www.em.com.br\/emfoco\/wp-content\/uploads\/2026\/04\/ChatGPT-Image-24-de-abr.-de-2026-19_11_46-1-768x432.png 768w, https:\/\/www.em.com.br\/emfoco\/wp-content\/uploads\/2026\/04\/ChatGPT-Image-24-de-abr.-de-2026-19_11_46-1-750x422.png 750w, https:\/\/www.em.com.br\/emfoco\/wp-content\/uploads\/2026\/04\/ChatGPT-Image-24-de-abr.-de-2026-19_11_46-1-1140x641.png 1140w, https:\/\/www.em.com.br\/emfoco\/wp-content\/uploads\/2026\/04\/ChatGPT-Image-24-de-abr.-de-2026-19_11_46-1.png 1280w\" sizes=\"auto, (max-width: 1024px) 100vw, 1024px\" \/><figcaption class=\"wp-element-caption\">Um \u00fanico sapato pode renovar seu visual b\u00e1sico<\/figcaption><\/figure>\n\n\n\n<h2 class=\"wp-block-heading\">Como evitar exageros ao usar sapato peep toe<\/h2>\n\n\n\n<p>A principal armadilha ao usar&nbsp;<strong>sapato peep toe<\/strong>&nbsp;\u00e9 exagerar nas refer\u00eancias dos anos 2000, combinando o cal\u00e7ado com bolsas tem\u00e1ticas, tops marcantes e acess\u00f3rios nost\u00e1lgicos. Para fugir de um visual caricato, vale apostar em bases mais limpas, que permitam ao sapato atualizar o look com discri\u00e7\u00e3o.<\/p>\n\n\n\n<p>Algumas combina\u00e7\u00f5es mant\u00eam o foco em linhas simples e valorizam o peep toe de forma equilibrada, funcionando bem com pe\u00e7as que muitas pessoas j\u00e1 t\u00eam no arm\u00e1rio:<\/p>\n\n\n\n<ul class=\"wp-block-list\">\n<li>Jeans reto + camiseta b\u00e1sica + blazer neutro + peep toe em tom s\u00f3brio.<\/li>\n\n\n\n<li>Saia midi lisa + camisa de algod\u00e3o + tric\u00f4 leve + peep toe de salto m\u00e9dio.<\/li>\n\n\n\n<li>Vestido de alfaiataria simples + casaco curto estruturado + peep toe cl\u00e1ssico.<\/li>\n<\/ul>\n\n\n\n<h2 class=\"wp-block-heading\">Por que o sapato peep toe faz sentido na moda argentina e brasileira<\/h2>\n\n\n\n<p>Em pa\u00edses como Argentina e Brasil, com esta\u00e7\u00f5es de transi\u00e7\u00e3o de temperaturas amenas, o&nbsp;<strong>peep toe<\/strong>&nbsp;cobre mais que uma sand\u00e1lia e pesa menos que uma bota, encaixando perfeitamente em rotinas urbanas. Combina\u00e7\u00f5es frequentes, como&nbsp;<strong>jeans com casaco leve<\/strong>&nbsp;ou&nbsp;<strong>saia midi com blazer ou su\u00e9ter<\/strong>, ganham nova leitura imediata com a abertura frontal do modelo.<\/p>\n\n\n\n<p>Se voc\u00ea quer atualizar o visual b\u00e1sico sem abrir m\u00e3o de conforto, esse \u00e9 o momento de testar o&nbsp;<strong>sapato peep toe<\/strong>&nbsp;em seus looks do dia a dia. N\u00e3o espere a tend\u00eancia passar: experimente agora com pe\u00e7as que j\u00e1 possui no guarda-roupa e sinta, na pr\u00e1tica, como um \u00fanico detalhe pode elevar sua imagem com seguran\u00e7a e personalidade.<\/p>\n","protected":false},"excerpt":{"rendered":"<p>Entre as tend\u00eancias de cal\u00e7ados que voltaram ao radar em 2026, os&nbsp;sapatos peep toe&nbsp;ganham for\u00e7a em vers\u00f5es mais discretas, funcionais e prontas para o dia a dia, bem longe da imagem exclusiva de festa. Com linhas limpas, saltos confort\u00e1veis e aberturas menores, eles aparecem em looks com jeans, saias midi e pe\u00e7as cl\u00e1ssicas, acompanhando a [&hellip;]<\/p>\n","protected":false},"author":11,"featured_media":199315,"comment_status":"open","ping_status":"open","sticky":false,"template":"","format":"standard","meta":{"jnews-multi-image_gallery":[],"jnews_single_post":{"format":"standard"},"jnews_primary_category":[],"jnews_social_meta":[],"jnews_override_counter":[],"footnotes":""},"categories":[8819,1],"tags":[7063,4977,28708,18807,1920],"class_list":["post-198836","post","type-post","status-publish","format-standard","has-post-thumbnail","hentry","category-curiosidades","category-noticias","tag-looks","tag-moda","tag-peep-toe","tag-sapato","tag-tendencia"],"yoast_head":"<!-- This site is optimized with the Yoast SEO plugin v23.8 - https:\/\/yoast.com\/wordpress\/plugins\/seo\/ -->\n<title>Esses sapatos est\u00e3o de volta e est\u00e3o sendo combinados com jeans e saias midi - Estado de Minas - Em foco<\/title>\n<meta name=\"description\" content=\"O sapato peep toe voltou em 2026 com vers\u00f5es confort\u00e1veis e elegantes. Veja como usar com jeans, saia midi e looks urbanos.\" \/>\n<meta name=\"robots\" content=\"index, follow, max-snippet:-1, max-image-preview:large, max-video-preview:-1\" \/>\n<link rel=\"canonical\" href=\"https:\/\/www.em.com.br\/emfoco\/2026\/04\/26\/esses-sapatos-estao-de-volta-e-estao-sendo-combinados-com-jeans-e-saias-midi\/\" \/>\n<meta property=\"og:locale\" content=\"pt_BR\" \/>\n<meta property=\"og:type\" content=\"article\" \/>\n<meta property=\"og:title\" content=\"Esses sapatos est\u00e3o de volta e est\u00e3o sendo combinados com jeans e saias midi - Estado de Minas - Em foco\" \/>\n<meta property=\"og:description\" content=\"O sapato peep toe voltou em 2026 com vers\u00f5es confort\u00e1veis e elegantes. Veja como usar com jeans, saia midi e looks urbanos.\" \/>\n<meta property=\"og:url\" content=\"https:\/\/www.em.com.br\/emfoco\/2026\/04\/26\/esses-sapatos-estao-de-volta-e-estao-sendo-combinados-com-jeans-e-saias-midi\/\" \/>\n<meta property=\"og:site_name\" content=\"Estado de Minas - Em foco\" \/>\n<meta property=\"article:published_time\" content=\"2026-04-26T10:55:00+00:00\" \/>\n<meta property=\"article:modified_time\" content=\"2026-04-25T17:10:38+00:00\" \/>\n<meta property=\"og:image\" content=\"https:\/\/www.em.com.br\/emfoco\/wp-content\/uploads\/2026\/04\/EmFoco_21-6.jpg\" \/>\n\t<meta property=\"og:image:width\" content=\"1280\" \/>\n\t<meta property=\"og:image:height\" content=\"720\" \/>\n\t<meta property=\"og:image:type\" content=\"image\/jpeg\" \/>\n<meta name=\"author\" content=\"Andre\u0301 Rangel\u00a0\" \/>\n<meta name=\"twitter:card\" content=\"summary_large_image\" \/>\n<meta name=\"twitter:label1\" content=\"Escrito por\" \/>\n\t<meta name=\"twitter:data1\" content=\"Andre\u0301 Rangel\u00a0\" \/>\n\t<meta name=\"twitter:label2\" content=\"Est. tempo de leitura\" \/>\n\t<meta name=\"twitter:data2\" content=\"4 minutos\" \/>\n<!-- \/ Yoast SEO plugin. -->","yoast_head_json":{"title":"Esses sapatos est\u00e3o de volta e est\u00e3o sendo combinados com jeans e saias midi - Estado de Minas - Em foco","description":"O sapato peep toe voltou em 2026 com vers\u00f5es confort\u00e1veis e elegantes. Veja como usar com jeans, saia midi e looks urbanos.","robots":{"index":"index","follow":"follow","max-snippet":"max-snippet:-1","max-image-preview":"max-image-preview:large","max-video-preview":"max-video-preview:-1"},"canonical":"https:\/\/www.em.com.br\/emfoco\/2026\/04\/26\/esses-sapatos-estao-de-volta-e-estao-sendo-combinados-com-jeans-e-saias-midi\/","og_locale":"pt_BR","og_type":"article","og_title":"Esses sapatos est\u00e3o de volta e est\u00e3o sendo combinados com jeans e saias midi - Estado de Minas - Em foco","og_description":"O sapato peep toe voltou em 2026 com vers\u00f5es confort\u00e1veis e elegantes. Veja como usar com jeans, saia midi e looks urbanos.","og_url":"https:\/\/www.em.com.br\/emfoco\/2026\/04\/26\/esses-sapatos-estao-de-volta-e-estao-sendo-combinados-com-jeans-e-saias-midi\/","og_site_name":"Estado de Minas - Em foco","article_published_time":"2026-04-26T10:55:00+00:00","article_modified_time":"2026-04-25T17:10:38+00:00","og_image":[{"width":1280,"height":720,"url":"https:\/\/www.em.com.br\/emfoco\/wp-content\/uploads\/2026\/04\/EmFoco_21-6.jpg","type":"image\/jpeg"}],"author":"Andre\u0301 Rangel\u00a0","twitter_card":"summary_large_image","twitter_misc":{"Escrito por":"Andre\u0301 Rangel\u00a0","Est. tempo de leitura":"4 minutos"},"schema":{"@context":"https:\/\/schema.org","@graph":[{"@type":"WebPage","@id":"https:\/\/www.em.com.br\/emfoco\/2026\/04\/26\/esses-sapatos-estao-de-volta-e-estao-sendo-combinados-com-jeans-e-saias-midi\/","url":"https:\/\/www.em.com.br\/emfoco\/2026\/04\/26\/esses-sapatos-estao-de-volta-e-estao-sendo-combinados-com-jeans-e-saias-midi\/","name":"Esses sapatos est\u00e3o de volta e est\u00e3o sendo combinados com jeans e saias midi - Estado de Minas - Em foco","isPartOf":{"@id":"https:\/\/www.em.com.br\/emfoco\/#website"},"primaryImageOfPage":{"@id":"https:\/\/www.em.com.br\/emfoco\/2026\/04\/26\/esses-sapatos-estao-de-volta-e-estao-sendo-combinados-com-jeans-e-saias-midi\/#primaryimage"},"image":{"@id":"https:\/\/www.em.com.br\/emfoco\/2026\/04\/26\/esses-sapatos-estao-de-volta-e-estao-sendo-combinados-com-jeans-e-saias-midi\/#primaryimage"},"thumbnailUrl":"https:\/\/www.em.com.br\/emfoco\/wp-content\/uploads\/2026\/04\/EmFoco_21-6.jpg","datePublished":"2026-04-26T10:55:00+00:00","dateModified":"2026-04-25T17:10:38+00:00","author":{"@id":"https:\/\/www.em.com.br\/emfoco\/#\/schema\/person\/60eda09c1fedf0d6891f4cef4b60b8b8"},"description":"O sapato peep toe voltou em 2026 com vers\u00f5es confort\u00e1veis e elegantes. Veja como usar com jeans, saia midi e looks urbanos.","breadcrumb":{"@id":"https:\/\/www.em.com.br\/emfoco\/2026\/04\/26\/esses-sapatos-estao-de-volta-e-estao-sendo-combinados-com-jeans-e-saias-midi\/#breadcrumb"},"inLanguage":"pt-BR","potentialAction":[{"@type":"ReadAction","target":["https:\/\/www.em.com.br\/emfoco\/2026\/04\/26\/esses-sapatos-estao-de-volta-e-estao-sendo-combinados-com-jeans-e-saias-midi\/"]}]},{"@type":"ImageObject","inLanguage":"pt-BR","@id":"https:\/\/www.em.com.br\/emfoco\/2026\/04\/26\/esses-sapatos-estao-de-volta-e-estao-sendo-combinados-com-jeans-e-saias-midi\/#primaryimage","url":"https:\/\/www.em.com.br\/emfoco\/wp-content\/uploads\/2026\/04\/EmFoco_21-6.jpg","contentUrl":"https:\/\/www.em.com.br\/emfoco\/wp-content\/uploads\/2026\/04\/EmFoco_21-6.jpg","width":1280,"height":720,"caption":"Retorno do cal\u00e7ado com abertura frontal como op\u00e7\u00e3o elegante para looks de transi\u00e7\u00e3o"},{"@type":"BreadcrumbList","@id":"https:\/\/www.em.com.br\/emfoco\/2026\/04\/26\/esses-sapatos-estao-de-volta-e-estao-sendo-combinados-com-jeans-e-saias-midi\/#breadcrumb","itemListElement":[{"@type":"ListItem","position":1,"name":"In\u00edcio","item":"https:\/\/www.em.com.br\/emfoco\/"},{"@type":"ListItem","position":2,"name":"Esses sapatos est\u00e3o de volta e est\u00e3o sendo combinados com jeans e saias midi"}]},{"@type":"WebSite","@id":"https:\/\/www.em.com.br\/emfoco\/#website","url":"https:\/\/www.em.com.br\/emfoco\/","name":"Estado de Minas - Em foco","description":"Acompanhe as \u00faltimas not\u00edcias e fique bem informado sobre tudo o que acontece em Minas Gerais, Brasil e no mundo.","potentialAction":[{"@type":"SearchAction","target":{"@type":"EntryPoint","urlTemplate":"https:\/\/www.em.com.br\/emfoco\/?s={search_term_string}"},"query-input":{"@type":"PropertyValueSpecification","valueRequired":true,"valueName":"search_term_string"}}],"inLanguage":"pt-BR"},{"@type":"Person","@id":"https:\/\/www.em.com.br\/emfoco\/#\/schema\/person\/60eda09c1fedf0d6891f4cef4b60b8b8","name":"Andre\u0301 Rangel\u00a0","image":{"@type":"ImageObject","inLanguage":"pt-BR","@id":"https:\/\/www.em.com.br\/emfoco\/#\/schema\/person\/image\/","url":"https:\/\/secure.gravatar.com\/avatar\/6234dc814c77c8ef6d8bba622c787efc?s=96&d=mm&r=g","contentUrl":"https:\/\/secure.gravatar.com\/avatar\/6234dc814c77c8ef6d8bba622c787efc?s=96&d=mm&r=g","caption":"Andre\u0301 Rangel\u00a0"},"url":"https:\/\/www.em.com.br\/emfoco\/author\/luizmyth\/"}]}},"_links":{"self":[{"href":"https:\/\/www.em.com.br\/emfoco\/wp-json\/wp\/v2\/posts\/198836","targetHints":{"allow":["GET"]}}],"collection":[{"href":"https:\/\/www.em.com.br\/emfoco\/wp-json\/wp\/v2\/posts"}],"about":[{"href":"https:\/\/www.em.com.br\/emfoco\/wp-json\/wp\/v2\/types\/post"}],"author":[{"embeddable":true,"href":"https:\/\/www.em.com.br\/emfoco\/wp-json\/wp\/v2\/users\/11"}],"replies":[{"embeddable":true,"href":"https:\/\/www.em.com.br\/emfoco\/wp-json\/wp\/v2\/comments?post=198836"}],"version-history":[{"count":2,"href":"https:\/\/www.em.com.br\/emfoco\/wp-json\/wp\/v2\/posts\/198836\/revisions"}],"predecessor-version":[{"id":198859,"href":"https:\/\/www.em.com.br\/emfoco\/wp-json\/wp\/v2\/posts\/198836\/revisions\/198859"}],"wp:featuredmedia":[{"embeddable":true,"href":"https:\/\/www.em.com.br\/emfoco\/wp-json\/wp\/v2\/media\/199315"}],"wp:attachment":[{"href":"https:\/\/www.em.com.br\/emfoco\/wp-json\/wp\/v2\/media?parent=198836"}],"wp:term":[{"taxonomy":"category","embeddable":true,"href":"https:\/\/www.em.com.br\/emfoco\/wp-json\/wp\/v2\/categories?post=198836"},{"taxonomy":"post_tag","embeddable":true,"href":"https:\/\/www.em.com.br\/emfoco\/wp-json\/wp\/v2\/tags?post=198836"}],"curies":[{"name":"wp","href":"https:\/\/api.w.org\/{rel}","templated":true}]}}