{"id":198835,"date":"2026-04-26T06:05:00","date_gmt":"2026-04-26T09:05:00","guid":{"rendered":"https:\/\/www.em.com.br\/emfoco\/?p=198835"},"modified":"2026-04-25T14:10:23","modified_gmt":"2026-04-25T17:10:23","slug":"poucos-sabem-por-que-o-0-nao-aparece-no-inicio-da-regua-e-qual-e-a-funcao-desse-espaco","status":"publish","type":"post","link":"https:\/\/www.em.com.br\/emfoco\/2026\/04\/26\/poucos-sabem-por-que-o-0-nao-aparece-no-inicio-da-regua-e-qual-e-a-funcao-desse-espaco\/","title":{"rendered":"Poucos sabem por que o 0 n\u00e3o aparece no in\u00edcio da r\u00e9gua e qual \u00e9 a fun\u00e7\u00e3o desse espa\u00e7o"},"content":{"rendered":"\n<p>Ao observar uma r\u00e9gua comum, muita gente estranha o fato de o n\u00famero&nbsp;<strong>0<\/strong>&nbsp;n\u00e3o come\u00e7ar exatamente na ponta, mas alguns mil\u00edmetros depois. Esse pequeno \u201cvazio\u201d pode parecer erro de fabrica\u00e7\u00e3o ou desperd\u00edcio de material, por\u00e9m \u00e9 um detalhe de projeto pensado para manter as medi\u00e7\u00f5es mais confi\u00e1veis, mesmo com o desgaste natural do uso di\u00e1rio.<\/p>\n\n\n\n<h2 class=\"wp-block-heading\">Por que o n\u00famero 0 n\u00e3o come\u00e7a na ponta da r\u00e9gua<\/h2>\n\n\n\n<p>\u00c9 a partir dele que qualquer medi\u00e7\u00e3o linear \u00e9 realizada. Se o zero estivesse colado na extremidade, qualquer lasca, amassado ou deforma\u00e7\u00e3o na borda acabaria afetando diretamente o resultado da medida.<\/p>\n\n\n\n<p>O espa\u00e7o em branco funciona como uma \u201czona de prote\u00e7\u00e3o\u201d, separando o ponto de refer\u00eancia principal da regi\u00e3o que mais sofre impactos. Assim, mesmo que a ponta esteja arranhada, arredondada ou desgastada, o&nbsp;<em>ponto zero<\/em>&nbsp;tende a permanecer preservado e confi\u00e1vel ao longo do tempo.<\/p>\n\n\n\n<figure class=\"wp-block-image size-large\"><img loading=\"lazy\" decoding=\"async\" width=\"1024\" height=\"576\" src=\"https:\/\/www.em.com.br\/emfoco\/wp-content\/uploads\/2026\/04\/ChatGPT-Image-24-de-abr.-de-2026-19_07_48-1-1024x576.png\" alt=\"Por que o zero da r\u00e9gua n\u00e3o fica na ponta explica tudo\" class=\"wp-image-198851\" srcset=\"https:\/\/www.em.com.br\/emfoco\/wp-content\/uploads\/2026\/04\/ChatGPT-Image-24-de-abr.-de-2026-19_07_48-1-1024x576.png 1024w, https:\/\/www.em.com.br\/emfoco\/wp-content\/uploads\/2026\/04\/ChatGPT-Image-24-de-abr.-de-2026-19_07_48-1-300x169.png 300w, https:\/\/www.em.com.br\/emfoco\/wp-content\/uploads\/2026\/04\/ChatGPT-Image-24-de-abr.-de-2026-19_07_48-1-768x432.png 768w, https:\/\/www.em.com.br\/emfoco\/wp-content\/uploads\/2026\/04\/ChatGPT-Image-24-de-abr.-de-2026-19_07_48-1-750x422.png 750w, https:\/\/www.em.com.br\/emfoco\/wp-content\/uploads\/2026\/04\/ChatGPT-Image-24-de-abr.-de-2026-19_07_48-1-1140x642.png 1140w, https:\/\/www.em.com.br\/emfoco\/wp-content\/uploads\/2026\/04\/ChatGPT-Image-24-de-abr.-de-2026-19_07_48-1.png 1279w\" sizes=\"auto, (max-width: 1024px) 100vw, 1024px\" \/><figcaption class=\"wp-element-caption\">Por que o zero da r\u00e9gua n\u00e3o fica na ponta explica tudo<\/figcaption><\/figure>\n\n\n\n<h2 class=\"wp-block-heading\">Qual \u00e9 a fun\u00e7\u00e3o pr\u00e1tica do espa\u00e7o vazio na r\u00e9gua<\/h2>\n\n\n\n<p>Essa chamada \u201cmargem inicial\u201d est\u00e1 diretamente ligada \u00e0&nbsp;<strong>precis\u00e3o da r\u00e9gua<\/strong>&nbsp;e \u00e0 sua durabilidade. Ela atua como um filtro entre o ambiente \u2014 onde ocorrem choques, quedas e atritos \u2014 e a escala \u00fatil, onde est\u00e3o os n\u00fameros que realmente importam para a medi\u00e7\u00e3o.<\/p>\n\n\n\n<p>Em vez de ser um trecho sem fun\u00e7\u00e3o, esse vazio faz parte da l\u00f3gica de constru\u00e7\u00e3o do instrumento, pensada para aumentar a vida \u00fatil e reduzir erros, especialmente em r\u00e9guas de metal ou <a href=\"https:\/\/www.em.com.br\/emfoco\/2026\/04\/24\/nao-jogue-fora-os-sacos-plasticos-zip-lock-voce-tem-um-tesouro-em-casa-veja-ideias-uteis-para-reutiliza-los\/\" target=\"_blank\" rel=\"noreferrer noopener\">pl\u00e1stico <\/a>r\u00edgido usadas em oficinas, escrit\u00f3rios e ambientes escolares.<\/p>\n\n\n\n<h2 class=\"wp-block-heading\">Quais s\u00e3o as principais vantagens dessa margem inicial<\/h2>\n\n\n\n<p>Para entender melhor o impacto desse detalhe de design, vale olhar para os benef\u00edcios concretos que ele traz no uso cotidiano. Abaixo, est\u00e3o alguns pontos que mostram como o espa\u00e7o antes do zero influencia diretamente a qualidade da medi\u00e7\u00e3o.<\/p>\n\n\n\n<ul class=\"wp-block-list\">\n<li><strong>Maior precis\u00e3o:<\/strong>\u00a0a leitura come\u00e7a em um ponto menos exposto a danos.<\/li>\n\n\n\n<li><strong>Menor desgaste da escala:<\/strong>\u00a0os primeiros n\u00fameros ficam mais protegidos.<\/li>\n\n\n\n<li><strong>Vida \u00fatil prolongada:<\/strong>\u00a0a r\u00e9gua continua precisa mesmo ap\u00f3s anos de uso.<\/li>\n\n\n\n<li><strong>Redu\u00e7\u00e3o de erros:<\/strong>\u00a0pequenas deforma\u00e7\u00f5es na borda n\u00e3o afetam a medida final.<\/li>\n\n\n\n<li><strong>Projeto funcional:<\/strong>\u00a0o espa\u00e7o vazio integra o desenho t\u00e9cnico, n\u00e3o \u00e9 est\u00e9tica \u00e0 toa.<\/li>\n<\/ul>\n\n\n\n<h2 class=\"wp-block-heading\">O que fazer quando o zero e as primeiras marcas est\u00e3o gastos<\/h2>\n\n\n\n<p>Mesmo com a prote\u00e7\u00e3o da margem inicial, o n\u00famero 0 e os primeiros tra\u00e7os podem se apagar com o tempo, por atrito constante, sujeira, tintas ou <a href=\"https:\/\/www.gov.br\/inca\/pt-br\/assuntos\/causas-e-prevencao-do-cancer\/exposicao-no-trabalho-e-no-ambiente\/solventes\" target=\"_blank\" rel=\"noreferrer noopener\">solventes<\/a>. Nesses casos, ainda \u00e9 poss\u00edvel usar a r\u00e9gua com precis\u00e3o, desde que se adapte a forma de medir e se adote um novo ponto de refer\u00eancia.<\/p>\n\n\n\n<figure class=\"wp-block-image size-large\"><img loading=\"lazy\" decoding=\"async\" width=\"1024\" height=\"576\" src=\"https:\/\/www.em.com.br\/emfoco\/wp-content\/uploads\/2026\/04\/ChatGPT-Image-24-de-abr.-de-2026-19_08_40-1-1024x576.png\" alt=\"Por que o zero da r\u00e9gua n\u00e3o fica na ponta explica tudo\" class=\"wp-image-198852\" srcset=\"https:\/\/www.em.com.br\/emfoco\/wp-content\/uploads\/2026\/04\/ChatGPT-Image-24-de-abr.-de-2026-19_08_40-1-1024x576.png 1024w, https:\/\/www.em.com.br\/emfoco\/wp-content\/uploads\/2026\/04\/ChatGPT-Image-24-de-abr.-de-2026-19_08_40-1-300x169.png 300w, https:\/\/www.em.com.br\/emfoco\/wp-content\/uploads\/2026\/04\/ChatGPT-Image-24-de-abr.-de-2026-19_08_40-1-768x432.png 768w, https:\/\/www.em.com.br\/emfoco\/wp-content\/uploads\/2026\/04\/ChatGPT-Image-24-de-abr.-de-2026-19_08_40-1-750x422.png 750w, https:\/\/www.em.com.br\/emfoco\/wp-content\/uploads\/2026\/04\/ChatGPT-Image-24-de-abr.-de-2026-19_08_40-1-1140x642.png 1140w, https:\/\/www.em.com.br\/emfoco\/wp-content\/uploads\/2026\/04\/ChatGPT-Image-24-de-abr.-de-2026-19_08_40-1.png 1279w\" sizes=\"auto, (max-width: 1024px) 100vw, 1024px\" \/><figcaption class=\"wp-element-caption\">Por que o zero da r\u00e9gua n\u00e3o fica na ponta explica tudo<\/figcaption><\/figure>\n\n\n\n<p>O procedimento mais comum \u00e9 a medi\u00e7\u00e3o por diferen\u00e7a, muito usada quando a origem da escala est\u00e1 comprometida. A pessoa escolhe outro ponto da r\u00e9gua, como 1 cm ou 2 cm, e faz a conta subtraindo o valor inicial do valor final para encontrar o comprimento real do objeto medido.<\/p>\n\n\n\n<h2 class=\"wp-block-heading\">Como o design da r\u00e9gua melhora a medi\u00e7\u00e3o e o que isso diz sobre nosso dia a dia<\/h2>\n\n\n\n<p>O espa\u00e7o antes do zero mostra como um detalhe de design aparentemente simples pode transformar um objeto comum em um instrumento mais confi\u00e1vel. Em vez de depender de bordas perfeitas, a r\u00e9gua concentra a medi\u00e7\u00e3o em uma \u00e1rea est\u00e1vel, somando isso \u00e0 regularidade dos tra\u00e7os, \u00e0 espessura homog\u00eanea e \u00e0 impress\u00e3o n\u00edtida das unidades.<\/p>\n\n\n\n<p>Na pr\u00f3xima vez que voc\u00ea pegar uma r\u00e9gua, repare nesse \u201cvazio\u201d inicial e use-o com consci\u00eancia: ele \u00e9 parte de uma solu\u00e7\u00e3o t\u00e9cnica que garante resultados mais exatos. Comece agora a observar esses pequenos detalhes em outros objetos do cotidiano e n\u00e3o aceite medi\u00e7\u00f5es \u201cmais ou menos\u201d quando voc\u00ea pode buscar precis\u00e3o de verdade.<\/p>\n","protected":false},"excerpt":{"rendered":"<p>Ao observar uma r\u00e9gua comum, muita gente estranha o fato de o n\u00famero&nbsp;0&nbsp;n\u00e3o come\u00e7ar exatamente na ponta, mas alguns mil\u00edmetros depois. Esse pequeno \u201cvazio\u201d pode parecer erro de fabrica\u00e7\u00e3o ou desperd\u00edcio de material, por\u00e9m \u00e9 um detalhe de projeto pensado para manter as medi\u00e7\u00f5es mais confi\u00e1veis, mesmo com o desgaste natural do uso di\u00e1rio. Por [&hellip;]<\/p>\n","protected":false},"author":11,"featured_media":199317,"comment_status":"open","ping_status":"open","sticky":false,"template":"","format":"standard","meta":{"jnews-multi-image_gallery":[],"jnews_single_post":{"format":"standard"},"jnews_primary_category":[],"jnews_social_meta":[],"jnews_override_counter":[],"footnotes":""},"categories":[8819],"tags":[20616,28706,28707],"class_list":["post-198835","post","type-post","status-publish","format-standard","has-post-thumbnail","hentry","category-curiosidades","tag-escala","tag-o-zero-da-regua","tag-regua"],"yoast_head":"<!-- This site is optimized with the Yoast SEO plugin v23.8 - https:\/\/yoast.com\/wordpress\/plugins\/seo\/ -->\n<title>Poucos sabem por que o 0 n\u00e3o aparece no in\u00edcio da r\u00e9gua e qual \u00e9 a fun\u00e7\u00e3o desse espa\u00e7o - Estado de Minas - Em foco<\/title>\n<meta name=\"description\" content=\"O zero da r\u00e9gua n\u00e3o come\u00e7a na ponta por um motivo t\u00e9cnico. Entenda como esse detalhe melhora a precis\u00e3o das medi\u00e7\u00f5es.\" \/>\n<meta name=\"robots\" content=\"index, follow, max-snippet:-1, max-image-preview:large, max-video-preview:-1\" \/>\n<link rel=\"canonical\" href=\"https:\/\/www.em.com.br\/emfoco\/2026\/04\/26\/poucos-sabem-por-que-o-0-nao-aparece-no-inicio-da-regua-e-qual-e-a-funcao-desse-espaco\/\" \/>\n<meta property=\"og:locale\" content=\"pt_BR\" \/>\n<meta property=\"og:type\" content=\"article\" \/>\n<meta property=\"og:title\" content=\"Poucos sabem por que o 0 n\u00e3o aparece no in\u00edcio da r\u00e9gua e qual \u00e9 a fun\u00e7\u00e3o desse espa\u00e7o - Estado de Minas - Em foco\" \/>\n<meta property=\"og:description\" content=\"O zero da r\u00e9gua n\u00e3o come\u00e7a na ponta por um motivo t\u00e9cnico. Entenda como esse detalhe melhora a precis\u00e3o das medi\u00e7\u00f5es.\" \/>\n<meta property=\"og:url\" content=\"https:\/\/www.em.com.br\/emfoco\/2026\/04\/26\/poucos-sabem-por-que-o-0-nao-aparece-no-inicio-da-regua-e-qual-e-a-funcao-desse-espaco\/\" \/>\n<meta property=\"og:site_name\" content=\"Estado de Minas - Em foco\" \/>\n<meta property=\"article:published_time\" content=\"2026-04-26T09:05:00+00:00\" \/>\n<meta property=\"article:modified_time\" content=\"2026-04-25T17:10:23+00:00\" \/>\n<meta property=\"og:image\" content=\"https:\/\/www.em.com.br\/emfoco\/wp-content\/uploads\/2026\/04\/EmFoco_19-6.jpg\" \/>\n\t<meta property=\"og:image:width\" content=\"1280\" \/>\n\t<meta property=\"og:image:height\" content=\"720\" \/>\n\t<meta property=\"og:image:type\" content=\"image\/jpeg\" \/>\n<meta name=\"author\" content=\"Andre\u0301 Rangel\u00a0\" \/>\n<meta name=\"twitter:card\" content=\"summary_large_image\" \/>\n<meta name=\"twitter:label1\" content=\"Escrito por\" \/>\n\t<meta name=\"twitter:data1\" content=\"Andre\u0301 Rangel\u00a0\" \/>\n\t<meta name=\"twitter:label2\" content=\"Est. tempo de leitura\" \/>\n\t<meta name=\"twitter:data2\" content=\"4 minutos\" \/>\n<!-- \/ Yoast SEO plugin. -->","yoast_head_json":{"title":"Poucos sabem por que o 0 n\u00e3o aparece no in\u00edcio da r\u00e9gua e qual \u00e9 a fun\u00e7\u00e3o desse espa\u00e7o - Estado de Minas - Em foco","description":"O zero da r\u00e9gua n\u00e3o come\u00e7a na ponta por um motivo t\u00e9cnico. Entenda como esse detalhe melhora a precis\u00e3o das medi\u00e7\u00f5es.","robots":{"index":"index","follow":"follow","max-snippet":"max-snippet:-1","max-image-preview":"max-image-preview:large","max-video-preview":"max-video-preview:-1"},"canonical":"https:\/\/www.em.com.br\/emfoco\/2026\/04\/26\/poucos-sabem-por-que-o-0-nao-aparece-no-inicio-da-regua-e-qual-e-a-funcao-desse-espaco\/","og_locale":"pt_BR","og_type":"article","og_title":"Poucos sabem por que o 0 n\u00e3o aparece no in\u00edcio da r\u00e9gua e qual \u00e9 a fun\u00e7\u00e3o desse espa\u00e7o - Estado de Minas - Em foco","og_description":"O zero da r\u00e9gua n\u00e3o come\u00e7a na ponta por um motivo t\u00e9cnico. Entenda como esse detalhe melhora a precis\u00e3o das medi\u00e7\u00f5es.","og_url":"https:\/\/www.em.com.br\/emfoco\/2026\/04\/26\/poucos-sabem-por-que-o-0-nao-aparece-no-inicio-da-regua-e-qual-e-a-funcao-desse-espaco\/","og_site_name":"Estado de Minas - Em foco","article_published_time":"2026-04-26T09:05:00+00:00","article_modified_time":"2026-04-25T17:10:23+00:00","og_image":[{"width":1280,"height":720,"url":"https:\/\/www.em.com.br\/emfoco\/wp-content\/uploads\/2026\/04\/EmFoco_19-6.jpg","type":"image\/jpeg"}],"author":"Andre\u0301 Rangel\u00a0","twitter_card":"summary_large_image","twitter_misc":{"Escrito por":"Andre\u0301 Rangel\u00a0","Est. tempo de leitura":"4 minutos"},"schema":{"@context":"https:\/\/schema.org","@graph":[{"@type":"WebPage","@id":"https:\/\/www.em.com.br\/emfoco\/2026\/04\/26\/poucos-sabem-por-que-o-0-nao-aparece-no-inicio-da-regua-e-qual-e-a-funcao-desse-espaco\/","url":"https:\/\/www.em.com.br\/emfoco\/2026\/04\/26\/poucos-sabem-por-que-o-0-nao-aparece-no-inicio-da-regua-e-qual-e-a-funcao-desse-espaco\/","name":"Poucos sabem por que o 0 n\u00e3o aparece no in\u00edcio da r\u00e9gua e qual \u00e9 a fun\u00e7\u00e3o desse espa\u00e7o - Estado de Minas - Em foco","isPartOf":{"@id":"https:\/\/www.em.com.br\/emfoco\/#website"},"primaryImageOfPage":{"@id":"https:\/\/www.em.com.br\/emfoco\/2026\/04\/26\/poucos-sabem-por-que-o-0-nao-aparece-no-inicio-da-regua-e-qual-e-a-funcao-desse-espaco\/#primaryimage"},"image":{"@id":"https:\/\/www.em.com.br\/emfoco\/2026\/04\/26\/poucos-sabem-por-que-o-0-nao-aparece-no-inicio-da-regua-e-qual-e-a-funcao-desse-espaco\/#primaryimage"},"thumbnailUrl":"https:\/\/www.em.com.br\/emfoco\/wp-content\/uploads\/2026\/04\/EmFoco_19-6.jpg","datePublished":"2026-04-26T09:05:00+00:00","dateModified":"2026-04-25T17:10:23+00:00","author":{"@id":"https:\/\/www.em.com.br\/emfoco\/#\/schema\/person\/60eda09c1fedf0d6891f4cef4b60b8b8"},"description":"O zero da r\u00e9gua n\u00e3o come\u00e7a na ponta por um motivo t\u00e9cnico. Entenda como esse detalhe melhora a precis\u00e3o das medi\u00e7\u00f5es.","breadcrumb":{"@id":"https:\/\/www.em.com.br\/emfoco\/2026\/04\/26\/poucos-sabem-por-que-o-0-nao-aparece-no-inicio-da-regua-e-qual-e-a-funcao-desse-espaco\/#breadcrumb"},"inLanguage":"pt-BR","potentialAction":[{"@type":"ReadAction","target":["https:\/\/www.em.com.br\/emfoco\/2026\/04\/26\/poucos-sabem-por-que-o-0-nao-aparece-no-inicio-da-regua-e-qual-e-a-funcao-desse-espaco\/"]}]},{"@type":"ImageObject","inLanguage":"pt-BR","@id":"https:\/\/www.em.com.br\/emfoco\/2026\/04\/26\/poucos-sabem-por-que-o-0-nao-aparece-no-inicio-da-regua-e-qual-e-a-funcao-desse-espaco\/#primaryimage","url":"https:\/\/www.em.com.br\/emfoco\/wp-content\/uploads\/2026\/04\/EmFoco_19-6.jpg","contentUrl":"https:\/\/www.em.com.br\/emfoco\/wp-content\/uploads\/2026\/04\/EmFoco_19-6.jpg","width":1280,"height":720,"caption":"Design t\u00e9cnico que utiliza margem inicial para proteger a precis\u00e3o contra desgastes"},{"@type":"BreadcrumbList","@id":"https:\/\/www.em.com.br\/emfoco\/2026\/04\/26\/poucos-sabem-por-que-o-0-nao-aparece-no-inicio-da-regua-e-qual-e-a-funcao-desse-espaco\/#breadcrumb","itemListElement":[{"@type":"ListItem","position":1,"name":"In\u00edcio","item":"https:\/\/www.em.com.br\/emfoco\/"},{"@type":"ListItem","position":2,"name":"Poucos sabem por que o 0 n\u00e3o aparece no in\u00edcio da r\u00e9gua e qual \u00e9 a fun\u00e7\u00e3o desse espa\u00e7o"}]},{"@type":"WebSite","@id":"https:\/\/www.em.com.br\/emfoco\/#website","url":"https:\/\/www.em.com.br\/emfoco\/","name":"Estado de Minas - Em foco","description":"Acompanhe as \u00faltimas not\u00edcias e fique bem informado sobre tudo o que acontece em Minas Gerais, Brasil e no mundo.","potentialAction":[{"@type":"SearchAction","target":{"@type":"EntryPoint","urlTemplate":"https:\/\/www.em.com.br\/emfoco\/?s={search_term_string}"},"query-input":{"@type":"PropertyValueSpecification","valueRequired":true,"valueName":"search_term_string"}}],"inLanguage":"pt-BR"},{"@type":"Person","@id":"https:\/\/www.em.com.br\/emfoco\/#\/schema\/person\/60eda09c1fedf0d6891f4cef4b60b8b8","name":"Andre\u0301 Rangel\u00a0","image":{"@type":"ImageObject","inLanguage":"pt-BR","@id":"https:\/\/www.em.com.br\/emfoco\/#\/schema\/person\/image\/","url":"https:\/\/secure.gravatar.com\/avatar\/6234dc814c77c8ef6d8bba622c787efc?s=96&d=mm&r=g","contentUrl":"https:\/\/secure.gravatar.com\/avatar\/6234dc814c77c8ef6d8bba622c787efc?s=96&d=mm&r=g","caption":"Andre\u0301 Rangel\u00a0"},"url":"https:\/\/www.em.com.br\/emfoco\/author\/luizmyth\/"}]}},"_links":{"self":[{"href":"https:\/\/www.em.com.br\/emfoco\/wp-json\/wp\/v2\/posts\/198835","targetHints":{"allow":["GET"]}}],"collection":[{"href":"https:\/\/www.em.com.br\/emfoco\/wp-json\/wp\/v2\/posts"}],"about":[{"href":"https:\/\/www.em.com.br\/emfoco\/wp-json\/wp\/v2\/types\/post"}],"author":[{"embeddable":true,"href":"https:\/\/www.em.com.br\/emfoco\/wp-json\/wp\/v2\/users\/11"}],"replies":[{"embeddable":true,"href":"https:\/\/www.em.com.br\/emfoco\/wp-json\/wp\/v2\/comments?post=198835"}],"version-history":[{"count":2,"href":"https:\/\/www.em.com.br\/emfoco\/wp-json\/wp\/v2\/posts\/198835\/revisions"}],"predecessor-version":[{"id":198860,"href":"https:\/\/www.em.com.br\/emfoco\/wp-json\/wp\/v2\/posts\/198835\/revisions\/198860"}],"wp:featuredmedia":[{"embeddable":true,"href":"https:\/\/www.em.com.br\/emfoco\/wp-json\/wp\/v2\/media\/199317"}],"wp:attachment":[{"href":"https:\/\/www.em.com.br\/emfoco\/wp-json\/wp\/v2\/media?parent=198835"}],"wp:term":[{"taxonomy":"category","embeddable":true,"href":"https:\/\/www.em.com.br\/emfoco\/wp-json\/wp\/v2\/categories?post=198835"},{"taxonomy":"post_tag","embeddable":true,"href":"https:\/\/www.em.com.br\/emfoco\/wp-json\/wp\/v2\/tags?post=198835"}],"curies":[{"name":"wp","href":"https:\/\/api.w.org\/{rel}","templated":true}]}}