{"id":198804,"date":"2026-04-25T13:45:00","date_gmt":"2026-04-25T16:45:00","guid":{"rendered":"https:\/\/www.em.com.br\/emfoco\/?p=198804"},"modified":"2026-04-24T22:28:22","modified_gmt":"2026-04-25T01:28:22","slug":"a-iconica-empresa-de-biscoitos-fechou-sua-principal-fabrica-deixando-dezenas-de-familias-sem-emprego","status":"publish","type":"post","link":"https:\/\/www.em.com.br\/emfoco\/2026\/04\/25\/a-iconica-empresa-de-biscoitos-fechou-sua-principal-fabrica-deixando-dezenas-de-familias-sem-emprego\/","title":{"rendered":"A ic\u00f4nica empresa de biscoitos fechou sua principal f\u00e1brica, deixando dezenas de fam\u00edlias sem emprego"},"content":{"rendered":"\n<p>A not\u00edcia sobre o fechamento da principal f\u00e1brica de biscoitos <strong>Tia Maruca <\/strong>em <strong>San Juan<\/strong>, na <strong>Argentina<\/strong>, reacendeu o debate sobre a fragilidade das ind\u00fastrias m\u00e9dias no pa\u00eds, trazendo \u00e0 tona o impacto direto sobre dezenas de fam\u00edlias, a desindustrializa\u00e7\u00e3o regional e os desafios de competir em um mercado dominado por grandes grupos aliment\u00edcios.<\/p>\n\n\n\n<h2 class=\"wp-block-heading\">Por que a f\u00e1brica de biscoitos Tia Maruca em San Juan fechou?<\/h2>\n\n\n\n<p>O fechamento da f\u00e1brica de biscoitos <strong>Tia Maruca <\/strong>em <strong>Albard\u00f3n <\/strong>est\u00e1 ligado \u00e0 combina\u00e7\u00e3o de queda no consumo interno e aumento expressivo dos custos de produ\u00e7\u00e3o. Insumos b\u00e1sicos como farinha, a\u00e7\u00facar, \u00f3leo e embalagens sofreram reajustes constantes, comprimindo as margens de lucro da empresa.<\/p>\n\n\n\n<p>Al\u00e9m disso, energia, transporte e manuten\u00e7\u00e3o de m\u00e1quinas se tornaram mais caros, elevando o custo por unidade fabricada justamente em um momento de perda de poder de compra da popula\u00e7\u00e3o. Com consumidores migrando para marcas mais baratas e cortando itens industrializados, manter escala passou a ser invi\u00e1vel para uma ind\u00fastria que dependia fortemente de volume.<\/p>\n\n\n\n<figure class=\"wp-block-image size-large\"><img loading=\"lazy\" decoding=\"async\" width=\"1024\" height=\"576\" src=\"https:\/\/www.em.com.br\/emfoco\/wp-content\/uploads\/2026\/04\/ChatGPT-Image-24-de-abr.-de-2026-18_03_49-1-1024x576.png\" alt=\"Tia Maruca fecha f\u00e1brica e abala setor de biscoitos\" class=\"wp-image-198810\" srcset=\"https:\/\/www.em.com.br\/emfoco\/wp-content\/uploads\/2026\/04\/ChatGPT-Image-24-de-abr.-de-2026-18_03_49-1-1024x576.png 1024w, https:\/\/www.em.com.br\/emfoco\/wp-content\/uploads\/2026\/04\/ChatGPT-Image-24-de-abr.-de-2026-18_03_49-1-300x169.png 300w, https:\/\/www.em.com.br\/emfoco\/wp-content\/uploads\/2026\/04\/ChatGPT-Image-24-de-abr.-de-2026-18_03_49-1-768x432.png 768w, https:\/\/www.em.com.br\/emfoco\/wp-content\/uploads\/2026\/04\/ChatGPT-Image-24-de-abr.-de-2026-18_03_49-1-750x422.png 750w, https:\/\/www.em.com.br\/emfoco\/wp-content\/uploads\/2026\/04\/ChatGPT-Image-24-de-abr.-de-2026-18_03_49-1-1140x642.png 1140w, https:\/\/www.em.com.br\/emfoco\/wp-content\/uploads\/2026\/04\/ChatGPT-Image-24-de-abr.-de-2026-18_03_49-1.png 1279w\" sizes=\"auto, (max-width: 1024px) 100vw, 1024px\" \/><figcaption class=\"wp-element-caption\">Tia Maruca fecha f\u00e1brica e abala setor de biscoitos<\/figcaption><\/figure>\n\n\n\n<h2 class=\"wp-block-heading\">Como o cr\u00e9dito caro e a carga tribut\u00e1ria afetaram a Tia Maruca?<\/h2>\n\n\n\n<p>Outro fator decisivo foi a dificuldade de acessar cr\u00e9dito em condi\u00e7\u00f5es favor\u00e1veis, o que impediu a empresa de modernizar linhas de produ\u00e7\u00e3o e automatizar processos. Sem financiamento sustent\u00e1vel, a f\u00e1brica de<a href=\"https:\/\/www.argentina.travel\/pt\/cuyo\/san-juan\" target=\"_blank\" rel=\"noreferrer noopener\"> San Juan<\/a> ficou atr\u00e1s em produtividade frente a concorrentes mais capitalizados.<\/p>\n\n\n\n<p>A perspectiva de alto endividamento somada a uma carga tribut\u00e1ria pesada formou um cen\u00e1rio pouco atrativo para manter investimentos. Diante da instabilidade macroecon\u00f4mica argentina, a Tia Maruca se viu pressionada entre custos crescentes, queda de vendas e poucas ferramentas financeiras para reagir.<\/p>\n\n\n\n<h2 class=\"wp-block-heading\">Qual \u00e9 o impacto do fim da Tia Maruca para trabalhadores e regi\u00e3o?<\/h2>\n\n\n\n<p>O encerramento da principal planta em Albard\u00f3n traz efeitos imediatos para trabalhadores especializados em produ\u00e7\u00e3o de biscoitos, manuten\u00e7\u00e3o industrial, log\u00edstica e controle de qualidade. Em um mercado com poucas vagas formais na ind\u00fastria aliment\u00edcia, muitos profissionais enfrentam incerteza e perda brusca de renda.<\/p>\n\n\n\n<p>Para o munic\u00edpio e arredores, a sa\u00edda da f\u00e1brica reduz a circula\u00e7\u00e3o de dinheiro no com\u00e9rcio local, atinge servi\u00e7os e rompe uma cadeia de fornecedores que dependiam do fluxo de pedidos. Esse impacto pode ser observado em diferentes frentes da economia regional:<\/p>\n\n\n\n<ul class=\"wp-block-list\">\n<li><strong>Perda de empregos diretos<\/strong>, afetando especialmente trabalhadores com longa trajet\u00f3ria na f\u00e1brica.<\/li>\n\n\n\n<li><strong>Queda no consumo local<\/strong>, com fam\u00edlias priorizando apenas gastos essenciais.<\/li>\n\n\n\n<li><strong>Enfraquecimento da base industrial regional<\/strong>, reduzindo a diversidade de empresas em San Juan.<\/li>\n\n\n\n<li><strong>Efeito em cadeia sobre fornecedores<\/strong>, que precisam buscar novos contratos e mercados.<\/li>\n<\/ul>\n\n\n\n<figure class=\"wp-block-image size-large\"><img loading=\"lazy\" decoding=\"async\" width=\"1024\" height=\"576\" src=\"https:\/\/www.em.com.br\/emfoco\/wp-content\/uploads\/2026\/04\/ChatGPT-Image-24-de-abr.-de-2026-18_04_41-1-1024x576.png\" alt=\"Tia Maruca fecha f\u00e1brica e abala setor de biscoitos\" class=\"wp-image-198811\" srcset=\"https:\/\/www.em.com.br\/emfoco\/wp-content\/uploads\/2026\/04\/ChatGPT-Image-24-de-abr.-de-2026-18_04_41-1-1024x576.png 1024w, https:\/\/www.em.com.br\/emfoco\/wp-content\/uploads\/2026\/04\/ChatGPT-Image-24-de-abr.-de-2026-18_04_41-1-300x169.png 300w, https:\/\/www.em.com.br\/emfoco\/wp-content\/uploads\/2026\/04\/ChatGPT-Image-24-de-abr.-de-2026-18_04_41-1-768x432.png 768w, https:\/\/www.em.com.br\/emfoco\/wp-content\/uploads\/2026\/04\/ChatGPT-Image-24-de-abr.-de-2026-18_04_41-1-750x422.png 750w, https:\/\/www.em.com.br\/emfoco\/wp-content\/uploads\/2026\/04\/ChatGPT-Image-24-de-abr.-de-2026-18_04_41-1-1140x642.png 1140w, https:\/\/www.em.com.br\/emfoco\/wp-content\/uploads\/2026\/04\/ChatGPT-Image-24-de-abr.-de-2026-18_04_41-1.png 1279w\" sizes=\"auto, (max-width: 1024px) 100vw, 1024px\" \/><figcaption class=\"wp-element-caption\">Tia Maruca fecha f\u00e1brica e abala setor de biscoitos<\/figcaption><\/figure>\n\n\n\n<h2 class=\"wp-block-heading\">O que a hist\u00f3ria da Tia Maruca revela sobre a crise dos biscoitos?<\/h2>\n\n\n\n<p>A trajet\u00f3ria da Tia Maruca, iniciada no fim dos anos 1990 como neg\u00f3cio familiar com apelo de sabor caseiro e pre\u00e7os competitivos, mostra o potencial e a vulnerabilidade de marcas m\u00e9dias. A r\u00e1pida expans\u00e3o na d\u00e9cada de 2010 exigiu altos investimentos em maquin\u00e1rio, log\u00edstica e distribui\u00e7\u00e3o pelo pa\u00eds e para exporta\u00e7\u00e3o.<\/p>\n\n\n\n<p>Quando a economia entrou em forte instabilidade, com infla\u00e7\u00e3o alta e retra\u00e7\u00e3o do consumo, empresas que haviam apostado em crescimento acelerado ficaram mais expostas. O caso Tia Maruca escancara a depend\u00eancia do consumo interno, a sensibilidade ao pre\u00e7o dos insumos, a necessidade de escala produtiva e a press\u00e3o de grandes grupos que negociam melhor com fornecedores e redes varejistas.<\/p>\n\n\n\n<h2 class=\"wp-block-heading\">Quais s\u00e3o as perspectivas e li\u00e7\u00f5es para o setor de biscoitos na Argentina?<\/h2>\n\n\n\n<p>O futuro do setor de biscoitos na Argentina depende da recupera\u00e7\u00e3o do poder de compra, de maior estabilidade nos pre\u00e7os de insumos e de acesso a cr\u00e9dito produtivo que permita modernizar f\u00e1bricas. Empresas que apostarem em efici\u00eancia, diversifica\u00e7\u00e3o de linhas, canais digitais de venda e parcerias estrat\u00e9gicas ter\u00e3o mais chances de sobreviver em ciclos econ\u00f4micos adversos.<\/p>\n\n\n\n<p>O <a href=\"https:\/\/www.em.com.br\/emfoco\/2026\/04\/23\/fechamento-aos-domingos-faz-supermercados-realocarem-funcionarios-e-nova-regra-afeta-redes-como-carrefour-atacadao-assai-e-bh\/\" target=\"_blank\" rel=\"noreferrer noopener\">fechamento <\/a>da Tia Maruca em San Juan \u00e9 um alerta contundente para governos, empres\u00e1rios e sociedade: sem pol\u00edticas de apoio \u00e0 ind\u00fastria e respostas r\u00e1pidas \u00e0s mudan\u00e7as de consumo, outras marcas tradicionais podem seguir o mesmo caminho. \u00c9 hora de agir \u2014 pressionar por cr\u00e9dito acess\u00edvel, fortalecer produtores locais e valorizar empresas que geram emprego e renda antes que mais port\u00f5es se fechem em sil\u00eancio.<\/p>\n","protected":false},"excerpt":{"rendered":"<p>A not\u00edcia sobre o fechamento da principal f\u00e1brica de biscoitos Tia Maruca em San Juan, na Argentina, reacendeu o debate sobre a fragilidade das ind\u00fastrias m\u00e9dias no pa\u00eds, trazendo \u00e0 tona o impacto direto sobre dezenas de fam\u00edlias, a desindustrializa\u00e7\u00e3o regional e os desafios de competir em um mercado dominado por grandes grupos aliment\u00edcios. Por [&hellip;]<\/p>\n","protected":false},"author":11,"featured_media":198978,"comment_status":"open","ping_status":"open","sticky":false,"template":"","format":"standard","meta":{"jnews-multi-image_gallery":[],"jnews_single_post":{"format":"standard"},"jnews_primary_category":[],"jnews_social_meta":[],"jnews_override_counter":[],"footnotes":""},"categories":[28,1],"tags":[28703,4996,21779,10179],"class_list":["post-198804","post","type-post","status-publish","format-standard","has-post-thumbnail","hentry","category-economia","category-noticias","tag-biscoitos","tag-crise","tag-fabrica","tag-fechamento"],"yoast_head":"<!-- This site is optimized with the Yoast SEO plugin v23.8 - https:\/\/yoast.com\/wordpress\/plugins\/seo\/ -->\n<title>A ic\u00f4nica empresa de biscoitos fechou sua principal f\u00e1brica, deixando dezenas de fam\u00edlias sem emprego - Estado de Minas - Em foco<\/title>\n<meta name=\"description\" content=\"O fechamento da Tia Maruca virou alerta para a ind\u00fastria argentina. Veja por que marcas m\u00e9dias enfrentam tanta press\u00e3o.\" \/>\n<meta name=\"robots\" content=\"index, follow, max-snippet:-1, max-image-preview:large, max-video-preview:-1\" \/>\n<link rel=\"canonical\" href=\"https:\/\/www.em.com.br\/emfoco\/2026\/04\/25\/a-iconica-empresa-de-biscoitos-fechou-sua-principal-fabrica-deixando-dezenas-de-familias-sem-emprego\/\" \/>\n<meta property=\"og:locale\" content=\"pt_BR\" \/>\n<meta property=\"og:type\" content=\"article\" \/>\n<meta property=\"og:title\" content=\"A ic\u00f4nica empresa de biscoitos fechou sua principal f\u00e1brica, deixando dezenas de fam\u00edlias sem emprego - Estado de Minas - Em foco\" \/>\n<meta property=\"og:description\" content=\"O fechamento da Tia Maruca virou alerta para a ind\u00fastria argentina. Veja por que marcas m\u00e9dias enfrentam tanta press\u00e3o.\" \/>\n<meta property=\"og:url\" content=\"https:\/\/www.em.com.br\/emfoco\/2026\/04\/25\/a-iconica-empresa-de-biscoitos-fechou-sua-principal-fabrica-deixando-dezenas-de-familias-sem-emprego\/\" \/>\n<meta property=\"og:site_name\" content=\"Estado de Minas - Em foco\" \/>\n<meta property=\"article:published_time\" content=\"2026-04-25T16:45:00+00:00\" \/>\n<meta property=\"article:modified_time\" content=\"2026-04-25T01:28:22+00:00\" \/>\n<meta property=\"og:image\" content=\"https:\/\/www.em.com.br\/emfoco\/wp-content\/uploads\/2026\/04\/EmFoco_78-1.jpg\" \/>\n\t<meta property=\"og:image:width\" content=\"1280\" \/>\n\t<meta property=\"og:image:height\" content=\"720\" \/>\n\t<meta property=\"og:image:type\" content=\"image\/jpeg\" \/>\n<meta name=\"author\" content=\"Andre\u0301 Rangel\u00a0\" \/>\n<meta name=\"twitter:card\" content=\"summary_large_image\" \/>\n<meta name=\"twitter:label1\" content=\"Escrito por\" \/>\n\t<meta name=\"twitter:data1\" content=\"Andre\u0301 Rangel\u00a0\" \/>\n\t<meta name=\"twitter:label2\" content=\"Est. tempo de leitura\" \/>\n\t<meta name=\"twitter:data2\" content=\"5 minutos\" \/>\n<!-- \/ Yoast SEO plugin. -->","yoast_head_json":{"title":"A ic\u00f4nica empresa de biscoitos fechou sua principal f\u00e1brica, deixando dezenas de fam\u00edlias sem emprego - Estado de Minas - Em foco","description":"O fechamento da Tia Maruca virou alerta para a ind\u00fastria argentina. Veja por que marcas m\u00e9dias enfrentam tanta press\u00e3o.","robots":{"index":"index","follow":"follow","max-snippet":"max-snippet:-1","max-image-preview":"max-image-preview:large","max-video-preview":"max-video-preview:-1"},"canonical":"https:\/\/www.em.com.br\/emfoco\/2026\/04\/25\/a-iconica-empresa-de-biscoitos-fechou-sua-principal-fabrica-deixando-dezenas-de-familias-sem-emprego\/","og_locale":"pt_BR","og_type":"article","og_title":"A ic\u00f4nica empresa de biscoitos fechou sua principal f\u00e1brica, deixando dezenas de fam\u00edlias sem emprego - Estado de Minas - Em foco","og_description":"O fechamento da Tia Maruca virou alerta para a ind\u00fastria argentina. Veja por que marcas m\u00e9dias enfrentam tanta press\u00e3o.","og_url":"https:\/\/www.em.com.br\/emfoco\/2026\/04\/25\/a-iconica-empresa-de-biscoitos-fechou-sua-principal-fabrica-deixando-dezenas-de-familias-sem-emprego\/","og_site_name":"Estado de Minas - Em foco","article_published_time":"2026-04-25T16:45:00+00:00","article_modified_time":"2026-04-25T01:28:22+00:00","og_image":[{"width":1280,"height":720,"url":"https:\/\/www.em.com.br\/emfoco\/wp-content\/uploads\/2026\/04\/EmFoco_78-1.jpg","type":"image\/jpeg"}],"author":"Andre\u0301 Rangel\u00a0","twitter_card":"summary_large_image","twitter_misc":{"Escrito por":"Andre\u0301 Rangel\u00a0","Est. tempo de leitura":"5 minutos"},"schema":{"@context":"https:\/\/schema.org","@graph":[{"@type":"WebPage","@id":"https:\/\/www.em.com.br\/emfoco\/2026\/04\/25\/a-iconica-empresa-de-biscoitos-fechou-sua-principal-fabrica-deixando-dezenas-de-familias-sem-emprego\/","url":"https:\/\/www.em.com.br\/emfoco\/2026\/04\/25\/a-iconica-empresa-de-biscoitos-fechou-sua-principal-fabrica-deixando-dezenas-de-familias-sem-emprego\/","name":"A ic\u00f4nica empresa de biscoitos fechou sua principal f\u00e1brica, deixando dezenas de fam\u00edlias sem emprego - Estado de Minas - Em foco","isPartOf":{"@id":"https:\/\/www.em.com.br\/emfoco\/#website"},"primaryImageOfPage":{"@id":"https:\/\/www.em.com.br\/emfoco\/2026\/04\/25\/a-iconica-empresa-de-biscoitos-fechou-sua-principal-fabrica-deixando-dezenas-de-familias-sem-emprego\/#primaryimage"},"image":{"@id":"https:\/\/www.em.com.br\/emfoco\/2026\/04\/25\/a-iconica-empresa-de-biscoitos-fechou-sua-principal-fabrica-deixando-dezenas-de-familias-sem-emprego\/#primaryimage"},"thumbnailUrl":"https:\/\/www.em.com.br\/emfoco\/wp-content\/uploads\/2026\/04\/EmFoco_78-1.jpg","datePublished":"2026-04-25T16:45:00+00:00","dateModified":"2026-04-25T01:28:22+00:00","author":{"@id":"https:\/\/www.em.com.br\/emfoco\/#\/schema\/person\/60eda09c1fedf0d6891f4cef4b60b8b8"},"description":"O fechamento da Tia Maruca virou alerta para a ind\u00fastria argentina. Veja por que marcas m\u00e9dias enfrentam tanta press\u00e3o.","breadcrumb":{"@id":"https:\/\/www.em.com.br\/emfoco\/2026\/04\/25\/a-iconica-empresa-de-biscoitos-fechou-sua-principal-fabrica-deixando-dezenas-de-familias-sem-emprego\/#breadcrumb"},"inLanguage":"pt-BR","potentialAction":[{"@type":"ReadAction","target":["https:\/\/www.em.com.br\/emfoco\/2026\/04\/25\/a-iconica-empresa-de-biscoitos-fechou-sua-principal-fabrica-deixando-dezenas-de-familias-sem-emprego\/"]}]},{"@type":"ImageObject","inLanguage":"pt-BR","@id":"https:\/\/www.em.com.br\/emfoco\/2026\/04\/25\/a-iconica-empresa-de-biscoitos-fechou-sua-principal-fabrica-deixando-dezenas-de-familias-sem-emprego\/#primaryimage","url":"https:\/\/www.em.com.br\/emfoco\/wp-content\/uploads\/2026\/04\/EmFoco_78-1.jpg","contentUrl":"https:\/\/www.em.com.br\/emfoco\/wp-content\/uploads\/2026\/04\/EmFoco_78-1.jpg","width":1280,"height":720,"caption":"Fechamento de f\u00e1brica na Argentina alerta para fragilidade da ind\u00fastria m\u00e9dia e regional"},{"@type":"BreadcrumbList","@id":"https:\/\/www.em.com.br\/emfoco\/2026\/04\/25\/a-iconica-empresa-de-biscoitos-fechou-sua-principal-fabrica-deixando-dezenas-de-familias-sem-emprego\/#breadcrumb","itemListElement":[{"@type":"ListItem","position":1,"name":"In\u00edcio","item":"https:\/\/www.em.com.br\/emfoco\/"},{"@type":"ListItem","position":2,"name":"A ic\u00f4nica empresa de biscoitos fechou sua principal f\u00e1brica, deixando dezenas de fam\u00edlias sem emprego"}]},{"@type":"WebSite","@id":"https:\/\/www.em.com.br\/emfoco\/#website","url":"https:\/\/www.em.com.br\/emfoco\/","name":"Estado de Minas - Em foco","description":"Acompanhe as \u00faltimas not\u00edcias e fique bem informado sobre tudo o que acontece em Minas Gerais, Brasil e no mundo.","potentialAction":[{"@type":"SearchAction","target":{"@type":"EntryPoint","urlTemplate":"https:\/\/www.em.com.br\/emfoco\/?s={search_term_string}"},"query-input":{"@type":"PropertyValueSpecification","valueRequired":true,"valueName":"search_term_string"}}],"inLanguage":"pt-BR"},{"@type":"Person","@id":"https:\/\/www.em.com.br\/emfoco\/#\/schema\/person\/60eda09c1fedf0d6891f4cef4b60b8b8","name":"Andre\u0301 Rangel\u00a0","image":{"@type":"ImageObject","inLanguage":"pt-BR","@id":"https:\/\/www.em.com.br\/emfoco\/#\/schema\/person\/image\/","url":"https:\/\/secure.gravatar.com\/avatar\/6234dc814c77c8ef6d8bba622c787efc?s=96&d=mm&r=g","contentUrl":"https:\/\/secure.gravatar.com\/avatar\/6234dc814c77c8ef6d8bba622c787efc?s=96&d=mm&r=g","caption":"Andre\u0301 Rangel\u00a0"},"url":"https:\/\/www.em.com.br\/emfoco\/author\/luizmyth\/"}]}},"_links":{"self":[{"href":"https:\/\/www.em.com.br\/emfoco\/wp-json\/wp\/v2\/posts\/198804","targetHints":{"allow":["GET"]}}],"collection":[{"href":"https:\/\/www.em.com.br\/emfoco\/wp-json\/wp\/v2\/posts"}],"about":[{"href":"https:\/\/www.em.com.br\/emfoco\/wp-json\/wp\/v2\/types\/post"}],"author":[{"embeddable":true,"href":"https:\/\/www.em.com.br\/emfoco\/wp-json\/wp\/v2\/users\/11"}],"replies":[{"embeddable":true,"href":"https:\/\/www.em.com.br\/emfoco\/wp-json\/wp\/v2\/comments?post=198804"}],"version-history":[{"count":3,"href":"https:\/\/www.em.com.br\/emfoco\/wp-json\/wp\/v2\/posts\/198804\/revisions"}],"predecessor-version":[{"id":198813,"href":"https:\/\/www.em.com.br\/emfoco\/wp-json\/wp\/v2\/posts\/198804\/revisions\/198813"}],"wp:featuredmedia":[{"embeddable":true,"href":"https:\/\/www.em.com.br\/emfoco\/wp-json\/wp\/v2\/media\/198978"}],"wp:attachment":[{"href":"https:\/\/www.em.com.br\/emfoco\/wp-json\/wp\/v2\/media?parent=198804"}],"wp:term":[{"taxonomy":"category","embeddable":true,"href":"https:\/\/www.em.com.br\/emfoco\/wp-json\/wp\/v2\/categories?post=198804"},{"taxonomy":"post_tag","embeddable":true,"href":"https:\/\/www.em.com.br\/emfoco\/wp-json\/wp\/v2\/tags?post=198804"}],"curies":[{"name":"wp","href":"https:\/\/api.w.org\/{rel}","templated":true}]}}