{"id":198781,"date":"2026-04-25T22:05:00","date_gmt":"2026-04-26T01:05:00","guid":{"rendered":"https:\/\/www.em.com.br\/emfoco\/?p=198781"},"modified":"2026-04-24T22:24:10","modified_gmt":"2026-04-25T01:24:10","slug":"as-3-cores-de-unhas-mais-usadas-por-quem-quer-elegancia-simples-e-atemporal","status":"publish","type":"post","link":"https:\/\/www.em.com.br\/emfoco\/2026\/04\/25\/as-3-cores-de-unhas-mais-usadas-por-quem-quer-elegancia-simples-e-atemporal\/","title":{"rendered":"As 3 cores de unhas mais usadas por quem quer eleg\u00e2ncia simples e atemporal"},"content":{"rendered":"\n<p>Voc\u00ea est\u00e1 naquele jantar importante e percebe como as <strong>cores de unhas<\/strong> certas mudam sua postura instantaneamente. Existe um segredo guardado pelas melhores manicures que faz qualquer m\u00e3o parecer rejuvenescida e sofisticada sem grande esfor\u00e7o.<\/p>\n\n\n\n<h2 class=\"wp-block-heading\">Por que escolher cores de unhas neutras valoriza sua apar\u00eancia<\/h2>\n\n\n\n<p>A escolha das <strong>cores de unhas<\/strong> reflete diretamente sua personalidade refinada em reuni\u00f5es de trabalho ou grandes eventos sociais. Tons s\u00f3brios e bem aplicados transmitem <strong>seguran\u00e7a emocional<\/strong> profunda e mostram que voc\u00ea cuida dos m\u00ednimos detalhes da est\u00e9tica pessoal. Essa estrat\u00e9gia visual inteligente ajuda a manter uma <strong>imagem impec\u00e1vel<\/strong> e coerente durante todos os dias da sua semana.<\/p>\n\n\n\n<p>Al\u00e9m disso, tonalidades claras e discretas disfar\u00e7am com facilidade pequenas imperfei\u00e7\u00f5es que surgem naturalmente nas cut\u00edculas com o passar do tempo. Manter as m\u00e3os sempre hidratadas com cremes espec\u00edficos potencializa o <strong>efeito sofisticado<\/strong> e luxuoso que buscamos alcan\u00e7ar com dedica\u00e7\u00e3o constante. Muitas mulheres maduras preferem essa abordagem minimalista por ser <strong>pr\u00e1tica e atemporal<\/strong> em qualquer esta\u00e7\u00e3o do ano.<\/p>\n\n\n<div class=\"wp-block-image\">\n<figure class=\"aligncenter size-large\"><img loading=\"lazy\" decoding=\"async\" width=\"1024\" height=\"576\" src=\"https:\/\/www.em.com.br\/emfoco\/wp-content\/uploads\/2026\/04\/cores-de-unhas-1-1024x576.jpg\" alt=\"cores de unhas\" class=\"wp-image-198785\" srcset=\"https:\/\/www.em.com.br\/emfoco\/wp-content\/uploads\/2026\/04\/cores-de-unhas-1-1024x576.jpg 1024w, https:\/\/www.em.com.br\/emfoco\/wp-content\/uploads\/2026\/04\/cores-de-unhas-1-300x169.jpg 300w, https:\/\/www.em.com.br\/emfoco\/wp-content\/uploads\/2026\/04\/cores-de-unhas-1-768x432.jpg 768w, https:\/\/www.em.com.br\/emfoco\/wp-content\/uploads\/2026\/04\/cores-de-unhas-1-750x422.jpg 750w, https:\/\/www.em.com.br\/emfoco\/wp-content\/uploads\/2026\/04\/cores-de-unhas-1-1140x641.jpg 1140w, https:\/\/www.em.com.br\/emfoco\/wp-content\/uploads\/2026\/04\/cores-de-unhas-1.jpg 1280w\" sizes=\"auto, (max-width: 1024px) 100vw, 1024px\" \/><figcaption class=\"wp-element-caption\">Al\u00e9m disso, tonalidades claras e discretas disfar\u00e7am com facilidade pequenas imperfei\u00e7\u00f5es que surgem naturalmente nas cut\u00edculas com o passar do tempo <\/figcaption><\/figure><\/div>\n\n\n<p>Leia tamb\u00e9m: <a href=\"https:\/\/www.em.com.br\/emfoco\/2026\/04\/19\/propolis-tem-mais-de-300-compostos-e-pode-apoiar-o-corpo-de-formas-surpreendentes\/\" target=\"_blank\" rel=\"noreferrer noopener\">Pr\u00f3polis tem mais de 300 compostos e pode apoiar o corpo de formas surpreendentes<\/a><\/p>\n\n\n\n<h2 class=\"wp-block-heading\">Como o nude cl\u00e1ssico nas cores de unhas transforma o visual<\/h2>\n\n\n\n<p>O bege rosado \u00e9 um dos pilares fundamentais quando falamos sobre as <strong>cores de unhas<\/strong> famosas que nunca saem de moda. Ele cria uma ilus\u00e3o \u00f3ptica de <strong>dedos mais longos<\/strong> e finos, harmonizando com qualquer acess\u00f3rio sofisticado dourado ou prateado. Optar por essa paleta neutra garante que voc\u00ea esteja preparada para <strong>qualquer ocasi\u00e3o<\/strong> social ou profissional inesperada de \u00faltima hora.<\/p>\n\n\n\n<p>Para obter o melhor resultado est\u00e9tico, \u00e9 preciso observar com aten\u00e7\u00e3o o subtom da sua pele antes da aplica\u00e7\u00e3o t\u00e9cnica final. Algumas varia\u00e7\u00f5es de areia ou p\u00eassego suave trazem uma <strong>luminosidade imediata<\/strong> ao rosto e \u00e0s m\u00e3os quando gesticulamos com naturalidade. As sugest\u00f5es a seguir ajudam a definir qual varia\u00e7\u00e3o de nude melhor se adapta ao seu estilo de vida atual:<\/p>\n\n\n\n<ul class=\"wp-block-list\">\n<li>Nude transl\u00facido para um brilho natural e muito discreto.<\/li>\n\n\n\n<li>Areia opaco para eventos formais e reuni\u00f5es de neg\u00f3cios.<\/li>\n\n\n\n<li>Rosa queimado para um toque feminino e rom\u00e2ntico na medida certa.<\/li>\n<\/ul>\n\n\n\n<figure class=\"wp-block-embed is-type-rich is-provider-pinterest wp-block-embed-pinterest\"><div class=\"wp-block-embed__wrapper\">\n<iframe loading=\"lazy\" title=\" \" src=\"https:\/\/assets.pinterest.com\/ext\/embed.html?id=731201689524882190&#038;src=oembed\" height=\"545\" width=\"450\" frameborder=\"0\" scrolling=\"no\" ><\/iframe>\n<\/div><\/figure>\n\n\n\n<h2 class=\"wp-block-heading\">Qual o impacto das cores de unhas vermelhas na autoconfian\u00e7a<\/h2>\n\n\n\n<p>O vinho intenso ou o bord\u00f4 fechado s\u00e3o excelentes <strong>cores de unhas<\/strong> para quem deseja transmitir autoridade e eleg\u00e2ncia absoluta. Essas nuances profundas fogem do \u00f3bvio e trazem uma sofistica\u00e7\u00e3o que combina muito bem com a <strong>maturidade feminina<\/strong> e experiente. \u00c9 uma escolha de beleza poderosa para quem n\u00e3o abre m\u00e3o de ter uma <strong>presen\u00e7a marcante<\/strong> e respeit\u00e1vel por onde passa.<\/p>\n\n\n\n<p>Diferente do vermelho aberto e vibrante, as varia\u00e7\u00f5es mais escuras s\u00e3o extremamente vers\u00e1teis e funcionam como um acess\u00f3rio de luxo permanente. Elas agem como um ponto de cor estrat\u00e9gico que n\u00e3o cansa o olhar e mant\u00e9m o <strong>equil\u00edbrio visual<\/strong> necess\u00e1rio na rotina agitada. Muitas especialistas de moda recomendam esse tom cl\u00e1ssico para destacar a <strong>vitalidade das m\u00e3os<\/strong> com muita classe e bom gosto.<\/p>\n\n\n\n<p>Para voc\u00ea que gosta de se cuidar, separamos um v\u00eddeo do canal da <a href=\"https:\/\/www.youtube.com\/@NatyScalada\" target=\"_blank\" rel=\"noreferrer noopener\">Naty Scalada<\/a> com dicas para cuidar das suas unhas:<\/p>\n\n\n\n<figure class=\"wp-block-embed is-type-video is-provider-youtube wp-block-embed-youtube wp-embed-aspect-16-9 wp-has-aspect-ratio\"><div class=\"wp-block-embed__wrapper\">\n<div class=\"jeg_video_container jeg_video_content\"><iframe loading=\"lazy\" title=\"Como fazer uma Esmalta\u00e7\u00e3o PERFEITA | Passo a Passo | Naty Scalada\" width=\"500\" height=\"281\" src=\"https:\/\/www.youtube.com\/embed\/Nn8qEMdc9ug?feature=oembed\" frameborder=\"0\" allow=\"accelerometer; autoplay; clipboard-write; encrypted-media; gyroscope; picture-in-picture; web-share\" referrerpolicy=\"strict-origin-when-cross-origin\" allowfullscreen><\/iframe><\/div>\n<\/div><\/figure>\n\n\n\n<h2 class=\"wp-block-heading\">O branco leitoso \u00e9 a aposta certa para modernidade<\/h2>\n\n\n\n<p>Muitas vezes esquecido no fundo da gaveta, o branco leitoso surge como uma das melhores <strong>cores de unhas<\/strong> para iluminar a pele madura. Esse tom suave passa uma sensa\u00e7\u00e3o imediata de <strong>limpeza extrema<\/strong> e cuidado rigoroso com a sa\u00fade e a est\u00e9tica pessoal. \u00c9 o acabamento final ideal para quem busca imprimir um <strong>estilo minimalista<\/strong> e muito contempor\u00e2neo no visual di\u00e1rio de forma leve.<\/p>\n\n\n\n<p>A aplica\u00e7\u00e3o t\u00e9cnica deve ser sempre uniforme para evitar manchas indesejadas e garantir aquele aspecto de porcelana fina e bem acabada. Use camadas finas de esmalte e finalize com um bom selante para manter o <strong>brilho espelhado<\/strong> por muito mais tempo nas tarefas cotidianas. Essa tonalidade clarinha combina perfeitamente com an\u00e9is delicados e valoriza diversos <strong>looks monocrom\u00e1ticos<\/strong> ou coloridos sem entrar em conflito visual.<\/p>\n\n\n\n<figure class=\"wp-block-embed is-type-rich is-provider-pinterest wp-block-embed-pinterest\"><div class=\"wp-block-embed__wrapper\">\n<iframe loading=\"lazy\" title=\"Esmalte areia\" src=\"https:\/\/assets.pinterest.com\/ext\/embed.html?id=3025924746753260&#038;src=oembed\" height=\"899\" width=\"450\" frameborder=\"0\" scrolling=\"no\" ><\/iframe>\n<\/div><\/figure>\n\n\n\n<h2 class=\"wp-block-heading\">Pratique o autocuidado com pequenos gestos di\u00e1rios<\/h2>\n\n\n\n<p>Escolher o esmalte correto \u00e9 uma forma simples e poderosa de celebrar sua pr\u00f3pria trajet\u00f3ria de vida e beleza \u00fanica. Dedique um tempo semanal para <strong>mimar suas m\u00e3os<\/strong> com produtos de alta qualidade e muito carinho pessoal. Voc\u00ea merece sentir todos os dias essa deliciosa <strong>sensa\u00e7\u00e3o de renova\u00e7\u00e3o<\/strong> e bem-estar em sua pr\u00f3pria pele.<\/p>\n\n\n\n<p>A verdadeira eleg\u00e2ncia mora nos pequenos detalhes que escolhemos priorizar com sabedoria em nossa rotina moderna e acelerada. Experimente novos tons cl\u00e1ssicos e observe qual deles realmente <strong>eleva seu humor<\/strong> e sua autoestima de forma genu\u00edna. Sinta-se plenamente bonita em cada <strong>movimento das m\u00e3os<\/strong> ao longo de todo o seu dia produtivo.<\/p>\n","protected":false},"excerpt":{"rendered":"<p>Voc\u00ea est\u00e1 naquele jantar importante e percebe como as cores de unhas certas mudam sua postura instantaneamente. Existe um segredo guardado pelas melhores manicures que faz qualquer m\u00e3o parecer rejuvenescida e sofisticada sem grande esfor\u00e7o. Por que escolher cores de unhas neutras valoriza sua apar\u00eancia A escolha das cores de unhas reflete diretamente sua personalidade [&hellip;]<\/p>\n","protected":false},"author":9,"featured_media":198974,"comment_status":"open","ping_status":"open","sticky":false,"template":"","format":"standard","meta":{"jnews-multi-image_gallery":[],"jnews_single_post":{"format":"standard"},"jnews_primary_category":[],"jnews_social_meta":[],"jnews_override_counter":[],"footnotes":""},"categories":[8691,29],"tags":[28169,28095,27606],"class_list":["post-198781","post","type-post","status-publish","format-standard","has-post-thumbnail","hentry","category-bem-estar","category-entretenimento","tag-beleza-40","tag-manicure-madura","tag-unhas-elegantes"],"yoast_head":"<!-- This site is optimized with the Yoast SEO plugin v23.8 - https:\/\/yoast.com\/wordpress\/plugins\/seo\/ -->\n<title>As 3 cores de unhas mais usadas por quem quer eleg\u00e2ncia simples e atemporal - Estado de Minas - Em foco<\/title>\n<meta name=\"description\" content=\"Encontre as melhores cores de unhas para valorizar as m\u00e3os maduras com eleg\u00e2ncia e sofistica\u00e7\u00e3o. Veja tons que transmitem autocuidado\" \/>\n<meta name=\"robots\" content=\"index, follow, max-snippet:-1, max-image-preview:large, max-video-preview:-1\" \/>\n<link rel=\"canonical\" href=\"https:\/\/www.em.com.br\/emfoco\/2026\/04\/25\/as-3-cores-de-unhas-mais-usadas-por-quem-quer-elegancia-simples-e-atemporal\/\" \/>\n<meta property=\"og:locale\" content=\"pt_BR\" \/>\n<meta property=\"og:type\" content=\"article\" \/>\n<meta property=\"og:title\" content=\"As 3 cores de unhas mais usadas por quem quer eleg\u00e2ncia simples e atemporal - Estado de Minas - Em foco\" \/>\n<meta property=\"og:description\" content=\"Encontre as melhores cores de unhas para valorizar as m\u00e3os maduras com eleg\u00e2ncia e sofistica\u00e7\u00e3o. Veja tons que transmitem autocuidado\" \/>\n<meta property=\"og:url\" content=\"https:\/\/www.em.com.br\/emfoco\/2026\/04\/25\/as-3-cores-de-unhas-mais-usadas-por-quem-quer-elegancia-simples-e-atemporal\/\" \/>\n<meta property=\"og:site_name\" content=\"Estado de Minas - Em foco\" \/>\n<meta property=\"article:published_time\" content=\"2026-04-26T01:05:00+00:00\" \/>\n<meta property=\"article:modified_time\" content=\"2026-04-25T01:24:10+00:00\" \/>\n<meta property=\"og:image\" content=\"https:\/\/www.em.com.br\/emfoco\/wp-content\/uploads\/2026\/04\/EmFoco_76-1.jpg\" \/>\n\t<meta property=\"og:image:width\" content=\"1280\" \/>\n\t<meta property=\"og:image:height\" content=\"720\" \/>\n\t<meta property=\"og:image:type\" content=\"image\/jpeg\" \/>\n<meta name=\"author\" content=\"Daniely Cardoso\" \/>\n<meta name=\"twitter:card\" content=\"summary_large_image\" \/>\n<meta name=\"twitter:label1\" content=\"Escrito por\" \/>\n\t<meta name=\"twitter:data1\" content=\"Daniely Cardoso\" \/>\n\t<meta name=\"twitter:label2\" content=\"Est. tempo de leitura\" \/>\n\t<meta name=\"twitter:data2\" content=\"5 minutos\" \/>\n<!-- \/ Yoast SEO plugin. -->","yoast_head_json":{"title":"As 3 cores de unhas mais usadas por quem quer eleg\u00e2ncia simples e atemporal - Estado de Minas - Em foco","description":"Encontre as melhores cores de unhas para valorizar as m\u00e3os maduras com eleg\u00e2ncia e sofistica\u00e7\u00e3o. Veja tons que transmitem autocuidado","robots":{"index":"index","follow":"follow","max-snippet":"max-snippet:-1","max-image-preview":"max-image-preview:large","max-video-preview":"max-video-preview:-1"},"canonical":"https:\/\/www.em.com.br\/emfoco\/2026\/04\/25\/as-3-cores-de-unhas-mais-usadas-por-quem-quer-elegancia-simples-e-atemporal\/","og_locale":"pt_BR","og_type":"article","og_title":"As 3 cores de unhas mais usadas por quem quer eleg\u00e2ncia simples e atemporal - Estado de Minas - Em foco","og_description":"Encontre as melhores cores de unhas para valorizar as m\u00e3os maduras com eleg\u00e2ncia e sofistica\u00e7\u00e3o. Veja tons que transmitem autocuidado","og_url":"https:\/\/www.em.com.br\/emfoco\/2026\/04\/25\/as-3-cores-de-unhas-mais-usadas-por-quem-quer-elegancia-simples-e-atemporal\/","og_site_name":"Estado de Minas - Em foco","article_published_time":"2026-04-26T01:05:00+00:00","article_modified_time":"2026-04-25T01:24:10+00:00","og_image":[{"width":1280,"height":720,"url":"https:\/\/www.em.com.br\/emfoco\/wp-content\/uploads\/2026\/04\/EmFoco_76-1.jpg","type":"image\/jpeg"}],"author":"Daniely Cardoso","twitter_card":"summary_large_image","twitter_misc":{"Escrito por":"Daniely Cardoso","Est. tempo de leitura":"5 minutos"},"schema":{"@context":"https:\/\/schema.org","@graph":[{"@type":"WebPage","@id":"https:\/\/www.em.com.br\/emfoco\/2026\/04\/25\/as-3-cores-de-unhas-mais-usadas-por-quem-quer-elegancia-simples-e-atemporal\/","url":"https:\/\/www.em.com.br\/emfoco\/2026\/04\/25\/as-3-cores-de-unhas-mais-usadas-por-quem-quer-elegancia-simples-e-atemporal\/","name":"As 3 cores de unhas mais usadas por quem quer eleg\u00e2ncia simples e atemporal - Estado de Minas - Em foco","isPartOf":{"@id":"https:\/\/www.em.com.br\/emfoco\/#website"},"primaryImageOfPage":{"@id":"https:\/\/www.em.com.br\/emfoco\/2026\/04\/25\/as-3-cores-de-unhas-mais-usadas-por-quem-quer-elegancia-simples-e-atemporal\/#primaryimage"},"image":{"@id":"https:\/\/www.em.com.br\/emfoco\/2026\/04\/25\/as-3-cores-de-unhas-mais-usadas-por-quem-quer-elegancia-simples-e-atemporal\/#primaryimage"},"thumbnailUrl":"https:\/\/www.em.com.br\/emfoco\/wp-content\/uploads\/2026\/04\/EmFoco_76-1.jpg","datePublished":"2026-04-26T01:05:00+00:00","dateModified":"2026-04-25T01:24:10+00:00","author":{"@id":"https:\/\/www.em.com.br\/emfoco\/#\/schema\/person\/0a8186d72f2c3a5c6276d90b41f271a0"},"description":"Encontre as melhores cores de unhas para valorizar as m\u00e3os maduras com eleg\u00e2ncia e sofistica\u00e7\u00e3o. Veja tons que transmitem autocuidado","breadcrumb":{"@id":"https:\/\/www.em.com.br\/emfoco\/2026\/04\/25\/as-3-cores-de-unhas-mais-usadas-por-quem-quer-elegancia-simples-e-atemporal\/#breadcrumb"},"inLanguage":"pt-BR","potentialAction":[{"@type":"ReadAction","target":["https:\/\/www.em.com.br\/emfoco\/2026\/04\/25\/as-3-cores-de-unhas-mais-usadas-por-quem-quer-elegancia-simples-e-atemporal\/"]}]},{"@type":"ImageObject","inLanguage":"pt-BR","@id":"https:\/\/www.em.com.br\/emfoco\/2026\/04\/25\/as-3-cores-de-unhas-mais-usadas-por-quem-quer-elegancia-simples-e-atemporal\/#primaryimage","url":"https:\/\/www.em.com.br\/emfoco\/wp-content\/uploads\/2026\/04\/EmFoco_76-1.jpg","contentUrl":"https:\/\/www.em.com.br\/emfoco\/wp-content\/uploads\/2026\/04\/EmFoco_76-1.jpg","width":1280,"height":720,"caption":"Cores neutras e tons cl\u00e1ssicos promovem sofistica\u00e7\u00e3o e rejuvenescimento das m\u00e3os maduras"},{"@type":"BreadcrumbList","@id":"https:\/\/www.em.com.br\/emfoco\/2026\/04\/25\/as-3-cores-de-unhas-mais-usadas-por-quem-quer-elegancia-simples-e-atemporal\/#breadcrumb","itemListElement":[{"@type":"ListItem","position":1,"name":"In\u00edcio","item":"https:\/\/www.em.com.br\/emfoco\/"},{"@type":"ListItem","position":2,"name":"As 3 cores de unhas mais usadas por quem quer eleg\u00e2ncia simples e atemporal"}]},{"@type":"WebSite","@id":"https:\/\/www.em.com.br\/emfoco\/#website","url":"https:\/\/www.em.com.br\/emfoco\/","name":"Estado de Minas - Em foco","description":"Acompanhe as \u00faltimas not\u00edcias e fique bem informado sobre tudo o que acontece em Minas Gerais, Brasil e no mundo.","potentialAction":[{"@type":"SearchAction","target":{"@type":"EntryPoint","urlTemplate":"https:\/\/www.em.com.br\/emfoco\/?s={search_term_string}"},"query-input":{"@type":"PropertyValueSpecification","valueRequired":true,"valueName":"search_term_string"}}],"inLanguage":"pt-BR"},{"@type":"Person","@id":"https:\/\/www.em.com.br\/emfoco\/#\/schema\/person\/0a8186d72f2c3a5c6276d90b41f271a0","name":"Daniely Cardoso","image":{"@type":"ImageObject","inLanguage":"pt-BR","@id":"https:\/\/www.em.com.br\/emfoco\/#\/schema\/person\/image\/","url":"https:\/\/secure.gravatar.com\/avatar\/4b80ddbd124d1f071b626d52d62e5dff?s=96&d=mm&r=g","contentUrl":"https:\/\/secure.gravatar.com\/avatar\/4b80ddbd124d1f071b626d52d62e5dff?s=96&d=mm&r=g","caption":"Daniely Cardoso"},"url":"https:\/\/www.em.com.br\/emfoco\/author\/danielymyth\/"}]}},"_links":{"self":[{"href":"https:\/\/www.em.com.br\/emfoco\/wp-json\/wp\/v2\/posts\/198781","targetHints":{"allow":["GET"]}}],"collection":[{"href":"https:\/\/www.em.com.br\/emfoco\/wp-json\/wp\/v2\/posts"}],"about":[{"href":"https:\/\/www.em.com.br\/emfoco\/wp-json\/wp\/v2\/types\/post"}],"author":[{"embeddable":true,"href":"https:\/\/www.em.com.br\/emfoco\/wp-json\/wp\/v2\/users\/9"}],"replies":[{"embeddable":true,"href":"https:\/\/www.em.com.br\/emfoco\/wp-json\/wp\/v2\/comments?post=198781"}],"version-history":[{"count":2,"href":"https:\/\/www.em.com.br\/emfoco\/wp-json\/wp\/v2\/posts\/198781\/revisions"}],"predecessor-version":[{"id":198802,"href":"https:\/\/www.em.com.br\/emfoco\/wp-json\/wp\/v2\/posts\/198781\/revisions\/198802"}],"wp:featuredmedia":[{"embeddable":true,"href":"https:\/\/www.em.com.br\/emfoco\/wp-json\/wp\/v2\/media\/198974"}],"wp:attachment":[{"href":"https:\/\/www.em.com.br\/emfoco\/wp-json\/wp\/v2\/media?parent=198781"}],"wp:term":[{"taxonomy":"category","embeddable":true,"href":"https:\/\/www.em.com.br\/emfoco\/wp-json\/wp\/v2\/categories?post=198781"},{"taxonomy":"post_tag","embeddable":true,"href":"https:\/\/www.em.com.br\/emfoco\/wp-json\/wp\/v2\/tags?post=198781"}],"curies":[{"name":"wp","href":"https:\/\/api.w.org\/{rel}","templated":true}]}}