{"id":198761,"date":"2026-04-25T21:25:00","date_gmt":"2026-04-26T00:25:00","guid":{"rendered":"https:\/\/www.em.com.br\/emfoco\/?p=198761"},"modified":"2026-04-24T22:01:35","modified_gmt":"2026-04-25T01:01:35","slug":"o-erro-invisivel-de-molhar-a-terra-todo-dia-que-pode-ser-fatal-para-o-seu-anturio","status":"publish","type":"post","link":"https:\/\/www.em.com.br\/emfoco\/2026\/04\/25\/o-erro-invisivel-de-molhar-a-terra-todo-dia-que-pode-ser-fatal-para-o-seu-anturio\/","title":{"rendered":"O erro invis\u00edvel de molhar a terra todo dia que pode ser fatal para o seu ant\u00fario"},"content":{"rendered":"\n<p>Enquanto escolhia um lugar novo para o meu vaso na estante da sala, percebi que aprender a <strong>cuidar de ant\u00fario<\/strong> mudaria completamente o frescor e a energia do meu ambiente. Ser\u00e1 que existe um segredo escondido nessas folhas verdes e brilhantes para mant\u00ea-las sempre vibrantes, saud\u00e1veis e com flores intensas durante o ano todo?<\/p>\n\n\n\n<h2 class=\"wp-block-heading\">Vantagens de plantar e cuidar de ant\u00fario na sua sala<\/h2>\n\n\n\n<p>Ter plantas em ambientes internos traz uma <strong>sensa\u00e7\u00e3o de calma<\/strong> profunda e purifica o ar da sua resid\u00eancia de forma totalmente natural e eficiente. O ant\u00fario se destaca pela sua <strong>beleza ex\u00f3tica<\/strong> marcante e pela resist\u00eancia em locais que possuem pouca luz solar direta durante o dia. Essa esp\u00e9cie exige <strong>pouca manuten\u00e7\u00e3o<\/strong> di\u00e1ria constante, sendo ideal para mulheres que possuem uma rotina profissional bastante agitada e muito corrida.<\/p>\n\n\n\n<p>Suas flores famosas em formato de cora\u00e7\u00e3o simbolizam a <strong>hospitalidade calorosa<\/strong> e o amor dentro do lar em diversas culturas ao redor do mundo. Manter o brilho intenso das folhagens requer apenas alguns <strong>ajustes simples<\/strong> na frequ\u00eancia da rega e na posi\u00e7\u00e3o da ilumina\u00e7\u00e3o conforme as esta\u00e7\u00f5es. Muitas mulheres encontram nesse cultivo dom\u00e9stico uma <strong>terapia relaxante<\/strong> poderosa e uma forma elegante de decorar a casa com muita sofistica\u00e7\u00e3o e vida.<\/p>\n\n\n<div class=\"wp-block-image\">\n<figure class=\"aligncenter size-large\"><img loading=\"lazy\" decoding=\"async\" width=\"1024\" height=\"576\" src=\"https:\/\/www.em.com.br\/emfoco\/wp-content\/uploads\/2026\/04\/anturio_1777059462952-1024x576.jpg\" alt=\"cuidar de ant\u00fario\" class=\"wp-image-198762\" srcset=\"https:\/\/www.em.com.br\/emfoco\/wp-content\/uploads\/2026\/04\/anturio_1777059462952-1024x576.jpg 1024w, https:\/\/www.em.com.br\/emfoco\/wp-content\/uploads\/2026\/04\/anturio_1777059462952-300x169.jpg 300w, https:\/\/www.em.com.br\/emfoco\/wp-content\/uploads\/2026\/04\/anturio_1777059462952-768x432.jpg 768w, https:\/\/www.em.com.br\/emfoco\/wp-content\/uploads\/2026\/04\/anturio_1777059462952-750x422.jpg 750w, https:\/\/www.em.com.br\/emfoco\/wp-content\/uploads\/2026\/04\/anturio_1777059462952-1140x641.jpg 1140w, https:\/\/www.em.com.br\/emfoco\/wp-content\/uploads\/2026\/04\/anturio_1777059462952.jpg 1280w\" sizes=\"auto, (max-width: 1024px) 100vw, 1024px\" \/><figcaption class=\"wp-element-caption\">Suas flores famosas em formato de cora\u00e7\u00e3o simbolizam a hospitalidade calorosa e o amor dentro do lar em diversas culturas ao redor do mundo. &#8211; Cr\u00e9ditos: depositphotos.com \/ EdZbarzhyvetsky<\/figcaption><\/figure><\/div>\n\n\n<p>Leia tamb\u00e9m: <a href=\"https:\/\/www.em.com.br\/emfoco\/2026\/04\/04\/a-folha-dessa-fruta-pode-aliviar-ondas-de-calor-e-ajudar-mulheres-na-menopausa-2\/\" target=\"_blank\" rel=\"noreferrer noopener\">Adeus calor! Os benef\u00edcios da folha de amora na menopausa para um auto cuidado simples<\/a><\/p>\n\n\n\n<h2 class=\"wp-block-heading\">Onde posicionar o vaso para cuidar de ant\u00fario com sucesso<\/h2>\n\n\n\n<p>O local escolhido para a planta define se ela ter\u00e1 <strong>cores intensas<\/strong> ou se apresentar\u00e1 folhas amareladas e com aspecto triste rapidamente. Evite colocar o seu vaso sob o <strong>sol forte<\/strong> do meio-dia para n\u00e3o queimar a folhagem delicada e sens\u00edvel ao calor extremo. O ideal \u00e9 buscar um ponto com <strong>claridade indireta<\/strong> abundante e uma boa ventila\u00e7\u00e3o natural durante as primeiras horas das manh\u00e3s ensolaradas.<\/p>\n\n\n\n<p>Ambientes naturalmente \u00famidos como banheiros bem iluminados ajudam a manter a <strong>hidrata\u00e7\u00e3o natural<\/strong> das folhas largas e brilhantes por muito mais tempo. Prepare o espa\u00e7o f\u00edsico com os itens sugeridos abaixo para garantir que a sua planta se sinta exatamente em seu habitat original. Estes componentes ajudam a criar um <strong>microclima perfeito<\/strong> e equilibrado para o desenvolvimento saud\u00e1vel das ra\u00edzes e o surgimento de novos brotos.<\/p>\n\n\n\n<ul class=\"wp-block-list\">\n<li>Vaso de cer\u00e2mica com furos para permitir uma <strong>drenagem r\u00e1pida<\/strong> e eficiente da \u00e1gua.<\/li>\n\n\n\n<li>Prato largo com pedriscos \u00famidos para elevar a <strong>umidade ambiente<\/strong> ao redor das folhas.<\/li>\n\n\n\n<li>Substrato leve e poroso que facilite a <strong>passagem de ar<\/strong> necess\u00e1ria entre as ra\u00edzes sens\u00edveis.<\/li>\n<\/ul>\n\n\n\n<figure class=\"wp-block-embed is-type-rich is-provider-pinterest wp-block-embed-pinterest\"><div class=\"wp-block-embed__wrapper\">\n<iframe loading=\"lazy\" title=\" \" src=\"https:\/\/assets.pinterest.com\/ext\/embed.html?id=1040613057642192976&#038;src=oembed\" height=\"756\" width=\"450\" frameborder=\"0\" scrolling=\"no\" ><\/iframe>\n<\/div><\/figure>\n\n\n\n<h2 class=\"wp-block-heading\">Guia pr\u00e1tico para plantar e cuidar de ant\u00fario sem mist\u00e9rios<\/h2>\n\n\n\n<p>A escolha correta da terra influencia diretamente no <strong>vigor da planta<\/strong> e na dura\u00e7\u00e3o das flores coloridas que encantam todos os visitantes. Use sempre uma mistura rica em <strong>mat\u00e9ria org\u00e2nica<\/strong> de qualidade e fibra de coco para facilitar o escoamento total da rega. O replantio deve ocorrer apenas nos momentos em que as <strong>ra\u00edzes crescerem<\/strong> excessivamente para o tamanho do recipiente atual da sua horta caseira.<\/p>\n\n\n\n<p>Molhe o solo do vaso apenas quando notar que a superf\u00edcie est\u00e1 <strong>totalmente seca<\/strong> ao toque firme dos seus dedos durante o dia. O excesso de umidade na base costuma causar o <strong>apodrecimento precoce<\/strong> e fatal de todo o sistema radicular dessa esp\u00e9cie tropical t\u00e3o imponente. Borrifar \u00e1gua filtrada nas folhas ajuda a <strong>remover a poeira<\/strong> acumulada e melhora significativamente a respira\u00e7\u00e3o vegetal em ambientes fechados ou apartamentos.<\/p>\n\n\n\n<p>Para voc\u00ea que gosta plantar, separamos um v\u00eddeo do canal <a href=\"https:\/\/www.youtube.com\/@cultivando-canal\" target=\"_blank\" rel=\"noreferrer noopener\">Cultivando<\/a> com dicas para plantar e cuidar do ant\u00fario:<\/p>\n\n\n\n<figure class=\"wp-block-embed is-type-video is-provider-youtube wp-block-embed-youtube wp-embed-aspect-16-9 wp-has-aspect-ratio\"><div class=\"wp-block-embed__wrapper\">\n<div class=\"jeg_video_container jeg_video_content\"><iframe loading=\"lazy\" title=\"ANT\u00daRIOS. Aprenda a cuidar deles sem mist\u00e9rios.\" width=\"500\" height=\"281\" src=\"https:\/\/www.youtube.com\/embed\/P62OBZxXqLs?feature=oembed\" frameborder=\"0\" allow=\"accelerometer; autoplay; clipboard-write; encrypted-media; gyroscope; picture-in-picture; web-share\" referrerpolicy=\"strict-origin-when-cross-origin\" allowfullscreen><\/iframe><\/div>\n<\/div><\/figure>\n\n\n\n<h2 class=\"wp-block-heading\">Sinais que sua planta precisa de mais aten\u00e7\u00e3o di\u00e1ria<\/h2>\n\n\n\n<p>Folhas com pontas secas ou quebradi\u00e7as geralmente indicam que o <strong>ar est\u00e1 seco<\/strong> demais dentro da sua resid\u00eancia ou escrit\u00f3rio de trabalho. Mover o vaso para longe da corrente de <strong>ar condicionado<\/strong> resolve a maioria desses problemas est\u00e9ticos que incomodam os olhos mais atentos. Verifique sempre se h\u00e1 a <strong>presen\u00e7a de pragas<\/strong> min\u00fasculas ou teias escondidas na parte de tr\u00e1s das folhagens largas durante a sua limpeza semanal.<\/p>\n\n\n\n<p>Manchas escuras ou circulares podem surgir devido ao uso inadequado de <strong>\u00e1gua muito gelada<\/strong> ou com excesso de cloro vindo direto da rede. Utilize preferencialmente \u00e1gua descansada por vinte e quatro horas para <strong>evitar o estresse<\/strong> qu\u00edmico nas c\u00e9lulas sens\u00edveis da sua planta favorita. Uma aduba\u00e7\u00e3o mensal equilibrada garante o <strong>surgimento de flores<\/strong> novas e muito mais resistentes \u00e0s mudan\u00e7as clim\u00e1ticas bruscas que ocorrem durante o inverno.<\/p>\n\n\n\n<h2 class=\"wp-block-heading\">Desfrute da beleza natural em seu lar<\/h2>\n\n\n\n<p>Observar o crescimento lento e constante de cada folha nova traz uma <strong>paci\u00eancia renovada<\/strong> para enfrentar os desafios do cotidiano. Dedique alguns minutos do seu fim de semana para <strong>limpar o vaso<\/strong> e admirar as cores vibrantes da natureza dentro de casa. Esse cuidado constante e afetuoso fortalece sua <strong>conex\u00e3o com o ambiente<\/strong> e melhora seu humor de forma imediata.<\/p>\n\n\n\n<p>Transforme seu canto favorito da sala em um <strong>ref\u00fagio de paz<\/strong> total com essas orienta\u00e7\u00f5es pr\u00e1ticas de jardinagem. Compartilhe seu conhecimento e suas mudas para <strong>incentivar outras mulheres<\/strong> a cultivar mais vida e harmonia em seus pr\u00f3prios lares. Aproveite a satisfa\u00e7\u00e3o profunda de <strong>colher beleza<\/strong> e serenidade todos os dias atrav\u00e9s do contato direto com a terra.<\/p>\n","protected":false},"excerpt":{"rendered":"<p>Enquanto escolhia um lugar novo para o meu vaso na estante da sala, percebi que aprender a cuidar de ant\u00fario mudaria completamente o frescor e a energia do meu ambiente. Ser\u00e1 que existe um segredo escondido nessas folhas verdes e brilhantes para mant\u00ea-las sempre vibrantes, saud\u00e1veis e com flores intensas durante o ano todo? Vantagens [&hellip;]<\/p>\n","protected":false},"author":9,"featured_media":198925,"comment_status":"open","ping_status":"open","sticky":false,"template":"","format":"standard","meta":{"jnews-multi-image_gallery":[],"jnews_single_post":{"format":"standard"},"jnews_primary_category":[],"jnews_social_meta":[],"jnews_override_counter":[],"footnotes":""},"categories":[8691,29],"tags":[27108,27112,9315],"class_list":["post-198761","post","type-post","status-publish","format-standard","has-post-thumbnail","hentry","category-bem-estar","category-entretenimento","tag-decoracao-com-flores","tag-jardinagem-amadora","tag-plantas-de-interior"],"yoast_head":"<!-- This site is optimized with the Yoast SEO plugin v23.8 - https:\/\/yoast.com\/wordpress\/plugins\/seo\/ -->\n<title>O erro invis\u00edvel de molhar a terra todo dia que pode ser fatal para o seu ant\u00fario - Estado de Minas - Em foco<\/title>\n<meta name=\"description\" content=\"Saiba cuidar de ant\u00fario de forma pr\u00e1tica para ter flores lindas em casa e garanta uma decora\u00e7\u00e3o natural vibrante com estas dicas \u00fateis\" \/>\n<meta name=\"robots\" content=\"index, follow, max-snippet:-1, max-image-preview:large, max-video-preview:-1\" \/>\n<link rel=\"canonical\" href=\"https:\/\/www.em.com.br\/emfoco\/2026\/04\/25\/o-erro-invisivel-de-molhar-a-terra-todo-dia-que-pode-ser-fatal-para-o-seu-anturio\/\" \/>\n<meta property=\"og:locale\" content=\"pt_BR\" \/>\n<meta property=\"og:type\" content=\"article\" \/>\n<meta property=\"og:title\" content=\"O erro invis\u00edvel de molhar a terra todo dia que pode ser fatal para o seu ant\u00fario - Estado de Minas - Em foco\" \/>\n<meta property=\"og:description\" content=\"Saiba cuidar de ant\u00fario de forma pr\u00e1tica para ter flores lindas em casa e garanta uma decora\u00e7\u00e3o natural vibrante com estas dicas \u00fateis\" \/>\n<meta property=\"og:url\" content=\"https:\/\/www.em.com.br\/emfoco\/2026\/04\/25\/o-erro-invisivel-de-molhar-a-terra-todo-dia-que-pode-ser-fatal-para-o-seu-anturio\/\" \/>\n<meta property=\"og:site_name\" content=\"Estado de Minas - Em foco\" \/>\n<meta property=\"article:published_time\" content=\"2026-04-26T00:25:00+00:00\" \/>\n<meta property=\"article:modified_time\" content=\"2026-04-25T01:01:35+00:00\" \/>\n<meta property=\"og:image\" content=\"https:\/\/www.em.com.br\/emfoco\/wp-content\/uploads\/2026\/04\/EmFoco_45-4.jpg\" \/>\n\t<meta property=\"og:image:width\" content=\"1280\" \/>\n\t<meta property=\"og:image:height\" content=\"720\" \/>\n\t<meta property=\"og:image:type\" content=\"image\/jpeg\" \/>\n<meta name=\"author\" content=\"Daniely Cardoso\" \/>\n<meta name=\"twitter:card\" content=\"summary_large_image\" \/>\n<meta name=\"twitter:label1\" content=\"Escrito por\" \/>\n\t<meta name=\"twitter:data1\" content=\"Daniely Cardoso\" \/>\n\t<meta name=\"twitter:label2\" content=\"Est. tempo de leitura\" \/>\n\t<meta name=\"twitter:data2\" content=\"5 minutos\" \/>\n<!-- \/ Yoast SEO plugin. -->","yoast_head_json":{"title":"O erro invis\u00edvel de molhar a terra todo dia que pode ser fatal para o seu ant\u00fario - Estado de Minas - Em foco","description":"Saiba cuidar de ant\u00fario de forma pr\u00e1tica para ter flores lindas em casa e garanta uma decora\u00e7\u00e3o natural vibrante com estas dicas \u00fateis","robots":{"index":"index","follow":"follow","max-snippet":"max-snippet:-1","max-image-preview":"max-image-preview:large","max-video-preview":"max-video-preview:-1"},"canonical":"https:\/\/www.em.com.br\/emfoco\/2026\/04\/25\/o-erro-invisivel-de-molhar-a-terra-todo-dia-que-pode-ser-fatal-para-o-seu-anturio\/","og_locale":"pt_BR","og_type":"article","og_title":"O erro invis\u00edvel de molhar a terra todo dia que pode ser fatal para o seu ant\u00fario - Estado de Minas - Em foco","og_description":"Saiba cuidar de ant\u00fario de forma pr\u00e1tica para ter flores lindas em casa e garanta uma decora\u00e7\u00e3o natural vibrante com estas dicas \u00fateis","og_url":"https:\/\/www.em.com.br\/emfoco\/2026\/04\/25\/o-erro-invisivel-de-molhar-a-terra-todo-dia-que-pode-ser-fatal-para-o-seu-anturio\/","og_site_name":"Estado de Minas - Em foco","article_published_time":"2026-04-26T00:25:00+00:00","article_modified_time":"2026-04-25T01:01:35+00:00","og_image":[{"width":1280,"height":720,"url":"https:\/\/www.em.com.br\/emfoco\/wp-content\/uploads\/2026\/04\/EmFoco_45-4.jpg","type":"image\/jpeg"}],"author":"Daniely Cardoso","twitter_card":"summary_large_image","twitter_misc":{"Escrito por":"Daniely Cardoso","Est. tempo de leitura":"5 minutos"},"schema":{"@context":"https:\/\/schema.org","@graph":[{"@type":"WebPage","@id":"https:\/\/www.em.com.br\/emfoco\/2026\/04\/25\/o-erro-invisivel-de-molhar-a-terra-todo-dia-que-pode-ser-fatal-para-o-seu-anturio\/","url":"https:\/\/www.em.com.br\/emfoco\/2026\/04\/25\/o-erro-invisivel-de-molhar-a-terra-todo-dia-que-pode-ser-fatal-para-o-seu-anturio\/","name":"O erro invis\u00edvel de molhar a terra todo dia que pode ser fatal para o seu ant\u00fario - Estado de Minas - Em foco","isPartOf":{"@id":"https:\/\/www.em.com.br\/emfoco\/#website"},"primaryImageOfPage":{"@id":"https:\/\/www.em.com.br\/emfoco\/2026\/04\/25\/o-erro-invisivel-de-molhar-a-terra-todo-dia-que-pode-ser-fatal-para-o-seu-anturio\/#primaryimage"},"image":{"@id":"https:\/\/www.em.com.br\/emfoco\/2026\/04\/25\/o-erro-invisivel-de-molhar-a-terra-todo-dia-que-pode-ser-fatal-para-o-seu-anturio\/#primaryimage"},"thumbnailUrl":"https:\/\/www.em.com.br\/emfoco\/wp-content\/uploads\/2026\/04\/EmFoco_45-4.jpg","datePublished":"2026-04-26T00:25:00+00:00","dateModified":"2026-04-25T01:01:35+00:00","author":{"@id":"https:\/\/www.em.com.br\/emfoco\/#\/schema\/person\/0a8186d72f2c3a5c6276d90b41f271a0"},"description":"Saiba cuidar de ant\u00fario de forma pr\u00e1tica para ter flores lindas em casa e garanta uma decora\u00e7\u00e3o natural vibrante com estas dicas \u00fateis","breadcrumb":{"@id":"https:\/\/www.em.com.br\/emfoco\/2026\/04\/25\/o-erro-invisivel-de-molhar-a-terra-todo-dia-que-pode-ser-fatal-para-o-seu-anturio\/#breadcrumb"},"inLanguage":"pt-BR","potentialAction":[{"@type":"ReadAction","target":["https:\/\/www.em.com.br\/emfoco\/2026\/04\/25\/o-erro-invisivel-de-molhar-a-terra-todo-dia-que-pode-ser-fatal-para-o-seu-anturio\/"]}]},{"@type":"ImageObject","inLanguage":"pt-BR","@id":"https:\/\/www.em.com.br\/emfoco\/2026\/04\/25\/o-erro-invisivel-de-molhar-a-terra-todo-dia-que-pode-ser-fatal-para-o-seu-anturio\/#primaryimage","url":"https:\/\/www.em.com.br\/emfoco\/wp-content\/uploads\/2026\/04\/EmFoco_45-4.jpg","contentUrl":"https:\/\/www.em.com.br\/emfoco\/wp-content\/uploads\/2026\/04\/EmFoco_45-4.jpg","width":1280,"height":720,"caption":"Cultivo pr\u00e1tico de ant\u00farios promove bem-estar e sofistica\u00e7\u00e3o natural em ambientes internos"},{"@type":"BreadcrumbList","@id":"https:\/\/www.em.com.br\/emfoco\/2026\/04\/25\/o-erro-invisivel-de-molhar-a-terra-todo-dia-que-pode-ser-fatal-para-o-seu-anturio\/#breadcrumb","itemListElement":[{"@type":"ListItem","position":1,"name":"In\u00edcio","item":"https:\/\/www.em.com.br\/emfoco\/"},{"@type":"ListItem","position":2,"name":"O erro invis\u00edvel de molhar a terra todo dia que pode ser fatal para o seu ant\u00fario"}]},{"@type":"WebSite","@id":"https:\/\/www.em.com.br\/emfoco\/#website","url":"https:\/\/www.em.com.br\/emfoco\/","name":"Estado de Minas - Em foco","description":"Acompanhe as \u00faltimas not\u00edcias e fique bem informado sobre tudo o que acontece em Minas Gerais, Brasil e no mundo.","potentialAction":[{"@type":"SearchAction","target":{"@type":"EntryPoint","urlTemplate":"https:\/\/www.em.com.br\/emfoco\/?s={search_term_string}"},"query-input":{"@type":"PropertyValueSpecification","valueRequired":true,"valueName":"search_term_string"}}],"inLanguage":"pt-BR"},{"@type":"Person","@id":"https:\/\/www.em.com.br\/emfoco\/#\/schema\/person\/0a8186d72f2c3a5c6276d90b41f271a0","name":"Daniely Cardoso","image":{"@type":"ImageObject","inLanguage":"pt-BR","@id":"https:\/\/www.em.com.br\/emfoco\/#\/schema\/person\/image\/","url":"https:\/\/secure.gravatar.com\/avatar\/4b80ddbd124d1f071b626d52d62e5dff?s=96&d=mm&r=g","contentUrl":"https:\/\/secure.gravatar.com\/avatar\/4b80ddbd124d1f071b626d52d62e5dff?s=96&d=mm&r=g","caption":"Daniely Cardoso"},"url":"https:\/\/www.em.com.br\/emfoco\/author\/danielymyth\/"}]}},"_links":{"self":[{"href":"https:\/\/www.em.com.br\/emfoco\/wp-json\/wp\/v2\/posts\/198761","targetHints":{"allow":["GET"]}}],"collection":[{"href":"https:\/\/www.em.com.br\/emfoco\/wp-json\/wp\/v2\/posts"}],"about":[{"href":"https:\/\/www.em.com.br\/emfoco\/wp-json\/wp\/v2\/types\/post"}],"author":[{"embeddable":true,"href":"https:\/\/www.em.com.br\/emfoco\/wp-json\/wp\/v2\/users\/9"}],"replies":[{"embeddable":true,"href":"https:\/\/www.em.com.br\/emfoco\/wp-json\/wp\/v2\/comments?post=198761"}],"version-history":[{"count":1,"href":"https:\/\/www.em.com.br\/emfoco\/wp-json\/wp\/v2\/posts\/198761\/revisions"}],"predecessor-version":[{"id":198763,"href":"https:\/\/www.em.com.br\/emfoco\/wp-json\/wp\/v2\/posts\/198761\/revisions\/198763"}],"wp:featuredmedia":[{"embeddable":true,"href":"https:\/\/www.em.com.br\/emfoco\/wp-json\/wp\/v2\/media\/198925"}],"wp:attachment":[{"href":"https:\/\/www.em.com.br\/emfoco\/wp-json\/wp\/v2\/media?parent=198761"}],"wp:term":[{"taxonomy":"category","embeddable":true,"href":"https:\/\/www.em.com.br\/emfoco\/wp-json\/wp\/v2\/categories?post=198761"},{"taxonomy":"post_tag","embeddable":true,"href":"https:\/\/www.em.com.br\/emfoco\/wp-json\/wp\/v2\/tags?post=198761"}],"curies":[{"name":"wp","href":"https:\/\/api.w.org\/{rel}","templated":true}]}}