{"id":198757,"date":"2026-04-25T19:15:00","date_gmt":"2026-04-25T22:15:00","guid":{"rendered":"https:\/\/www.em.com.br\/emfoco\/?p=198757"},"modified":"2026-04-24T22:02:18","modified_gmt":"2026-04-25T01:02:18","slug":"nem-traco-grosso-nem-pele-esticada-o-detalhe-de-maquiagem-que-cria-um-lifting-visual","status":"publish","type":"post","link":"https:\/\/www.em.com.br\/emfoco\/2026\/04\/25\/nem-traco-grosso-nem-pele-esticada-o-detalhe-de-maquiagem-que-cria-um-lifting-visual\/","title":{"rendered":"Nem tra\u00e7o grosso nem pele esticada, o detalhe de maquiagem que cria um lifting visual"},"content":{"rendered":"\n<p>Enquanto me arrumava para um jantar, percebi que o cl\u00e1ssico <strong>delineado para p\u00e1lpebra ca\u00edda<\/strong> precisava de um truque especial para n\u00e3o sumir sob a pele. Ser\u00e1 que uma simples mudan\u00e7a no \u00e2ngulo do pincel \u00e9 suficiente para transformar sua express\u00e3o e rejuvenescer o rosto instantaneamente?<\/p>\n\n\n\n<h2 class=\"wp-block-heading\">Por que o delineado para p\u00e1lpebra ca\u00edda valoriza tanto o rosto maduro<\/h2>\n\n\n\n<p>A flacidez natural nessa regi\u00e3o acaba escondendo o tra\u00e7o quando fechamos muito os olhos durante a aplica\u00e7\u00e3o da maquiagem. Usar as t\u00e9cnicas corretas ajuda a criar uma ilus\u00e3o de \u00f3tica que levanta a express\u00e3o e traz mais <strong>jovialidade imediata<\/strong>. Esse cuidado simples devolve o destaque para a <strong>cor da \u00edris<\/strong> e abre o olhar de forma elegante.<\/p>\n\n\n\n<p>Mulheres maduras costumam sofrer com o efeito de olhar cansado por causa do excesso de pele que cobre a dobra m\u00f3vel. O tra\u00e7o bem posicionado atua como um <strong>lifting visual<\/strong> sem a necessidade de interven\u00e7\u00f5es est\u00e9ticas caras ou dolorosas. Entender o formato do seu rosto \u00e9 o primeiro passo para conquistar uma <strong>maquiagem impec\u00e1vel<\/strong> e moderna.<\/p>\n\n\n<div class=\"wp-block-image\">\n<figure class=\"aligncenter size-large\"><img loading=\"lazy\" decoding=\"async\" width=\"1024\" height=\"576\" src=\"https:\/\/www.em.com.br\/emfoco\/wp-content\/uploads\/2026\/01\/palpebra_1768595625460-1024x576.jpg\" alt=\"delineado para p\u00e1lpebra ca\u00edda\" class=\"wp-image-156456\" srcset=\"https:\/\/www.em.com.br\/emfoco\/wp-content\/uploads\/2026\/01\/palpebra_1768595625460-1024x576.jpg 1024w, https:\/\/www.em.com.br\/emfoco\/wp-content\/uploads\/2026\/01\/palpebra_1768595625460-300x169.jpg 300w, https:\/\/www.em.com.br\/emfoco\/wp-content\/uploads\/2026\/01\/palpebra_1768595625460-768x432.jpg 768w, https:\/\/www.em.com.br\/emfoco\/wp-content\/uploads\/2026\/01\/palpebra_1768595625460-750x422.jpg 750w, https:\/\/www.em.com.br\/emfoco\/wp-content\/uploads\/2026\/01\/palpebra_1768595625460-1140x641.jpg 1140w, https:\/\/www.em.com.br\/emfoco\/wp-content\/uploads\/2026\/01\/palpebra_1768595625460.jpg 1280w\" sizes=\"auto, (max-width: 1024px) 100vw, 1024px\" \/><figcaption class=\"wp-element-caption\">Mulheres maduras costumam sofrer com o efeito de olhar cansado por causa do excesso de pele que cobre a dobra m\u00f3vel. &#8211; Cr\u00e9ditos: depositphotos.com \/ VLMstock<\/figcaption><\/figure><\/div>\n\n\n<p>Leia tamb\u00e9m: <a href=\"https:\/\/www.em.com.br\/emfoco\/2026\/03\/31\/como-evitar-a-oleosidade-da-pele-causada-pelo-uso-da-maquiagem-diaria\/\" target=\"_blank\" rel=\"noreferrer noopener\">Como evitar a oleosidade da pele causada pelo uso da maquiagem di\u00e1ria<\/a><\/p>\n\n\n\n<h2 class=\"wp-block-heading\">Truques pr\u00e1ticos para um delineado para p\u00e1lpebra ca\u00edda sem erros<\/h2>\n\n\n\n<p>O segredo principal reside em manter os olhos bem abertos e olhando diretamente para o espelho durante todo o processo inicial. Tentar fazer o desenho com a pele esticada causa uma <strong>deforma\u00e7\u00e3o imediata<\/strong> assim que voc\u00ea relaxa a musculatura da face. Essa t\u00e9cnica garante que o tra\u00e7o fique vis\u00edvel e <strong>valorize o desenho<\/strong> natural dos seus c\u00edlios superiores.<\/p>\n\n\n\n<p>Comece fazendo uma marca\u00e7\u00e3o leve no canto externo para definir o limite de onde o produto deve chegar sem borrar. Existem alguns materiais que facilitam muito a vida de quem ainda n\u00e3o possui <strong>firmeza nas m\u00e3os<\/strong> para tra\u00e7os longos. Prepare os itens abaixo para garantir uma <strong>aplica\u00e7\u00e3o precisa<\/strong> e evitar manchas indesejadas na sua sombra favorita.<\/p>\n\n\n\n<ul class=\"wp-block-list\">\n<li>Delineador em caneta com <strong>ponta bem fina<\/strong> e firme.<\/li>\n\n\n\n<li>Pincel chanfrado para usar com <strong>sombra marrom<\/strong> escura de fundo.<\/li>\n\n\n\n<li>Cotonetes com \u00e1gua micelar para <strong>corrigir imperfei\u00e7\u00f5es<\/strong> rapidamente.<\/li>\n<\/ul>\n\n\n\n<figure class=\"wp-block-embed is-type-rich is-provider-pinterest wp-block-embed-pinterest\"><div class=\"wp-block-embed__wrapper\">\n<iframe loading=\"lazy\" title=\"Delineado para P\u00e1lpebra Ca\u00edda \ud83c\udf1f\" src=\"https:\/\/assets.pinterest.com\/ext\/embed.html?id=978407087797070557&#038;src=oembed\" height=\"899\" width=\"450\" frameborder=\"0\" scrolling=\"no\" ><\/iframe>\n<\/div><\/figure>\n\n\n\n<h2 class=\"wp-block-heading\">Como escolher o produto ideal para o delineado para p\u00e1lpebra ca\u00edda<\/h2>\n\n\n\n<p>F\u00f3rmulas \u00e0 prova de \u00e1gua s\u00e3o as melhores op\u00e7\u00f5es para evitar que a tinta carimbe a parte superior da dobra. Como a pele encosta constantemente na p\u00e1lpebra m\u00f3vel, o produto precisa ter <strong>secagem r\u00e1pida<\/strong> e alta fixa\u00e7\u00e3o na derme. Escolher um bom acabamento garante que sua produ\u00e7\u00e3o dure o <strong>evento inteiro<\/strong> com muita seguran\u00e7a e beleza.<\/p>\n\n\n\n<p>Texturas em gel oferecem um controle maior para quem est\u00e1 come\u00e7ando a praticar essa arte de <strong>embelezamento facial<\/strong> agora. Tons de marrom ou cinza escuro trazem um <strong>aspecto natural<\/strong> e menos pesado para o dia a dia no trabalho. Experimente diferentes cores para encontrar aquela que melhor <strong>harmoniza com sua pele<\/strong> e seus cabelos.<\/p>\n\n\n\n<p>Para voc\u00ea que gosta de se cuidar, separmaos um v\u00eddeo do canal da <a href=\"https:\/\/www.youtube.com\/@LauraKuczynski\" target=\"_blank\" rel=\"noreferrer noopener\">Laura Kuczynski<\/a> com dicas para fazer um delineado:<\/p>\n\n\n\n<figure class=\"wp-block-embed is-type-video is-provider-youtube wp-block-embed-youtube wp-embed-aspect-16-9 wp-has-aspect-ratio\"><div class=\"wp-block-embed__wrapper\">\n<div class=\"jeg_video_container jeg_video_content\"><iframe loading=\"lazy\" title=\"PARA ARRASAR NO DELINEADO COM P\u00c1LPEBRA CA\u00cdDA - Laura Kuczynski\" width=\"500\" height=\"281\" src=\"https:\/\/www.youtube.com\/embed\/74Yngx06jmI?start=4&#038;feature=oembed\" frameborder=\"0\" allow=\"accelerometer; autoplay; clipboard-write; encrypted-media; gyroscope; picture-in-picture; web-share\" referrerpolicy=\"strict-origin-when-cross-origin\" allowfullscreen><\/iframe><\/div>\n<\/div><\/figure>\n\n\n\n<h2 class=\"wp-block-heading\">Erros comuns que detonam o visual de quem tem o olhar ca\u00eddo<\/h2>\n\n\n\n<p>Tra\u00e7os muito grossos no centro do olho tendem a achatar ainda mais a express\u00e3o e dar um aspecto pesado. O ideal \u00e9 manter o risco <strong>fino e rente<\/strong> aos c\u00edlios na parte interna para n\u00e3o ocupar o espa\u00e7o m\u00f3vel. Foque o volume apenas no <strong>canto externo<\/strong> para puxar o olhar para cima de maneira estrat\u00e9gica.<\/p>\n\n\n\n<p>Ignorar a prepara\u00e7\u00e3o da p\u00e1lpebra com um corretivo seco ou p\u00f3 transl\u00facido faz a maquiagem derreter mais cedo. Uma base sequinha ajuda a fixar o pigmento e evita que o <strong>tra\u00e7o borre<\/strong> durante as piscadas constantes. Esse pequeno detalhe faz a <strong>produ\u00e7\u00e3o durar<\/strong> muito mais tempo com aquela apar\u00eancia de rec\u00e9m-feita.<\/p>\n\n\n\n<h2 class=\"wp-block-heading\">Aposte na sua beleza \u00fanica com confian\u00e7a<\/h2>\n\n\n\n<p>Pratique a t\u00e9cnica algumas vezes antes de sair para compromissos importantes e ganhe <strong>seguran\u00e7a total<\/strong>. A paci\u00eancia \u00e9 sua melhor aliada para dominar o pincel com <strong>leveza e precis\u00e3o<\/strong>. Valorize cada tentativa como um momento de <strong>carinho pr\u00f3prio<\/strong>.<\/p>\n\n\n\n<p>Sinta o poder de um olhar renovado e cheio de <strong>express\u00e3o marcante<\/strong> em todas as ocasi\u00f5es. Sua beleza madura merece destaque com <strong>toques de modernidade<\/strong> e sofistica\u00e7\u00e3o di\u00e1ria. Aproveite essa nova fase com muito <strong>brilho e autoestima<\/strong>.<\/p>\n","protected":false},"excerpt":{"rendered":"<p>Enquanto me arrumava para um jantar, percebi que o cl\u00e1ssico delineado para p\u00e1lpebra ca\u00edda precisava de um truque especial para n\u00e3o sumir sob a pele. Ser\u00e1 que uma simples mudan\u00e7a no \u00e2ngulo do pincel \u00e9 suficiente para transformar sua express\u00e3o e rejuvenescer o rosto instantaneamente? Por que o delineado para p\u00e1lpebra ca\u00edda valoriza tanto o [&hellip;]<\/p>\n","protected":false},"author":9,"featured_media":198920,"comment_status":"open","ping_status":"open","sticky":false,"template":"","format":"standard","meta":{"jnews-multi-image_gallery":[],"jnews_single_post":{"format":"standard"},"jnews_primary_category":[],"jnews_social_meta":[],"jnews_override_counter":[],"footnotes":""},"categories":[8691,29],"tags":[8408,24310,28694],"class_list":["post-198757","post","type-post","status-publish","format-standard","has-post-thumbnail","hentry","category-bem-estar","category-entretenimento","tag-beleza-feminina","tag-maquiagem-madura","tag-truques-de-maquiagem"],"yoast_head":"<!-- This site is optimized with the Yoast SEO plugin v23.8 - https:\/\/yoast.com\/wordpress\/plugins\/seo\/ -->\n<title>Nem tra\u00e7o grosso nem pele esticada, o detalhe de maquiagem que cria um lifting visual - Estado de Minas - Em foco<\/title>\n<meta name=\"description\" content=\"Aprenda o delineado para p\u00e1lpebra ca\u00edda ideal para levantar o seu olhar e valorizar a beleza madura com t\u00e9cnicas simples e muito eficazes\" \/>\n<meta name=\"robots\" content=\"index, follow, max-snippet:-1, max-image-preview:large, max-video-preview:-1\" \/>\n<link rel=\"canonical\" href=\"https:\/\/www.em.com.br\/emfoco\/2026\/04\/25\/nem-traco-grosso-nem-pele-esticada-o-detalhe-de-maquiagem-que-cria-um-lifting-visual\/\" \/>\n<meta property=\"og:locale\" content=\"pt_BR\" \/>\n<meta property=\"og:type\" content=\"article\" \/>\n<meta property=\"og:title\" content=\"Nem tra\u00e7o grosso nem pele esticada, o detalhe de maquiagem que cria um lifting visual - Estado de Minas - Em foco\" \/>\n<meta property=\"og:description\" content=\"Aprenda o delineado para p\u00e1lpebra ca\u00edda ideal para levantar o seu olhar e valorizar a beleza madura com t\u00e9cnicas simples e muito eficazes\" \/>\n<meta property=\"og:url\" content=\"https:\/\/www.em.com.br\/emfoco\/2026\/04\/25\/nem-traco-grosso-nem-pele-esticada-o-detalhe-de-maquiagem-que-cria-um-lifting-visual\/\" \/>\n<meta property=\"og:site_name\" content=\"Estado de Minas - Em foco\" \/>\n<meta property=\"article:published_time\" content=\"2026-04-25T22:15:00+00:00\" \/>\n<meta property=\"article:modified_time\" content=\"2026-04-25T01:02:18+00:00\" \/>\n<meta property=\"og:image\" content=\"https:\/\/www.em.com.br\/emfoco\/wp-content\/uploads\/2026\/04\/EmFoco_50-5.jpg\" \/>\n\t<meta property=\"og:image:width\" content=\"1280\" \/>\n\t<meta property=\"og:image:height\" content=\"720\" \/>\n\t<meta property=\"og:image:type\" content=\"image\/jpeg\" \/>\n<meta name=\"author\" content=\"Daniely Cardoso\" \/>\n<meta name=\"twitter:card\" content=\"summary_large_image\" \/>\n<meta name=\"twitter:label1\" content=\"Escrito por\" \/>\n\t<meta name=\"twitter:data1\" content=\"Daniely Cardoso\" \/>\n\t<meta name=\"twitter:label2\" content=\"Est. tempo de leitura\" \/>\n\t<meta name=\"twitter:data2\" content=\"5 minutos\" \/>\n<!-- \/ Yoast SEO plugin. -->","yoast_head_json":{"title":"Nem tra\u00e7o grosso nem pele esticada, o detalhe de maquiagem que cria um lifting visual - Estado de Minas - Em foco","description":"Aprenda o delineado para p\u00e1lpebra ca\u00edda ideal para levantar o seu olhar e valorizar a beleza madura com t\u00e9cnicas simples e muito eficazes","robots":{"index":"index","follow":"follow","max-snippet":"max-snippet:-1","max-image-preview":"max-image-preview:large","max-video-preview":"max-video-preview:-1"},"canonical":"https:\/\/www.em.com.br\/emfoco\/2026\/04\/25\/nem-traco-grosso-nem-pele-esticada-o-detalhe-de-maquiagem-que-cria-um-lifting-visual\/","og_locale":"pt_BR","og_type":"article","og_title":"Nem tra\u00e7o grosso nem pele esticada, o detalhe de maquiagem que cria um lifting visual - Estado de Minas - Em foco","og_description":"Aprenda o delineado para p\u00e1lpebra ca\u00edda ideal para levantar o seu olhar e valorizar a beleza madura com t\u00e9cnicas simples e muito eficazes","og_url":"https:\/\/www.em.com.br\/emfoco\/2026\/04\/25\/nem-traco-grosso-nem-pele-esticada-o-detalhe-de-maquiagem-que-cria-um-lifting-visual\/","og_site_name":"Estado de Minas - Em foco","article_published_time":"2026-04-25T22:15:00+00:00","article_modified_time":"2026-04-25T01:02:18+00:00","og_image":[{"width":1280,"height":720,"url":"https:\/\/www.em.com.br\/emfoco\/wp-content\/uploads\/2026\/04\/EmFoco_50-5.jpg","type":"image\/jpeg"}],"author":"Daniely Cardoso","twitter_card":"summary_large_image","twitter_misc":{"Escrito por":"Daniely Cardoso","Est. tempo de leitura":"5 minutos"},"schema":{"@context":"https:\/\/schema.org","@graph":[{"@type":"WebPage","@id":"https:\/\/www.em.com.br\/emfoco\/2026\/04\/25\/nem-traco-grosso-nem-pele-esticada-o-detalhe-de-maquiagem-que-cria-um-lifting-visual\/","url":"https:\/\/www.em.com.br\/emfoco\/2026\/04\/25\/nem-traco-grosso-nem-pele-esticada-o-detalhe-de-maquiagem-que-cria-um-lifting-visual\/","name":"Nem tra\u00e7o grosso nem pele esticada, o detalhe de maquiagem que cria um lifting visual - Estado de Minas - Em foco","isPartOf":{"@id":"https:\/\/www.em.com.br\/emfoco\/#website"},"primaryImageOfPage":{"@id":"https:\/\/www.em.com.br\/emfoco\/2026\/04\/25\/nem-traco-grosso-nem-pele-esticada-o-detalhe-de-maquiagem-que-cria-um-lifting-visual\/#primaryimage"},"image":{"@id":"https:\/\/www.em.com.br\/emfoco\/2026\/04\/25\/nem-traco-grosso-nem-pele-esticada-o-detalhe-de-maquiagem-que-cria-um-lifting-visual\/#primaryimage"},"thumbnailUrl":"https:\/\/www.em.com.br\/emfoco\/wp-content\/uploads\/2026\/04\/EmFoco_50-5.jpg","datePublished":"2026-04-25T22:15:00+00:00","dateModified":"2026-04-25T01:02:18+00:00","author":{"@id":"https:\/\/www.em.com.br\/emfoco\/#\/schema\/person\/0a8186d72f2c3a5c6276d90b41f271a0"},"description":"Aprenda o delineado para p\u00e1lpebra ca\u00edda ideal para levantar o seu olhar e valorizar a beleza madura com t\u00e9cnicas simples e muito eficazes","breadcrumb":{"@id":"https:\/\/www.em.com.br\/emfoco\/2026\/04\/25\/nem-traco-grosso-nem-pele-esticada-o-detalhe-de-maquiagem-que-cria-um-lifting-visual\/#breadcrumb"},"inLanguage":"pt-BR","potentialAction":[{"@type":"ReadAction","target":["https:\/\/www.em.com.br\/emfoco\/2026\/04\/25\/nem-traco-grosso-nem-pele-esticada-o-detalhe-de-maquiagem-que-cria-um-lifting-visual\/"]}]},{"@type":"ImageObject","inLanguage":"pt-BR","@id":"https:\/\/www.em.com.br\/emfoco\/2026\/04\/25\/nem-traco-grosso-nem-pele-esticada-o-detalhe-de-maquiagem-que-cria-um-lifting-visual\/#primaryimage","url":"https:\/\/www.em.com.br\/emfoco\/wp-content\/uploads\/2026\/04\/EmFoco_50-5.jpg","contentUrl":"https:\/\/www.em.com.br\/emfoco\/wp-content\/uploads\/2026\/04\/EmFoco_50-5.jpg","width":1280,"height":720,"caption":"T\u00e9cnicas de delineado estrat\u00e9gico rejuvenescem o olhar e valorizam o rosto maduro"},{"@type":"BreadcrumbList","@id":"https:\/\/www.em.com.br\/emfoco\/2026\/04\/25\/nem-traco-grosso-nem-pele-esticada-o-detalhe-de-maquiagem-que-cria-um-lifting-visual\/#breadcrumb","itemListElement":[{"@type":"ListItem","position":1,"name":"In\u00edcio","item":"https:\/\/www.em.com.br\/emfoco\/"},{"@type":"ListItem","position":2,"name":"Nem tra\u00e7o grosso nem pele esticada, o detalhe de maquiagem que cria um lifting visual"}]},{"@type":"WebSite","@id":"https:\/\/www.em.com.br\/emfoco\/#website","url":"https:\/\/www.em.com.br\/emfoco\/","name":"Estado de Minas - Em foco","description":"Acompanhe as \u00faltimas not\u00edcias e fique bem informado sobre tudo o que acontece em Minas Gerais, Brasil e no mundo.","potentialAction":[{"@type":"SearchAction","target":{"@type":"EntryPoint","urlTemplate":"https:\/\/www.em.com.br\/emfoco\/?s={search_term_string}"},"query-input":{"@type":"PropertyValueSpecification","valueRequired":true,"valueName":"search_term_string"}}],"inLanguage":"pt-BR"},{"@type":"Person","@id":"https:\/\/www.em.com.br\/emfoco\/#\/schema\/person\/0a8186d72f2c3a5c6276d90b41f271a0","name":"Daniely Cardoso","image":{"@type":"ImageObject","inLanguage":"pt-BR","@id":"https:\/\/www.em.com.br\/emfoco\/#\/schema\/person\/image\/","url":"https:\/\/secure.gravatar.com\/avatar\/4b80ddbd124d1f071b626d52d62e5dff?s=96&d=mm&r=g","contentUrl":"https:\/\/secure.gravatar.com\/avatar\/4b80ddbd124d1f071b626d52d62e5dff?s=96&d=mm&r=g","caption":"Daniely Cardoso"},"url":"https:\/\/www.em.com.br\/emfoco\/author\/danielymyth\/"}]}},"_links":{"self":[{"href":"https:\/\/www.em.com.br\/emfoco\/wp-json\/wp\/v2\/posts\/198757","targetHints":{"allow":["GET"]}}],"collection":[{"href":"https:\/\/www.em.com.br\/emfoco\/wp-json\/wp\/v2\/posts"}],"about":[{"href":"https:\/\/www.em.com.br\/emfoco\/wp-json\/wp\/v2\/types\/post"}],"author":[{"embeddable":true,"href":"https:\/\/www.em.com.br\/emfoco\/wp-json\/wp\/v2\/users\/9"}],"replies":[{"embeddable":true,"href":"https:\/\/www.em.com.br\/emfoco\/wp-json\/wp\/v2\/comments?post=198757"}],"version-history":[{"count":1,"href":"https:\/\/www.em.com.br\/emfoco\/wp-json\/wp\/v2\/posts\/198757\/revisions"}],"predecessor-version":[{"id":198758,"href":"https:\/\/www.em.com.br\/emfoco\/wp-json\/wp\/v2\/posts\/198757\/revisions\/198758"}],"wp:featuredmedia":[{"embeddable":true,"href":"https:\/\/www.em.com.br\/emfoco\/wp-json\/wp\/v2\/media\/198920"}],"wp:attachment":[{"href":"https:\/\/www.em.com.br\/emfoco\/wp-json\/wp\/v2\/media?parent=198757"}],"wp:term":[{"taxonomy":"category","embeddable":true,"href":"https:\/\/www.em.com.br\/emfoco\/wp-json\/wp\/v2\/categories?post=198757"},{"taxonomy":"post_tag","embeddable":true,"href":"https:\/\/www.em.com.br\/emfoco\/wp-json\/wp\/v2\/tags?post=198757"}],"curies":[{"name":"wp","href":"https:\/\/api.w.org\/{rel}","templated":true}]}}